{"id":29102,"date":"2019-02-21T07:53:11","date_gmt":"2019-02-21T10:53:11","guid":{"rendered":"http:\/\/www.noticiasradioreflejos.com.ar\/noticias\/?p=29102"},"modified":"2019-02-21T07:53:11","modified_gmt":"2019-02-21T10:53:11","slug":"caminata-por-la-lucha-internacional-contra-el-cancer","status":"publish","type":"post","link":"https:\/\/www.noticiasradioreflejos.com.ar\/2021\/caminata-por-la-lucha-internacional-contra-el-cancer\/","title":{"rendered":"Caminata por la lucha internacional contra el c\u00e1ncer."},"content":{"rendered":"<p>Como todos los a\u00f1os, la asociaci\u00f3n civil <strong>Amor por la vida<\/strong> en conjunto con la Juventud Radical y Juventud Peronista organizan la caminata por el d\u00eda internacional de la lucha contra el c\u00e1ncer. Cabe recordar que el 4 de Febrero es el d\u00eda internacional de la lucha contra el c\u00e1ncer.<!--more--><br \/>\nLa caminata se realizar\u00e1 el d\u00eda Martes 26 de Febrero a partir de las 18 hs en la sede de Amor por la vida ubicada en la plaza Ernesto Tornquist (ex oficina de turismo). El evento dar\u00e1 inicio con una charla al aire libre a partir de las 18hs a cargo del onc\u00f3logo Gustavo Salum, posteriormente se har\u00e1 la caminata en la plaza y al finalizar se compartir\u00e1n unos mates en la sede de dicha instituci\u00f3n (llevar equipo de mate).<br \/>\nAmor por la vida invita a todos los vecinos a participar y colaborar, ya que tambi\u00e9n estar\u00e1n las planillas para hacerse socios y las alcanc\u00edas para recaudar fondos. <\/p>\n","protected":false},"excerpt":{"rendered":"<p>Como todos los a\u00f1os, la asociaci\u00f3n civil Amor por la vida en conjunto con la Juventud Radical y Juventud Peronista organizan la caminata por el d\u00eda internacional de la lucha contra el c\u00e1ncer. Cabe recordar que el 4 de Febrero es el d\u00eda internacional de la lucha contra el c\u00e1ncer.<\/p>\n","protected":false},"author":3,"featured_media":0,"comment_status":"closed","ping_status":"open","sticky":false,"template":"","format":"standard","meta":{"footnotes":""},"categories":[26],"tags":[],"class_list":["post-29102","post","type-post","status-publish","format-standard","hentry","category-sociedad"],"yoast_head":"<!-- This site is optimized with the Yoast SEO plugin v25.9 - https:\/\/yoast.com\/wordpress\/plugins\/seo\/ -->\n<title>Caminata por la lucha internacional contra el c\u00e1ncer. - Noticias Radio Reflejos<\/title>\n<meta name=\"robots\" content=\"index, follow, max-snippet:-1, max-image-preview:large, max-video-preview:-1\" \/>\n<link rel=\"canonical\" href=\"https:\/\/www.noticiasradioreflejos.com.ar\/2021\/caminata-por-la-lucha-internacional-contra-el-cancer\/\" \/>\n<meta property=\"og:locale\" content=\"es_ES\" \/>\n<meta property=\"og:type\" content=\"article\" \/>\n<meta property=\"og:title\" content=\"Caminata por la lucha internacional contra el c\u00e1ncer. - Noticias Radio Reflejos\" \/>\n<meta property=\"og:description\" content=\"Como todos los a\u00f1os, la asociaci\u00f3n civil Amor por la vida en conjunto con la Juventud Radical y Juventud Peronista organizan la caminata por el d\u00eda internacional de la lucha contra el c\u00e1ncer. Cabe recordar que el 4 de Febrero es el d\u00eda internacional de la lucha contra el c\u00e1ncer.\" \/>\n<meta property=\"og:url\" content=\"https:\/\/www.noticiasradioreflejos.com.ar\/2021\/caminata-por-la-lucha-internacional-contra-el-cancer\/\" \/>\n<meta property=\"og:site_name\" content=\"Noticias Radio Reflejos\" \/>\n<meta property=\"article:published_time\" content=\"2019-02-21T10:53:11+00:00\" \/>\n<meta property=\"og:image\" content=\"https:\/\/www.noticiasradioreflejos.com.ar\/2021\/wp-content\/uploads\/2021\/07\/logosol300x200.png\" \/>\n\t<meta property=\"og:image:width\" content=\"300\" \/>\n\t<meta property=\"og:image:height\" content=\"200\" \/>\n\t<meta property=\"og:image:type\" content=\"image\/png\" \/>\n<meta name=\"author\" content=\"Arnaldo Botto\" \/>\n<meta name=\"twitter:card\" content=\"summary_large_image\" \/>\n<script type=\"application\/ld+json\" class=\"yoast-schema-graph\">{\"@context\":\"https:\/\/schema.org\",\"@graph\":[{\"@type\":\"WebPage\",\"@id\":\"https:\/\/www.noticiasradioreflejos.com.ar\/2021\/caminata-por-la-lucha-internacional-contra-el-cancer\/\",\"url\":\"https:\/\/www.noticiasradioreflejos.com.ar\/2021\/caminata-por-la-lucha-internacional-contra-el-cancer\/\",\"name\":\"Caminata por la lucha internacional contra el c\u00e1ncer. - Noticias Radio Reflejos\",\"isPartOf\":{\"@id\":\"https:\/\/www.noticiasradioreflejos.com.ar\/2021\/#website\"},\"datePublished\":\"2019-02-21T10:53:11+00:00\",\"author\":{\"@id\":\"https:\/\/www.noticiasradioreflejos.com.ar\/2021\/#\/schema\/person\/ad82545263dcc5ec0996818884fd5fb1\"},\"breadcrumb\":{\"@id\":\"https:\/\/www.noticiasradioreflejos.com.ar\/2021\/caminata-por-la-lucha-internacional-contra-el-cancer\/#breadcrumb\"},\"inLanguage\":\"es\",\"potentialAction\":[{\"@type\":\"ReadAction\",\"target\":[\"https:\/\/www.noticiasradioreflejos.com.ar\/2021\/caminata-por-la-lucha-internacional-contra-el-cancer\/\"]}]},{\"@type\":\"BreadcrumbList\",\"@id\":\"https:\/\/www.noticiasradioreflejos.com.ar\/2021\/caminata-por-la-lucha-internacional-contra-el-cancer\/#breadcrumb\",\"itemListElement\":[{\"@type\":\"ListItem\",\"position\":1,\"name\":\"Portada\",\"item\":\"https:\/\/www.noticiasradioreflejos.com.ar\/2021\/\"},{\"@type\":\"ListItem\",\"position\":2,\"name\":\"Caminata por la lucha internacional contra el c\u00e1ncer.\"}]},{\"@type\":\"WebSite\",\"@id\":\"https:\/\/www.noticiasradioreflejos.com.ar\/2021\/#website\",\"url\":\"https:\/\/www.noticiasradioreflejos.com.ar\/2021\/\",\"name\":\"Noticias Radio Reflejos\",\"description\":\"Las noticias de mi comarca\",\"potentialAction\":[{\"@type\":\"SearchAction\",\"target\":{\"@type\":\"EntryPoint\",\"urlTemplate\":\"https:\/\/www.noticiasradioreflejos.com.ar\/2021\/?s={search_term_string}\"},\"query-input\":{\"@type\":\"PropertyValueSpecification\",\"valueRequired\":true,\"valueName\":\"search_term_string\"}}],\"inLanguage\":\"es\"},{\"@type\":\"Person\",\"@id\":\"https:\/\/www.noticiasradioreflejos.com.ar\/2021\/#\/schema\/person\/ad82545263dcc5ec0996818884fd5fb1\",\"name\":\"Arnaldo Botto\",\"image\":{\"@type\":\"ImageObject\",\"inLanguage\":\"es\",\"@id\":\"https:\/\/www.noticiasradioreflejos.com.ar\/2021\/#\/schema\/person\/image\/\",\"url\":\"https:\/\/secure.gravatar.com\/avatar\/55cb5e37c1efa326397366e6974cb338056df65cb50e7d64d1cf314e87504837?s=96&d=mm&r=g\",\"contentUrl\":\"https:\/\/secure.gravatar.com\/avatar\/55cb5e37c1efa326397366e6974cb338056df65cb50e7d64d1cf314e87504837?s=96&d=mm&r=g\",\"caption\":\"Arnaldo Botto\"},\"url\":\"https:\/\/www.noticiasradioreflejos.com.ar\/2021\/author\/arnaldo\/\"}]}<\/script>\n<!-- \/ Yoast SEO plugin. -->","yoast_head_json":{"title":"Caminata por la lucha internacional contra el c\u00e1ncer. - Noticias Radio Reflejos","robots":{"index":"index","follow":"follow","max-snippet":"max-snippet:-1","max-image-preview":"max-image-preview:large","max-video-preview":"max-video-preview:-1"},"canonical":"https:\/\/www.noticiasradioreflejos.com.ar\/2021\/caminata-por-la-lucha-internacional-contra-el-cancer\/","og_locale":"es_ES","og_type":"article","og_title":"Caminata por la lucha internacional contra el c\u00e1ncer. - Noticias Radio Reflejos","og_description":"Como todos los a\u00f1os, la asociaci\u00f3n civil Amor por la vida en conjunto con la Juventud Radical y Juventud Peronista organizan la caminata por el d\u00eda internacional de la lucha contra el c\u00e1ncer. Cabe recordar que el 4 de Febrero es el d\u00eda internacional de la lucha contra el c\u00e1ncer.","og_url":"https:\/\/www.noticiasradioreflejos.com.ar\/2021\/caminata-por-la-lucha-internacional-contra-el-cancer\/","og_site_name":"Noticias Radio Reflejos","article_published_time":"2019-02-21T10:53:11+00:00","og_image":[{"width":300,"height":200,"url":"https:\/\/www.noticiasradioreflejos.com.ar\/2021\/wp-content\/uploads\/2021\/07\/logosol300x200.png","type":"image\/png"}],"author":"Arnaldo Botto","twitter_card":"summary_large_image","schema":{"@context":"https:\/\/schema.org","@graph":[{"@type":"WebPage","@id":"https:\/\/www.noticiasradioreflejos.com.ar\/2021\/caminata-por-la-lucha-internacional-contra-el-cancer\/","url":"https:\/\/www.noticiasradioreflejos.com.ar\/2021\/caminata-por-la-lucha-internacional-contra-el-cancer\/","name":"Caminata por la lucha internacional contra el c\u00e1ncer. - Noticias Radio Reflejos","isPartOf":{"@id":"https:\/\/www.noticiasradioreflejos.com.ar\/2021\/#website"},"datePublished":"2019-02-21T10:53:11+00:00","author":{"@id":"https:\/\/www.noticiasradioreflejos.com.ar\/2021\/#\/schema\/person\/ad82545263dcc5ec0996818884fd5fb1"},"breadcrumb":{"@id":"https:\/\/www.noticiasradioreflejos.com.ar\/2021\/caminata-por-la-lucha-internacional-contra-el-cancer\/#breadcrumb"},"inLanguage":"es","potentialAction":[{"@type":"ReadAction","target":["https:\/\/www.noticiasradioreflejos.com.ar\/2021\/caminata-por-la-lucha-internacional-contra-el-cancer\/"]}]},{"@type":"BreadcrumbList","@id":"https:\/\/www.noticiasradioreflejos.com.ar\/2021\/caminata-por-la-lucha-internacional-contra-el-cancer\/#breadcrumb","itemListElement":[{"@type":"ListItem","position":1,"name":"Portada","item":"https:\/\/www.noticiasradioreflejos.com.ar\/2021\/"},{"@type":"ListItem","position":2,"name":"Caminata por la lucha internacional contra el c\u00e1ncer."}]},{"@type":"WebSite","@id":"https:\/\/www.noticiasradioreflejos.com.ar\/2021\/#website","url":"https:\/\/www.noticiasradioreflejos.com.ar\/2021\/","name":"Noticias Radio Reflejos","description":"Las noticias de mi comarca","potentialAction":[{"@type":"SearchAction","target":{"@type":"EntryPoint","urlTemplate":"https:\/\/www.noticiasradioreflejos.com.ar\/2021\/?s={search_term_string}"},"query-input":{"@type":"PropertyValueSpecification","valueRequired":true,"valueName":"search_term_string"}}],"inLanguage":"es"},{"@type":"Person","@id":"https:\/\/www.noticiasradioreflejos.com.ar\/2021\/#\/schema\/person\/ad82545263dcc5ec0996818884fd5fb1","name":"Arnaldo Botto","image":{"@type":"ImageObject","inLanguage":"es","@id":"https:\/\/www.noticiasradioreflejos.com.ar\/2021\/#\/schema\/person\/image\/","url":"https:\/\/secure.gravatar.com\/avatar\/55cb5e37c1efa326397366e6974cb338056df65cb50e7d64d1cf314e87504837?s=96&d=mm&r=g","contentUrl":"https:\/\/secure.gravatar.com\/avatar\/55cb5e37c1efa326397366e6974cb338056df65cb50e7d64d1cf314e87504837?s=96&d=mm&r=g","caption":"Arnaldo Botto"},"url":"https:\/\/www.noticiasradioreflejos.com.ar\/2021\/author\/arnaldo\/"}]}},"_links":{"self":[{"href":"https:\/\/www.noticiasradioreflejos.com.ar\/2021\/wp-json\/wp\/v2\/posts\/29102","targetHints":{"allow":["GET"]}}],"collection":[{"href":"https:\/\/www.noticiasradioreflejos.com.ar\/2021\/wp-json\/wp\/v2\/posts"}],"about":[{"href":"https:\/\/www.noticiasradioreflejos.com.ar\/2021\/wp-json\/wp\/v2\/types\/post"}],"author":[{"embeddable":true,"href":"https:\/\/www.noticiasradioreflejos.com.ar\/2021\/wp-json\/wp\/v2\/users\/3"}],"replies":[{"embeddable":true,"href":"https:\/\/www.noticiasradioreflejos.com.ar\/2021\/wp-json\/wp\/v2\/comments?post=29102"}],"version-history":[{"count":0,"href":"https:\/\/www.noticiasradioreflejos.com.ar\/2021\/wp-json\/wp\/v2\/posts\/29102\/revisions"}],"wp:attachment":[{"href":"https:\/\/www.noticiasradioreflejos.com.ar\/2021\/wp-json\/wp\/v2\/media?parent=29102"}],"wp:term":[{"taxonomy":"category","embeddable":true,"href":"https:\/\/www.noticiasradioreflejos.com.ar\/2021\/wp-json\/wp\/v2\/categories?post=29102"},{"taxonomy":"post_tag","embeddable":true,"href":"https:\/\/www.noticiasradioreflejos.com.ar\/2021\/wp-json\/wp\/v2\/tags?post=29102"}],"curies":[{"name":"wp","href":"https:\/\/api.w.org\/{rel}","templated":true}]}}