{"id":29092,"date":"2019-02-20T13:14:06","date_gmt":"2019-02-20T16:14:06","guid":{"rendered":"http:\/\/www.noticiasradioreflejos.com.ar\/noticias\/?p=29092"},"modified":"2019-02-20T13:14:06","modified_gmt":"2019-02-20T16:14:06","slug":"la-final-de-la-guerrilla-freestyle-en-villa-ventana","status":"publish","type":"post","link":"https:\/\/www.noticiasradioreflejos.com.ar\/2021\/la-final-de-la-guerrilla-freestyle-en-villa-ventana\/","title":{"rendered":"La final de la Guerrilla FreeStyle en Villa Ventana."},"content":{"rendered":"<p><a title=\"WhatsApp Image 2019-02-20 at 12.49.13\" href=\"http:\/\/farm8.staticflickr.com\/7906\/47105462582_cd85d4cc66.jpg\" rel=\"\"><img loading=\"lazy\" decoding=\"async\" class=\"alignleft\" style=\"float: left;\" title=\"WhatsApp Image 2019-02-20 at 12.49.13\" src=\"http:\/\/farm8.staticflickr.com\/7906\/47105462582_cd85d4cc66.jpg\" alt=\"WhatsApp Image 2019-02-20 at 12.49.13\" width=\"500\" height=\"375\" \/><\/a>El lunes 25 de febrero, la Plaza Salerno de Villa Ventana se convertir\u00e1 por 5ta vez en el escenario de otra edici\u00f3n de la <strong>\u00abguerrilla FreeStyle\u00bb<\/strong>, para convocar a quienes quieran participar, visitaron los estudios de la radio, <strong>Kndy y Kym<\/strong>, al igual que en la anterior oportunidad, describen c\u00f3mo organizan este evento.<!--more--><br \/>\nPara esta gran final, la inscripci\u00f3n ser\u00e1 ilimitada, se har\u00e1 una preselecci\u00f3n a partir de las 17 hs, para largar la final con solo 22 participantes, comenzando a las 18 hs.<br \/>\nEstos eventos han tenido gran cantidad de p\u00fablico que se di\u00f3 cita en cada oportunidad, llegando hasta las 200 personas y los organizadores esperan un numero mayor para este lunes en la final.<br \/>\nKndy y Kym nos cuentas sus proyectos y la posibilidad de darle mayor frecuencia a estos encuentros.<br \/>\nEl lunes, el costo para cada inscripto ser\u00e1 de $20.- que sumar\u00e1n para la bolsa del ganador. Adem\u00e1s piden que los participante y espectadores lleven un alimento no peredecedero a modo de entrada, para ser donados a un comedor de Saldungaray.<br \/>\nHabr\u00e1 m\u00e1s premios adem\u00e1s de la bolsa de dinero recaudado y ser\u00e1n:<br \/>\nPRIMER PUESTO<br \/>\n-Lo recaudado + Tatuaje de 10cm en @matartetattoo + Mate de La Guerrilla + Vale por una remera personalizada en @likha.disenos<br \/>\nSEGUNDO PUESTO<br \/>\n-Vale por un corte de pelo o nutrici\u00f3n en @anastasia_peluqueria + Vale por un baguette, un cono de papas y una bebida en @beltza_foodtruck<br \/>\nTERCER PUESTO<br \/>\n-Una docena de alfajores de \u201cEl bosque de Villa Ventana\u201d + Una artesan\u00eda de @marulahome<br \/>\n<iframe loading=\"lazy\" src=\"https:\/\/w.soundcloud.com\/player\/?url=https%3A\/\/api.soundcloud.com\/tracks\/578469906&amp;color=%23ff5500&amp;auto_play=false&amp;hide_related=false&amp;show_comments=true&amp;show_user=true&amp;show_reposts=false&amp;show_teaser=true\" width=\"100%\" height=\"166\" frameborder=\"no\" scrolling=\"no\"><\/iframe><\/p>\n","protected":false},"excerpt":{"rendered":"<p>El lunes 25 de febrero, la Plaza Salerno de Villa Ventana se convertir\u00e1 por 5ta vez en el escenario de otra edici\u00f3n de la \u00abguerrilla FreeStyle\u00bb, para convocar a quienes quieran participar, visitaron los estudios de la radio, Kndy y Kym, al igual que en la anterior oportunidad, describen c\u00f3mo organizan este evento.<\/p>\n","protected":false},"author":3,"featured_media":0,"comment_status":"closed","ping_status":"open","sticky":false,"template":"","format":"standard","meta":{"footnotes":""},"categories":[35],"tags":[],"class_list":["post-29092","post","type-post","status-publish","format-standard","hentry","category-cultura"],"yoast_head":"<!-- This site is optimized with the Yoast SEO plugin v25.9 - https:\/\/yoast.com\/wordpress\/plugins\/seo\/ -->\n<title>La final de la Guerrilla FreeStyle en Villa Ventana. - Noticias Radio Reflejos<\/title>\n<meta name=\"robots\" content=\"index, follow, max-snippet:-1, max-image-preview:large, max-video-preview:-1\" \/>\n<link rel=\"canonical\" href=\"https:\/\/www.noticiasradioreflejos.com.ar\/2021\/la-final-de-la-guerrilla-freestyle-en-villa-ventana\/\" \/>\n<meta property=\"og:locale\" content=\"es_ES\" \/>\n<meta property=\"og:type\" content=\"article\" \/>\n<meta property=\"og:title\" content=\"La final de la Guerrilla FreeStyle en Villa Ventana. - Noticias Radio Reflejos\" \/>\n<meta property=\"og:description\" content=\"El lunes 25 de febrero, la Plaza Salerno de Villa Ventana se convertir\u00e1 por 5ta vez en el escenario de otra edici\u00f3n de la \u00abguerrilla FreeStyle\u00bb, para convocar a quienes quieran participar, visitaron los estudios de la radio, Kndy y Kym, al igual que en la anterior oportunidad, describen c\u00f3mo organizan este evento.\" \/>\n<meta property=\"og:url\" content=\"https:\/\/www.noticiasradioreflejos.com.ar\/2021\/la-final-de-la-guerrilla-freestyle-en-villa-ventana\/\" \/>\n<meta property=\"og:site_name\" content=\"Noticias Radio Reflejos\" \/>\n<meta property=\"article:published_time\" content=\"2019-02-20T16:14:06+00:00\" \/>\n<meta property=\"og:image\" content=\"http:\/\/farm8.staticflickr.com\/7906\/47105462582_cd85d4cc66.jpg\" \/>\n<meta name=\"author\" content=\"Arnaldo Botto\" \/>\n<meta name=\"twitter:card\" content=\"summary_large_image\" \/>\n<script type=\"application\/ld+json\" class=\"yoast-schema-graph\">{\"@context\":\"https:\/\/schema.org\",\"@graph\":[{\"@type\":\"WebPage\",\"@id\":\"https:\/\/www.noticiasradioreflejos.com.ar\/2021\/la-final-de-la-guerrilla-freestyle-en-villa-ventana\/\",\"url\":\"https:\/\/www.noticiasradioreflejos.com.ar\/2021\/la-final-de-la-guerrilla-freestyle-en-villa-ventana\/\",\"name\":\"La final de la Guerrilla FreeStyle en Villa Ventana. - Noticias Radio Reflejos\",\"isPartOf\":{\"@id\":\"https:\/\/www.noticiasradioreflejos.com.ar\/2021\/#website\"},\"primaryImageOfPage\":{\"@id\":\"https:\/\/www.noticiasradioreflejos.com.ar\/2021\/la-final-de-la-guerrilla-freestyle-en-villa-ventana\/#primaryimage\"},\"image\":{\"@id\":\"https:\/\/www.noticiasradioreflejos.com.ar\/2021\/la-final-de-la-guerrilla-freestyle-en-villa-ventana\/#primaryimage\"},\"thumbnailUrl\":\"http:\/\/farm8.staticflickr.com\/7906\/47105462582_cd85d4cc66.jpg\",\"datePublished\":\"2019-02-20T16:14:06+00:00\",\"author\":{\"@id\":\"https:\/\/www.noticiasradioreflejos.com.ar\/2021\/#\/schema\/person\/ad82545263dcc5ec0996818884fd5fb1\"},\"breadcrumb\":{\"@id\":\"https:\/\/www.noticiasradioreflejos.com.ar\/2021\/la-final-de-la-guerrilla-freestyle-en-villa-ventana\/#breadcrumb\"},\"inLanguage\":\"es\",\"potentialAction\":[{\"@type\":\"ReadAction\",\"target\":[\"https:\/\/www.noticiasradioreflejos.com.ar\/2021\/la-final-de-la-guerrilla-freestyle-en-villa-ventana\/\"]}]},{\"@type\":\"ImageObject\",\"inLanguage\":\"es\",\"@id\":\"https:\/\/www.noticiasradioreflejos.com.ar\/2021\/la-final-de-la-guerrilla-freestyle-en-villa-ventana\/#primaryimage\",\"url\":\"http:\/\/farm8.staticflickr.com\/7906\/47105462582_cd85d4cc66.jpg\",\"contentUrl\":\"http:\/\/farm8.staticflickr.com\/7906\/47105462582_cd85d4cc66.jpg\"},{\"@type\":\"BreadcrumbList\",\"@id\":\"https:\/\/www.noticiasradioreflejos.com.ar\/2021\/la-final-de-la-guerrilla-freestyle-en-villa-ventana\/#breadcrumb\",\"itemListElement\":[{\"@type\":\"ListItem\",\"position\":1,\"name\":\"Portada\",\"item\":\"https:\/\/www.noticiasradioreflejos.com.ar\/2021\/\"},{\"@type\":\"ListItem\",\"position\":2,\"name\":\"La final de la Guerrilla FreeStyle en Villa Ventana.\"}]},{\"@type\":\"WebSite\",\"@id\":\"https:\/\/www.noticiasradioreflejos.com.ar\/2021\/#website\",\"url\":\"https:\/\/www.noticiasradioreflejos.com.ar\/2021\/\",\"name\":\"Noticias Radio Reflejos\",\"description\":\"Las noticias de mi comarca\",\"potentialAction\":[{\"@type\":\"SearchAction\",\"target\":{\"@type\":\"EntryPoint\",\"urlTemplate\":\"https:\/\/www.noticiasradioreflejos.com.ar\/2021\/?s={search_term_string}\"},\"query-input\":{\"@type\":\"PropertyValueSpecification\",\"valueRequired\":true,\"valueName\":\"search_term_string\"}}],\"inLanguage\":\"es\"},{\"@type\":\"Person\",\"@id\":\"https:\/\/www.noticiasradioreflejos.com.ar\/2021\/#\/schema\/person\/ad82545263dcc5ec0996818884fd5fb1\",\"name\":\"Arnaldo Botto\",\"image\":{\"@type\":\"ImageObject\",\"inLanguage\":\"es\",\"@id\":\"https:\/\/www.noticiasradioreflejos.com.ar\/2021\/#\/schema\/person\/image\/\",\"url\":\"https:\/\/secure.gravatar.com\/avatar\/55cb5e37c1efa326397366e6974cb338056df65cb50e7d64d1cf314e87504837?s=96&d=mm&r=g\",\"contentUrl\":\"https:\/\/secure.gravatar.com\/avatar\/55cb5e37c1efa326397366e6974cb338056df65cb50e7d64d1cf314e87504837?s=96&d=mm&r=g\",\"caption\":\"Arnaldo Botto\"},\"url\":\"https:\/\/www.noticiasradioreflejos.com.ar\/2021\/author\/arnaldo\/\"}]}<\/script>\n<!-- \/ Yoast SEO plugin. -->","yoast_head_json":{"title":"La final de la Guerrilla FreeStyle en Villa Ventana. - Noticias Radio Reflejos","robots":{"index":"index","follow":"follow","max-snippet":"max-snippet:-1","max-image-preview":"max-image-preview:large","max-video-preview":"max-video-preview:-1"},"canonical":"https:\/\/www.noticiasradioreflejos.com.ar\/2021\/la-final-de-la-guerrilla-freestyle-en-villa-ventana\/","og_locale":"es_ES","og_type":"article","og_title":"La final de la Guerrilla FreeStyle en Villa Ventana. - Noticias Radio Reflejos","og_description":"El lunes 25 de febrero, la Plaza Salerno de Villa Ventana se convertir\u00e1 por 5ta vez en el escenario de otra edici\u00f3n de la \u00abguerrilla FreeStyle\u00bb, para convocar a quienes quieran participar, visitaron los estudios de la radio, Kndy y Kym, al igual que en la anterior oportunidad, describen c\u00f3mo organizan este evento.","og_url":"https:\/\/www.noticiasradioreflejos.com.ar\/2021\/la-final-de-la-guerrilla-freestyle-en-villa-ventana\/","og_site_name":"Noticias Radio Reflejos","article_published_time":"2019-02-20T16:14:06+00:00","og_image":[{"url":"http:\/\/farm8.staticflickr.com\/7906\/47105462582_cd85d4cc66.jpg","type":"","width":"","height":""}],"author":"Arnaldo Botto","twitter_card":"summary_large_image","schema":{"@context":"https:\/\/schema.org","@graph":[{"@type":"WebPage","@id":"https:\/\/www.noticiasradioreflejos.com.ar\/2021\/la-final-de-la-guerrilla-freestyle-en-villa-ventana\/","url":"https:\/\/www.noticiasradioreflejos.com.ar\/2021\/la-final-de-la-guerrilla-freestyle-en-villa-ventana\/","name":"La final de la Guerrilla FreeStyle en Villa Ventana. - Noticias Radio Reflejos","isPartOf":{"@id":"https:\/\/www.noticiasradioreflejos.com.ar\/2021\/#website"},"primaryImageOfPage":{"@id":"https:\/\/www.noticiasradioreflejos.com.ar\/2021\/la-final-de-la-guerrilla-freestyle-en-villa-ventana\/#primaryimage"},"image":{"@id":"https:\/\/www.noticiasradioreflejos.com.ar\/2021\/la-final-de-la-guerrilla-freestyle-en-villa-ventana\/#primaryimage"},"thumbnailUrl":"http:\/\/farm8.staticflickr.com\/7906\/47105462582_cd85d4cc66.jpg","datePublished":"2019-02-20T16:14:06+00:00","author":{"@id":"https:\/\/www.noticiasradioreflejos.com.ar\/2021\/#\/schema\/person\/ad82545263dcc5ec0996818884fd5fb1"},"breadcrumb":{"@id":"https:\/\/www.noticiasradioreflejos.com.ar\/2021\/la-final-de-la-guerrilla-freestyle-en-villa-ventana\/#breadcrumb"},"inLanguage":"es","potentialAction":[{"@type":"ReadAction","target":["https:\/\/www.noticiasradioreflejos.com.ar\/2021\/la-final-de-la-guerrilla-freestyle-en-villa-ventana\/"]}]},{"@type":"ImageObject","inLanguage":"es","@id":"https:\/\/www.noticiasradioreflejos.com.ar\/2021\/la-final-de-la-guerrilla-freestyle-en-villa-ventana\/#primaryimage","url":"http:\/\/farm8.staticflickr.com\/7906\/47105462582_cd85d4cc66.jpg","contentUrl":"http:\/\/farm8.staticflickr.com\/7906\/47105462582_cd85d4cc66.jpg"},{"@type":"BreadcrumbList","@id":"https:\/\/www.noticiasradioreflejos.com.ar\/2021\/la-final-de-la-guerrilla-freestyle-en-villa-ventana\/#breadcrumb","itemListElement":[{"@type":"ListItem","position":1,"name":"Portada","item":"https:\/\/www.noticiasradioreflejos.com.ar\/2021\/"},{"@type":"ListItem","position":2,"name":"La final de la Guerrilla FreeStyle en Villa Ventana."}]},{"@type":"WebSite","@id":"https:\/\/www.noticiasradioreflejos.com.ar\/2021\/#website","url":"https:\/\/www.noticiasradioreflejos.com.ar\/2021\/","name":"Noticias Radio Reflejos","description":"Las noticias de mi comarca","potentialAction":[{"@type":"SearchAction","target":{"@type":"EntryPoint","urlTemplate":"https:\/\/www.noticiasradioreflejos.com.ar\/2021\/?s={search_term_string}"},"query-input":{"@type":"PropertyValueSpecification","valueRequired":true,"valueName":"search_term_string"}}],"inLanguage":"es"},{"@type":"Person","@id":"https:\/\/www.noticiasradioreflejos.com.ar\/2021\/#\/schema\/person\/ad82545263dcc5ec0996818884fd5fb1","name":"Arnaldo Botto","image":{"@type":"ImageObject","inLanguage":"es","@id":"https:\/\/www.noticiasradioreflejos.com.ar\/2021\/#\/schema\/person\/image\/","url":"https:\/\/secure.gravatar.com\/avatar\/55cb5e37c1efa326397366e6974cb338056df65cb50e7d64d1cf314e87504837?s=96&d=mm&r=g","contentUrl":"https:\/\/secure.gravatar.com\/avatar\/55cb5e37c1efa326397366e6974cb338056df65cb50e7d64d1cf314e87504837?s=96&d=mm&r=g","caption":"Arnaldo Botto"},"url":"https:\/\/www.noticiasradioreflejos.com.ar\/2021\/author\/arnaldo\/"}]}},"_links":{"self":[{"href":"https:\/\/www.noticiasradioreflejos.com.ar\/2021\/wp-json\/wp\/v2\/posts\/29092","targetHints":{"allow":["GET"]}}],"collection":[{"href":"https:\/\/www.noticiasradioreflejos.com.ar\/2021\/wp-json\/wp\/v2\/posts"}],"about":[{"href":"https:\/\/www.noticiasradioreflejos.com.ar\/2021\/wp-json\/wp\/v2\/types\/post"}],"author":[{"embeddable":true,"href":"https:\/\/www.noticiasradioreflejos.com.ar\/2021\/wp-json\/wp\/v2\/users\/3"}],"replies":[{"embeddable":true,"href":"https:\/\/www.noticiasradioreflejos.com.ar\/2021\/wp-json\/wp\/v2\/comments?post=29092"}],"version-history":[{"count":0,"href":"https:\/\/www.noticiasradioreflejos.com.ar\/2021\/wp-json\/wp\/v2\/posts\/29092\/revisions"}],"wp:attachment":[{"href":"https:\/\/www.noticiasradioreflejos.com.ar\/2021\/wp-json\/wp\/v2\/media?parent=29092"}],"wp:term":[{"taxonomy":"category","embeddable":true,"href":"https:\/\/www.noticiasradioreflejos.com.ar\/2021\/wp-json\/wp\/v2\/categories?post=29092"},{"taxonomy":"post_tag","embeddable":true,"href":"https:\/\/www.noticiasradioreflejos.com.ar\/2021\/wp-json\/wp\/v2\/tags?post=29092"}],"curies":[{"name":"wp","href":"https:\/\/api.w.org\/{rel}","templated":true}]}}