{"id":29089,"date":"2019-02-20T12:42:07","date_gmt":"2019-02-20T15:42:07","guid":{"rendered":"http:\/\/www.noticiasradioreflejos.com.ar\/noticias\/?p=29089"},"modified":"2019-02-20T12:42:07","modified_gmt":"2019-02-20T15:42:07","slug":"convocatoria-de-aspirantes-para-cobertura-docente-2","status":"publish","type":"post","link":"https:\/\/www.noticiasradioreflejos.com.ar\/2021\/convocatoria-de-aspirantes-para-cobertura-docente-2\/","title":{"rendered":"Convocatoria de aspirantes para cobertura docente."},"content":{"rendered":"<p>Convocatoria de aspirantes para la cobertura de las siguientes asignaturas, seg\u00fan resoluci\u00f3n 5886\/03, 5848\/02:<br \/>\nCarrera: PROF. EN EDUCACI\u00d3N PRIMARIA<!--more--><br \/>\n4\u00ba a\u00f1o:<br \/>\n2 m\u00f3dulos &#8211;  Ateneo de Matem\u00e1tica m\u00e1s 1 m\u00f3dulo TAIN<br \/>\nCarrera: TEC. SUP. EN TURISMO (Sierra de la Ventana)<br \/>\n2\u00ba a\u00f1o:<br \/>\n2 m\u00f3dulos \u2013 Contabilidad aplicada y Matem\u00e1tica Financiera<br \/>\n4 m\u00f3dulos \u2013 Pr\u00e1ctica Profesional I<br \/>\nCarrera: PROF. EDUC. SECUNDARIA BIOLOG\u00cdA<br \/>\n1\u00ba a\u00f1o:<br \/>\n3 m\u00f3dulos \u2013 F\u00edsica y Elementos de Astronom\u00eda y Laboratorio I<br \/>\n1 m\u00f3dulo \u2013 Integraci\u00f3n Areal<br \/>\nCarrera: PROF. EDUC. SECUNDARIA GEOGRAF\u00cdA<br \/>\n2\u00ba a\u00f1o:<br \/>\n2 m\u00f3dulos \u2013 Econom\u00eda<br \/>\n2 m\u00f3dulos \u2013 Historia I<br \/>\nCarrera: T.S. ACOMPA\u00d1ANTE TERAP\u00c9UTICO<br \/>\n1\u00ba a\u00f1o:<br \/>\n2 m\u00f3dulos \u2013 Contextualizaci\u00f3n del Campo Profesional  del Acompa\u00f1amiento Terap\u00e9utico<br \/>\n4 m\u00f3dulos \u2013 Pr\u00e1ctica Profesionalizante<br \/>\n4 m\u00f3dulos \u2013 Modalidades de Intervenci\u00f3n en el Acompa\u00f1amiento Terap\u00e9utico<br \/>\n2 m\u00f3dulos \u2013 Fundamentos de Psicolog\u00eda General y de Intervenci\u00f3n Sociocomunitaria<br \/>\n2 m\u00f3dulos \u2013 Principios M\u00e9dicos y de Psicofarmacolog\u00eda<br \/>\n2 m\u00f3dulos \u2013 Psicopatolog\u00eda<br \/>\nCarrera: PROF. SECUNDARIO EN HISTORIA<br \/>\n3\u00ba a\u00f1o:<br \/>\n2 m\u00f3dulos \u2013 Epistemolog\u00eda de la Historia de las Ciencias Sociales<br \/>\n2 m\u00f3dulos \u2013 Geograf\u00eda II<br \/>\nEl ISFD y T N\u00ba162, por intermedio de la Secretar\u00eda de Asuntos Docentes de Tornquist, solicita la difusi\u00f3n del siguiente comunicado:<\/p>\n","protected":false},"excerpt":{"rendered":"<p>Convocatoria de aspirantes para la cobertura de las siguientes asignaturas, seg\u00fan resoluci\u00f3n 5886\/03, 5848\/02: Carrera: PROF. EN EDUCACI\u00d3N PRIMARIA<\/p>\n","protected":false},"author":3,"featured_media":0,"comment_status":"closed","ping_status":"open","sticky":false,"template":"","format":"standard","meta":{"footnotes":""},"categories":[34],"tags":[],"class_list":["post-29089","post","type-post","status-publish","format-standard","hentry","category-educacion"],"yoast_head":"<!-- This site is optimized with the Yoast SEO plugin v25.9 - https:\/\/yoast.com\/wordpress\/plugins\/seo\/ -->\n<title>Convocatoria de aspirantes para cobertura docente. - Noticias Radio Reflejos<\/title>\n<meta name=\"robots\" content=\"index, follow, max-snippet:-1, max-image-preview:large, max-video-preview:-1\" \/>\n<link rel=\"canonical\" href=\"https:\/\/www.noticiasradioreflejos.com.ar\/2021\/convocatoria-de-aspirantes-para-cobertura-docente-2\/\" \/>\n<meta property=\"og:locale\" content=\"es_ES\" \/>\n<meta property=\"og:type\" content=\"article\" \/>\n<meta property=\"og:title\" content=\"Convocatoria de aspirantes para cobertura docente. - Noticias Radio Reflejos\" \/>\n<meta property=\"og:description\" content=\"Convocatoria de aspirantes para la cobertura de las siguientes asignaturas, seg\u00fan resoluci\u00f3n 5886\/03, 5848\/02: Carrera: PROF. EN EDUCACI\u00d3N PRIMARIA\" \/>\n<meta property=\"og:url\" content=\"https:\/\/www.noticiasradioreflejos.com.ar\/2021\/convocatoria-de-aspirantes-para-cobertura-docente-2\/\" \/>\n<meta property=\"og:site_name\" content=\"Noticias Radio Reflejos\" \/>\n<meta property=\"article:published_time\" content=\"2019-02-20T15:42:07+00:00\" \/>\n<meta property=\"og:image\" content=\"https:\/\/www.noticiasradioreflejos.com.ar\/2021\/wp-content\/uploads\/2021\/07\/logosol300x200.png\" \/>\n\t<meta property=\"og:image:width\" content=\"300\" \/>\n\t<meta property=\"og:image:height\" content=\"200\" \/>\n\t<meta property=\"og:image:type\" content=\"image\/png\" \/>\n<meta name=\"author\" content=\"Arnaldo Botto\" \/>\n<meta name=\"twitter:card\" content=\"summary_large_image\" \/>\n<script type=\"application\/ld+json\" class=\"yoast-schema-graph\">{\"@context\":\"https:\/\/schema.org\",\"@graph\":[{\"@type\":\"WebPage\",\"@id\":\"https:\/\/www.noticiasradioreflejos.com.ar\/2021\/convocatoria-de-aspirantes-para-cobertura-docente-2\/\",\"url\":\"https:\/\/www.noticiasradioreflejos.com.ar\/2021\/convocatoria-de-aspirantes-para-cobertura-docente-2\/\",\"name\":\"Convocatoria de aspirantes para cobertura docente. - Noticias Radio Reflejos\",\"isPartOf\":{\"@id\":\"https:\/\/www.noticiasradioreflejos.com.ar\/2021\/#website\"},\"datePublished\":\"2019-02-20T15:42:07+00:00\",\"author\":{\"@id\":\"https:\/\/www.noticiasradioreflejos.com.ar\/2021\/#\/schema\/person\/ad82545263dcc5ec0996818884fd5fb1\"},\"breadcrumb\":{\"@id\":\"https:\/\/www.noticiasradioreflejos.com.ar\/2021\/convocatoria-de-aspirantes-para-cobertura-docente-2\/#breadcrumb\"},\"inLanguage\":\"es\",\"potentialAction\":[{\"@type\":\"ReadAction\",\"target\":[\"https:\/\/www.noticiasradioreflejos.com.ar\/2021\/convocatoria-de-aspirantes-para-cobertura-docente-2\/\"]}]},{\"@type\":\"BreadcrumbList\",\"@id\":\"https:\/\/www.noticiasradioreflejos.com.ar\/2021\/convocatoria-de-aspirantes-para-cobertura-docente-2\/#breadcrumb\",\"itemListElement\":[{\"@type\":\"ListItem\",\"position\":1,\"name\":\"Portada\",\"item\":\"https:\/\/www.noticiasradioreflejos.com.ar\/2021\/\"},{\"@type\":\"ListItem\",\"position\":2,\"name\":\"Convocatoria de aspirantes para cobertura docente.\"}]},{\"@type\":\"WebSite\",\"@id\":\"https:\/\/www.noticiasradioreflejos.com.ar\/2021\/#website\",\"url\":\"https:\/\/www.noticiasradioreflejos.com.ar\/2021\/\",\"name\":\"Noticias Radio Reflejos\",\"description\":\"Las noticias de mi comarca\",\"potentialAction\":[{\"@type\":\"SearchAction\",\"target\":{\"@type\":\"EntryPoint\",\"urlTemplate\":\"https:\/\/www.noticiasradioreflejos.com.ar\/2021\/?s={search_term_string}\"},\"query-input\":{\"@type\":\"PropertyValueSpecification\",\"valueRequired\":true,\"valueName\":\"search_term_string\"}}],\"inLanguage\":\"es\"},{\"@type\":\"Person\",\"@id\":\"https:\/\/www.noticiasradioreflejos.com.ar\/2021\/#\/schema\/person\/ad82545263dcc5ec0996818884fd5fb1\",\"name\":\"Arnaldo Botto\",\"image\":{\"@type\":\"ImageObject\",\"inLanguage\":\"es\",\"@id\":\"https:\/\/www.noticiasradioreflejos.com.ar\/2021\/#\/schema\/person\/image\/\",\"url\":\"https:\/\/secure.gravatar.com\/avatar\/55cb5e37c1efa326397366e6974cb338056df65cb50e7d64d1cf314e87504837?s=96&d=mm&r=g\",\"contentUrl\":\"https:\/\/secure.gravatar.com\/avatar\/55cb5e37c1efa326397366e6974cb338056df65cb50e7d64d1cf314e87504837?s=96&d=mm&r=g\",\"caption\":\"Arnaldo Botto\"},\"url\":\"https:\/\/www.noticiasradioreflejos.com.ar\/2021\/author\/arnaldo\/\"}]}<\/script>\n<!-- \/ Yoast SEO plugin. -->","yoast_head_json":{"title":"Convocatoria de aspirantes para cobertura docente. - Noticias Radio Reflejos","robots":{"index":"index","follow":"follow","max-snippet":"max-snippet:-1","max-image-preview":"max-image-preview:large","max-video-preview":"max-video-preview:-1"},"canonical":"https:\/\/www.noticiasradioreflejos.com.ar\/2021\/convocatoria-de-aspirantes-para-cobertura-docente-2\/","og_locale":"es_ES","og_type":"article","og_title":"Convocatoria de aspirantes para cobertura docente. - Noticias Radio Reflejos","og_description":"Convocatoria de aspirantes para la cobertura de las siguientes asignaturas, seg\u00fan resoluci\u00f3n 5886\/03, 5848\/02: Carrera: PROF. EN EDUCACI\u00d3N PRIMARIA","og_url":"https:\/\/www.noticiasradioreflejos.com.ar\/2021\/convocatoria-de-aspirantes-para-cobertura-docente-2\/","og_site_name":"Noticias Radio Reflejos","article_published_time":"2019-02-20T15:42:07+00:00","og_image":[{"width":300,"height":200,"url":"https:\/\/www.noticiasradioreflejos.com.ar\/2021\/wp-content\/uploads\/2021\/07\/logosol300x200.png","type":"image\/png"}],"author":"Arnaldo Botto","twitter_card":"summary_large_image","schema":{"@context":"https:\/\/schema.org","@graph":[{"@type":"WebPage","@id":"https:\/\/www.noticiasradioreflejos.com.ar\/2021\/convocatoria-de-aspirantes-para-cobertura-docente-2\/","url":"https:\/\/www.noticiasradioreflejos.com.ar\/2021\/convocatoria-de-aspirantes-para-cobertura-docente-2\/","name":"Convocatoria de aspirantes para cobertura docente. - Noticias Radio Reflejos","isPartOf":{"@id":"https:\/\/www.noticiasradioreflejos.com.ar\/2021\/#website"},"datePublished":"2019-02-20T15:42:07+00:00","author":{"@id":"https:\/\/www.noticiasradioreflejos.com.ar\/2021\/#\/schema\/person\/ad82545263dcc5ec0996818884fd5fb1"},"breadcrumb":{"@id":"https:\/\/www.noticiasradioreflejos.com.ar\/2021\/convocatoria-de-aspirantes-para-cobertura-docente-2\/#breadcrumb"},"inLanguage":"es","potentialAction":[{"@type":"ReadAction","target":["https:\/\/www.noticiasradioreflejos.com.ar\/2021\/convocatoria-de-aspirantes-para-cobertura-docente-2\/"]}]},{"@type":"BreadcrumbList","@id":"https:\/\/www.noticiasradioreflejos.com.ar\/2021\/convocatoria-de-aspirantes-para-cobertura-docente-2\/#breadcrumb","itemListElement":[{"@type":"ListItem","position":1,"name":"Portada","item":"https:\/\/www.noticiasradioreflejos.com.ar\/2021\/"},{"@type":"ListItem","position":2,"name":"Convocatoria de aspirantes para cobertura docente."}]},{"@type":"WebSite","@id":"https:\/\/www.noticiasradioreflejos.com.ar\/2021\/#website","url":"https:\/\/www.noticiasradioreflejos.com.ar\/2021\/","name":"Noticias Radio Reflejos","description":"Las noticias de mi comarca","potentialAction":[{"@type":"SearchAction","target":{"@type":"EntryPoint","urlTemplate":"https:\/\/www.noticiasradioreflejos.com.ar\/2021\/?s={search_term_string}"},"query-input":{"@type":"PropertyValueSpecification","valueRequired":true,"valueName":"search_term_string"}}],"inLanguage":"es"},{"@type":"Person","@id":"https:\/\/www.noticiasradioreflejos.com.ar\/2021\/#\/schema\/person\/ad82545263dcc5ec0996818884fd5fb1","name":"Arnaldo Botto","image":{"@type":"ImageObject","inLanguage":"es","@id":"https:\/\/www.noticiasradioreflejos.com.ar\/2021\/#\/schema\/person\/image\/","url":"https:\/\/secure.gravatar.com\/avatar\/55cb5e37c1efa326397366e6974cb338056df65cb50e7d64d1cf314e87504837?s=96&d=mm&r=g","contentUrl":"https:\/\/secure.gravatar.com\/avatar\/55cb5e37c1efa326397366e6974cb338056df65cb50e7d64d1cf314e87504837?s=96&d=mm&r=g","caption":"Arnaldo Botto"},"url":"https:\/\/www.noticiasradioreflejos.com.ar\/2021\/author\/arnaldo\/"}]}},"_links":{"self":[{"href":"https:\/\/www.noticiasradioreflejos.com.ar\/2021\/wp-json\/wp\/v2\/posts\/29089","targetHints":{"allow":["GET"]}}],"collection":[{"href":"https:\/\/www.noticiasradioreflejos.com.ar\/2021\/wp-json\/wp\/v2\/posts"}],"about":[{"href":"https:\/\/www.noticiasradioreflejos.com.ar\/2021\/wp-json\/wp\/v2\/types\/post"}],"author":[{"embeddable":true,"href":"https:\/\/www.noticiasradioreflejos.com.ar\/2021\/wp-json\/wp\/v2\/users\/3"}],"replies":[{"embeddable":true,"href":"https:\/\/www.noticiasradioreflejos.com.ar\/2021\/wp-json\/wp\/v2\/comments?post=29089"}],"version-history":[{"count":0,"href":"https:\/\/www.noticiasradioreflejos.com.ar\/2021\/wp-json\/wp\/v2\/posts\/29089\/revisions"}],"wp:attachment":[{"href":"https:\/\/www.noticiasradioreflejos.com.ar\/2021\/wp-json\/wp\/v2\/media?parent=29089"}],"wp:term":[{"taxonomy":"category","embeddable":true,"href":"https:\/\/www.noticiasradioreflejos.com.ar\/2021\/wp-json\/wp\/v2\/categories?post=29089"},{"taxonomy":"post_tag","embeddable":true,"href":"https:\/\/www.noticiasradioreflejos.com.ar\/2021\/wp-json\/wp\/v2\/tags?post=29089"}],"curies":[{"name":"wp","href":"https:\/\/api.w.org\/{rel}","templated":true}]}}