{"id":29086,"date":"2019-02-20T11:28:54","date_gmt":"2019-02-20T14:28:54","guid":{"rendered":"http:\/\/www.noticiasradioreflejos.com.ar\/noticias\/?p=29086"},"modified":"2019-02-20T11:28:54","modified_gmt":"2019-02-20T14:28:54","slug":"solicitan-evitar-la-saturacion-del-servicio-de-emergencias-del-hospital-municipal","status":"publish","type":"post","link":"https:\/\/www.noticiasradioreflejos.com.ar\/2021\/solicitan-evitar-la-saturacion-del-servicio-de-emergencias-del-hospital-municipal\/","title":{"rendered":"Solicitan evitar la saturaci\u00f3n del servicio de emergencias del Hospital municipal."},"content":{"rendered":"<p>La Secretar\u00eda de Salud solicita a los vecinos un uso adecuado y responsable del sector de guardias m\u00e9dicas, a fin de evitar su saturaci\u00f3n y mejorar el servicio para aquellos pacientes que realmente lo necesitan.<!--more--><br \/>\nEn este sentido, desde la Secretar\u00eda recuerdan que la guardia del hospital es para aquellos casos donde existe riesgo de vida del paciente, lo que hace que requiera atenci\u00f3n m\u00e9dica urgente. Una urgencia es una herida cortante, un dolor de pecho, un paciente que no puede respirar, un chiquito o un adulto que est\u00e1 convulsionando, alguien que ha sufrido un accidente automovil\u00edstico, etc.<br \/>\nQuienes no atraviesen una urgencia, y tengan dolencias menores como dolor de garganta, estado gripal, etc, o requieran certificados o recetas m\u00e9dicas deben dirigirse a los consultorios externos del hospital o a los centros de salud de las localidades, donde atienden distintos especialistas que brindar\u00e1n la atenci\u00f3n adecuada.<br \/>\nDesde la Secretar\u00eda de Salud estamos convencidos de que en forma conjunta, tanto los profesionales de salud como los pacientes podremos evitar situaciones de saturaci\u00f3n y poder brindar la mejor calidad de atenci\u00f3n m\u00e9dica, lo cual es y ser\u00e1 siempre nuestro principal objetivo.<\/p>\n","protected":false},"excerpt":{"rendered":"<p>La Secretar\u00eda de Salud solicita a los vecinos un uso adecuado y responsable del sector de guardias m\u00e9dicas, a fin de evitar su saturaci\u00f3n y mejorar el servicio para aquellos pacientes que realmente lo necesitan.<\/p>\n","protected":false},"author":3,"featured_media":0,"comment_status":"closed","ping_status":"open","sticky":false,"template":"","format":"standard","meta":{"footnotes":""},"categories":[30],"tags":[],"class_list":["post-29086","post","type-post","status-publish","format-standard","hentry","category-salud"],"yoast_head":"<!-- This site is optimized with the Yoast SEO plugin v25.9 - https:\/\/yoast.com\/wordpress\/plugins\/seo\/ -->\n<title>Solicitan evitar la saturaci\u00f3n del servicio de emergencias del Hospital municipal. - Noticias Radio Reflejos<\/title>\n<meta name=\"robots\" content=\"index, follow, max-snippet:-1, max-image-preview:large, max-video-preview:-1\" \/>\n<link rel=\"canonical\" href=\"https:\/\/www.noticiasradioreflejos.com.ar\/2021\/solicitan-evitar-la-saturacion-del-servicio-de-emergencias-del-hospital-municipal\/\" \/>\n<meta property=\"og:locale\" content=\"es_ES\" \/>\n<meta property=\"og:type\" content=\"article\" \/>\n<meta property=\"og:title\" content=\"Solicitan evitar la saturaci\u00f3n del servicio de emergencias del Hospital municipal. - Noticias Radio Reflejos\" \/>\n<meta property=\"og:description\" content=\"La Secretar\u00eda de Salud solicita a los vecinos un uso adecuado y responsable del sector de guardias m\u00e9dicas, a fin de evitar su saturaci\u00f3n y mejorar el servicio para aquellos pacientes que realmente lo necesitan.\" \/>\n<meta property=\"og:url\" content=\"https:\/\/www.noticiasradioreflejos.com.ar\/2021\/solicitan-evitar-la-saturacion-del-servicio-de-emergencias-del-hospital-municipal\/\" \/>\n<meta property=\"og:site_name\" content=\"Noticias Radio Reflejos\" \/>\n<meta property=\"article:published_time\" content=\"2019-02-20T14:28:54+00:00\" \/>\n<meta property=\"og:image\" content=\"https:\/\/www.noticiasradioreflejos.com.ar\/2021\/wp-content\/uploads\/2021\/07\/logosol300x200.png\" \/>\n\t<meta property=\"og:image:width\" content=\"300\" \/>\n\t<meta property=\"og:image:height\" content=\"200\" \/>\n\t<meta property=\"og:image:type\" content=\"image\/png\" \/>\n<meta name=\"author\" content=\"Arnaldo Botto\" \/>\n<meta name=\"twitter:card\" content=\"summary_large_image\" \/>\n<script type=\"application\/ld+json\" class=\"yoast-schema-graph\">{\"@context\":\"https:\/\/schema.org\",\"@graph\":[{\"@type\":\"WebPage\",\"@id\":\"https:\/\/www.noticiasradioreflejos.com.ar\/2021\/solicitan-evitar-la-saturacion-del-servicio-de-emergencias-del-hospital-municipal\/\",\"url\":\"https:\/\/www.noticiasradioreflejos.com.ar\/2021\/solicitan-evitar-la-saturacion-del-servicio-de-emergencias-del-hospital-municipal\/\",\"name\":\"Solicitan evitar la saturaci\u00f3n del servicio de emergencias del Hospital municipal. - Noticias Radio Reflejos\",\"isPartOf\":{\"@id\":\"https:\/\/www.noticiasradioreflejos.com.ar\/2021\/#website\"},\"datePublished\":\"2019-02-20T14:28:54+00:00\",\"author\":{\"@id\":\"https:\/\/www.noticiasradioreflejos.com.ar\/2021\/#\/schema\/person\/ad82545263dcc5ec0996818884fd5fb1\"},\"breadcrumb\":{\"@id\":\"https:\/\/www.noticiasradioreflejos.com.ar\/2021\/solicitan-evitar-la-saturacion-del-servicio-de-emergencias-del-hospital-municipal\/#breadcrumb\"},\"inLanguage\":\"es\",\"potentialAction\":[{\"@type\":\"ReadAction\",\"target\":[\"https:\/\/www.noticiasradioreflejos.com.ar\/2021\/solicitan-evitar-la-saturacion-del-servicio-de-emergencias-del-hospital-municipal\/\"]}]},{\"@type\":\"BreadcrumbList\",\"@id\":\"https:\/\/www.noticiasradioreflejos.com.ar\/2021\/solicitan-evitar-la-saturacion-del-servicio-de-emergencias-del-hospital-municipal\/#breadcrumb\",\"itemListElement\":[{\"@type\":\"ListItem\",\"position\":1,\"name\":\"Portada\",\"item\":\"https:\/\/www.noticiasradioreflejos.com.ar\/2021\/\"},{\"@type\":\"ListItem\",\"position\":2,\"name\":\"Solicitan evitar la saturaci\u00f3n del servicio de emergencias del Hospital municipal.\"}]},{\"@type\":\"WebSite\",\"@id\":\"https:\/\/www.noticiasradioreflejos.com.ar\/2021\/#website\",\"url\":\"https:\/\/www.noticiasradioreflejos.com.ar\/2021\/\",\"name\":\"Noticias Radio Reflejos\",\"description\":\"Las noticias de mi comarca\",\"potentialAction\":[{\"@type\":\"SearchAction\",\"target\":{\"@type\":\"EntryPoint\",\"urlTemplate\":\"https:\/\/www.noticiasradioreflejos.com.ar\/2021\/?s={search_term_string}\"},\"query-input\":{\"@type\":\"PropertyValueSpecification\",\"valueRequired\":true,\"valueName\":\"search_term_string\"}}],\"inLanguage\":\"es\"},{\"@type\":\"Person\",\"@id\":\"https:\/\/www.noticiasradioreflejos.com.ar\/2021\/#\/schema\/person\/ad82545263dcc5ec0996818884fd5fb1\",\"name\":\"Arnaldo Botto\",\"image\":{\"@type\":\"ImageObject\",\"inLanguage\":\"es\",\"@id\":\"https:\/\/www.noticiasradioreflejos.com.ar\/2021\/#\/schema\/person\/image\/\",\"url\":\"https:\/\/secure.gravatar.com\/avatar\/55cb5e37c1efa326397366e6974cb338056df65cb50e7d64d1cf314e87504837?s=96&d=mm&r=g\",\"contentUrl\":\"https:\/\/secure.gravatar.com\/avatar\/55cb5e37c1efa326397366e6974cb338056df65cb50e7d64d1cf314e87504837?s=96&d=mm&r=g\",\"caption\":\"Arnaldo Botto\"},\"url\":\"https:\/\/www.noticiasradioreflejos.com.ar\/2021\/author\/arnaldo\/\"}]}<\/script>\n<!-- \/ Yoast SEO plugin. -->","yoast_head_json":{"title":"Solicitan evitar la saturaci\u00f3n del servicio de emergencias del Hospital municipal. - Noticias Radio Reflejos","robots":{"index":"index","follow":"follow","max-snippet":"max-snippet:-1","max-image-preview":"max-image-preview:large","max-video-preview":"max-video-preview:-1"},"canonical":"https:\/\/www.noticiasradioreflejos.com.ar\/2021\/solicitan-evitar-la-saturacion-del-servicio-de-emergencias-del-hospital-municipal\/","og_locale":"es_ES","og_type":"article","og_title":"Solicitan evitar la saturaci\u00f3n del servicio de emergencias del Hospital municipal. - Noticias Radio Reflejos","og_description":"La Secretar\u00eda de Salud solicita a los vecinos un uso adecuado y responsable del sector de guardias m\u00e9dicas, a fin de evitar su saturaci\u00f3n y mejorar el servicio para aquellos pacientes que realmente lo necesitan.","og_url":"https:\/\/www.noticiasradioreflejos.com.ar\/2021\/solicitan-evitar-la-saturacion-del-servicio-de-emergencias-del-hospital-municipal\/","og_site_name":"Noticias Radio Reflejos","article_published_time":"2019-02-20T14:28:54+00:00","og_image":[{"width":300,"height":200,"url":"https:\/\/www.noticiasradioreflejos.com.ar\/2021\/wp-content\/uploads\/2021\/07\/logosol300x200.png","type":"image\/png"}],"author":"Arnaldo Botto","twitter_card":"summary_large_image","schema":{"@context":"https:\/\/schema.org","@graph":[{"@type":"WebPage","@id":"https:\/\/www.noticiasradioreflejos.com.ar\/2021\/solicitan-evitar-la-saturacion-del-servicio-de-emergencias-del-hospital-municipal\/","url":"https:\/\/www.noticiasradioreflejos.com.ar\/2021\/solicitan-evitar-la-saturacion-del-servicio-de-emergencias-del-hospital-municipal\/","name":"Solicitan evitar la saturaci\u00f3n del servicio de emergencias del Hospital municipal. - Noticias Radio Reflejos","isPartOf":{"@id":"https:\/\/www.noticiasradioreflejos.com.ar\/2021\/#website"},"datePublished":"2019-02-20T14:28:54+00:00","author":{"@id":"https:\/\/www.noticiasradioreflejos.com.ar\/2021\/#\/schema\/person\/ad82545263dcc5ec0996818884fd5fb1"},"breadcrumb":{"@id":"https:\/\/www.noticiasradioreflejos.com.ar\/2021\/solicitan-evitar-la-saturacion-del-servicio-de-emergencias-del-hospital-municipal\/#breadcrumb"},"inLanguage":"es","potentialAction":[{"@type":"ReadAction","target":["https:\/\/www.noticiasradioreflejos.com.ar\/2021\/solicitan-evitar-la-saturacion-del-servicio-de-emergencias-del-hospital-municipal\/"]}]},{"@type":"BreadcrumbList","@id":"https:\/\/www.noticiasradioreflejos.com.ar\/2021\/solicitan-evitar-la-saturacion-del-servicio-de-emergencias-del-hospital-municipal\/#breadcrumb","itemListElement":[{"@type":"ListItem","position":1,"name":"Portada","item":"https:\/\/www.noticiasradioreflejos.com.ar\/2021\/"},{"@type":"ListItem","position":2,"name":"Solicitan evitar la saturaci\u00f3n del servicio de emergencias del Hospital municipal."}]},{"@type":"WebSite","@id":"https:\/\/www.noticiasradioreflejos.com.ar\/2021\/#website","url":"https:\/\/www.noticiasradioreflejos.com.ar\/2021\/","name":"Noticias Radio Reflejos","description":"Las noticias de mi comarca","potentialAction":[{"@type":"SearchAction","target":{"@type":"EntryPoint","urlTemplate":"https:\/\/www.noticiasradioreflejos.com.ar\/2021\/?s={search_term_string}"},"query-input":{"@type":"PropertyValueSpecification","valueRequired":true,"valueName":"search_term_string"}}],"inLanguage":"es"},{"@type":"Person","@id":"https:\/\/www.noticiasradioreflejos.com.ar\/2021\/#\/schema\/person\/ad82545263dcc5ec0996818884fd5fb1","name":"Arnaldo Botto","image":{"@type":"ImageObject","inLanguage":"es","@id":"https:\/\/www.noticiasradioreflejos.com.ar\/2021\/#\/schema\/person\/image\/","url":"https:\/\/secure.gravatar.com\/avatar\/55cb5e37c1efa326397366e6974cb338056df65cb50e7d64d1cf314e87504837?s=96&d=mm&r=g","contentUrl":"https:\/\/secure.gravatar.com\/avatar\/55cb5e37c1efa326397366e6974cb338056df65cb50e7d64d1cf314e87504837?s=96&d=mm&r=g","caption":"Arnaldo Botto"},"url":"https:\/\/www.noticiasradioreflejos.com.ar\/2021\/author\/arnaldo\/"}]}},"_links":{"self":[{"href":"https:\/\/www.noticiasradioreflejos.com.ar\/2021\/wp-json\/wp\/v2\/posts\/29086","targetHints":{"allow":["GET"]}}],"collection":[{"href":"https:\/\/www.noticiasradioreflejos.com.ar\/2021\/wp-json\/wp\/v2\/posts"}],"about":[{"href":"https:\/\/www.noticiasradioreflejos.com.ar\/2021\/wp-json\/wp\/v2\/types\/post"}],"author":[{"embeddable":true,"href":"https:\/\/www.noticiasradioreflejos.com.ar\/2021\/wp-json\/wp\/v2\/users\/3"}],"replies":[{"embeddable":true,"href":"https:\/\/www.noticiasradioreflejos.com.ar\/2021\/wp-json\/wp\/v2\/comments?post=29086"}],"version-history":[{"count":0,"href":"https:\/\/www.noticiasradioreflejos.com.ar\/2021\/wp-json\/wp\/v2\/posts\/29086\/revisions"}],"wp:attachment":[{"href":"https:\/\/www.noticiasradioreflejos.com.ar\/2021\/wp-json\/wp\/v2\/media?parent=29086"}],"wp:term":[{"taxonomy":"category","embeddable":true,"href":"https:\/\/www.noticiasradioreflejos.com.ar\/2021\/wp-json\/wp\/v2\/categories?post=29086"},{"taxonomy":"post_tag","embeddable":true,"href":"https:\/\/www.noticiasradioreflejos.com.ar\/2021\/wp-json\/wp\/v2\/tags?post=29086"}],"curies":[{"name":"wp","href":"https:\/\/api.w.org\/{rel}","templated":true}]}}