{"id":29081,"date":"2019-02-20T08:07:36","date_gmt":"2019-02-20T11:07:36","guid":{"rendered":"http:\/\/www.noticiasradioreflejos.com.ar\/noticias\/?p=29081"},"modified":"2019-02-20T08:07:36","modified_gmt":"2019-02-20T11:07:36","slug":"el-municipio-presento-los-avances-del-plan-iluminar-2020","status":"publish","type":"post","link":"https:\/\/www.noticiasradioreflejos.com.ar\/2021\/el-municipio-presento-los-avances-del-plan-iluminar-2020\/","title":{"rendered":"El municipio present\u00f3 los avances del Plan Iluminar 2020."},"content":{"rendered":"<p><a title=\"WhatsApp Image 2019-02-19 at 21.26.05 (1)\" href=\"http:\/\/farm8.staticflickr.com\/7833\/32213101987_5494e6bf8c.jpg\" rel=\"\"><img loading=\"lazy\" decoding=\"async\" class=\"alignleft\" style=\"float: left;\" title=\"WhatsApp Image 2019-02-19 at 21.26.05 (1)\" src=\"http:\/\/farm8.staticflickr.com\/7833\/32213101987_5494e6bf8c.jpg\" alt=\"WhatsApp Image 2019-02-19 at 21.26.05 (1)\" width=\"361\" height=\"500\" \/><\/a>En ese marco, finaliz\u00f3 la instalaci\u00f3n de luminarias led en toda la plaza \u2018Ernesto Tornquist\u2019. Nota con el intendente Sergio Bordoni.<br \/>\nEste martes en el palacio municipal, el intendente Sergio Bordoni present\u00f3 los avances del Plan Iluminar 2020, que prev\u00e9 el reemplazo de todas las luminarias del alumbrado p\u00fablico por luces led, como as\u00ed tambi\u00e9n instalar el servicio en sectores donde a\u00fan no se presta.<!--more--><br \/>\n\u201cTerminamos con las luminarias externas e internas de la plaza \u2018Ernesto Tornquist. Se instalaron 108 luces de led, lo que le da una fisonom\u00eda y vista a la plaza con un consumo inferior a lo que ten\u00edamos, lo que permite hacer un ahorro anual de $184.000 con una inversi\u00f3n de 140.000\u201d, explic\u00f3.<br \/>\n\u201cDe a poco se van cambiando las luminarias convencionales y poni\u00e9ndose de led; llevamos instaladas 656: 464 en Tornquist, 101 en Villa Ventana, 68 en Villa Serrana La Gruta y 14 en Tres Picos, m\u00e1s luminarias en distintos lugares donde no hab\u00eda alumbrado p\u00fablico\u201d, a\u00f1adi\u00f3.<br \/>\nSobre la iluminaci\u00f3n de la senda peatonal de Av. Moreno, dispar\u00f3 que \u201cest\u00e1 todo mal hecho, tenemos que hacer todo el cableado nuevo\u201d; \u201cde a poco lo vamos haciendo y ya cambiamos una gran parte de cable subterr\u00e1neo\u201d.<br \/>\nPor otro lado, respecto a la construcci\u00f3n de la nueva vereda de la plaza principal de nuestra ciudad, el jefe comunal indic\u00f3 que \u201cfaltan algunos detalles y despu\u00e9s ejecutar las dos sendas que van hacia la iglesia, para que los que caminan por ah\u00ed no corran riesgo de tropezar, mucha gente mayor nos pidi\u00f3 que la hici\u00e9ramos\u201d.<br \/>\n\u201cLa fisonom\u00eda de la plaza est\u00e1 cambiando, y si bien tuvimos mucha critica al principio, mucha gente lo est\u00e1 elogiando y eso nos llena de satisfacci\u00f3n\u201d, manifest\u00f3.<br \/>\nEn ese sentido, Bordoni subray\u00f3 que \u201cse plantaron 400 especies\u201d y destac\u00f3 que \u201clos placeros tienen un trabajo importante que es el mantenimiento de todos los \u00e1rboles, para lo que se est\u00e1 implementando el riego por goteo en todo el per\u00edmetro y regando con el agua del lago\u201d.<br \/>\n<iframe loading=\"lazy\" width=\"100%\" height=\"166\" scrolling=\"no\" frameborder=\"no\" allow=\"autoplay\" src=\"https:\/\/w.soundcloud.com\/player\/?url=https%3A\/\/api.soundcloud.com\/tracks\/578372301&#038;color=%23ff5500&#038;auto_play=false&#038;hide_related=false&#038;show_comments=true&#038;show_user=true&#038;show_reposts=false&#038;show_teaser=true\"><\/iframe><br \/>\n<a title=\"WhatsApp Image 2019-02-19 at 21.26.05\" href=\"http:\/\/farm8.staticflickr.com\/7898\/32213102097_c5d9649d23.jpg\" rel=\"\"><img loading=\"lazy\" decoding=\"async\" class=\"aligncenter\" title=\"WhatsApp Image 2019-02-19 at 21.26.05\" src=\"http:\/\/farm8.staticflickr.com\/7898\/32213102097_c5d9649d23.jpg\" alt=\"WhatsApp Image 2019-02-19 at 21.26.05\" width=\"456\" height=\"500\" \/><\/a><\/p>\n","protected":false},"excerpt":{"rendered":"<p>En ese marco, finaliz\u00f3 la instalaci\u00f3n de luminarias led en toda la plaza \u2018Ernesto Tornquist\u2019. Nota con el intendente Sergio Bordoni. Este martes en el palacio municipal, el intendente Sergio Bordoni present\u00f3 los avances del Plan Iluminar 2020, que prev\u00e9 el reemplazo de todas las luminarias del alumbrado p\u00fablico por luces led, como as\u00ed tambi\u00e9n [&hellip;]<\/p>\n","protected":false},"author":3,"featured_media":0,"comment_status":"closed","ping_status":"open","sticky":false,"template":"","format":"standard","meta":{"footnotes":""},"categories":[28],"tags":[],"class_list":["post-29081","post","type-post","status-publish","format-standard","hentry","category-municipales"],"yoast_head":"<!-- This site is optimized with the Yoast SEO plugin v25.9 - https:\/\/yoast.com\/wordpress\/plugins\/seo\/ -->\n<title>El municipio present\u00f3 los avances del Plan Iluminar 2020. - Noticias Radio Reflejos<\/title>\n<meta name=\"robots\" content=\"index, follow, max-snippet:-1, max-image-preview:large, max-video-preview:-1\" \/>\n<link rel=\"canonical\" href=\"https:\/\/www.noticiasradioreflejos.com.ar\/2021\/el-municipio-presento-los-avances-del-plan-iluminar-2020\/\" \/>\n<meta property=\"og:locale\" content=\"es_ES\" \/>\n<meta property=\"og:type\" content=\"article\" \/>\n<meta property=\"og:title\" content=\"El municipio present\u00f3 los avances del Plan Iluminar 2020. - Noticias Radio Reflejos\" \/>\n<meta property=\"og:description\" content=\"En ese marco, finaliz\u00f3 la instalaci\u00f3n de luminarias led en toda la plaza \u2018Ernesto Tornquist\u2019. Nota con el intendente Sergio Bordoni. Este martes en el palacio municipal, el intendente Sergio Bordoni present\u00f3 los avances del Plan Iluminar 2020, que prev\u00e9 el reemplazo de todas las luminarias del alumbrado p\u00fablico por luces led, como as\u00ed tambi\u00e9n [&hellip;]\" \/>\n<meta property=\"og:url\" content=\"https:\/\/www.noticiasradioreflejos.com.ar\/2021\/el-municipio-presento-los-avances-del-plan-iluminar-2020\/\" \/>\n<meta property=\"og:site_name\" content=\"Noticias Radio Reflejos\" \/>\n<meta property=\"article:published_time\" content=\"2019-02-20T11:07:36+00:00\" \/>\n<meta property=\"og:image\" content=\"http:\/\/farm8.staticflickr.com\/7833\/32213101987_5494e6bf8c.jpg\" \/>\n<meta name=\"author\" content=\"Arnaldo Botto\" \/>\n<meta name=\"twitter:card\" content=\"summary_large_image\" \/>\n<script type=\"application\/ld+json\" class=\"yoast-schema-graph\">{\"@context\":\"https:\/\/schema.org\",\"@graph\":[{\"@type\":\"WebPage\",\"@id\":\"https:\/\/www.noticiasradioreflejos.com.ar\/2021\/el-municipio-presento-los-avances-del-plan-iluminar-2020\/\",\"url\":\"https:\/\/www.noticiasradioreflejos.com.ar\/2021\/el-municipio-presento-los-avances-del-plan-iluminar-2020\/\",\"name\":\"El municipio present\u00f3 los avances del Plan Iluminar 2020. - Noticias Radio Reflejos\",\"isPartOf\":{\"@id\":\"https:\/\/www.noticiasradioreflejos.com.ar\/2021\/#website\"},\"primaryImageOfPage\":{\"@id\":\"https:\/\/www.noticiasradioreflejos.com.ar\/2021\/el-municipio-presento-los-avances-del-plan-iluminar-2020\/#primaryimage\"},\"image\":{\"@id\":\"https:\/\/www.noticiasradioreflejos.com.ar\/2021\/el-municipio-presento-los-avances-del-plan-iluminar-2020\/#primaryimage\"},\"thumbnailUrl\":\"http:\/\/farm8.staticflickr.com\/7833\/32213101987_5494e6bf8c.jpg\",\"datePublished\":\"2019-02-20T11:07:36+00:00\",\"author\":{\"@id\":\"https:\/\/www.noticiasradioreflejos.com.ar\/2021\/#\/schema\/person\/ad82545263dcc5ec0996818884fd5fb1\"},\"breadcrumb\":{\"@id\":\"https:\/\/www.noticiasradioreflejos.com.ar\/2021\/el-municipio-presento-los-avances-del-plan-iluminar-2020\/#breadcrumb\"},\"inLanguage\":\"es\",\"potentialAction\":[{\"@type\":\"ReadAction\",\"target\":[\"https:\/\/www.noticiasradioreflejos.com.ar\/2021\/el-municipio-presento-los-avances-del-plan-iluminar-2020\/\"]}]},{\"@type\":\"ImageObject\",\"inLanguage\":\"es\",\"@id\":\"https:\/\/www.noticiasradioreflejos.com.ar\/2021\/el-municipio-presento-los-avances-del-plan-iluminar-2020\/#primaryimage\",\"url\":\"http:\/\/farm8.staticflickr.com\/7833\/32213101987_5494e6bf8c.jpg\",\"contentUrl\":\"http:\/\/farm8.staticflickr.com\/7833\/32213101987_5494e6bf8c.jpg\"},{\"@type\":\"BreadcrumbList\",\"@id\":\"https:\/\/www.noticiasradioreflejos.com.ar\/2021\/el-municipio-presento-los-avances-del-plan-iluminar-2020\/#breadcrumb\",\"itemListElement\":[{\"@type\":\"ListItem\",\"position\":1,\"name\":\"Portada\",\"item\":\"https:\/\/www.noticiasradioreflejos.com.ar\/2021\/\"},{\"@type\":\"ListItem\",\"position\":2,\"name\":\"El municipio present\u00f3 los avances del Plan Iluminar 2020.\"}]},{\"@type\":\"WebSite\",\"@id\":\"https:\/\/www.noticiasradioreflejos.com.ar\/2021\/#website\",\"url\":\"https:\/\/www.noticiasradioreflejos.com.ar\/2021\/\",\"name\":\"Noticias Radio Reflejos\",\"description\":\"Las noticias de mi comarca\",\"potentialAction\":[{\"@type\":\"SearchAction\",\"target\":{\"@type\":\"EntryPoint\",\"urlTemplate\":\"https:\/\/www.noticiasradioreflejos.com.ar\/2021\/?s={search_term_string}\"},\"query-input\":{\"@type\":\"PropertyValueSpecification\",\"valueRequired\":true,\"valueName\":\"search_term_string\"}}],\"inLanguage\":\"es\"},{\"@type\":\"Person\",\"@id\":\"https:\/\/www.noticiasradioreflejos.com.ar\/2021\/#\/schema\/person\/ad82545263dcc5ec0996818884fd5fb1\",\"name\":\"Arnaldo Botto\",\"image\":{\"@type\":\"ImageObject\",\"inLanguage\":\"es\",\"@id\":\"https:\/\/www.noticiasradioreflejos.com.ar\/2021\/#\/schema\/person\/image\/\",\"url\":\"https:\/\/secure.gravatar.com\/avatar\/55cb5e37c1efa326397366e6974cb338056df65cb50e7d64d1cf314e87504837?s=96&d=mm&r=g\",\"contentUrl\":\"https:\/\/secure.gravatar.com\/avatar\/55cb5e37c1efa326397366e6974cb338056df65cb50e7d64d1cf314e87504837?s=96&d=mm&r=g\",\"caption\":\"Arnaldo Botto\"},\"url\":\"https:\/\/www.noticiasradioreflejos.com.ar\/2021\/author\/arnaldo\/\"}]}<\/script>\n<!-- \/ Yoast SEO plugin. -->","yoast_head_json":{"title":"El municipio present\u00f3 los avances del Plan Iluminar 2020. - Noticias Radio Reflejos","robots":{"index":"index","follow":"follow","max-snippet":"max-snippet:-1","max-image-preview":"max-image-preview:large","max-video-preview":"max-video-preview:-1"},"canonical":"https:\/\/www.noticiasradioreflejos.com.ar\/2021\/el-municipio-presento-los-avances-del-plan-iluminar-2020\/","og_locale":"es_ES","og_type":"article","og_title":"El municipio present\u00f3 los avances del Plan Iluminar 2020. - Noticias Radio Reflejos","og_description":"En ese marco, finaliz\u00f3 la instalaci\u00f3n de luminarias led en toda la plaza \u2018Ernesto Tornquist\u2019. Nota con el intendente Sergio Bordoni. Este martes en el palacio municipal, el intendente Sergio Bordoni present\u00f3 los avances del Plan Iluminar 2020, que prev\u00e9 el reemplazo de todas las luminarias del alumbrado p\u00fablico por luces led, como as\u00ed tambi\u00e9n [&hellip;]","og_url":"https:\/\/www.noticiasradioreflejos.com.ar\/2021\/el-municipio-presento-los-avances-del-plan-iluminar-2020\/","og_site_name":"Noticias Radio Reflejos","article_published_time":"2019-02-20T11:07:36+00:00","og_image":[{"url":"http:\/\/farm8.staticflickr.com\/7833\/32213101987_5494e6bf8c.jpg","type":"","width":"","height":""}],"author":"Arnaldo Botto","twitter_card":"summary_large_image","schema":{"@context":"https:\/\/schema.org","@graph":[{"@type":"WebPage","@id":"https:\/\/www.noticiasradioreflejos.com.ar\/2021\/el-municipio-presento-los-avances-del-plan-iluminar-2020\/","url":"https:\/\/www.noticiasradioreflejos.com.ar\/2021\/el-municipio-presento-los-avances-del-plan-iluminar-2020\/","name":"El municipio present\u00f3 los avances del Plan Iluminar 2020. - Noticias Radio Reflejos","isPartOf":{"@id":"https:\/\/www.noticiasradioreflejos.com.ar\/2021\/#website"},"primaryImageOfPage":{"@id":"https:\/\/www.noticiasradioreflejos.com.ar\/2021\/el-municipio-presento-los-avances-del-plan-iluminar-2020\/#primaryimage"},"image":{"@id":"https:\/\/www.noticiasradioreflejos.com.ar\/2021\/el-municipio-presento-los-avances-del-plan-iluminar-2020\/#primaryimage"},"thumbnailUrl":"http:\/\/farm8.staticflickr.com\/7833\/32213101987_5494e6bf8c.jpg","datePublished":"2019-02-20T11:07:36+00:00","author":{"@id":"https:\/\/www.noticiasradioreflejos.com.ar\/2021\/#\/schema\/person\/ad82545263dcc5ec0996818884fd5fb1"},"breadcrumb":{"@id":"https:\/\/www.noticiasradioreflejos.com.ar\/2021\/el-municipio-presento-los-avances-del-plan-iluminar-2020\/#breadcrumb"},"inLanguage":"es","potentialAction":[{"@type":"ReadAction","target":["https:\/\/www.noticiasradioreflejos.com.ar\/2021\/el-municipio-presento-los-avances-del-plan-iluminar-2020\/"]}]},{"@type":"ImageObject","inLanguage":"es","@id":"https:\/\/www.noticiasradioreflejos.com.ar\/2021\/el-municipio-presento-los-avances-del-plan-iluminar-2020\/#primaryimage","url":"http:\/\/farm8.staticflickr.com\/7833\/32213101987_5494e6bf8c.jpg","contentUrl":"http:\/\/farm8.staticflickr.com\/7833\/32213101987_5494e6bf8c.jpg"},{"@type":"BreadcrumbList","@id":"https:\/\/www.noticiasradioreflejos.com.ar\/2021\/el-municipio-presento-los-avances-del-plan-iluminar-2020\/#breadcrumb","itemListElement":[{"@type":"ListItem","position":1,"name":"Portada","item":"https:\/\/www.noticiasradioreflejos.com.ar\/2021\/"},{"@type":"ListItem","position":2,"name":"El municipio present\u00f3 los avances del Plan Iluminar 2020."}]},{"@type":"WebSite","@id":"https:\/\/www.noticiasradioreflejos.com.ar\/2021\/#website","url":"https:\/\/www.noticiasradioreflejos.com.ar\/2021\/","name":"Noticias Radio Reflejos","description":"Las noticias de mi comarca","potentialAction":[{"@type":"SearchAction","target":{"@type":"EntryPoint","urlTemplate":"https:\/\/www.noticiasradioreflejos.com.ar\/2021\/?s={search_term_string}"},"query-input":{"@type":"PropertyValueSpecification","valueRequired":true,"valueName":"search_term_string"}}],"inLanguage":"es"},{"@type":"Person","@id":"https:\/\/www.noticiasradioreflejos.com.ar\/2021\/#\/schema\/person\/ad82545263dcc5ec0996818884fd5fb1","name":"Arnaldo Botto","image":{"@type":"ImageObject","inLanguage":"es","@id":"https:\/\/www.noticiasradioreflejos.com.ar\/2021\/#\/schema\/person\/image\/","url":"https:\/\/secure.gravatar.com\/avatar\/55cb5e37c1efa326397366e6974cb338056df65cb50e7d64d1cf314e87504837?s=96&d=mm&r=g","contentUrl":"https:\/\/secure.gravatar.com\/avatar\/55cb5e37c1efa326397366e6974cb338056df65cb50e7d64d1cf314e87504837?s=96&d=mm&r=g","caption":"Arnaldo Botto"},"url":"https:\/\/www.noticiasradioreflejos.com.ar\/2021\/author\/arnaldo\/"}]}},"_links":{"self":[{"href":"https:\/\/www.noticiasradioreflejos.com.ar\/2021\/wp-json\/wp\/v2\/posts\/29081","targetHints":{"allow":["GET"]}}],"collection":[{"href":"https:\/\/www.noticiasradioreflejos.com.ar\/2021\/wp-json\/wp\/v2\/posts"}],"about":[{"href":"https:\/\/www.noticiasradioreflejos.com.ar\/2021\/wp-json\/wp\/v2\/types\/post"}],"author":[{"embeddable":true,"href":"https:\/\/www.noticiasradioreflejos.com.ar\/2021\/wp-json\/wp\/v2\/users\/3"}],"replies":[{"embeddable":true,"href":"https:\/\/www.noticiasradioreflejos.com.ar\/2021\/wp-json\/wp\/v2\/comments?post=29081"}],"version-history":[{"count":0,"href":"https:\/\/www.noticiasradioreflejos.com.ar\/2021\/wp-json\/wp\/v2\/posts\/29081\/revisions"}],"wp:attachment":[{"href":"https:\/\/www.noticiasradioreflejos.com.ar\/2021\/wp-json\/wp\/v2\/media?parent=29081"}],"wp:term":[{"taxonomy":"category","embeddable":true,"href":"https:\/\/www.noticiasradioreflejos.com.ar\/2021\/wp-json\/wp\/v2\/categories?post=29081"},{"taxonomy":"post_tag","embeddable":true,"href":"https:\/\/www.noticiasradioreflejos.com.ar\/2021\/wp-json\/wp\/v2\/tags?post=29081"}],"curies":[{"name":"wp","href":"https:\/\/api.w.org\/{rel}","templated":true}]}}