{"id":29078,"date":"2019-02-20T07:55:58","date_gmt":"2019-02-20T10:55:58","guid":{"rendered":"http:\/\/www.noticiasradioreflejos.com.ar\/noticias\/?p=29078"},"modified":"2019-02-20T07:55:58","modified_gmt":"2019-02-20T10:55:58","slug":"sobreseimiento-del-fiscal-de-cambiemos-me-pone-contento-porque-naldo-es-una-persona-de-bien","status":"publish","type":"post","link":"https:\/\/www.noticiasradioreflejos.com.ar\/2021\/sobreseimiento-del-fiscal-de-cambiemos-me-pone-contento-porque-naldo-es-una-persona-de-bien\/","title":{"rendered":"Sobreseimiento del fiscal de Cambiemos: \u201cMe pone contento porque Naldo es una persona de bien\u201d"},"content":{"rendered":"<p>El intendente Sergio Bordoni celebr\u00f3 el fallo de la justicia a favor del actual Subsecretario de Servicios Urbanos, denunciado por el PJ por presunta sustracci\u00f3n de boletas en las elecciones de 2015.<!--more--><br \/>\nEl intendente municipal, Sergio Bordoni, se expres\u00f3 luego de que se conociera el fallo de la justicia que sobresey\u00f3 a H\u00e9ctor \u2018Naldo\u2019 Mart\u00ednez en la causa en la que fuera denunciado por el PJ por presunta sustracci\u00f3n de boletas en las elecciones 2015, siendo fiscal de Cambiemos.<br \/>\n\u201cMe pone muy contento porque Naldo es una persona de bien. Despu\u00e9s de haber ganado los comicios no pudimos ni siquiera festejar el triunfo, porque enseguida lo opacaron con una denuncia de algo que nunca pas\u00f3\u201d, afirm\u00f3 el jefe comunal.<br \/>\n\u201cNaldo debi\u00f3 ponerse a disposici\u00f3n de la justicia y pagar una consecuencia fea, \u00e9l y la familia, en quienes no pens\u00f3 el PJ cuando public\u00f3 una carta con muchos agravios\u201d, agreg\u00f3 y manifest\u00f3 que \u201cla justicia tarde o temprano llega\u201d.<br \/>\nSobre las expresiones de opositores luego de conocerse el fallo este martes, Bordoni sostuvo que \u201cahora parece que la justicia est\u00e1 comprada, cuando el juez de la causa es alguien de La Plata que no conocemos\u201d.<br \/>\n\u201cEn estos casos hay que abstenerse a lo que dice la justicia \u2013continu\u00f3-, cuando me hicieron la denuncia me present\u00e9 y sal\u00ed absuelto, no tenemos nada que esconder. Hay gente que tiene que dar parte a la justicia de cosas que en su gesti\u00f3n no fueran tan transparentes como dicen\u201d.<br \/>\nNO HABR\u00cdA CAMBIOS EN EL GABINETE: \u201cPOR EL MOMENTO VA A SEGUIR TODO IGUAL\u201d<br \/>\nPor otro lado, respecto a posibles cambios en el gabinete ejecutivo, Bordoni afirm\u00f3 que \u201cpor el momento va a seguir todo igual\u201d.<br \/>\nA pesar de que sea un a\u00f1o eleccionario, \u201cvamos a trabajar como siempre, para algunos no hicimos nada y para otros mucho, pero la gente nos juzgar\u00e1 en las elecciones. Mientras tanto, seguimos siendo gobierno y seguiremos haciendo las cosas que creemos convenientes y necesarias para el distrito de Tornquist\u201d.<br \/>\n<iframe loading=\"lazy\" src=\"https:\/\/w.soundcloud.com\/player\/?url=https%3A\/\/api.soundcloud.com\/tracks\/578368281&amp;color=%23ff5500&amp;auto_play=false&amp;hide_related=false&amp;show_comments=true&amp;show_user=true&amp;show_reposts=false&amp;show_teaser=true\" width=\"100%\" height=\"166\" frameborder=\"no\" scrolling=\"no\"><\/iframe><\/p>\n","protected":false},"excerpt":{"rendered":"<p>El intendente Sergio Bordoni celebr\u00f3 el fallo de la justicia a favor del actual Subsecretario de Servicios Urbanos, denunciado por el PJ por presunta sustracci\u00f3n de boletas en las elecciones de 2015.<\/p>\n","protected":false},"author":3,"featured_media":0,"comment_status":"closed","ping_status":"open","sticky":false,"template":"","format":"standard","meta":{"footnotes":""},"categories":[24],"tags":[],"class_list":["post-29078","post","type-post","status-publish","format-standard","hentry","category-politica"],"yoast_head":"<!-- This site is optimized with the Yoast SEO plugin v25.9 - https:\/\/yoast.com\/wordpress\/plugins\/seo\/ -->\n<title>Sobreseimiento del fiscal de Cambiemos: \u201cMe pone contento porque Naldo es una persona de bien\u201d - Noticias Radio Reflejos<\/title>\n<meta name=\"robots\" content=\"index, follow, max-snippet:-1, max-image-preview:large, max-video-preview:-1\" \/>\n<link rel=\"canonical\" href=\"https:\/\/www.noticiasradioreflejos.com.ar\/2021\/sobreseimiento-del-fiscal-de-cambiemos-me-pone-contento-porque-naldo-es-una-persona-de-bien\/\" \/>\n<meta property=\"og:locale\" content=\"es_ES\" \/>\n<meta property=\"og:type\" content=\"article\" \/>\n<meta property=\"og:title\" content=\"Sobreseimiento del fiscal de Cambiemos: \u201cMe pone contento porque Naldo es una persona de bien\u201d - Noticias Radio Reflejos\" \/>\n<meta property=\"og:description\" content=\"El intendente Sergio Bordoni celebr\u00f3 el fallo de la justicia a favor del actual Subsecretario de Servicios Urbanos, denunciado por el PJ por presunta sustracci\u00f3n de boletas en las elecciones de 2015.\" \/>\n<meta property=\"og:url\" content=\"https:\/\/www.noticiasradioreflejos.com.ar\/2021\/sobreseimiento-del-fiscal-de-cambiemos-me-pone-contento-porque-naldo-es-una-persona-de-bien\/\" \/>\n<meta property=\"og:site_name\" content=\"Noticias Radio Reflejos\" \/>\n<meta property=\"article:published_time\" content=\"2019-02-20T10:55:58+00:00\" \/>\n<meta property=\"og:image\" content=\"https:\/\/www.noticiasradioreflejos.com.ar\/2021\/wp-content\/uploads\/2021\/07\/logosol300x200.png\" \/>\n\t<meta property=\"og:image:width\" content=\"300\" \/>\n\t<meta property=\"og:image:height\" content=\"200\" \/>\n\t<meta property=\"og:image:type\" content=\"image\/png\" \/>\n<meta name=\"author\" content=\"Arnaldo Botto\" \/>\n<meta name=\"twitter:card\" content=\"summary_large_image\" \/>\n<script type=\"application\/ld+json\" class=\"yoast-schema-graph\">{\"@context\":\"https:\/\/schema.org\",\"@graph\":[{\"@type\":\"WebPage\",\"@id\":\"https:\/\/www.noticiasradioreflejos.com.ar\/2021\/sobreseimiento-del-fiscal-de-cambiemos-me-pone-contento-porque-naldo-es-una-persona-de-bien\/\",\"url\":\"https:\/\/www.noticiasradioreflejos.com.ar\/2021\/sobreseimiento-del-fiscal-de-cambiemos-me-pone-contento-porque-naldo-es-una-persona-de-bien\/\",\"name\":\"Sobreseimiento del fiscal de Cambiemos: \u201cMe pone contento porque Naldo es una persona de bien\u201d - Noticias Radio Reflejos\",\"isPartOf\":{\"@id\":\"https:\/\/www.noticiasradioreflejos.com.ar\/2021\/#website\"},\"datePublished\":\"2019-02-20T10:55:58+00:00\",\"author\":{\"@id\":\"https:\/\/www.noticiasradioreflejos.com.ar\/2021\/#\/schema\/person\/ad82545263dcc5ec0996818884fd5fb1\"},\"breadcrumb\":{\"@id\":\"https:\/\/www.noticiasradioreflejos.com.ar\/2021\/sobreseimiento-del-fiscal-de-cambiemos-me-pone-contento-porque-naldo-es-una-persona-de-bien\/#breadcrumb\"},\"inLanguage\":\"es\",\"potentialAction\":[{\"@type\":\"ReadAction\",\"target\":[\"https:\/\/www.noticiasradioreflejos.com.ar\/2021\/sobreseimiento-del-fiscal-de-cambiemos-me-pone-contento-porque-naldo-es-una-persona-de-bien\/\"]}]},{\"@type\":\"BreadcrumbList\",\"@id\":\"https:\/\/www.noticiasradioreflejos.com.ar\/2021\/sobreseimiento-del-fiscal-de-cambiemos-me-pone-contento-porque-naldo-es-una-persona-de-bien\/#breadcrumb\",\"itemListElement\":[{\"@type\":\"ListItem\",\"position\":1,\"name\":\"Portada\",\"item\":\"https:\/\/www.noticiasradioreflejos.com.ar\/2021\/\"},{\"@type\":\"ListItem\",\"position\":2,\"name\":\"Sobreseimiento del fiscal de Cambiemos: \u201cMe pone contento porque Naldo es una persona de bien\u201d\"}]},{\"@type\":\"WebSite\",\"@id\":\"https:\/\/www.noticiasradioreflejos.com.ar\/2021\/#website\",\"url\":\"https:\/\/www.noticiasradioreflejos.com.ar\/2021\/\",\"name\":\"Noticias Radio Reflejos\",\"description\":\"Las noticias de mi comarca\",\"potentialAction\":[{\"@type\":\"SearchAction\",\"target\":{\"@type\":\"EntryPoint\",\"urlTemplate\":\"https:\/\/www.noticiasradioreflejos.com.ar\/2021\/?s={search_term_string}\"},\"query-input\":{\"@type\":\"PropertyValueSpecification\",\"valueRequired\":true,\"valueName\":\"search_term_string\"}}],\"inLanguage\":\"es\"},{\"@type\":\"Person\",\"@id\":\"https:\/\/www.noticiasradioreflejos.com.ar\/2021\/#\/schema\/person\/ad82545263dcc5ec0996818884fd5fb1\",\"name\":\"Arnaldo Botto\",\"image\":{\"@type\":\"ImageObject\",\"inLanguage\":\"es\",\"@id\":\"https:\/\/www.noticiasradioreflejos.com.ar\/2021\/#\/schema\/person\/image\/\",\"url\":\"https:\/\/secure.gravatar.com\/avatar\/55cb5e37c1efa326397366e6974cb338056df65cb50e7d64d1cf314e87504837?s=96&d=mm&r=g\",\"contentUrl\":\"https:\/\/secure.gravatar.com\/avatar\/55cb5e37c1efa326397366e6974cb338056df65cb50e7d64d1cf314e87504837?s=96&d=mm&r=g\",\"caption\":\"Arnaldo Botto\"},\"url\":\"https:\/\/www.noticiasradioreflejos.com.ar\/2021\/author\/arnaldo\/\"}]}<\/script>\n<!-- \/ Yoast SEO plugin. -->","yoast_head_json":{"title":"Sobreseimiento del fiscal de Cambiemos: \u201cMe pone contento porque Naldo es una persona de bien\u201d - Noticias Radio Reflejos","robots":{"index":"index","follow":"follow","max-snippet":"max-snippet:-1","max-image-preview":"max-image-preview:large","max-video-preview":"max-video-preview:-1"},"canonical":"https:\/\/www.noticiasradioreflejos.com.ar\/2021\/sobreseimiento-del-fiscal-de-cambiemos-me-pone-contento-porque-naldo-es-una-persona-de-bien\/","og_locale":"es_ES","og_type":"article","og_title":"Sobreseimiento del fiscal de Cambiemos: \u201cMe pone contento porque Naldo es una persona de bien\u201d - Noticias Radio Reflejos","og_description":"El intendente Sergio Bordoni celebr\u00f3 el fallo de la justicia a favor del actual Subsecretario de Servicios Urbanos, denunciado por el PJ por presunta sustracci\u00f3n de boletas en las elecciones de 2015.","og_url":"https:\/\/www.noticiasradioreflejos.com.ar\/2021\/sobreseimiento-del-fiscal-de-cambiemos-me-pone-contento-porque-naldo-es-una-persona-de-bien\/","og_site_name":"Noticias Radio Reflejos","article_published_time":"2019-02-20T10:55:58+00:00","og_image":[{"width":300,"height":200,"url":"https:\/\/www.noticiasradioreflejos.com.ar\/2021\/wp-content\/uploads\/2021\/07\/logosol300x200.png","type":"image\/png"}],"author":"Arnaldo Botto","twitter_card":"summary_large_image","schema":{"@context":"https:\/\/schema.org","@graph":[{"@type":"WebPage","@id":"https:\/\/www.noticiasradioreflejos.com.ar\/2021\/sobreseimiento-del-fiscal-de-cambiemos-me-pone-contento-porque-naldo-es-una-persona-de-bien\/","url":"https:\/\/www.noticiasradioreflejos.com.ar\/2021\/sobreseimiento-del-fiscal-de-cambiemos-me-pone-contento-porque-naldo-es-una-persona-de-bien\/","name":"Sobreseimiento del fiscal de Cambiemos: \u201cMe pone contento porque Naldo es una persona de bien\u201d - Noticias Radio Reflejos","isPartOf":{"@id":"https:\/\/www.noticiasradioreflejos.com.ar\/2021\/#website"},"datePublished":"2019-02-20T10:55:58+00:00","author":{"@id":"https:\/\/www.noticiasradioreflejos.com.ar\/2021\/#\/schema\/person\/ad82545263dcc5ec0996818884fd5fb1"},"breadcrumb":{"@id":"https:\/\/www.noticiasradioreflejos.com.ar\/2021\/sobreseimiento-del-fiscal-de-cambiemos-me-pone-contento-porque-naldo-es-una-persona-de-bien\/#breadcrumb"},"inLanguage":"es","potentialAction":[{"@type":"ReadAction","target":["https:\/\/www.noticiasradioreflejos.com.ar\/2021\/sobreseimiento-del-fiscal-de-cambiemos-me-pone-contento-porque-naldo-es-una-persona-de-bien\/"]}]},{"@type":"BreadcrumbList","@id":"https:\/\/www.noticiasradioreflejos.com.ar\/2021\/sobreseimiento-del-fiscal-de-cambiemos-me-pone-contento-porque-naldo-es-una-persona-de-bien\/#breadcrumb","itemListElement":[{"@type":"ListItem","position":1,"name":"Portada","item":"https:\/\/www.noticiasradioreflejos.com.ar\/2021\/"},{"@type":"ListItem","position":2,"name":"Sobreseimiento del fiscal de Cambiemos: \u201cMe pone contento porque Naldo es una persona de bien\u201d"}]},{"@type":"WebSite","@id":"https:\/\/www.noticiasradioreflejos.com.ar\/2021\/#website","url":"https:\/\/www.noticiasradioreflejos.com.ar\/2021\/","name":"Noticias Radio Reflejos","description":"Las noticias de mi comarca","potentialAction":[{"@type":"SearchAction","target":{"@type":"EntryPoint","urlTemplate":"https:\/\/www.noticiasradioreflejos.com.ar\/2021\/?s={search_term_string}"},"query-input":{"@type":"PropertyValueSpecification","valueRequired":true,"valueName":"search_term_string"}}],"inLanguage":"es"},{"@type":"Person","@id":"https:\/\/www.noticiasradioreflejos.com.ar\/2021\/#\/schema\/person\/ad82545263dcc5ec0996818884fd5fb1","name":"Arnaldo Botto","image":{"@type":"ImageObject","inLanguage":"es","@id":"https:\/\/www.noticiasradioreflejos.com.ar\/2021\/#\/schema\/person\/image\/","url":"https:\/\/secure.gravatar.com\/avatar\/55cb5e37c1efa326397366e6974cb338056df65cb50e7d64d1cf314e87504837?s=96&d=mm&r=g","contentUrl":"https:\/\/secure.gravatar.com\/avatar\/55cb5e37c1efa326397366e6974cb338056df65cb50e7d64d1cf314e87504837?s=96&d=mm&r=g","caption":"Arnaldo Botto"},"url":"https:\/\/www.noticiasradioreflejos.com.ar\/2021\/author\/arnaldo\/"}]}},"_links":{"self":[{"href":"https:\/\/www.noticiasradioreflejos.com.ar\/2021\/wp-json\/wp\/v2\/posts\/29078","targetHints":{"allow":["GET"]}}],"collection":[{"href":"https:\/\/www.noticiasradioreflejos.com.ar\/2021\/wp-json\/wp\/v2\/posts"}],"about":[{"href":"https:\/\/www.noticiasradioreflejos.com.ar\/2021\/wp-json\/wp\/v2\/types\/post"}],"author":[{"embeddable":true,"href":"https:\/\/www.noticiasradioreflejos.com.ar\/2021\/wp-json\/wp\/v2\/users\/3"}],"replies":[{"embeddable":true,"href":"https:\/\/www.noticiasradioreflejos.com.ar\/2021\/wp-json\/wp\/v2\/comments?post=29078"}],"version-history":[{"count":0,"href":"https:\/\/www.noticiasradioreflejos.com.ar\/2021\/wp-json\/wp\/v2\/posts\/29078\/revisions"}],"wp:attachment":[{"href":"https:\/\/www.noticiasradioreflejos.com.ar\/2021\/wp-json\/wp\/v2\/media?parent=29078"}],"wp:term":[{"taxonomy":"category","embeddable":true,"href":"https:\/\/www.noticiasradioreflejos.com.ar\/2021\/wp-json\/wp\/v2\/categories?post=29078"},{"taxonomy":"post_tag","embeddable":true,"href":"https:\/\/www.noticiasradioreflejos.com.ar\/2021\/wp-json\/wp\/v2\/tags?post=29078"}],"curies":[{"name":"wp","href":"https:\/\/api.w.org\/{rel}","templated":true}]}}