{"id":29073,"date":"2019-02-19T20:46:51","date_gmt":"2019-02-19T23:46:51","guid":{"rendered":"http:\/\/www.noticiasradioreflejos.com.ar\/noticias\/?p=29073"},"modified":"2019-02-19T20:46:51","modified_gmt":"2019-02-19T23:46:51","slug":"hechos-policiales-en-el-distrito-2","status":"publish","type":"post","link":"https:\/\/www.noticiasradioreflejos.com.ar\/2021\/hechos-policiales-en-el-distrito-2\/","title":{"rendered":"Hechos policiales en el distrito."},"content":{"rendered":"<p>La Secretaria de seguridad de Tornquist informa sobre un accidente en la ruta 72, un aprehendido y alerta por el cuento de t\u00edo<!--more--><br \/>\nALERTA POR LLAMADOS TELEFONICOS DENOMINADOS \u201cCUENTO DEL TIO\u201d<br \/>\nLa Secretaria de Seguridad del Partido de Tornquist, solicita a la poblaci\u00f3n en general y en especial a las personas mayores de edad, que a los fines de evitar ser v\u00edctimas de hechos delictivos de la modalidad \u201cCuento del T\u00edo\u201d, de los que se han acaecidos en el Partido de Tornquist y localidades lim\u00edtrofes sobre el \u00faltimo periodo y que resultan de p\u00fablico conocimiento; donde se reciben llamados de n\u00fameros de abonados privados, a lo cual personas que no se identifican se comunican telef\u00f3nicamente con abonados al azar, haci\u00e9ndose pasar por servidor p\u00fablico (polic\u00eda, bombero, medico), o bien por personal de Compa\u00f1\u00eda Telef\u00f3nica u otras de similar \u00edndole, solicitando informaci\u00f3n y datos filiatorios de los interlocutores, para posteriormente facilitar la extorsi\u00f3n y estafa con los datos precisos, es que por lo expuesto se requiere que se abstengan de brindar informaci\u00f3n v\u00eda telef\u00f3nica a desconocidos, ni de cuentas bancarias y o circunstancias personales y que ante estas eventualidades se de conocimiento inmediato a la Polic\u00eda mediante los abonados pertenecientes a los organismo de esta Jefatura Comunal de Polic\u00eda, trat\u00e1ndose de: Estaci\u00f3n de Polic\u00eda Comunal Tornquist: 0291-4941071; Sub Estaci\u00f3n de Polic\u00eda Comunal Sierra de la Ventana: 0291-4915009; Sub Estaci\u00f3n de Polic\u00eda Comunal Saldungaray 0291-4916013; Puesto de Vigilancia Villa Ventana: 0291-4910102; Puesto de Vigilancia Chasico: 0291-4961040; Puesto de Vigilancia Nueva Roma: 0291-4912003; Puesto de Vigilancia Tres Picos: 291-5350452; Puesto de Vigilancia La Gruta: 291-5228429; tambi\u00e9n a los n\u00fameros de emergencias 911 o 101 y\/o personalmente en cualquiera de las dependencias Policiales del Distrito.<br \/>\nACCIDENTE PRODUCIDO EN RUTA PROVINCIAL 72<br \/>\nSe lleva a conocimiento que con fecha 16 del corriente mes y a\u00f1o, sobre la Ruta Provincial 72, en el tramo que une las localidades de Sierra de la Ventana y Saldungaray, se produjo un accidente automovil\u00edstico, entre un veh\u00edculo marca Fiat, modelo Siena, dominio colocado EZE-644, al mando del joven Jenaro Minujin oriundo de Tornquist y dos ciclistas identificados como Magali Rivolata y Damian Ricardo Pejenaute ambos domiciliados en el Gran Buenos Aires quienes circunstancialmente circulaban por dicha ruta en sentido Saldungaray-Sierra de la Ventana, asimismo por motivos se tratan establecer los mismos son colisionados por el rodado mayor, sufriendo heridas los dos ciclistas, por lo que el personal de la Sub Estaci\u00f3n de Polic\u00eda Comunal de Saldungaray, inici\u00f3 de oficio Actuaciones Prevencionales bajo la caratula de LESIONES CULPOSAS, d\u00e1ndose intervenci\u00f3n a la Ayudant\u00eda Fiscal de Tornquist.-<br \/>\nUN APREHENDIDO EN TORNQUIST<br \/>\nSe pone en conocimiento a la poblaci\u00f3n que personal de la Estaci\u00f3n de Polic\u00eda Comunal de Tornquist, dando cumplimiento a \u00f3rdenes impartidas por la superioridad en relaci\u00f3n a Operativos de Interceptaci\u00f3n vehicular y de moto veh\u00edculos, con fecha 18 del corriente, sobre la intersecci\u00f3n de las arterias Quinquela Martin y Sarmiento de este medio, se procedi\u00f3 a la interceptaci\u00f3n de una motocicleta marca Gilera 110 c.c., chapa patente 329-ABS, al mando del joven Sergio Fabi\u00e1n Bartolini, (oriundo de Tornquist) el cual solicitada la documentaci\u00f3n respectiva del rodado, el mismo se ofusca increpando a los uniformados con golpes de pu\u00f1o al aire produci\u00e9ndose un forcejeo, debiendo los efectivos policiales optar por utilizar la fuerza m\u00ednima para reducir al joven Bartolini, el cual quedara APREHENDIDO por resultar penalmente responsable de los delitos caratulados \u201cDESOBEDIENCIA y RESISTENCIA A LA AUTORIDAD\u201d, d\u00e1ndose intervenci\u00f3n a la Fiscal\u00eda Especializada en delitos de Flagrancia Nro. 15 del Departamento Judicial Bah\u00eda Blanca. En tanto que respecto al moto veh\u00edculo, se procedi\u00f3 a su SECUESTRO por infracci\u00f3n a la Ley Nacional de Transito Nro. 24.449, por carecer de documentaci\u00f3n, interviniendo el Juzgado de Faltas Municipal de Tornquist.-<br \/>\nSECRETARIA DE SEGURIDAD \u2013 MUNICIPALIDAD DE TORNQUIST<br \/>\nFEBRERO 19 DE 2019.-<\/p>\n","protected":false},"excerpt":{"rendered":"<p>La Secretaria de seguridad de Tornquist informa sobre un accidente en la ruta 72, un aprehendido y alerta por el cuento de t\u00edo<\/p>\n","protected":false},"author":3,"featured_media":0,"comment_status":"closed","ping_status":"open","sticky":false,"template":"","format":"standard","meta":{"footnotes":""},"categories":[29],"tags":[],"class_list":["post-29073","post","type-post","status-publish","format-standard","hentry","category-policiales"],"yoast_head":"<!-- This site is optimized with the Yoast SEO plugin v25.9 - https:\/\/yoast.com\/wordpress\/plugins\/seo\/ -->\n<title>Hechos policiales en el distrito. - Noticias Radio Reflejos<\/title>\n<meta name=\"robots\" content=\"index, follow, max-snippet:-1, max-image-preview:large, max-video-preview:-1\" \/>\n<link rel=\"canonical\" href=\"https:\/\/www.noticiasradioreflejos.com.ar\/2021\/hechos-policiales-en-el-distrito-2\/\" \/>\n<meta property=\"og:locale\" content=\"es_ES\" \/>\n<meta property=\"og:type\" content=\"article\" \/>\n<meta property=\"og:title\" content=\"Hechos policiales en el distrito. - Noticias Radio Reflejos\" \/>\n<meta property=\"og:description\" content=\"La Secretaria de seguridad de Tornquist informa sobre un accidente en la ruta 72, un aprehendido y alerta por el cuento de t\u00edo\" \/>\n<meta property=\"og:url\" content=\"https:\/\/www.noticiasradioreflejos.com.ar\/2021\/hechos-policiales-en-el-distrito-2\/\" \/>\n<meta property=\"og:site_name\" content=\"Noticias Radio Reflejos\" \/>\n<meta property=\"article:published_time\" content=\"2019-02-19T23:46:51+00:00\" \/>\n<meta property=\"og:image\" content=\"https:\/\/www.noticiasradioreflejos.com.ar\/2021\/wp-content\/uploads\/2021\/07\/logosol300x200.png\" \/>\n\t<meta property=\"og:image:width\" content=\"300\" \/>\n\t<meta property=\"og:image:height\" content=\"200\" \/>\n\t<meta property=\"og:image:type\" content=\"image\/png\" \/>\n<meta name=\"author\" content=\"Arnaldo Botto\" \/>\n<meta name=\"twitter:card\" content=\"summary_large_image\" \/>\n<script type=\"application\/ld+json\" class=\"yoast-schema-graph\">{\"@context\":\"https:\/\/schema.org\",\"@graph\":[{\"@type\":\"WebPage\",\"@id\":\"https:\/\/www.noticiasradioreflejos.com.ar\/2021\/hechos-policiales-en-el-distrito-2\/\",\"url\":\"https:\/\/www.noticiasradioreflejos.com.ar\/2021\/hechos-policiales-en-el-distrito-2\/\",\"name\":\"Hechos policiales en el distrito. - Noticias Radio Reflejos\",\"isPartOf\":{\"@id\":\"https:\/\/www.noticiasradioreflejos.com.ar\/2021\/#website\"},\"datePublished\":\"2019-02-19T23:46:51+00:00\",\"author\":{\"@id\":\"https:\/\/www.noticiasradioreflejos.com.ar\/2021\/#\/schema\/person\/ad82545263dcc5ec0996818884fd5fb1\"},\"breadcrumb\":{\"@id\":\"https:\/\/www.noticiasradioreflejos.com.ar\/2021\/hechos-policiales-en-el-distrito-2\/#breadcrumb\"},\"inLanguage\":\"es\",\"potentialAction\":[{\"@type\":\"ReadAction\",\"target\":[\"https:\/\/www.noticiasradioreflejos.com.ar\/2021\/hechos-policiales-en-el-distrito-2\/\"]}]},{\"@type\":\"BreadcrumbList\",\"@id\":\"https:\/\/www.noticiasradioreflejos.com.ar\/2021\/hechos-policiales-en-el-distrito-2\/#breadcrumb\",\"itemListElement\":[{\"@type\":\"ListItem\",\"position\":1,\"name\":\"Portada\",\"item\":\"https:\/\/www.noticiasradioreflejos.com.ar\/2021\/\"},{\"@type\":\"ListItem\",\"position\":2,\"name\":\"Hechos policiales en el distrito.\"}]},{\"@type\":\"WebSite\",\"@id\":\"https:\/\/www.noticiasradioreflejos.com.ar\/2021\/#website\",\"url\":\"https:\/\/www.noticiasradioreflejos.com.ar\/2021\/\",\"name\":\"Noticias Radio Reflejos\",\"description\":\"Las noticias de mi comarca\",\"potentialAction\":[{\"@type\":\"SearchAction\",\"target\":{\"@type\":\"EntryPoint\",\"urlTemplate\":\"https:\/\/www.noticiasradioreflejos.com.ar\/2021\/?s={search_term_string}\"},\"query-input\":{\"@type\":\"PropertyValueSpecification\",\"valueRequired\":true,\"valueName\":\"search_term_string\"}}],\"inLanguage\":\"es\"},{\"@type\":\"Person\",\"@id\":\"https:\/\/www.noticiasradioreflejos.com.ar\/2021\/#\/schema\/person\/ad82545263dcc5ec0996818884fd5fb1\",\"name\":\"Arnaldo Botto\",\"image\":{\"@type\":\"ImageObject\",\"inLanguage\":\"es\",\"@id\":\"https:\/\/www.noticiasradioreflejos.com.ar\/2021\/#\/schema\/person\/image\/\",\"url\":\"https:\/\/secure.gravatar.com\/avatar\/55cb5e37c1efa326397366e6974cb338056df65cb50e7d64d1cf314e87504837?s=96&d=mm&r=g\",\"contentUrl\":\"https:\/\/secure.gravatar.com\/avatar\/55cb5e37c1efa326397366e6974cb338056df65cb50e7d64d1cf314e87504837?s=96&d=mm&r=g\",\"caption\":\"Arnaldo Botto\"},\"url\":\"https:\/\/www.noticiasradioreflejos.com.ar\/2021\/author\/arnaldo\/\"}]}<\/script>\n<!-- \/ Yoast SEO plugin. -->","yoast_head_json":{"title":"Hechos policiales en el distrito. - Noticias Radio Reflejos","robots":{"index":"index","follow":"follow","max-snippet":"max-snippet:-1","max-image-preview":"max-image-preview:large","max-video-preview":"max-video-preview:-1"},"canonical":"https:\/\/www.noticiasradioreflejos.com.ar\/2021\/hechos-policiales-en-el-distrito-2\/","og_locale":"es_ES","og_type":"article","og_title":"Hechos policiales en el distrito. - Noticias Radio Reflejos","og_description":"La Secretaria de seguridad de Tornquist informa sobre un accidente en la ruta 72, un aprehendido y alerta por el cuento de t\u00edo","og_url":"https:\/\/www.noticiasradioreflejos.com.ar\/2021\/hechos-policiales-en-el-distrito-2\/","og_site_name":"Noticias Radio Reflejos","article_published_time":"2019-02-19T23:46:51+00:00","og_image":[{"width":300,"height":200,"url":"https:\/\/www.noticiasradioreflejos.com.ar\/2021\/wp-content\/uploads\/2021\/07\/logosol300x200.png","type":"image\/png"}],"author":"Arnaldo Botto","twitter_card":"summary_large_image","schema":{"@context":"https:\/\/schema.org","@graph":[{"@type":"WebPage","@id":"https:\/\/www.noticiasradioreflejos.com.ar\/2021\/hechos-policiales-en-el-distrito-2\/","url":"https:\/\/www.noticiasradioreflejos.com.ar\/2021\/hechos-policiales-en-el-distrito-2\/","name":"Hechos policiales en el distrito. - Noticias Radio Reflejos","isPartOf":{"@id":"https:\/\/www.noticiasradioreflejos.com.ar\/2021\/#website"},"datePublished":"2019-02-19T23:46:51+00:00","author":{"@id":"https:\/\/www.noticiasradioreflejos.com.ar\/2021\/#\/schema\/person\/ad82545263dcc5ec0996818884fd5fb1"},"breadcrumb":{"@id":"https:\/\/www.noticiasradioreflejos.com.ar\/2021\/hechos-policiales-en-el-distrito-2\/#breadcrumb"},"inLanguage":"es","potentialAction":[{"@type":"ReadAction","target":["https:\/\/www.noticiasradioreflejos.com.ar\/2021\/hechos-policiales-en-el-distrito-2\/"]}]},{"@type":"BreadcrumbList","@id":"https:\/\/www.noticiasradioreflejos.com.ar\/2021\/hechos-policiales-en-el-distrito-2\/#breadcrumb","itemListElement":[{"@type":"ListItem","position":1,"name":"Portada","item":"https:\/\/www.noticiasradioreflejos.com.ar\/2021\/"},{"@type":"ListItem","position":2,"name":"Hechos policiales en el distrito."}]},{"@type":"WebSite","@id":"https:\/\/www.noticiasradioreflejos.com.ar\/2021\/#website","url":"https:\/\/www.noticiasradioreflejos.com.ar\/2021\/","name":"Noticias Radio Reflejos","description":"Las noticias de mi comarca","potentialAction":[{"@type":"SearchAction","target":{"@type":"EntryPoint","urlTemplate":"https:\/\/www.noticiasradioreflejos.com.ar\/2021\/?s={search_term_string}"},"query-input":{"@type":"PropertyValueSpecification","valueRequired":true,"valueName":"search_term_string"}}],"inLanguage":"es"},{"@type":"Person","@id":"https:\/\/www.noticiasradioreflejos.com.ar\/2021\/#\/schema\/person\/ad82545263dcc5ec0996818884fd5fb1","name":"Arnaldo Botto","image":{"@type":"ImageObject","inLanguage":"es","@id":"https:\/\/www.noticiasradioreflejos.com.ar\/2021\/#\/schema\/person\/image\/","url":"https:\/\/secure.gravatar.com\/avatar\/55cb5e37c1efa326397366e6974cb338056df65cb50e7d64d1cf314e87504837?s=96&d=mm&r=g","contentUrl":"https:\/\/secure.gravatar.com\/avatar\/55cb5e37c1efa326397366e6974cb338056df65cb50e7d64d1cf314e87504837?s=96&d=mm&r=g","caption":"Arnaldo Botto"},"url":"https:\/\/www.noticiasradioreflejos.com.ar\/2021\/author\/arnaldo\/"}]}},"_links":{"self":[{"href":"https:\/\/www.noticiasradioreflejos.com.ar\/2021\/wp-json\/wp\/v2\/posts\/29073","targetHints":{"allow":["GET"]}}],"collection":[{"href":"https:\/\/www.noticiasradioreflejos.com.ar\/2021\/wp-json\/wp\/v2\/posts"}],"about":[{"href":"https:\/\/www.noticiasradioreflejos.com.ar\/2021\/wp-json\/wp\/v2\/types\/post"}],"author":[{"embeddable":true,"href":"https:\/\/www.noticiasradioreflejos.com.ar\/2021\/wp-json\/wp\/v2\/users\/3"}],"replies":[{"embeddable":true,"href":"https:\/\/www.noticiasradioreflejos.com.ar\/2021\/wp-json\/wp\/v2\/comments?post=29073"}],"version-history":[{"count":0,"href":"https:\/\/www.noticiasradioreflejos.com.ar\/2021\/wp-json\/wp\/v2\/posts\/29073\/revisions"}],"wp:attachment":[{"href":"https:\/\/www.noticiasradioreflejos.com.ar\/2021\/wp-json\/wp\/v2\/media?parent=29073"}],"wp:term":[{"taxonomy":"category","embeddable":true,"href":"https:\/\/www.noticiasradioreflejos.com.ar\/2021\/wp-json\/wp\/v2\/categories?post=29073"},{"taxonomy":"post_tag","embeddable":true,"href":"https:\/\/www.noticiasradioreflejos.com.ar\/2021\/wp-json\/wp\/v2\/tags?post=29073"}],"curies":[{"name":"wp","href":"https:\/\/api.w.org\/{rel}","templated":true}]}}