{"id":29066,"date":"2019-02-19T18:16:05","date_gmt":"2019-02-19T21:16:05","guid":{"rendered":"http:\/\/www.noticiasradioreflejos.com.ar\/noticias\/?p=29066"},"modified":"2019-02-19T18:16:05","modified_gmt":"2019-02-19T21:16:05","slug":"cuando-la-verdad-llega","status":"publish","type":"post","link":"https:\/\/www.noticiasradioreflejos.com.ar\/2021\/cuando-la-verdad-llega\/","title":{"rendered":"Cuando la verdad llega\u2026"},"content":{"rendered":"<p><strong><a title=\"Cedula\" href=\"http:\/\/farm8.staticflickr.com\/7836\/47149709681_9bf5eaf5ed.jpg\" rel=\"\"><img loading=\"lazy\" decoding=\"async\" class=\"alignleft\" style=\"float: left;\" title=\"Cedula\" src=\"http:\/\/farm8.staticflickr.com\/7836\/47149709681_9bf5eaf5ed.jpg\" alt=\"Cedula\" width=\"323\" height=\"500\" \/><\/a>Comunicado de prensa de Cambiemos Tornquist<\/strong><br \/>\nPodr\u00edamos decir que sentimos felicidad al enterarnos de la noticia, pero cuesta alegrarse por el final de algo que en verdad no debiera haber pasado nunca\u2026 En el d\u00eda de hoy H\u00e9ctor Mart\u00ednez (\u201cNaldo\u201d) fue notificado de que fue sobrese\u00eddo en la causa que se inici\u00f3 a causa de una denuncia realizada el d\u00eda 10 de Agosto de 2015 por parte de la Sra. Vanina Riguero (fiscal del partido Frente para la Victoria y esposa del Candidato Gustavo Trankels),<!--more--> la cual denunci\u00f3 que Hector Mart\u00ednez hab\u00eda sustra\u00eddo boletas del mencionado candidato Trankels que estaban expuestas sobre la mesa de escrutinio, en ocasi\u00f3n de realizarse el recuento de votos en el marco de la elecciones primarias realizadas el d\u00eda 9 de Agosto de 2015. El Partido Justicialista, a ra\u00edz de esta denuncia emiti\u00f3 un comunicado con frases muy agresivas del tipo de referirse a Mart\u00ednez como \u201cpersonaje nefasto\u201d o \u201cser desagradable\u201d dijeron que \u201cno estamos acostumbrados a vivir en la bajeza como vive este personaje salido de la parte m\u00e1s oscura de la pol\u00edtica\u201d o le solicitaban a Bordoni que \u201cnos liberen de delincuentes de esta talla\u201d\u2026 Quienes desde hace tiempo venimos vinculados a la participaci\u00f3n activa en pol\u00edtica, entendemos que momentos como lo son una campa\u00f1a y un proceso electoral son susceptibles de verse cubiertos de chicanas\u2026 declaraciones\u2026 idas y vueltas que hacen a la actividad pol\u00edtica, pero lo que tuvo que sufrir nuestro amigo \u201cNaldo\u201d es algo que escapa a todo supuesto \u201cfolcklore\u201d de la pol\u00edtica, el comunicado de la que por entonces era la comisi\u00f3n directiva del PJ local, firmado por Juan Carlos Gisler como Presidente y Jos\u00e9 Luis Vallejos como Secretario, fue un golpe bajo, una pu\u00f1alada al coraz\u00f3n de una familia de nuestro Distrito\u2026 s\u00f3lo \u00e9l, su esposa e hija saben lo que vivieron esos d\u00edas, soportando el dedo acusador de una parte de la sociedad que act\u00faa en forma autom\u00e1tica antes estas denuncias que muchas veces son de dudosa veracidad. Pero la verdad lleg\u00f3, tard\u00f3, pero lleg\u00f3, hoy en nuestras manos tenemos la C\u00e9dula de Notificaci\u00f3n que le comunica a nuestro amigo Naldo que el Juez Federal Adolfo Gabino Ziulu determin\u00f3 que no existi\u00f3 tal delito y que mucho menos que \u00e9l haya tenido alguna conducta inapropiada o reprochable por la sociedad. Hoy algunos integrantes de la sociedad, y en particular quienes impulsaron esta calumnia le deben una disculpa no solo a Naldo Mart\u00ednez, sino tambi\u00e9n a su familia; y como escribimos en un comunicado desde nuestro espacio pol\u00edtico, un d\u00eda despu\u00e9s de este insulto con forma de comunicado que emiti\u00f3 el PJ, por esos d\u00edas dec\u00edamos\u2026 \u201cRespetuosos del proceder de la justicia, es que vamos a dejar que ella decida y le pedimos a la gente que no se dejen enga\u00f1ar por estas maniobras de la vieja y sucia pol\u00edtica\u2026 miente miente miente\u2026 que algo quedar\u00e1\u201d y la verdad lleg\u00f3 y la justicia se hizo presente.<br \/>\nCambiemos Tornquist.<\/p>\n","protected":false},"excerpt":{"rendered":"<p>Comunicado de prensa de Cambiemos Tornquist Podr\u00edamos decir que sentimos felicidad al enterarnos de la noticia, pero cuesta alegrarse por el final de algo que en verdad no debiera haber pasado nunca\u2026 En el d\u00eda de hoy H\u00e9ctor Mart\u00ednez (\u201cNaldo\u201d) fue notificado de que fue sobrese\u00eddo en la causa que se inici\u00f3 a causa de [&hellip;]<\/p>\n","protected":false},"author":3,"featured_media":0,"comment_status":"closed","ping_status":"open","sticky":false,"template":"","format":"standard","meta":{"footnotes":""},"categories":[24],"tags":[],"class_list":["post-29066","post","type-post","status-publish","format-standard","hentry","category-politica"],"yoast_head":"<!-- This site is optimized with the Yoast SEO plugin v25.9 - https:\/\/yoast.com\/wordpress\/plugins\/seo\/ -->\n<title>Cuando la verdad llega\u2026 - Noticias Radio Reflejos<\/title>\n<meta name=\"robots\" content=\"index, follow, max-snippet:-1, max-image-preview:large, max-video-preview:-1\" \/>\n<link rel=\"canonical\" href=\"https:\/\/www.noticiasradioreflejos.com.ar\/2021\/cuando-la-verdad-llega\/\" \/>\n<meta property=\"og:locale\" content=\"es_ES\" \/>\n<meta property=\"og:type\" content=\"article\" \/>\n<meta property=\"og:title\" content=\"Cuando la verdad llega\u2026 - Noticias Radio Reflejos\" \/>\n<meta property=\"og:description\" content=\"Comunicado de prensa de Cambiemos Tornquist Podr\u00edamos decir que sentimos felicidad al enterarnos de la noticia, pero cuesta alegrarse por el final de algo que en verdad no debiera haber pasado nunca\u2026 En el d\u00eda de hoy H\u00e9ctor Mart\u00ednez (\u201cNaldo\u201d) fue notificado de que fue sobrese\u00eddo en la causa que se inici\u00f3 a causa de [&hellip;]\" \/>\n<meta property=\"og:url\" content=\"https:\/\/www.noticiasradioreflejos.com.ar\/2021\/cuando-la-verdad-llega\/\" \/>\n<meta property=\"og:site_name\" content=\"Noticias Radio Reflejos\" \/>\n<meta property=\"article:published_time\" content=\"2019-02-19T21:16:05+00:00\" \/>\n<meta property=\"og:image\" content=\"http:\/\/farm8.staticflickr.com\/7836\/47149709681_9bf5eaf5ed.jpg\" \/>\n<meta name=\"author\" content=\"Arnaldo Botto\" \/>\n<meta name=\"twitter:card\" content=\"summary_large_image\" \/>\n<script type=\"application\/ld+json\" class=\"yoast-schema-graph\">{\"@context\":\"https:\/\/schema.org\",\"@graph\":[{\"@type\":\"WebPage\",\"@id\":\"https:\/\/www.noticiasradioreflejos.com.ar\/2021\/cuando-la-verdad-llega\/\",\"url\":\"https:\/\/www.noticiasradioreflejos.com.ar\/2021\/cuando-la-verdad-llega\/\",\"name\":\"Cuando la verdad llega\u2026 - Noticias Radio Reflejos\",\"isPartOf\":{\"@id\":\"https:\/\/www.noticiasradioreflejos.com.ar\/2021\/#website\"},\"primaryImageOfPage\":{\"@id\":\"https:\/\/www.noticiasradioreflejos.com.ar\/2021\/cuando-la-verdad-llega\/#primaryimage\"},\"image\":{\"@id\":\"https:\/\/www.noticiasradioreflejos.com.ar\/2021\/cuando-la-verdad-llega\/#primaryimage\"},\"thumbnailUrl\":\"http:\/\/farm8.staticflickr.com\/7836\/47149709681_9bf5eaf5ed.jpg\",\"datePublished\":\"2019-02-19T21:16:05+00:00\",\"author\":{\"@id\":\"https:\/\/www.noticiasradioreflejos.com.ar\/2021\/#\/schema\/person\/ad82545263dcc5ec0996818884fd5fb1\"},\"breadcrumb\":{\"@id\":\"https:\/\/www.noticiasradioreflejos.com.ar\/2021\/cuando-la-verdad-llega\/#breadcrumb\"},\"inLanguage\":\"es\",\"potentialAction\":[{\"@type\":\"ReadAction\",\"target\":[\"https:\/\/www.noticiasradioreflejos.com.ar\/2021\/cuando-la-verdad-llega\/\"]}]},{\"@type\":\"ImageObject\",\"inLanguage\":\"es\",\"@id\":\"https:\/\/www.noticiasradioreflejos.com.ar\/2021\/cuando-la-verdad-llega\/#primaryimage\",\"url\":\"http:\/\/farm8.staticflickr.com\/7836\/47149709681_9bf5eaf5ed.jpg\",\"contentUrl\":\"http:\/\/farm8.staticflickr.com\/7836\/47149709681_9bf5eaf5ed.jpg\"},{\"@type\":\"BreadcrumbList\",\"@id\":\"https:\/\/www.noticiasradioreflejos.com.ar\/2021\/cuando-la-verdad-llega\/#breadcrumb\",\"itemListElement\":[{\"@type\":\"ListItem\",\"position\":1,\"name\":\"Portada\",\"item\":\"https:\/\/www.noticiasradioreflejos.com.ar\/2021\/\"},{\"@type\":\"ListItem\",\"position\":2,\"name\":\"Cuando la verdad llega\u2026\"}]},{\"@type\":\"WebSite\",\"@id\":\"https:\/\/www.noticiasradioreflejos.com.ar\/2021\/#website\",\"url\":\"https:\/\/www.noticiasradioreflejos.com.ar\/2021\/\",\"name\":\"Noticias Radio Reflejos\",\"description\":\"Las noticias de mi comarca\",\"potentialAction\":[{\"@type\":\"SearchAction\",\"target\":{\"@type\":\"EntryPoint\",\"urlTemplate\":\"https:\/\/www.noticiasradioreflejos.com.ar\/2021\/?s={search_term_string}\"},\"query-input\":{\"@type\":\"PropertyValueSpecification\",\"valueRequired\":true,\"valueName\":\"search_term_string\"}}],\"inLanguage\":\"es\"},{\"@type\":\"Person\",\"@id\":\"https:\/\/www.noticiasradioreflejos.com.ar\/2021\/#\/schema\/person\/ad82545263dcc5ec0996818884fd5fb1\",\"name\":\"Arnaldo Botto\",\"image\":{\"@type\":\"ImageObject\",\"inLanguage\":\"es\",\"@id\":\"https:\/\/www.noticiasradioreflejos.com.ar\/2021\/#\/schema\/person\/image\/\",\"url\":\"https:\/\/secure.gravatar.com\/avatar\/55cb5e37c1efa326397366e6974cb338056df65cb50e7d64d1cf314e87504837?s=96&d=mm&r=g\",\"contentUrl\":\"https:\/\/secure.gravatar.com\/avatar\/55cb5e37c1efa326397366e6974cb338056df65cb50e7d64d1cf314e87504837?s=96&d=mm&r=g\",\"caption\":\"Arnaldo Botto\"},\"url\":\"https:\/\/www.noticiasradioreflejos.com.ar\/2021\/author\/arnaldo\/\"}]}<\/script>\n<!-- \/ Yoast SEO plugin. -->","yoast_head_json":{"title":"Cuando la verdad llega\u2026 - Noticias Radio Reflejos","robots":{"index":"index","follow":"follow","max-snippet":"max-snippet:-1","max-image-preview":"max-image-preview:large","max-video-preview":"max-video-preview:-1"},"canonical":"https:\/\/www.noticiasradioreflejos.com.ar\/2021\/cuando-la-verdad-llega\/","og_locale":"es_ES","og_type":"article","og_title":"Cuando la verdad llega\u2026 - Noticias Radio Reflejos","og_description":"Comunicado de prensa de Cambiemos Tornquist Podr\u00edamos decir que sentimos felicidad al enterarnos de la noticia, pero cuesta alegrarse por el final de algo que en verdad no debiera haber pasado nunca\u2026 En el d\u00eda de hoy H\u00e9ctor Mart\u00ednez (\u201cNaldo\u201d) fue notificado de que fue sobrese\u00eddo en la causa que se inici\u00f3 a causa de [&hellip;]","og_url":"https:\/\/www.noticiasradioreflejos.com.ar\/2021\/cuando-la-verdad-llega\/","og_site_name":"Noticias Radio Reflejos","article_published_time":"2019-02-19T21:16:05+00:00","og_image":[{"url":"http:\/\/farm8.staticflickr.com\/7836\/47149709681_9bf5eaf5ed.jpg","type":"","width":"","height":""}],"author":"Arnaldo Botto","twitter_card":"summary_large_image","schema":{"@context":"https:\/\/schema.org","@graph":[{"@type":"WebPage","@id":"https:\/\/www.noticiasradioreflejos.com.ar\/2021\/cuando-la-verdad-llega\/","url":"https:\/\/www.noticiasradioreflejos.com.ar\/2021\/cuando-la-verdad-llega\/","name":"Cuando la verdad llega\u2026 - Noticias Radio Reflejos","isPartOf":{"@id":"https:\/\/www.noticiasradioreflejos.com.ar\/2021\/#website"},"primaryImageOfPage":{"@id":"https:\/\/www.noticiasradioreflejos.com.ar\/2021\/cuando-la-verdad-llega\/#primaryimage"},"image":{"@id":"https:\/\/www.noticiasradioreflejos.com.ar\/2021\/cuando-la-verdad-llega\/#primaryimage"},"thumbnailUrl":"http:\/\/farm8.staticflickr.com\/7836\/47149709681_9bf5eaf5ed.jpg","datePublished":"2019-02-19T21:16:05+00:00","author":{"@id":"https:\/\/www.noticiasradioreflejos.com.ar\/2021\/#\/schema\/person\/ad82545263dcc5ec0996818884fd5fb1"},"breadcrumb":{"@id":"https:\/\/www.noticiasradioreflejos.com.ar\/2021\/cuando-la-verdad-llega\/#breadcrumb"},"inLanguage":"es","potentialAction":[{"@type":"ReadAction","target":["https:\/\/www.noticiasradioreflejos.com.ar\/2021\/cuando-la-verdad-llega\/"]}]},{"@type":"ImageObject","inLanguage":"es","@id":"https:\/\/www.noticiasradioreflejos.com.ar\/2021\/cuando-la-verdad-llega\/#primaryimage","url":"http:\/\/farm8.staticflickr.com\/7836\/47149709681_9bf5eaf5ed.jpg","contentUrl":"http:\/\/farm8.staticflickr.com\/7836\/47149709681_9bf5eaf5ed.jpg"},{"@type":"BreadcrumbList","@id":"https:\/\/www.noticiasradioreflejos.com.ar\/2021\/cuando-la-verdad-llega\/#breadcrumb","itemListElement":[{"@type":"ListItem","position":1,"name":"Portada","item":"https:\/\/www.noticiasradioreflejos.com.ar\/2021\/"},{"@type":"ListItem","position":2,"name":"Cuando la verdad llega\u2026"}]},{"@type":"WebSite","@id":"https:\/\/www.noticiasradioreflejos.com.ar\/2021\/#website","url":"https:\/\/www.noticiasradioreflejos.com.ar\/2021\/","name":"Noticias Radio Reflejos","description":"Las noticias de mi comarca","potentialAction":[{"@type":"SearchAction","target":{"@type":"EntryPoint","urlTemplate":"https:\/\/www.noticiasradioreflejos.com.ar\/2021\/?s={search_term_string}"},"query-input":{"@type":"PropertyValueSpecification","valueRequired":true,"valueName":"search_term_string"}}],"inLanguage":"es"},{"@type":"Person","@id":"https:\/\/www.noticiasradioreflejos.com.ar\/2021\/#\/schema\/person\/ad82545263dcc5ec0996818884fd5fb1","name":"Arnaldo Botto","image":{"@type":"ImageObject","inLanguage":"es","@id":"https:\/\/www.noticiasradioreflejos.com.ar\/2021\/#\/schema\/person\/image\/","url":"https:\/\/secure.gravatar.com\/avatar\/55cb5e37c1efa326397366e6974cb338056df65cb50e7d64d1cf314e87504837?s=96&d=mm&r=g","contentUrl":"https:\/\/secure.gravatar.com\/avatar\/55cb5e37c1efa326397366e6974cb338056df65cb50e7d64d1cf314e87504837?s=96&d=mm&r=g","caption":"Arnaldo Botto"},"url":"https:\/\/www.noticiasradioreflejos.com.ar\/2021\/author\/arnaldo\/"}]}},"_links":{"self":[{"href":"https:\/\/www.noticiasradioreflejos.com.ar\/2021\/wp-json\/wp\/v2\/posts\/29066","targetHints":{"allow":["GET"]}}],"collection":[{"href":"https:\/\/www.noticiasradioreflejos.com.ar\/2021\/wp-json\/wp\/v2\/posts"}],"about":[{"href":"https:\/\/www.noticiasradioreflejos.com.ar\/2021\/wp-json\/wp\/v2\/types\/post"}],"author":[{"embeddable":true,"href":"https:\/\/www.noticiasradioreflejos.com.ar\/2021\/wp-json\/wp\/v2\/users\/3"}],"replies":[{"embeddable":true,"href":"https:\/\/www.noticiasradioreflejos.com.ar\/2021\/wp-json\/wp\/v2\/comments?post=29066"}],"version-history":[{"count":0,"href":"https:\/\/www.noticiasradioreflejos.com.ar\/2021\/wp-json\/wp\/v2\/posts\/29066\/revisions"}],"wp:attachment":[{"href":"https:\/\/www.noticiasradioreflejos.com.ar\/2021\/wp-json\/wp\/v2\/media?parent=29066"}],"wp:term":[{"taxonomy":"category","embeddable":true,"href":"https:\/\/www.noticiasradioreflejos.com.ar\/2021\/wp-json\/wp\/v2\/categories?post=29066"},{"taxonomy":"post_tag","embeddable":true,"href":"https:\/\/www.noticiasradioreflejos.com.ar\/2021\/wp-json\/wp\/v2\/tags?post=29066"}],"curies":[{"name":"wp","href":"https:\/\/api.w.org\/{rel}","templated":true}]}}