{"id":29045,"date":"2019-02-19T11:15:31","date_gmt":"2019-02-19T14:15:31","guid":{"rendered":"http:\/\/www.noticiasradioreflejos.com.ar\/noticias\/?p=29045"},"modified":"2019-02-19T11:15:31","modified_gmt":"2019-02-19T14:15:31","slug":"fernando-borroni-presentara-su-libro-la-inquisicion-neoliberal-en-sierra-de-la-ventana","status":"publish","type":"post","link":"https:\/\/www.noticiasradioreflejos.com.ar\/2021\/fernando-borroni-presentara-su-libro-la-inquisicion-neoliberal-en-sierra-de-la-ventana\/","title":{"rendered":"Fernando Borroni  presentar\u00e1 su  libro  \u201cLA INQUISICION NEOLIBERAL\u201d, en Sierra de la Ventana."},"content":{"rendered":"<p><a href=\"http:\/\/farm8.staticflickr.com\/7908\/46422556114_d253b13a82.jpg\" title=\"image\" rel=\"\"><img loading=\"lazy\" decoding=\"async\" src=\"http:\/\/farm8.staticflickr.com\/7908\/46422556114_d253b13a82.jpg\" width=\"500\" height=\"500\" alt=\"image\" title=\"image\" class=\"alignleft\" style=\"float: left;\"><\/a>El 22 de febrero a partir de  las 19.30 en el marco del 25 de febrero, fecha altamente significativa para nuestro Frente Popular,  el periodista Fernando Borroni  presentar\u00e1 su  libro  \u201cLA INQUISICION NEOLIBERAL\u201d prologado por  V\u00edctor Hugo Morales y  Alberto D\u2019Alessandro &#8211; Maxi Molina nos traer\u00e1n  buena m\u00fasica con su d\u00fao de guitarras,  en el Sal\u00f3n de la Asociaci\u00f3n de Empleados de Casinos, San Mart\u00edn 1200, Sierra de la Ventana.<!--more--><br \/>\nLa\/os invitamos a acompa\u00f1arnos. Lo\/as que deseen prolongar el encuentro  charlando con el  autor y disfrutando de la  m\u00fasica, traigan algo de comer y beber (con los vasos, plato o cubiertos que necesiten), para compartir mientras reflexionamos sobre la actualidad de nuestra Argentina.<br \/>\nFRENTE POPULAR \u201c25 DE FEBRERO\u201d<br \/>\nPara entrevistas previas o ese mismo d\u00eda con Fernando Borroni, comunicarse con Silvia Zaballa 2916430402.<\/p>\n","protected":false},"excerpt":{"rendered":"<p>El 22 de febrero a partir de las 19.30 en el marco del 25 de febrero, fecha altamente significativa para nuestro Frente Popular, el periodista Fernando Borroni presentar\u00e1 su libro \u201cLA INQUISICION NEOLIBERAL\u201d prologado por V\u00edctor Hugo Morales y Alberto D\u2019Alessandro &#8211; Maxi Molina nos traer\u00e1n buena m\u00fasica con su d\u00fao de guitarras, en el [&hellip;]<\/p>\n","protected":false},"author":3,"featured_media":0,"comment_status":"closed","ping_status":"open","sticky":false,"template":"","format":"standard","meta":{"footnotes":""},"categories":[24],"tags":[],"class_list":["post-29045","post","type-post","status-publish","format-standard","hentry","category-politica"],"yoast_head":"<!-- This site is optimized with the Yoast SEO plugin v25.9 - https:\/\/yoast.com\/wordpress\/plugins\/seo\/ -->\n<title>Fernando Borroni presentar\u00e1 su libro \u201cLA INQUISICION NEOLIBERAL\u201d, en Sierra de la Ventana. - Noticias Radio Reflejos<\/title>\n<meta name=\"robots\" content=\"index, follow, max-snippet:-1, max-image-preview:large, max-video-preview:-1\" \/>\n<link rel=\"canonical\" href=\"https:\/\/www.noticiasradioreflejos.com.ar\/2021\/fernando-borroni-presentara-su-libro-la-inquisicion-neoliberal-en-sierra-de-la-ventana\/\" \/>\n<meta property=\"og:locale\" content=\"es_ES\" \/>\n<meta property=\"og:type\" content=\"article\" \/>\n<meta property=\"og:title\" content=\"Fernando Borroni presentar\u00e1 su libro \u201cLA INQUISICION NEOLIBERAL\u201d, en Sierra de la Ventana. - Noticias Radio Reflejos\" \/>\n<meta property=\"og:description\" content=\"El 22 de febrero a partir de las 19.30 en el marco del 25 de febrero, fecha altamente significativa para nuestro Frente Popular, el periodista Fernando Borroni presentar\u00e1 su libro \u201cLA INQUISICION NEOLIBERAL\u201d prologado por V\u00edctor Hugo Morales y Alberto D\u2019Alessandro &#8211; Maxi Molina nos traer\u00e1n buena m\u00fasica con su d\u00fao de guitarras, en el [&hellip;]\" \/>\n<meta property=\"og:url\" content=\"https:\/\/www.noticiasradioreflejos.com.ar\/2021\/fernando-borroni-presentara-su-libro-la-inquisicion-neoliberal-en-sierra-de-la-ventana\/\" \/>\n<meta property=\"og:site_name\" content=\"Noticias Radio Reflejos\" \/>\n<meta property=\"article:published_time\" content=\"2019-02-19T14:15:31+00:00\" \/>\n<meta property=\"og:image\" content=\"http:\/\/farm8.staticflickr.com\/7908\/46422556114_d253b13a82.jpg\" \/>\n<meta name=\"author\" content=\"Arnaldo Botto\" \/>\n<meta name=\"twitter:card\" content=\"summary_large_image\" \/>\n<script type=\"application\/ld+json\" class=\"yoast-schema-graph\">{\"@context\":\"https:\/\/schema.org\",\"@graph\":[{\"@type\":\"WebPage\",\"@id\":\"https:\/\/www.noticiasradioreflejos.com.ar\/2021\/fernando-borroni-presentara-su-libro-la-inquisicion-neoliberal-en-sierra-de-la-ventana\/\",\"url\":\"https:\/\/www.noticiasradioreflejos.com.ar\/2021\/fernando-borroni-presentara-su-libro-la-inquisicion-neoliberal-en-sierra-de-la-ventana\/\",\"name\":\"Fernando Borroni presentar\u00e1 su libro \u201cLA INQUISICION NEOLIBERAL\u201d, en Sierra de la Ventana. - Noticias Radio Reflejos\",\"isPartOf\":{\"@id\":\"https:\/\/www.noticiasradioreflejos.com.ar\/2021\/#website\"},\"primaryImageOfPage\":{\"@id\":\"https:\/\/www.noticiasradioreflejos.com.ar\/2021\/fernando-borroni-presentara-su-libro-la-inquisicion-neoliberal-en-sierra-de-la-ventana\/#primaryimage\"},\"image\":{\"@id\":\"https:\/\/www.noticiasradioreflejos.com.ar\/2021\/fernando-borroni-presentara-su-libro-la-inquisicion-neoliberal-en-sierra-de-la-ventana\/#primaryimage\"},\"thumbnailUrl\":\"http:\/\/farm8.staticflickr.com\/7908\/46422556114_d253b13a82.jpg\",\"datePublished\":\"2019-02-19T14:15:31+00:00\",\"author\":{\"@id\":\"https:\/\/www.noticiasradioreflejos.com.ar\/2021\/#\/schema\/person\/ad82545263dcc5ec0996818884fd5fb1\"},\"breadcrumb\":{\"@id\":\"https:\/\/www.noticiasradioreflejos.com.ar\/2021\/fernando-borroni-presentara-su-libro-la-inquisicion-neoliberal-en-sierra-de-la-ventana\/#breadcrumb\"},\"inLanguage\":\"es\",\"potentialAction\":[{\"@type\":\"ReadAction\",\"target\":[\"https:\/\/www.noticiasradioreflejos.com.ar\/2021\/fernando-borroni-presentara-su-libro-la-inquisicion-neoliberal-en-sierra-de-la-ventana\/\"]}]},{\"@type\":\"ImageObject\",\"inLanguage\":\"es\",\"@id\":\"https:\/\/www.noticiasradioreflejos.com.ar\/2021\/fernando-borroni-presentara-su-libro-la-inquisicion-neoliberal-en-sierra-de-la-ventana\/#primaryimage\",\"url\":\"http:\/\/farm8.staticflickr.com\/7908\/46422556114_d253b13a82.jpg\",\"contentUrl\":\"http:\/\/farm8.staticflickr.com\/7908\/46422556114_d253b13a82.jpg\"},{\"@type\":\"BreadcrumbList\",\"@id\":\"https:\/\/www.noticiasradioreflejos.com.ar\/2021\/fernando-borroni-presentara-su-libro-la-inquisicion-neoliberal-en-sierra-de-la-ventana\/#breadcrumb\",\"itemListElement\":[{\"@type\":\"ListItem\",\"position\":1,\"name\":\"Portada\",\"item\":\"https:\/\/www.noticiasradioreflejos.com.ar\/2021\/\"},{\"@type\":\"ListItem\",\"position\":2,\"name\":\"Fernando Borroni presentar\u00e1 su libro \u201cLA INQUISICION NEOLIBERAL\u201d, en Sierra de la Ventana.\"}]},{\"@type\":\"WebSite\",\"@id\":\"https:\/\/www.noticiasradioreflejos.com.ar\/2021\/#website\",\"url\":\"https:\/\/www.noticiasradioreflejos.com.ar\/2021\/\",\"name\":\"Noticias Radio Reflejos\",\"description\":\"Las noticias de mi comarca\",\"potentialAction\":[{\"@type\":\"SearchAction\",\"target\":{\"@type\":\"EntryPoint\",\"urlTemplate\":\"https:\/\/www.noticiasradioreflejos.com.ar\/2021\/?s={search_term_string}\"},\"query-input\":{\"@type\":\"PropertyValueSpecification\",\"valueRequired\":true,\"valueName\":\"search_term_string\"}}],\"inLanguage\":\"es\"},{\"@type\":\"Person\",\"@id\":\"https:\/\/www.noticiasradioreflejos.com.ar\/2021\/#\/schema\/person\/ad82545263dcc5ec0996818884fd5fb1\",\"name\":\"Arnaldo Botto\",\"image\":{\"@type\":\"ImageObject\",\"inLanguage\":\"es\",\"@id\":\"https:\/\/www.noticiasradioreflejos.com.ar\/2021\/#\/schema\/person\/image\/\",\"url\":\"https:\/\/secure.gravatar.com\/avatar\/55cb5e37c1efa326397366e6974cb338056df65cb50e7d64d1cf314e87504837?s=96&d=mm&r=g\",\"contentUrl\":\"https:\/\/secure.gravatar.com\/avatar\/55cb5e37c1efa326397366e6974cb338056df65cb50e7d64d1cf314e87504837?s=96&d=mm&r=g\",\"caption\":\"Arnaldo Botto\"},\"url\":\"https:\/\/www.noticiasradioreflejos.com.ar\/2021\/author\/arnaldo\/\"}]}<\/script>\n<!-- \/ Yoast SEO plugin. -->","yoast_head_json":{"title":"Fernando Borroni presentar\u00e1 su libro \u201cLA INQUISICION NEOLIBERAL\u201d, en Sierra de la Ventana. - Noticias Radio Reflejos","robots":{"index":"index","follow":"follow","max-snippet":"max-snippet:-1","max-image-preview":"max-image-preview:large","max-video-preview":"max-video-preview:-1"},"canonical":"https:\/\/www.noticiasradioreflejos.com.ar\/2021\/fernando-borroni-presentara-su-libro-la-inquisicion-neoliberal-en-sierra-de-la-ventana\/","og_locale":"es_ES","og_type":"article","og_title":"Fernando Borroni presentar\u00e1 su libro \u201cLA INQUISICION NEOLIBERAL\u201d, en Sierra de la Ventana. - Noticias Radio Reflejos","og_description":"El 22 de febrero a partir de las 19.30 en el marco del 25 de febrero, fecha altamente significativa para nuestro Frente Popular, el periodista Fernando Borroni presentar\u00e1 su libro \u201cLA INQUISICION NEOLIBERAL\u201d prologado por V\u00edctor Hugo Morales y Alberto D\u2019Alessandro &#8211; Maxi Molina nos traer\u00e1n buena m\u00fasica con su d\u00fao de guitarras, en el [&hellip;]","og_url":"https:\/\/www.noticiasradioreflejos.com.ar\/2021\/fernando-borroni-presentara-su-libro-la-inquisicion-neoliberal-en-sierra-de-la-ventana\/","og_site_name":"Noticias Radio Reflejos","article_published_time":"2019-02-19T14:15:31+00:00","og_image":[{"url":"http:\/\/farm8.staticflickr.com\/7908\/46422556114_d253b13a82.jpg","type":"","width":"","height":""}],"author":"Arnaldo Botto","twitter_card":"summary_large_image","schema":{"@context":"https:\/\/schema.org","@graph":[{"@type":"WebPage","@id":"https:\/\/www.noticiasradioreflejos.com.ar\/2021\/fernando-borroni-presentara-su-libro-la-inquisicion-neoliberal-en-sierra-de-la-ventana\/","url":"https:\/\/www.noticiasradioreflejos.com.ar\/2021\/fernando-borroni-presentara-su-libro-la-inquisicion-neoliberal-en-sierra-de-la-ventana\/","name":"Fernando Borroni presentar\u00e1 su libro \u201cLA INQUISICION NEOLIBERAL\u201d, en Sierra de la Ventana. - Noticias Radio Reflejos","isPartOf":{"@id":"https:\/\/www.noticiasradioreflejos.com.ar\/2021\/#website"},"primaryImageOfPage":{"@id":"https:\/\/www.noticiasradioreflejos.com.ar\/2021\/fernando-borroni-presentara-su-libro-la-inquisicion-neoliberal-en-sierra-de-la-ventana\/#primaryimage"},"image":{"@id":"https:\/\/www.noticiasradioreflejos.com.ar\/2021\/fernando-borroni-presentara-su-libro-la-inquisicion-neoliberal-en-sierra-de-la-ventana\/#primaryimage"},"thumbnailUrl":"http:\/\/farm8.staticflickr.com\/7908\/46422556114_d253b13a82.jpg","datePublished":"2019-02-19T14:15:31+00:00","author":{"@id":"https:\/\/www.noticiasradioreflejos.com.ar\/2021\/#\/schema\/person\/ad82545263dcc5ec0996818884fd5fb1"},"breadcrumb":{"@id":"https:\/\/www.noticiasradioreflejos.com.ar\/2021\/fernando-borroni-presentara-su-libro-la-inquisicion-neoliberal-en-sierra-de-la-ventana\/#breadcrumb"},"inLanguage":"es","potentialAction":[{"@type":"ReadAction","target":["https:\/\/www.noticiasradioreflejos.com.ar\/2021\/fernando-borroni-presentara-su-libro-la-inquisicion-neoliberal-en-sierra-de-la-ventana\/"]}]},{"@type":"ImageObject","inLanguage":"es","@id":"https:\/\/www.noticiasradioreflejos.com.ar\/2021\/fernando-borroni-presentara-su-libro-la-inquisicion-neoliberal-en-sierra-de-la-ventana\/#primaryimage","url":"http:\/\/farm8.staticflickr.com\/7908\/46422556114_d253b13a82.jpg","contentUrl":"http:\/\/farm8.staticflickr.com\/7908\/46422556114_d253b13a82.jpg"},{"@type":"BreadcrumbList","@id":"https:\/\/www.noticiasradioreflejos.com.ar\/2021\/fernando-borroni-presentara-su-libro-la-inquisicion-neoliberal-en-sierra-de-la-ventana\/#breadcrumb","itemListElement":[{"@type":"ListItem","position":1,"name":"Portada","item":"https:\/\/www.noticiasradioreflejos.com.ar\/2021\/"},{"@type":"ListItem","position":2,"name":"Fernando Borroni presentar\u00e1 su libro \u201cLA INQUISICION NEOLIBERAL\u201d, en Sierra de la Ventana."}]},{"@type":"WebSite","@id":"https:\/\/www.noticiasradioreflejos.com.ar\/2021\/#website","url":"https:\/\/www.noticiasradioreflejos.com.ar\/2021\/","name":"Noticias Radio Reflejos","description":"Las noticias de mi comarca","potentialAction":[{"@type":"SearchAction","target":{"@type":"EntryPoint","urlTemplate":"https:\/\/www.noticiasradioreflejos.com.ar\/2021\/?s={search_term_string}"},"query-input":{"@type":"PropertyValueSpecification","valueRequired":true,"valueName":"search_term_string"}}],"inLanguage":"es"},{"@type":"Person","@id":"https:\/\/www.noticiasradioreflejos.com.ar\/2021\/#\/schema\/person\/ad82545263dcc5ec0996818884fd5fb1","name":"Arnaldo Botto","image":{"@type":"ImageObject","inLanguage":"es","@id":"https:\/\/www.noticiasradioreflejos.com.ar\/2021\/#\/schema\/person\/image\/","url":"https:\/\/secure.gravatar.com\/avatar\/55cb5e37c1efa326397366e6974cb338056df65cb50e7d64d1cf314e87504837?s=96&d=mm&r=g","contentUrl":"https:\/\/secure.gravatar.com\/avatar\/55cb5e37c1efa326397366e6974cb338056df65cb50e7d64d1cf314e87504837?s=96&d=mm&r=g","caption":"Arnaldo Botto"},"url":"https:\/\/www.noticiasradioreflejos.com.ar\/2021\/author\/arnaldo\/"}]}},"_links":{"self":[{"href":"https:\/\/www.noticiasradioreflejos.com.ar\/2021\/wp-json\/wp\/v2\/posts\/29045","targetHints":{"allow":["GET"]}}],"collection":[{"href":"https:\/\/www.noticiasradioreflejos.com.ar\/2021\/wp-json\/wp\/v2\/posts"}],"about":[{"href":"https:\/\/www.noticiasradioreflejos.com.ar\/2021\/wp-json\/wp\/v2\/types\/post"}],"author":[{"embeddable":true,"href":"https:\/\/www.noticiasradioreflejos.com.ar\/2021\/wp-json\/wp\/v2\/users\/3"}],"replies":[{"embeddable":true,"href":"https:\/\/www.noticiasradioreflejos.com.ar\/2021\/wp-json\/wp\/v2\/comments?post=29045"}],"version-history":[{"count":0,"href":"https:\/\/www.noticiasradioreflejos.com.ar\/2021\/wp-json\/wp\/v2\/posts\/29045\/revisions"}],"wp:attachment":[{"href":"https:\/\/www.noticiasradioreflejos.com.ar\/2021\/wp-json\/wp\/v2\/media?parent=29045"}],"wp:term":[{"taxonomy":"category","embeddable":true,"href":"https:\/\/www.noticiasradioreflejos.com.ar\/2021\/wp-json\/wp\/v2\/categories?post=29045"},{"taxonomy":"post_tag","embeddable":true,"href":"https:\/\/www.noticiasradioreflejos.com.ar\/2021\/wp-json\/wp\/v2\/tags?post=29045"}],"curies":[{"name":"wp","href":"https:\/\/api.w.org\/{rel}","templated":true}]}}