{"id":29024,"date":"2019-02-18T19:30:14","date_gmt":"2019-02-18T22:30:14","guid":{"rendered":"http:\/\/www.noticiasradioreflejos.com.ar\/noticias\/?p=29024"},"modified":"2019-02-18T19:30:14","modified_gmt":"2019-02-18T22:30:14","slug":"festival-musica-la-ventana-decima-edicion","status":"publish","type":"post","link":"https:\/\/www.noticiasradioreflejos.com.ar\/2021\/festival-musica-la-ventana-decima-edicion\/","title":{"rendered":"Festival M\u00fasica la Ventana-D\u00e9cima edici\u00f3n"},"content":{"rendered":"<p><a title=\"51450677_2041620039268518_7709830453712125952_n\" href=\"http:\/\/farm8.staticflickr.com\/7841\/40174499183_a81a3b5499.jpg\" rel=\"\"><img loading=\"lazy\" decoding=\"async\" class=\"alignleft\" style=\"float: left;\" title=\"51450677_2041620039268518_7709830453712125952_n\" src=\"http:\/\/farm8.staticflickr.com\/7841\/40174499183_a81a3b5499.jpg\" alt=\"51450677_2041620039268518_7709830453712125952_n\" width=\"330\" height=\"500\" \/><\/a>\u2013Viernes 22, S\u00e1bado 23 y domingo 24 de febrero de 2019-<br \/>\nVilla ventana-Saldungaray- Sierra de la Ventana- Argentina.<!--more--><br \/>\nEl Festival M\u00fasica en la Ventana anuncia la realizaci\u00f3n de una mesa debate en torno a la ense\u00f1anza y producci\u00f3n musical en la regi\u00f3n, el d\u00eda s\u00e1bado 23 de febrero en el Hogar Agr\u00edcola Santa In\u00e9s de Saldungaray a las 10 horas.<br \/>\nParticipar\u00e1n m\u00fasicxs, docentes de la educaci\u00f3n p\u00fablica y privada, representantes de la Umsur. La actividad ser\u00e1 gratuita y abierta a todo p\u00fablico.<br \/>\nEl festival comprende la realizaci\u00f3n de cursos y conciertos. Detalle adjunto.<br \/>\nInformes e inscripci\u00f3n: incripcionmusicaenlaventana@gmail.com<br \/>\nDirecci\u00f3n art\u00edstica: A. D\u00b4Alessandro<br \/>\nCoordinaci\u00f3n general: Maximiliano Molina<br \/>\n\u2022 Cursos para profesores de m\u00fasica, docentes en general, m\u00fasicxs.<br \/>\nLugar: Hogar Agr\u00edcola Santa In\u00e9s de Saldungaray<br \/>\nCarga horaria por curso: dos horas<br \/>\nCurso 1-\u201cJuegos y canciones para el jard\u00edn.\u201d<br \/>\nCurso 2- \u201cJuegos r\u00edtmicos de percusi\u00f3n corporal y objetos aplicados al aula\u201d. A cargo de Silvana Osorio y Mayra D\u00edaz Alchu.<br \/>\nCurso: \u201cLa m\u00fasica iguala\u201d. A cargo de Jorge Ciappina.<br \/>\nTaller: \u201cAfinar el cuerpo\u201d. A cargo de Laura Zylberstejn.<br \/>\nCurso: \u201cT\u00e9cnica guitarr\u00edstica \u201c. A cargo de Alberto D\u00b4Alessandro.<br \/>\nCurso: \u201cCompendio de elementos fundamentales del tango\u201d. A cargo de Nicol\u00e1s Vicente.<br \/>\nCurso: \u201cTaller de creaci\u00f3n de canciones\u201d a cargo de Astor Vitali.<br \/>\nCurso: \u201cLa M\u00fasica Negra en el canto popular\u201d a cargo de Cecilia Epherra.<br \/>\n<a title=\"51293393_407072973193364_2180857081488211968_n\" href=\"http:\/\/farm8.staticflickr.com\/7835\/40174499523_8410a8c7fd.jpg\" rel=\"\"><img loading=\"lazy\" decoding=\"async\" class=\"alignleft\" style=\"float: left;\" title=\"51293393_407072973193364_2180857081488211968_n\" src=\"http:\/\/farm8.staticflickr.com\/7835\/40174499523_8410a8c7fd.jpg\" alt=\"51293393_407072973193364_2180857081488211968_n\" width=\"320\" height=\"500\" \/><\/a>Curso: \u201cTaller de Bateria \u2013Percusion\u201d. A cargo de Lucas Carrillo.<br \/>\nAgenda de conciertos<br \/>\nViernes 22 de febrero<br \/>\n21,30 horas<br \/>\nMaximiliano Molina- Alberto D\u00b4Alessandro (Guitarras)<br \/>\nLugar: Biblioteca Macedonio Fern\u00e1ndez- Villa Ventana<br \/>\nS\u00e1bado 23 de febrero<br \/>\n20,30 horas<br \/>\n\u201cLa Caracola\u201d- Juegos y canciones para la infancia-<br \/>\nSilvana Osorio y Mayra D\u00edaz Alchu.<br \/>\n22 horas<br \/>\nMaximiliano Molina- Alberto D\u00b4Alessandro y m\u00fasicos invitados<br \/>\nLugar: Centro Cultural Sierra de la ventana.<br \/>\nDomingo 24 de febrero<br \/>\n22 horas<br \/>\nAstor Vitali (cantautor)-<br \/>\nCecilia Epherra (blues)-<br \/>\nD\u00fao: Lucas Carrillo (guitarra) Nath Ottaviano (voz<br \/>\nLugar: Centro de Interpretaci\u00f3n Francisco Salamone &#8211; Saldungaray<br \/>\nEntrada general: 150 $- Afiliados a la Umsur 20 % de descuento.<br \/>\n&nbsp;<br \/>\n<a title=\"51565904_562379350910119_2070136973535739904_n\" href=\"http:\/\/farm8.staticflickr.com\/7839\/40174500373_3d15a2301f_z.jpg\" rel=\"\"><img loading=\"lazy\" decoding=\"async\" class=\"aligncenter\" title=\"51565904_562379350910119_2070136973535739904_n\" src=\"http:\/\/farm8.staticflickr.com\/7839\/40174500373_3d15a2301f_z.jpg\" alt=\"51565904_562379350910119_2070136973535739904_n\" width=\"409\" height=\"640\" \/><\/a><\/p>\n","protected":false},"excerpt":{"rendered":"<p>\u2013Viernes 22, S\u00e1bado 23 y domingo 24 de febrero de 2019- Villa ventana-Saldungaray- Sierra de la Ventana- Argentina.<\/p>\n","protected":false},"author":3,"featured_media":0,"comment_status":"closed","ping_status":"open","sticky":false,"template":"","format":"standard","meta":{"footnotes":""},"categories":[35],"tags":[],"class_list":["post-29024","post","type-post","status-publish","format-standard","hentry","category-cultura"],"yoast_head":"<!-- This site is optimized with the Yoast SEO plugin v25.9 - https:\/\/yoast.com\/wordpress\/plugins\/seo\/ -->\n<title>Festival M\u00fasica la Ventana-D\u00e9cima edici\u00f3n - Noticias Radio Reflejos<\/title>\n<meta name=\"robots\" content=\"index, follow, max-snippet:-1, max-image-preview:large, max-video-preview:-1\" \/>\n<link rel=\"canonical\" href=\"https:\/\/www.noticiasradioreflejos.com.ar\/2021\/festival-musica-la-ventana-decima-edicion\/\" \/>\n<meta property=\"og:locale\" content=\"es_ES\" \/>\n<meta property=\"og:type\" content=\"article\" \/>\n<meta property=\"og:title\" content=\"Festival M\u00fasica la Ventana-D\u00e9cima edici\u00f3n - Noticias Radio Reflejos\" \/>\n<meta property=\"og:description\" content=\"\u2013Viernes 22, S\u00e1bado 23 y domingo 24 de febrero de 2019- Villa ventana-Saldungaray- Sierra de la Ventana- Argentina.\" \/>\n<meta property=\"og:url\" content=\"https:\/\/www.noticiasradioreflejos.com.ar\/2021\/festival-musica-la-ventana-decima-edicion\/\" \/>\n<meta property=\"og:site_name\" content=\"Noticias Radio Reflejos\" \/>\n<meta property=\"article:published_time\" content=\"2019-02-18T22:30:14+00:00\" \/>\n<meta property=\"og:image\" content=\"http:\/\/farm8.staticflickr.com\/7841\/40174499183_a81a3b5499.jpg\" \/>\n<meta name=\"author\" content=\"Arnaldo Botto\" \/>\n<meta name=\"twitter:card\" content=\"summary_large_image\" \/>\n<script type=\"application\/ld+json\" class=\"yoast-schema-graph\">{\"@context\":\"https:\/\/schema.org\",\"@graph\":[{\"@type\":\"WebPage\",\"@id\":\"https:\/\/www.noticiasradioreflejos.com.ar\/2021\/festival-musica-la-ventana-decima-edicion\/\",\"url\":\"https:\/\/www.noticiasradioreflejos.com.ar\/2021\/festival-musica-la-ventana-decima-edicion\/\",\"name\":\"Festival M\u00fasica la Ventana-D\u00e9cima edici\u00f3n - Noticias Radio Reflejos\",\"isPartOf\":{\"@id\":\"https:\/\/www.noticiasradioreflejos.com.ar\/2021\/#website\"},\"primaryImageOfPage\":{\"@id\":\"https:\/\/www.noticiasradioreflejos.com.ar\/2021\/festival-musica-la-ventana-decima-edicion\/#primaryimage\"},\"image\":{\"@id\":\"https:\/\/www.noticiasradioreflejos.com.ar\/2021\/festival-musica-la-ventana-decima-edicion\/#primaryimage\"},\"thumbnailUrl\":\"http:\/\/farm8.staticflickr.com\/7841\/40174499183_a81a3b5499.jpg\",\"datePublished\":\"2019-02-18T22:30:14+00:00\",\"author\":{\"@id\":\"https:\/\/www.noticiasradioreflejos.com.ar\/2021\/#\/schema\/person\/ad82545263dcc5ec0996818884fd5fb1\"},\"breadcrumb\":{\"@id\":\"https:\/\/www.noticiasradioreflejos.com.ar\/2021\/festival-musica-la-ventana-decima-edicion\/#breadcrumb\"},\"inLanguage\":\"es\",\"potentialAction\":[{\"@type\":\"ReadAction\",\"target\":[\"https:\/\/www.noticiasradioreflejos.com.ar\/2021\/festival-musica-la-ventana-decima-edicion\/\"]}]},{\"@type\":\"ImageObject\",\"inLanguage\":\"es\",\"@id\":\"https:\/\/www.noticiasradioreflejos.com.ar\/2021\/festival-musica-la-ventana-decima-edicion\/#primaryimage\",\"url\":\"http:\/\/farm8.staticflickr.com\/7841\/40174499183_a81a3b5499.jpg\",\"contentUrl\":\"http:\/\/farm8.staticflickr.com\/7841\/40174499183_a81a3b5499.jpg\"},{\"@type\":\"BreadcrumbList\",\"@id\":\"https:\/\/www.noticiasradioreflejos.com.ar\/2021\/festival-musica-la-ventana-decima-edicion\/#breadcrumb\",\"itemListElement\":[{\"@type\":\"ListItem\",\"position\":1,\"name\":\"Portada\",\"item\":\"https:\/\/www.noticiasradioreflejos.com.ar\/2021\/\"},{\"@type\":\"ListItem\",\"position\":2,\"name\":\"Festival M\u00fasica la Ventana-D\u00e9cima edici\u00f3n\"}]},{\"@type\":\"WebSite\",\"@id\":\"https:\/\/www.noticiasradioreflejos.com.ar\/2021\/#website\",\"url\":\"https:\/\/www.noticiasradioreflejos.com.ar\/2021\/\",\"name\":\"Noticias Radio Reflejos\",\"description\":\"Las noticias de mi comarca\",\"potentialAction\":[{\"@type\":\"SearchAction\",\"target\":{\"@type\":\"EntryPoint\",\"urlTemplate\":\"https:\/\/www.noticiasradioreflejos.com.ar\/2021\/?s={search_term_string}\"},\"query-input\":{\"@type\":\"PropertyValueSpecification\",\"valueRequired\":true,\"valueName\":\"search_term_string\"}}],\"inLanguage\":\"es\"},{\"@type\":\"Person\",\"@id\":\"https:\/\/www.noticiasradioreflejos.com.ar\/2021\/#\/schema\/person\/ad82545263dcc5ec0996818884fd5fb1\",\"name\":\"Arnaldo Botto\",\"image\":{\"@type\":\"ImageObject\",\"inLanguage\":\"es\",\"@id\":\"https:\/\/www.noticiasradioreflejos.com.ar\/2021\/#\/schema\/person\/image\/\",\"url\":\"https:\/\/secure.gravatar.com\/avatar\/55cb5e37c1efa326397366e6974cb338056df65cb50e7d64d1cf314e87504837?s=96&d=mm&r=g\",\"contentUrl\":\"https:\/\/secure.gravatar.com\/avatar\/55cb5e37c1efa326397366e6974cb338056df65cb50e7d64d1cf314e87504837?s=96&d=mm&r=g\",\"caption\":\"Arnaldo Botto\"},\"url\":\"https:\/\/www.noticiasradioreflejos.com.ar\/2021\/author\/arnaldo\/\"}]}<\/script>\n<!-- \/ Yoast SEO plugin. -->","yoast_head_json":{"title":"Festival M\u00fasica la Ventana-D\u00e9cima edici\u00f3n - Noticias Radio Reflejos","robots":{"index":"index","follow":"follow","max-snippet":"max-snippet:-1","max-image-preview":"max-image-preview:large","max-video-preview":"max-video-preview:-1"},"canonical":"https:\/\/www.noticiasradioreflejos.com.ar\/2021\/festival-musica-la-ventana-decima-edicion\/","og_locale":"es_ES","og_type":"article","og_title":"Festival M\u00fasica la Ventana-D\u00e9cima edici\u00f3n - Noticias Radio Reflejos","og_description":"\u2013Viernes 22, S\u00e1bado 23 y domingo 24 de febrero de 2019- Villa ventana-Saldungaray- Sierra de la Ventana- Argentina.","og_url":"https:\/\/www.noticiasradioreflejos.com.ar\/2021\/festival-musica-la-ventana-decima-edicion\/","og_site_name":"Noticias Radio Reflejos","article_published_time":"2019-02-18T22:30:14+00:00","og_image":[{"url":"http:\/\/farm8.staticflickr.com\/7841\/40174499183_a81a3b5499.jpg","type":"","width":"","height":""}],"author":"Arnaldo Botto","twitter_card":"summary_large_image","schema":{"@context":"https:\/\/schema.org","@graph":[{"@type":"WebPage","@id":"https:\/\/www.noticiasradioreflejos.com.ar\/2021\/festival-musica-la-ventana-decima-edicion\/","url":"https:\/\/www.noticiasradioreflejos.com.ar\/2021\/festival-musica-la-ventana-decima-edicion\/","name":"Festival M\u00fasica la Ventana-D\u00e9cima edici\u00f3n - Noticias Radio Reflejos","isPartOf":{"@id":"https:\/\/www.noticiasradioreflejos.com.ar\/2021\/#website"},"primaryImageOfPage":{"@id":"https:\/\/www.noticiasradioreflejos.com.ar\/2021\/festival-musica-la-ventana-decima-edicion\/#primaryimage"},"image":{"@id":"https:\/\/www.noticiasradioreflejos.com.ar\/2021\/festival-musica-la-ventana-decima-edicion\/#primaryimage"},"thumbnailUrl":"http:\/\/farm8.staticflickr.com\/7841\/40174499183_a81a3b5499.jpg","datePublished":"2019-02-18T22:30:14+00:00","author":{"@id":"https:\/\/www.noticiasradioreflejos.com.ar\/2021\/#\/schema\/person\/ad82545263dcc5ec0996818884fd5fb1"},"breadcrumb":{"@id":"https:\/\/www.noticiasradioreflejos.com.ar\/2021\/festival-musica-la-ventana-decima-edicion\/#breadcrumb"},"inLanguage":"es","potentialAction":[{"@type":"ReadAction","target":["https:\/\/www.noticiasradioreflejos.com.ar\/2021\/festival-musica-la-ventana-decima-edicion\/"]}]},{"@type":"ImageObject","inLanguage":"es","@id":"https:\/\/www.noticiasradioreflejos.com.ar\/2021\/festival-musica-la-ventana-decima-edicion\/#primaryimage","url":"http:\/\/farm8.staticflickr.com\/7841\/40174499183_a81a3b5499.jpg","contentUrl":"http:\/\/farm8.staticflickr.com\/7841\/40174499183_a81a3b5499.jpg"},{"@type":"BreadcrumbList","@id":"https:\/\/www.noticiasradioreflejos.com.ar\/2021\/festival-musica-la-ventana-decima-edicion\/#breadcrumb","itemListElement":[{"@type":"ListItem","position":1,"name":"Portada","item":"https:\/\/www.noticiasradioreflejos.com.ar\/2021\/"},{"@type":"ListItem","position":2,"name":"Festival M\u00fasica la Ventana-D\u00e9cima edici\u00f3n"}]},{"@type":"WebSite","@id":"https:\/\/www.noticiasradioreflejos.com.ar\/2021\/#website","url":"https:\/\/www.noticiasradioreflejos.com.ar\/2021\/","name":"Noticias Radio Reflejos","description":"Las noticias de mi comarca","potentialAction":[{"@type":"SearchAction","target":{"@type":"EntryPoint","urlTemplate":"https:\/\/www.noticiasradioreflejos.com.ar\/2021\/?s={search_term_string}"},"query-input":{"@type":"PropertyValueSpecification","valueRequired":true,"valueName":"search_term_string"}}],"inLanguage":"es"},{"@type":"Person","@id":"https:\/\/www.noticiasradioreflejos.com.ar\/2021\/#\/schema\/person\/ad82545263dcc5ec0996818884fd5fb1","name":"Arnaldo Botto","image":{"@type":"ImageObject","inLanguage":"es","@id":"https:\/\/www.noticiasradioreflejos.com.ar\/2021\/#\/schema\/person\/image\/","url":"https:\/\/secure.gravatar.com\/avatar\/55cb5e37c1efa326397366e6974cb338056df65cb50e7d64d1cf314e87504837?s=96&d=mm&r=g","contentUrl":"https:\/\/secure.gravatar.com\/avatar\/55cb5e37c1efa326397366e6974cb338056df65cb50e7d64d1cf314e87504837?s=96&d=mm&r=g","caption":"Arnaldo Botto"},"url":"https:\/\/www.noticiasradioreflejos.com.ar\/2021\/author\/arnaldo\/"}]}},"_links":{"self":[{"href":"https:\/\/www.noticiasradioreflejos.com.ar\/2021\/wp-json\/wp\/v2\/posts\/29024","targetHints":{"allow":["GET"]}}],"collection":[{"href":"https:\/\/www.noticiasradioreflejos.com.ar\/2021\/wp-json\/wp\/v2\/posts"}],"about":[{"href":"https:\/\/www.noticiasradioreflejos.com.ar\/2021\/wp-json\/wp\/v2\/types\/post"}],"author":[{"embeddable":true,"href":"https:\/\/www.noticiasradioreflejos.com.ar\/2021\/wp-json\/wp\/v2\/users\/3"}],"replies":[{"embeddable":true,"href":"https:\/\/www.noticiasradioreflejos.com.ar\/2021\/wp-json\/wp\/v2\/comments?post=29024"}],"version-history":[{"count":0,"href":"https:\/\/www.noticiasradioreflejos.com.ar\/2021\/wp-json\/wp\/v2\/posts\/29024\/revisions"}],"wp:attachment":[{"href":"https:\/\/www.noticiasradioreflejos.com.ar\/2021\/wp-json\/wp\/v2\/media?parent=29024"}],"wp:term":[{"taxonomy":"category","embeddable":true,"href":"https:\/\/www.noticiasradioreflejos.com.ar\/2021\/wp-json\/wp\/v2\/categories?post=29024"},{"taxonomy":"post_tag","embeddable":true,"href":"https:\/\/www.noticiasradioreflejos.com.ar\/2021\/wp-json\/wp\/v2\/tags?post=29024"}],"curies":[{"name":"wp","href":"https:\/\/api.w.org\/{rel}","templated":true}]}}