{"id":29021,"date":"2019-02-18T19:26:59","date_gmt":"2019-02-18T22:26:59","guid":{"rendered":"http:\/\/www.noticiasradioreflejos.com.ar\/noticias\/?p=29021"},"modified":"2019-02-18T19:26:59","modified_gmt":"2019-02-18T22:26:59","slug":"resultados-del-encuentro-de-beach-voley","status":"publish","type":"post","link":"https:\/\/www.noticiasradioreflejos.com.ar\/2021\/resultados-del-encuentro-de-beach-voley\/","title":{"rendered":"Resultados del encuentro de Beach Voley"},"content":{"rendered":"<p><a title=\"WhatsApp Image 2019-02-18 at 13.36.34\" href=\"http:\/\/farm8.staticflickr.com\/7906\/47087140232_31cf8e7f63.jpg\" rel=\"\"><img loading=\"lazy\" decoding=\"async\" class=\"alignleft\" style=\"float: left;\" title=\"WhatsApp Image 2019-02-18 at 13.36.34\" src=\"http:\/\/farm8.staticflickr.com\/7906\/47087140232_31cf8e7f63.jpg\" alt=\"WhatsApp Image 2019-02-18 at 13.36.34\" width=\"371\" height=\"500\" \/><\/a>El s\u00e1bado a las 20.00 hs, organizado por la Direcci\u00f3n de Deportes, se llev\u00f3 a cabo un nuevo encuentro de Beach Voley.<br \/>\nDetallamos a continuaci\u00f3n los resultados:<!--more--><br \/>\nMAYORES:<br \/>\n1. Daiana Garrido y Pablo Taboada<br \/>\n2. Cyntia Abregu y Juli\u00e1n paredes<br \/>\n3. Joaqu\u00edn Aranda y Sof\u00eda Urriaga<br \/>\nMENORES:<br \/>\n1. Sof\u00eda Par\u00eds y Joaqu\u00edn Schulmeister<br \/>\n2. Santiago Le\u00f3n y sol Areco<br \/>\n3. Ignacio Aranda y Gianela Lambichi<br \/>\n<a title=\"WhatsApp Image 2019-02-18 at 13.36.33\" href=\"http:\/\/farm8.staticflickr.com\/7863\/47087139952_64cbaba5bc_z.jpg\" rel=\"\"><img loading=\"lazy\" decoding=\"async\" class=\"aligncenter\" title=\"WhatsApp Image 2019-02-18 at 13.36.33\" src=\"http:\/\/farm8.staticflickr.com\/7863\/47087139952_64cbaba5bc_z.jpg\" alt=\"WhatsApp Image 2019-02-18 at 13.36.33\" width=\"640\" height=\"640\" \/><\/a><\/p>\n","protected":false},"excerpt":{"rendered":"<p>El s\u00e1bado a las 20.00 hs, organizado por la Direcci\u00f3n de Deportes, se llev\u00f3 a cabo un nuevo encuentro de Beach Voley. Detallamos a continuaci\u00f3n los resultados:<\/p>\n","protected":false},"author":3,"featured_media":0,"comment_status":"closed","ping_status":"open","sticky":false,"template":"","format":"standard","meta":{"footnotes":""},"categories":[27],"tags":[],"class_list":["post-29021","post","type-post","status-publish","format-standard","hentry","category-deportes"],"yoast_head":"<!-- This site is optimized with the Yoast SEO plugin v25.9 - https:\/\/yoast.com\/wordpress\/plugins\/seo\/ -->\n<title>Resultados del encuentro de Beach Voley - Noticias Radio Reflejos<\/title>\n<meta name=\"robots\" content=\"index, follow, max-snippet:-1, max-image-preview:large, max-video-preview:-1\" \/>\n<link rel=\"canonical\" href=\"https:\/\/www.noticiasradioreflejos.com.ar\/2021\/resultados-del-encuentro-de-beach-voley\/\" \/>\n<meta property=\"og:locale\" content=\"es_ES\" \/>\n<meta property=\"og:type\" content=\"article\" \/>\n<meta property=\"og:title\" content=\"Resultados del encuentro de Beach Voley - Noticias Radio Reflejos\" \/>\n<meta property=\"og:description\" content=\"El s\u00e1bado a las 20.00 hs, organizado por la Direcci\u00f3n de Deportes, se llev\u00f3 a cabo un nuevo encuentro de Beach Voley. Detallamos a continuaci\u00f3n los resultados:\" \/>\n<meta property=\"og:url\" content=\"https:\/\/www.noticiasradioreflejos.com.ar\/2021\/resultados-del-encuentro-de-beach-voley\/\" \/>\n<meta property=\"og:site_name\" content=\"Noticias Radio Reflejos\" \/>\n<meta property=\"article:published_time\" content=\"2019-02-18T22:26:59+00:00\" \/>\n<meta property=\"og:image\" content=\"http:\/\/farm8.staticflickr.com\/7906\/47087140232_31cf8e7f63.jpg\" \/>\n<meta name=\"author\" content=\"Arnaldo Botto\" \/>\n<meta name=\"twitter:card\" content=\"summary_large_image\" \/>\n<script type=\"application\/ld+json\" class=\"yoast-schema-graph\">{\"@context\":\"https:\/\/schema.org\",\"@graph\":[{\"@type\":\"WebPage\",\"@id\":\"https:\/\/www.noticiasradioreflejos.com.ar\/2021\/resultados-del-encuentro-de-beach-voley\/\",\"url\":\"https:\/\/www.noticiasradioreflejos.com.ar\/2021\/resultados-del-encuentro-de-beach-voley\/\",\"name\":\"Resultados del encuentro de Beach Voley - Noticias Radio Reflejos\",\"isPartOf\":{\"@id\":\"https:\/\/www.noticiasradioreflejos.com.ar\/2021\/#website\"},\"primaryImageOfPage\":{\"@id\":\"https:\/\/www.noticiasradioreflejos.com.ar\/2021\/resultados-del-encuentro-de-beach-voley\/#primaryimage\"},\"image\":{\"@id\":\"https:\/\/www.noticiasradioreflejos.com.ar\/2021\/resultados-del-encuentro-de-beach-voley\/#primaryimage\"},\"thumbnailUrl\":\"http:\/\/farm8.staticflickr.com\/7906\/47087140232_31cf8e7f63.jpg\",\"datePublished\":\"2019-02-18T22:26:59+00:00\",\"author\":{\"@id\":\"https:\/\/www.noticiasradioreflejos.com.ar\/2021\/#\/schema\/person\/ad82545263dcc5ec0996818884fd5fb1\"},\"breadcrumb\":{\"@id\":\"https:\/\/www.noticiasradioreflejos.com.ar\/2021\/resultados-del-encuentro-de-beach-voley\/#breadcrumb\"},\"inLanguage\":\"es\",\"potentialAction\":[{\"@type\":\"ReadAction\",\"target\":[\"https:\/\/www.noticiasradioreflejos.com.ar\/2021\/resultados-del-encuentro-de-beach-voley\/\"]}]},{\"@type\":\"ImageObject\",\"inLanguage\":\"es\",\"@id\":\"https:\/\/www.noticiasradioreflejos.com.ar\/2021\/resultados-del-encuentro-de-beach-voley\/#primaryimage\",\"url\":\"http:\/\/farm8.staticflickr.com\/7906\/47087140232_31cf8e7f63.jpg\",\"contentUrl\":\"http:\/\/farm8.staticflickr.com\/7906\/47087140232_31cf8e7f63.jpg\"},{\"@type\":\"BreadcrumbList\",\"@id\":\"https:\/\/www.noticiasradioreflejos.com.ar\/2021\/resultados-del-encuentro-de-beach-voley\/#breadcrumb\",\"itemListElement\":[{\"@type\":\"ListItem\",\"position\":1,\"name\":\"Portada\",\"item\":\"https:\/\/www.noticiasradioreflejos.com.ar\/2021\/\"},{\"@type\":\"ListItem\",\"position\":2,\"name\":\"Resultados del encuentro de Beach Voley\"}]},{\"@type\":\"WebSite\",\"@id\":\"https:\/\/www.noticiasradioreflejos.com.ar\/2021\/#website\",\"url\":\"https:\/\/www.noticiasradioreflejos.com.ar\/2021\/\",\"name\":\"Noticias Radio Reflejos\",\"description\":\"Las noticias de mi comarca\",\"potentialAction\":[{\"@type\":\"SearchAction\",\"target\":{\"@type\":\"EntryPoint\",\"urlTemplate\":\"https:\/\/www.noticiasradioreflejos.com.ar\/2021\/?s={search_term_string}\"},\"query-input\":{\"@type\":\"PropertyValueSpecification\",\"valueRequired\":true,\"valueName\":\"search_term_string\"}}],\"inLanguage\":\"es\"},{\"@type\":\"Person\",\"@id\":\"https:\/\/www.noticiasradioreflejos.com.ar\/2021\/#\/schema\/person\/ad82545263dcc5ec0996818884fd5fb1\",\"name\":\"Arnaldo Botto\",\"image\":{\"@type\":\"ImageObject\",\"inLanguage\":\"es\",\"@id\":\"https:\/\/www.noticiasradioreflejos.com.ar\/2021\/#\/schema\/person\/image\/\",\"url\":\"https:\/\/secure.gravatar.com\/avatar\/55cb5e37c1efa326397366e6974cb338056df65cb50e7d64d1cf314e87504837?s=96&d=mm&r=g\",\"contentUrl\":\"https:\/\/secure.gravatar.com\/avatar\/55cb5e37c1efa326397366e6974cb338056df65cb50e7d64d1cf314e87504837?s=96&d=mm&r=g\",\"caption\":\"Arnaldo Botto\"},\"url\":\"https:\/\/www.noticiasradioreflejos.com.ar\/2021\/author\/arnaldo\/\"}]}<\/script>\n<!-- \/ Yoast SEO plugin. -->","yoast_head_json":{"title":"Resultados del encuentro de Beach Voley - Noticias Radio Reflejos","robots":{"index":"index","follow":"follow","max-snippet":"max-snippet:-1","max-image-preview":"max-image-preview:large","max-video-preview":"max-video-preview:-1"},"canonical":"https:\/\/www.noticiasradioreflejos.com.ar\/2021\/resultados-del-encuentro-de-beach-voley\/","og_locale":"es_ES","og_type":"article","og_title":"Resultados del encuentro de Beach Voley - Noticias Radio Reflejos","og_description":"El s\u00e1bado a las 20.00 hs, organizado por la Direcci\u00f3n de Deportes, se llev\u00f3 a cabo un nuevo encuentro de Beach Voley. Detallamos a continuaci\u00f3n los resultados:","og_url":"https:\/\/www.noticiasradioreflejos.com.ar\/2021\/resultados-del-encuentro-de-beach-voley\/","og_site_name":"Noticias Radio Reflejos","article_published_time":"2019-02-18T22:26:59+00:00","og_image":[{"url":"http:\/\/farm8.staticflickr.com\/7906\/47087140232_31cf8e7f63.jpg","type":"","width":"","height":""}],"author":"Arnaldo Botto","twitter_card":"summary_large_image","schema":{"@context":"https:\/\/schema.org","@graph":[{"@type":"WebPage","@id":"https:\/\/www.noticiasradioreflejos.com.ar\/2021\/resultados-del-encuentro-de-beach-voley\/","url":"https:\/\/www.noticiasradioreflejos.com.ar\/2021\/resultados-del-encuentro-de-beach-voley\/","name":"Resultados del encuentro de Beach Voley - Noticias Radio Reflejos","isPartOf":{"@id":"https:\/\/www.noticiasradioreflejos.com.ar\/2021\/#website"},"primaryImageOfPage":{"@id":"https:\/\/www.noticiasradioreflejos.com.ar\/2021\/resultados-del-encuentro-de-beach-voley\/#primaryimage"},"image":{"@id":"https:\/\/www.noticiasradioreflejos.com.ar\/2021\/resultados-del-encuentro-de-beach-voley\/#primaryimage"},"thumbnailUrl":"http:\/\/farm8.staticflickr.com\/7906\/47087140232_31cf8e7f63.jpg","datePublished":"2019-02-18T22:26:59+00:00","author":{"@id":"https:\/\/www.noticiasradioreflejos.com.ar\/2021\/#\/schema\/person\/ad82545263dcc5ec0996818884fd5fb1"},"breadcrumb":{"@id":"https:\/\/www.noticiasradioreflejos.com.ar\/2021\/resultados-del-encuentro-de-beach-voley\/#breadcrumb"},"inLanguage":"es","potentialAction":[{"@type":"ReadAction","target":["https:\/\/www.noticiasradioreflejos.com.ar\/2021\/resultados-del-encuentro-de-beach-voley\/"]}]},{"@type":"ImageObject","inLanguage":"es","@id":"https:\/\/www.noticiasradioreflejos.com.ar\/2021\/resultados-del-encuentro-de-beach-voley\/#primaryimage","url":"http:\/\/farm8.staticflickr.com\/7906\/47087140232_31cf8e7f63.jpg","contentUrl":"http:\/\/farm8.staticflickr.com\/7906\/47087140232_31cf8e7f63.jpg"},{"@type":"BreadcrumbList","@id":"https:\/\/www.noticiasradioreflejos.com.ar\/2021\/resultados-del-encuentro-de-beach-voley\/#breadcrumb","itemListElement":[{"@type":"ListItem","position":1,"name":"Portada","item":"https:\/\/www.noticiasradioreflejos.com.ar\/2021\/"},{"@type":"ListItem","position":2,"name":"Resultados del encuentro de Beach Voley"}]},{"@type":"WebSite","@id":"https:\/\/www.noticiasradioreflejos.com.ar\/2021\/#website","url":"https:\/\/www.noticiasradioreflejos.com.ar\/2021\/","name":"Noticias Radio Reflejos","description":"Las noticias de mi comarca","potentialAction":[{"@type":"SearchAction","target":{"@type":"EntryPoint","urlTemplate":"https:\/\/www.noticiasradioreflejos.com.ar\/2021\/?s={search_term_string}"},"query-input":{"@type":"PropertyValueSpecification","valueRequired":true,"valueName":"search_term_string"}}],"inLanguage":"es"},{"@type":"Person","@id":"https:\/\/www.noticiasradioreflejos.com.ar\/2021\/#\/schema\/person\/ad82545263dcc5ec0996818884fd5fb1","name":"Arnaldo Botto","image":{"@type":"ImageObject","inLanguage":"es","@id":"https:\/\/www.noticiasradioreflejos.com.ar\/2021\/#\/schema\/person\/image\/","url":"https:\/\/secure.gravatar.com\/avatar\/55cb5e37c1efa326397366e6974cb338056df65cb50e7d64d1cf314e87504837?s=96&d=mm&r=g","contentUrl":"https:\/\/secure.gravatar.com\/avatar\/55cb5e37c1efa326397366e6974cb338056df65cb50e7d64d1cf314e87504837?s=96&d=mm&r=g","caption":"Arnaldo Botto"},"url":"https:\/\/www.noticiasradioreflejos.com.ar\/2021\/author\/arnaldo\/"}]}},"_links":{"self":[{"href":"https:\/\/www.noticiasradioreflejos.com.ar\/2021\/wp-json\/wp\/v2\/posts\/29021","targetHints":{"allow":["GET"]}}],"collection":[{"href":"https:\/\/www.noticiasradioreflejos.com.ar\/2021\/wp-json\/wp\/v2\/posts"}],"about":[{"href":"https:\/\/www.noticiasradioreflejos.com.ar\/2021\/wp-json\/wp\/v2\/types\/post"}],"author":[{"embeddable":true,"href":"https:\/\/www.noticiasradioreflejos.com.ar\/2021\/wp-json\/wp\/v2\/users\/3"}],"replies":[{"embeddable":true,"href":"https:\/\/www.noticiasradioreflejos.com.ar\/2021\/wp-json\/wp\/v2\/comments?post=29021"}],"version-history":[{"count":0,"href":"https:\/\/www.noticiasradioreflejos.com.ar\/2021\/wp-json\/wp\/v2\/posts\/29021\/revisions"}],"wp:attachment":[{"href":"https:\/\/www.noticiasradioreflejos.com.ar\/2021\/wp-json\/wp\/v2\/media?parent=29021"}],"wp:term":[{"taxonomy":"category","embeddable":true,"href":"https:\/\/www.noticiasradioreflejos.com.ar\/2021\/wp-json\/wp\/v2\/categories?post=29021"},{"taxonomy":"post_tag","embeddable":true,"href":"https:\/\/www.noticiasradioreflejos.com.ar\/2021\/wp-json\/wp\/v2\/tags?post=29021"}],"curies":[{"name":"wp","href":"https:\/\/api.w.org\/{rel}","templated":true}]}}