{"id":29018,"date":"2019-02-18T19:21:53","date_gmt":"2019-02-18T22:21:53","guid":{"rendered":"http:\/\/www.noticiasradioreflejos.com.ar\/noticias\/?p=29018"},"modified":"2019-02-18T19:21:53","modified_gmt":"2019-02-18T22:21:53","slug":"convocatoria-al-1-concurso-de-video-minuto-pensando-el-agro-del-2050","status":"publish","type":"post","link":"https:\/\/www.noticiasradioreflejos.com.ar\/2021\/convocatoria-al-1-concurso-de-video-minuto-pensando-el-agro-del-2050\/","title":{"rendered":"Convocatoria al\u00a0 1\u00b0 Concurso de video minuto &quot;Pensando el Agro del 2050&quot;"},"content":{"rendered":"<div>\n<div>El Ministerio de Agroindustria de la Provincia de Buenos Aires convoca al 1\u00b0 Concurso de video minuto \u201cPensando el Agro del 2050\u201d, destinado a j\u00f3venes de 18 a 35 a\u00f1os profesionales y\/o aficionados argentinos o residentes en el pa\u00eds. La inscripci\u00f3n es gratuita.<\/div>\n<div>Para poder participar del concurso los interesados deber\u00e1n inscribirse v\u00eda mail en \u201c<a href=\"mailto:agroindustria.joven@gmail.com\" target=\"_blank\" rel=\"nofollow noopener\">agroindustria.joven@gmail.com<\/a>\u201d a partir del martes 19 de febrero hasta el mi\u00e9rcoles 06 de marzo.<!--more-->\n<\/div>\n<div><\/div>\n<div>El concurso busca dar cuenta de la visi\u00f3n que tienen los j\u00f3venes de lo que ser\u00e1 la producci\u00f3n agroindustrial en el a\u00f1o 2050. C\u00f3mo se dise\u00f1ar\u00e1n los alimentos del futuro, qu\u00e9 innovaciones tecnol\u00f3gicas superar\u00e1n a las actuales y cu\u00e1les ser\u00e1n los desaf\u00edos que tendr\u00e1n los productores, a la hora de imaginar soluciones para sus emprendimientos.<\/div>\n<div><\/div>\n<div><b>A continuaci\u00f3n las bases de la participaci\u00f3n:<\/b><\/div>\n<div><\/div>\n<div>1.- El tema del concurso es Hacia la agroindustria del ma\u00f1ana: trabajar el campo en 2050.<\/div>\n<div>2.- Los videos deben respetar los siguientes requisitos:<\/div>\n<div>a) Se admitir\u00e1 cualquier tipo de formato digital a la resoluci\u00f3n indicada.<\/div>\n<div>b) Se admiten videos, pel\u00edculas, c\u00e1mara lenta (slowmotion), c\u00e1mara r\u00e1pida (time lapse) y obras realizadas en todas las t\u00e9cnicas de animaci\u00f3n sobre cualquier soporte digital y anal\u00f3gico y debe durar 1 minuto.<\/div>\n<div>3.- Para poder participar del concurso deber\u00e1n mandar el video v\u00eda mail con los siguientes datos:<\/div>\n<div>&#8211; Nombre y Apellido<\/div>\n<div>-Direcci\u00f3n de correo electr\u00f3nico<\/div>\n<div>&#8211; Domicilio<\/div>\n<div>&#8211; Fecha y lugar de nacimiento<\/div>\n<div>&#8211; Tel\u00e9fono de contacto<\/div>\n<div>&#8211; Ocupaci\u00f3n<\/div>\n<div>4.- No se aceptar\u00e1n obras con leyendas o marcas que se puedan interpretar como publicidad. Tampoco se pueden aceptar videos que hayan sido acreedores de premios en cualquier concurso de la Provincia de Buenos Aires.<\/div>\n<div>5.- No podr\u00e1n participar en este concurso personal del Ministerio, ni sus familiares hasta segundo grado de parentesco.<\/div>\n<div>6.- Proceso de selecci\u00f3n:<\/div>\n<div>a) El jurado realizar\u00e1 una selecci\u00f3n de las obras cargadas por los participantes en el momento de la inscripci\u00f3n v\u00eda mail.<\/div>\n<div>b) Se solicitar\u00e1 el env\u00edo de los videos en los formatos antes mencionados y en resoluci\u00f3n HD 720 y HD1080, con un peso no mayor de 200 MB.<\/div>\n<div>c) Los videos ganadores figurar\u00e1n en las p\u00e1ginas oficiales del Ministerio de Agroindustria de la Provincia de Buenos Aires.<\/div>\n<div>d) Los videos seleccionados podr\u00e1n ser utilizados por el Ministerio de Agroindustria, previa autorizaci\u00f3n de sus autores.<\/div>\n<div>e) El jurado estar\u00e1 integrado por:<\/div>\n<div>Ing. Leonardo Sarqu\u00eds, Ministro de Agroindustria de la Provincia de Buenos Aires.<\/div>\n<div>Benjam\u00edn Pieres, Asociaci\u00f3n Civil Weisse Rose.<\/div>\n<div>Fernando P\u00e9rez Eseiza, Facultad de Ingenier\u00eda y Ciencias Agrarias de la Universidad Cat\u00f3lica Argentina.<\/div>\n<div>Susana Finger, Directora Provincial de Relaciones con la Comunidad, Sustentabilidad y Responsabilidad Social.<\/div>\n<div>Andr\u00e9s Dom\u00ednguez, Federaci\u00f3n Agraria Argentina.<\/div>\n<div>Nicol\u00e1s D&#8217;Angelo, Director Provincial de Emprendedores.<\/div>\n<div>Javier P\u00e9rez Balade, Director Sociedad Rural Argentina.<\/div>\n<div>Diego Galliani, Jefe de Departamento Servicios de Promoci\u00f3n Institucional del Ministerio de Agroindustria de la Provincia de Buenos Aires.<\/div>\n<div>7.-Se entregar\u00e1n los siguientes premios:<\/div>\n<div>1\u00b0 Premio $ 5.000 (cinco mil pesos)<\/div>\n<div>2\u00b0 Premio: Obsequios de PRO f\u00e9rtil (Mate con bombilla de plata y cartera de dama de cuero)<\/div>\n<div>3\u00b0 Premio: Canasta de productos regionales de la Provincia de Buenos Aires<\/div>\n<div>1\u00b0 Menci\u00f3n Diploma otorgado por el Ministerio<\/div>\n<div>2\u00b0 Menci\u00f3n Diploma otorgado por el Ministerio<\/div>\n<div>3\u00b0 Menci\u00f3n Diploma otorgado por el Ministerio<\/div>\n<div>8.- Las obras premiadas pasar\u00e1n a formar parte del patrimonio permanente del Ministerio.<\/div>\n<div>9.- Las obras que se integran al patrimonio del Ministerio de Agroindustria, podr\u00e1n ser utilizadas en actividades y proyectos en el \u00e1rea de Prensa y Difusi\u00f3n. No obstante los autores conservan sus derechos de propiedad intelectual de acuerdo a la Ley N\u00b0 11723 y modificaciones.<\/div>\n<\/div>\n<p><!--more--><br \/>\n<!--more--><br \/>\n<!--more--><br \/>\n<!--more--><\/p>\n<div><\/div>\n<div><\/div>\n<div><img decoding=\"async\" src=\"https:\/\/ecp.yusercontent.com\/mail?url=https%3A%2F%2Fdrive.google.com%2Fuc%3Fid%3D0B-TIaoKsAQscaGJPTXUxZEF0VkNISzM0U2RiZlhYb0tQRnk4%26export%3Ddownload&amp;t=1550527915&amp;ymreqid=d18f7fe8-cd98-57de-1c7f-5d000101d900&amp;sig=Ovkq6pw7jah05fwZEy3bVQ--~C\" \/><\/div>\n","protected":false},"excerpt":{"rendered":"<p>El Ministerio de Agroindustria de la Provincia de Buenos Aires convoca al 1\u00b0 Concurso de video minuto \u201cPensando el Agro del 2050\u201d, destinado a j\u00f3venes de 18 a 35 a\u00f1os profesionales y\/o aficionados argentinos o residentes en el pa\u00eds. La inscripci\u00f3n es gratuita. Para poder participar del concurso los interesados deber\u00e1n inscribirse v\u00eda mail en [&hellip;]<\/p>\n","protected":false},"author":3,"featured_media":0,"comment_status":"closed","ping_status":"open","sticky":false,"template":"","format":"standard","meta":{"footnotes":""},"categories":[35],"tags":[],"class_list":["post-29018","post","type-post","status-publish","format-standard","hentry","category-cultura"],"yoast_head":"<!-- This site is optimized with the Yoast SEO plugin v25.9 - https:\/\/yoast.com\/wordpress\/plugins\/seo\/ -->\n<title>Convocatoria al\u00a0 1\u00b0 Concurso de video minuto &quot;Pensando el Agro del 2050&quot; - Noticias Radio Reflejos<\/title>\n<meta name=\"robots\" content=\"index, follow, max-snippet:-1, max-image-preview:large, max-video-preview:-1\" \/>\n<link rel=\"canonical\" href=\"https:\/\/www.noticiasradioreflejos.com.ar\/2021\/convocatoria-al-1-concurso-de-video-minuto-pensando-el-agro-del-2050\/\" \/>\n<meta property=\"og:locale\" content=\"es_ES\" \/>\n<meta property=\"og:type\" content=\"article\" \/>\n<meta property=\"og:title\" content=\"Convocatoria al\u00a0 1\u00b0 Concurso de video minuto &quot;Pensando el Agro del 2050&quot; - Noticias Radio Reflejos\" \/>\n<meta property=\"og:description\" content=\"El Ministerio de Agroindustria de la Provincia de Buenos Aires convoca al 1\u00b0 Concurso de video minuto \u201cPensando el Agro del 2050\u201d, destinado a j\u00f3venes de 18 a 35 a\u00f1os profesionales y\/o aficionados argentinos o residentes en el pa\u00eds. La inscripci\u00f3n es gratuita. Para poder participar del concurso los interesados deber\u00e1n inscribirse v\u00eda mail en [&hellip;]\" \/>\n<meta property=\"og:url\" content=\"https:\/\/www.noticiasradioreflejos.com.ar\/2021\/convocatoria-al-1-concurso-de-video-minuto-pensando-el-agro-del-2050\/\" \/>\n<meta property=\"og:site_name\" content=\"Noticias Radio Reflejos\" \/>\n<meta property=\"article:published_time\" content=\"2019-02-18T22:21:53+00:00\" \/>\n<meta property=\"og:image\" content=\"https:\/\/ecp.yusercontent.com\/mail?url=https%3A%2F%2Fdrive.google.com%2Fuc%3Fid%3D0B-TIaoKsAQscaGJPTXUxZEF0VkNISzM0U2RiZlhYb0tQRnk4%26export%3Ddownload&amp;t=1550527915&amp;ymreqid=d18f7fe8-cd98-57de-1c7f-5d000101d900&amp;sig=Ovkq6pw7jah05fwZEy3bVQ--~C\" \/>\n<meta name=\"author\" content=\"Arnaldo Botto\" \/>\n<meta name=\"twitter:card\" content=\"summary_large_image\" \/>\n<script type=\"application\/ld+json\" class=\"yoast-schema-graph\">{\"@context\":\"https:\/\/schema.org\",\"@graph\":[{\"@type\":\"WebPage\",\"@id\":\"https:\/\/www.noticiasradioreflejos.com.ar\/2021\/convocatoria-al-1-concurso-de-video-minuto-pensando-el-agro-del-2050\/\",\"url\":\"https:\/\/www.noticiasradioreflejos.com.ar\/2021\/convocatoria-al-1-concurso-de-video-minuto-pensando-el-agro-del-2050\/\",\"name\":\"Convocatoria al\u00a0 1\u00b0 Concurso de video minuto &quot;Pensando el Agro del 2050&quot; - Noticias Radio Reflejos\",\"isPartOf\":{\"@id\":\"https:\/\/www.noticiasradioreflejos.com.ar\/2021\/#website\"},\"primaryImageOfPage\":{\"@id\":\"https:\/\/www.noticiasradioreflejos.com.ar\/2021\/convocatoria-al-1-concurso-de-video-minuto-pensando-el-agro-del-2050\/#primaryimage\"},\"image\":{\"@id\":\"https:\/\/www.noticiasradioreflejos.com.ar\/2021\/convocatoria-al-1-concurso-de-video-minuto-pensando-el-agro-del-2050\/#primaryimage\"},\"thumbnailUrl\":\"https:\/\/ecp.yusercontent.com\/mail?url=https%3A%2F%2Fdrive.google.com%2Fuc%3Fid%3D0B-TIaoKsAQscaGJPTXUxZEF0VkNISzM0U2RiZlhYb0tQRnk4%26export%3Ddownload&amp;t=1550527915&amp;ymreqid=d18f7fe8-cd98-57de-1c7f-5d000101d900&amp;sig=Ovkq6pw7jah05fwZEy3bVQ--~C\",\"datePublished\":\"2019-02-18T22:21:53+00:00\",\"author\":{\"@id\":\"https:\/\/www.noticiasradioreflejos.com.ar\/2021\/#\/schema\/person\/ad82545263dcc5ec0996818884fd5fb1\"},\"breadcrumb\":{\"@id\":\"https:\/\/www.noticiasradioreflejos.com.ar\/2021\/convocatoria-al-1-concurso-de-video-minuto-pensando-el-agro-del-2050\/#breadcrumb\"},\"inLanguage\":\"es\",\"potentialAction\":[{\"@type\":\"ReadAction\",\"target\":[\"https:\/\/www.noticiasradioreflejos.com.ar\/2021\/convocatoria-al-1-concurso-de-video-minuto-pensando-el-agro-del-2050\/\"]}]},{\"@type\":\"ImageObject\",\"inLanguage\":\"es\",\"@id\":\"https:\/\/www.noticiasradioreflejos.com.ar\/2021\/convocatoria-al-1-concurso-de-video-minuto-pensando-el-agro-del-2050\/#primaryimage\",\"url\":\"https:\/\/ecp.yusercontent.com\/mail?url=https%3A%2F%2Fdrive.google.com%2Fuc%3Fid%3D0B-TIaoKsAQscaGJPTXUxZEF0VkNISzM0U2RiZlhYb0tQRnk4%26export%3Ddownload&amp;t=1550527915&amp;ymreqid=d18f7fe8-cd98-57de-1c7f-5d000101d900&amp;sig=Ovkq6pw7jah05fwZEy3bVQ--~C\",\"contentUrl\":\"https:\/\/ecp.yusercontent.com\/mail?url=https%3A%2F%2Fdrive.google.com%2Fuc%3Fid%3D0B-TIaoKsAQscaGJPTXUxZEF0VkNISzM0U2RiZlhYb0tQRnk4%26export%3Ddownload&amp;t=1550527915&amp;ymreqid=d18f7fe8-cd98-57de-1c7f-5d000101d900&amp;sig=Ovkq6pw7jah05fwZEy3bVQ--~C\"},{\"@type\":\"BreadcrumbList\",\"@id\":\"https:\/\/www.noticiasradioreflejos.com.ar\/2021\/convocatoria-al-1-concurso-de-video-minuto-pensando-el-agro-del-2050\/#breadcrumb\",\"itemListElement\":[{\"@type\":\"ListItem\",\"position\":1,\"name\":\"Portada\",\"item\":\"https:\/\/www.noticiasradioreflejos.com.ar\/2021\/\"},{\"@type\":\"ListItem\",\"position\":2,\"name\":\"Convocatoria al\u00a0 1\u00b0 Concurso de video minuto &quot;Pensando el Agro del 2050&quot;\"}]},{\"@type\":\"WebSite\",\"@id\":\"https:\/\/www.noticiasradioreflejos.com.ar\/2021\/#website\",\"url\":\"https:\/\/www.noticiasradioreflejos.com.ar\/2021\/\",\"name\":\"Noticias Radio Reflejos\",\"description\":\"Las noticias de mi comarca\",\"potentialAction\":[{\"@type\":\"SearchAction\",\"target\":{\"@type\":\"EntryPoint\",\"urlTemplate\":\"https:\/\/www.noticiasradioreflejos.com.ar\/2021\/?s={search_term_string}\"},\"query-input\":{\"@type\":\"PropertyValueSpecification\",\"valueRequired\":true,\"valueName\":\"search_term_string\"}}],\"inLanguage\":\"es\"},{\"@type\":\"Person\",\"@id\":\"https:\/\/www.noticiasradioreflejos.com.ar\/2021\/#\/schema\/person\/ad82545263dcc5ec0996818884fd5fb1\",\"name\":\"Arnaldo Botto\",\"image\":{\"@type\":\"ImageObject\",\"inLanguage\":\"es\",\"@id\":\"https:\/\/www.noticiasradioreflejos.com.ar\/2021\/#\/schema\/person\/image\/\",\"url\":\"https:\/\/secure.gravatar.com\/avatar\/55cb5e37c1efa326397366e6974cb338056df65cb50e7d64d1cf314e87504837?s=96&d=mm&r=g\",\"contentUrl\":\"https:\/\/secure.gravatar.com\/avatar\/55cb5e37c1efa326397366e6974cb338056df65cb50e7d64d1cf314e87504837?s=96&d=mm&r=g\",\"caption\":\"Arnaldo Botto\"},\"url\":\"https:\/\/www.noticiasradioreflejos.com.ar\/2021\/author\/arnaldo\/\"}]}<\/script>\n<!-- \/ Yoast SEO plugin. -->","yoast_head_json":{"title":"Convocatoria al\u00a0 1\u00b0 Concurso de video minuto &quot;Pensando el Agro del 2050&quot; - Noticias Radio Reflejos","robots":{"index":"index","follow":"follow","max-snippet":"max-snippet:-1","max-image-preview":"max-image-preview:large","max-video-preview":"max-video-preview:-1"},"canonical":"https:\/\/www.noticiasradioreflejos.com.ar\/2021\/convocatoria-al-1-concurso-de-video-minuto-pensando-el-agro-del-2050\/","og_locale":"es_ES","og_type":"article","og_title":"Convocatoria al\u00a0 1\u00b0 Concurso de video minuto &quot;Pensando el Agro del 2050&quot; - Noticias Radio Reflejos","og_description":"El Ministerio de Agroindustria de la Provincia de Buenos Aires convoca al 1\u00b0 Concurso de video minuto \u201cPensando el Agro del 2050\u201d, destinado a j\u00f3venes de 18 a 35 a\u00f1os profesionales y\/o aficionados argentinos o residentes en el pa\u00eds. La inscripci\u00f3n es gratuita. Para poder participar del concurso los interesados deber\u00e1n inscribirse v\u00eda mail en [&hellip;]","og_url":"https:\/\/www.noticiasradioreflejos.com.ar\/2021\/convocatoria-al-1-concurso-de-video-minuto-pensando-el-agro-del-2050\/","og_site_name":"Noticias Radio Reflejos","article_published_time":"2019-02-18T22:21:53+00:00","og_image":[{"url":"https:\/\/ecp.yusercontent.com\/mail?url=https%3A%2F%2Fdrive.google.com%2Fuc%3Fid%3D0B-TIaoKsAQscaGJPTXUxZEF0VkNISzM0U2RiZlhYb0tQRnk4%26export%3Ddownload&amp;t=1550527915&amp;ymreqid=d18f7fe8-cd98-57de-1c7f-5d000101d900&amp;sig=Ovkq6pw7jah05fwZEy3bVQ--~C","type":"","width":"","height":""}],"author":"Arnaldo Botto","twitter_card":"summary_large_image","schema":{"@context":"https:\/\/schema.org","@graph":[{"@type":"WebPage","@id":"https:\/\/www.noticiasradioreflejos.com.ar\/2021\/convocatoria-al-1-concurso-de-video-minuto-pensando-el-agro-del-2050\/","url":"https:\/\/www.noticiasradioreflejos.com.ar\/2021\/convocatoria-al-1-concurso-de-video-minuto-pensando-el-agro-del-2050\/","name":"Convocatoria al\u00a0 1\u00b0 Concurso de video minuto &quot;Pensando el Agro del 2050&quot; - Noticias Radio Reflejos","isPartOf":{"@id":"https:\/\/www.noticiasradioreflejos.com.ar\/2021\/#website"},"primaryImageOfPage":{"@id":"https:\/\/www.noticiasradioreflejos.com.ar\/2021\/convocatoria-al-1-concurso-de-video-minuto-pensando-el-agro-del-2050\/#primaryimage"},"image":{"@id":"https:\/\/www.noticiasradioreflejos.com.ar\/2021\/convocatoria-al-1-concurso-de-video-minuto-pensando-el-agro-del-2050\/#primaryimage"},"thumbnailUrl":"https:\/\/ecp.yusercontent.com\/mail?url=https%3A%2F%2Fdrive.google.com%2Fuc%3Fid%3D0B-TIaoKsAQscaGJPTXUxZEF0VkNISzM0U2RiZlhYb0tQRnk4%26export%3Ddownload&amp;t=1550527915&amp;ymreqid=d18f7fe8-cd98-57de-1c7f-5d000101d900&amp;sig=Ovkq6pw7jah05fwZEy3bVQ--~C","datePublished":"2019-02-18T22:21:53+00:00","author":{"@id":"https:\/\/www.noticiasradioreflejos.com.ar\/2021\/#\/schema\/person\/ad82545263dcc5ec0996818884fd5fb1"},"breadcrumb":{"@id":"https:\/\/www.noticiasradioreflejos.com.ar\/2021\/convocatoria-al-1-concurso-de-video-minuto-pensando-el-agro-del-2050\/#breadcrumb"},"inLanguage":"es","potentialAction":[{"@type":"ReadAction","target":["https:\/\/www.noticiasradioreflejos.com.ar\/2021\/convocatoria-al-1-concurso-de-video-minuto-pensando-el-agro-del-2050\/"]}]},{"@type":"ImageObject","inLanguage":"es","@id":"https:\/\/www.noticiasradioreflejos.com.ar\/2021\/convocatoria-al-1-concurso-de-video-minuto-pensando-el-agro-del-2050\/#primaryimage","url":"https:\/\/ecp.yusercontent.com\/mail?url=https%3A%2F%2Fdrive.google.com%2Fuc%3Fid%3D0B-TIaoKsAQscaGJPTXUxZEF0VkNISzM0U2RiZlhYb0tQRnk4%26export%3Ddownload&amp;t=1550527915&amp;ymreqid=d18f7fe8-cd98-57de-1c7f-5d000101d900&amp;sig=Ovkq6pw7jah05fwZEy3bVQ--~C","contentUrl":"https:\/\/ecp.yusercontent.com\/mail?url=https%3A%2F%2Fdrive.google.com%2Fuc%3Fid%3D0B-TIaoKsAQscaGJPTXUxZEF0VkNISzM0U2RiZlhYb0tQRnk4%26export%3Ddownload&amp;t=1550527915&amp;ymreqid=d18f7fe8-cd98-57de-1c7f-5d000101d900&amp;sig=Ovkq6pw7jah05fwZEy3bVQ--~C"},{"@type":"BreadcrumbList","@id":"https:\/\/www.noticiasradioreflejos.com.ar\/2021\/convocatoria-al-1-concurso-de-video-minuto-pensando-el-agro-del-2050\/#breadcrumb","itemListElement":[{"@type":"ListItem","position":1,"name":"Portada","item":"https:\/\/www.noticiasradioreflejos.com.ar\/2021\/"},{"@type":"ListItem","position":2,"name":"Convocatoria al\u00a0 1\u00b0 Concurso de video minuto &quot;Pensando el Agro del 2050&quot;"}]},{"@type":"WebSite","@id":"https:\/\/www.noticiasradioreflejos.com.ar\/2021\/#website","url":"https:\/\/www.noticiasradioreflejos.com.ar\/2021\/","name":"Noticias Radio Reflejos","description":"Las noticias de mi comarca","potentialAction":[{"@type":"SearchAction","target":{"@type":"EntryPoint","urlTemplate":"https:\/\/www.noticiasradioreflejos.com.ar\/2021\/?s={search_term_string}"},"query-input":{"@type":"PropertyValueSpecification","valueRequired":true,"valueName":"search_term_string"}}],"inLanguage":"es"},{"@type":"Person","@id":"https:\/\/www.noticiasradioreflejos.com.ar\/2021\/#\/schema\/person\/ad82545263dcc5ec0996818884fd5fb1","name":"Arnaldo Botto","image":{"@type":"ImageObject","inLanguage":"es","@id":"https:\/\/www.noticiasradioreflejos.com.ar\/2021\/#\/schema\/person\/image\/","url":"https:\/\/secure.gravatar.com\/avatar\/55cb5e37c1efa326397366e6974cb338056df65cb50e7d64d1cf314e87504837?s=96&d=mm&r=g","contentUrl":"https:\/\/secure.gravatar.com\/avatar\/55cb5e37c1efa326397366e6974cb338056df65cb50e7d64d1cf314e87504837?s=96&d=mm&r=g","caption":"Arnaldo Botto"},"url":"https:\/\/www.noticiasradioreflejos.com.ar\/2021\/author\/arnaldo\/"}]}},"_links":{"self":[{"href":"https:\/\/www.noticiasradioreflejos.com.ar\/2021\/wp-json\/wp\/v2\/posts\/29018","targetHints":{"allow":["GET"]}}],"collection":[{"href":"https:\/\/www.noticiasradioreflejos.com.ar\/2021\/wp-json\/wp\/v2\/posts"}],"about":[{"href":"https:\/\/www.noticiasradioreflejos.com.ar\/2021\/wp-json\/wp\/v2\/types\/post"}],"author":[{"embeddable":true,"href":"https:\/\/www.noticiasradioreflejos.com.ar\/2021\/wp-json\/wp\/v2\/users\/3"}],"replies":[{"embeddable":true,"href":"https:\/\/www.noticiasradioreflejos.com.ar\/2021\/wp-json\/wp\/v2\/comments?post=29018"}],"version-history":[{"count":0,"href":"https:\/\/www.noticiasradioreflejos.com.ar\/2021\/wp-json\/wp\/v2\/posts\/29018\/revisions"}],"wp:attachment":[{"href":"https:\/\/www.noticiasradioreflejos.com.ar\/2021\/wp-json\/wp\/v2\/media?parent=29018"}],"wp:term":[{"taxonomy":"category","embeddable":true,"href":"https:\/\/www.noticiasradioreflejos.com.ar\/2021\/wp-json\/wp\/v2\/categories?post=29018"},{"taxonomy":"post_tag","embeddable":true,"href":"https:\/\/www.noticiasradioreflejos.com.ar\/2021\/wp-json\/wp\/v2\/tags?post=29018"}],"curies":[{"name":"wp","href":"https:\/\/api.w.org\/{rel}","templated":true}]}}