{"id":29013,"date":"2019-02-18T19:12:34","date_gmt":"2019-02-18T22:12:34","guid":{"rendered":"http:\/\/www.noticiasradioreflejos.com.ar\/noticias\/?p=29013"},"modified":"2019-02-18T19:12:34","modified_gmt":"2019-02-18T22:12:34","slug":"a-sala-llena-se-presento-el-grupo-de-teatro-de-chasico","status":"publish","type":"post","link":"https:\/\/www.noticiasradioreflejos.com.ar\/2021\/a-sala-llena-se-presento-el-grupo-de-teatro-de-chasico\/","title":{"rendered":"A sala llena, se present\u00f3 el grupo de teatro de Chasic\u00f3"},"content":{"rendered":"<p>El viernes pasado, a las 20:30 horas se desarroll\u00f3 con un muy buen marco de p\u00fablico, la obra \u201cEsperando la carroza\u201d, una versi\u00f3n de la cl\u00e1sica obra interpretada en el cine, por los actores Antonio Gasalla, Enrique Pinti y la entra\u00f1able \u201cChina\u201d Zorrilla entre otros.<br \/>\nCon mucha expectativa, los artistas que integran el Taller Municipal de Teatro de Chasic\u00f3, le pusieron su impronta y se fueron del Teatro Rodolfo Funke, ovacionados.<!--more--><br \/>\nLa Direcci\u00f3n en esta oportunidad, fue responsabilidad de Julieta Monteagudo quien al igual que los actores, se robaron todos los aplausos del p\u00fablico.<br \/>\nLa obra original:<br \/>\nEst\u00e1  basada en la obra de teatro que lleva el mismo nombre y es del uruguayo Jacobo Langsner, estrenada por la Comedia Nacional de Uruguay en 1962 y dirigida en aquel entonces por Sergio Otermin.<br \/>\n En su estreno el film recibi\u00f3 duras cr\u00edticas y un \u00e9xito moderado de p\u00fablico. Con el paso del tiempo se fue convirtiendo en un cl\u00e1sico de culto del cine argentino, debido al reflejo de la idiosincrasia argentina que hace a trav\u00e9s de una amarga s\u00e1tira, la que incluye comentarios sociales sobre la realidad de los a\u00f1os 1970 y 1980 y el menosprecio hacia la ancianidad.<br \/>\nEl guion gan\u00f3 el Premio Argentores y de la Asociaci\u00f3n de Cronistas Cinematogr\u00e1ficos de la Argentina (Premio C\u00f3ndor a Mejor Adaptaci\u00f3n).<\/p>\n","protected":false},"excerpt":{"rendered":"<p>El viernes pasado, a las 20:30 horas se desarroll\u00f3 con un muy buen marco de p\u00fablico, la obra \u201cEsperando la carroza\u201d, una versi\u00f3n de la cl\u00e1sica obra interpretada en el cine, por los actores Antonio Gasalla, Enrique Pinti y la entra\u00f1able \u201cChina\u201d Zorrilla entre otros. Con mucha expectativa, los artistas que integran el Taller Municipal [&hellip;]<\/p>\n","protected":false},"author":3,"featured_media":0,"comment_status":"closed","ping_status":"open","sticky":false,"template":"","format":"standard","meta":{"footnotes":""},"categories":[35],"tags":[],"class_list":["post-29013","post","type-post","status-publish","format-standard","hentry","category-cultura"],"yoast_head":"<!-- This site is optimized with the Yoast SEO plugin v25.9 - https:\/\/yoast.com\/wordpress\/plugins\/seo\/ -->\n<title>A sala llena, se present\u00f3 el grupo de teatro de Chasic\u00f3 - Noticias Radio Reflejos<\/title>\n<meta name=\"robots\" content=\"index, follow, max-snippet:-1, max-image-preview:large, max-video-preview:-1\" \/>\n<link rel=\"canonical\" href=\"https:\/\/www.noticiasradioreflejos.com.ar\/2021\/a-sala-llena-se-presento-el-grupo-de-teatro-de-chasico\/\" \/>\n<meta property=\"og:locale\" content=\"es_ES\" \/>\n<meta property=\"og:type\" content=\"article\" \/>\n<meta property=\"og:title\" content=\"A sala llena, se present\u00f3 el grupo de teatro de Chasic\u00f3 - Noticias Radio Reflejos\" \/>\n<meta property=\"og:description\" content=\"El viernes pasado, a las 20:30 horas se desarroll\u00f3 con un muy buen marco de p\u00fablico, la obra \u201cEsperando la carroza\u201d, una versi\u00f3n de la cl\u00e1sica obra interpretada en el cine, por los actores Antonio Gasalla, Enrique Pinti y la entra\u00f1able \u201cChina\u201d Zorrilla entre otros. Con mucha expectativa, los artistas que integran el Taller Municipal [&hellip;]\" \/>\n<meta property=\"og:url\" content=\"https:\/\/www.noticiasradioreflejos.com.ar\/2021\/a-sala-llena-se-presento-el-grupo-de-teatro-de-chasico\/\" \/>\n<meta property=\"og:site_name\" content=\"Noticias Radio Reflejos\" \/>\n<meta property=\"article:published_time\" content=\"2019-02-18T22:12:34+00:00\" \/>\n<meta property=\"og:image\" content=\"https:\/\/www.noticiasradioreflejos.com.ar\/2021\/wp-content\/uploads\/2021\/07\/logosol300x200.png\" \/>\n\t<meta property=\"og:image:width\" content=\"300\" \/>\n\t<meta property=\"og:image:height\" content=\"200\" \/>\n\t<meta property=\"og:image:type\" content=\"image\/png\" \/>\n<meta name=\"author\" content=\"Arnaldo Botto\" \/>\n<meta name=\"twitter:card\" content=\"summary_large_image\" \/>\n<script type=\"application\/ld+json\" class=\"yoast-schema-graph\">{\"@context\":\"https:\/\/schema.org\",\"@graph\":[{\"@type\":\"WebPage\",\"@id\":\"https:\/\/www.noticiasradioreflejos.com.ar\/2021\/a-sala-llena-se-presento-el-grupo-de-teatro-de-chasico\/\",\"url\":\"https:\/\/www.noticiasradioreflejos.com.ar\/2021\/a-sala-llena-se-presento-el-grupo-de-teatro-de-chasico\/\",\"name\":\"A sala llena, se present\u00f3 el grupo de teatro de Chasic\u00f3 - Noticias Radio Reflejos\",\"isPartOf\":{\"@id\":\"https:\/\/www.noticiasradioreflejos.com.ar\/2021\/#website\"},\"datePublished\":\"2019-02-18T22:12:34+00:00\",\"author\":{\"@id\":\"https:\/\/www.noticiasradioreflejos.com.ar\/2021\/#\/schema\/person\/ad82545263dcc5ec0996818884fd5fb1\"},\"breadcrumb\":{\"@id\":\"https:\/\/www.noticiasradioreflejos.com.ar\/2021\/a-sala-llena-se-presento-el-grupo-de-teatro-de-chasico\/#breadcrumb\"},\"inLanguage\":\"es\",\"potentialAction\":[{\"@type\":\"ReadAction\",\"target\":[\"https:\/\/www.noticiasradioreflejos.com.ar\/2021\/a-sala-llena-se-presento-el-grupo-de-teatro-de-chasico\/\"]}]},{\"@type\":\"BreadcrumbList\",\"@id\":\"https:\/\/www.noticiasradioreflejos.com.ar\/2021\/a-sala-llena-se-presento-el-grupo-de-teatro-de-chasico\/#breadcrumb\",\"itemListElement\":[{\"@type\":\"ListItem\",\"position\":1,\"name\":\"Portada\",\"item\":\"https:\/\/www.noticiasradioreflejos.com.ar\/2021\/\"},{\"@type\":\"ListItem\",\"position\":2,\"name\":\"A sala llena, se present\u00f3 el grupo de teatro de Chasic\u00f3\"}]},{\"@type\":\"WebSite\",\"@id\":\"https:\/\/www.noticiasradioreflejos.com.ar\/2021\/#website\",\"url\":\"https:\/\/www.noticiasradioreflejos.com.ar\/2021\/\",\"name\":\"Noticias Radio Reflejos\",\"description\":\"Las noticias de mi comarca\",\"potentialAction\":[{\"@type\":\"SearchAction\",\"target\":{\"@type\":\"EntryPoint\",\"urlTemplate\":\"https:\/\/www.noticiasradioreflejos.com.ar\/2021\/?s={search_term_string}\"},\"query-input\":{\"@type\":\"PropertyValueSpecification\",\"valueRequired\":true,\"valueName\":\"search_term_string\"}}],\"inLanguage\":\"es\"},{\"@type\":\"Person\",\"@id\":\"https:\/\/www.noticiasradioreflejos.com.ar\/2021\/#\/schema\/person\/ad82545263dcc5ec0996818884fd5fb1\",\"name\":\"Arnaldo Botto\",\"image\":{\"@type\":\"ImageObject\",\"inLanguage\":\"es\",\"@id\":\"https:\/\/www.noticiasradioreflejos.com.ar\/2021\/#\/schema\/person\/image\/\",\"url\":\"https:\/\/secure.gravatar.com\/avatar\/55cb5e37c1efa326397366e6974cb338056df65cb50e7d64d1cf314e87504837?s=96&d=mm&r=g\",\"contentUrl\":\"https:\/\/secure.gravatar.com\/avatar\/55cb5e37c1efa326397366e6974cb338056df65cb50e7d64d1cf314e87504837?s=96&d=mm&r=g\",\"caption\":\"Arnaldo Botto\"},\"url\":\"https:\/\/www.noticiasradioreflejos.com.ar\/2021\/author\/arnaldo\/\"}]}<\/script>\n<!-- \/ Yoast SEO plugin. -->","yoast_head_json":{"title":"A sala llena, se present\u00f3 el grupo de teatro de Chasic\u00f3 - Noticias Radio Reflejos","robots":{"index":"index","follow":"follow","max-snippet":"max-snippet:-1","max-image-preview":"max-image-preview:large","max-video-preview":"max-video-preview:-1"},"canonical":"https:\/\/www.noticiasradioreflejos.com.ar\/2021\/a-sala-llena-se-presento-el-grupo-de-teatro-de-chasico\/","og_locale":"es_ES","og_type":"article","og_title":"A sala llena, se present\u00f3 el grupo de teatro de Chasic\u00f3 - Noticias Radio Reflejos","og_description":"El viernes pasado, a las 20:30 horas se desarroll\u00f3 con un muy buen marco de p\u00fablico, la obra \u201cEsperando la carroza\u201d, una versi\u00f3n de la cl\u00e1sica obra interpretada en el cine, por los actores Antonio Gasalla, Enrique Pinti y la entra\u00f1able \u201cChina\u201d Zorrilla entre otros. Con mucha expectativa, los artistas que integran el Taller Municipal [&hellip;]","og_url":"https:\/\/www.noticiasradioreflejos.com.ar\/2021\/a-sala-llena-se-presento-el-grupo-de-teatro-de-chasico\/","og_site_name":"Noticias Radio Reflejos","article_published_time":"2019-02-18T22:12:34+00:00","og_image":[{"width":300,"height":200,"url":"https:\/\/www.noticiasradioreflejos.com.ar\/2021\/wp-content\/uploads\/2021\/07\/logosol300x200.png","type":"image\/png"}],"author":"Arnaldo Botto","twitter_card":"summary_large_image","schema":{"@context":"https:\/\/schema.org","@graph":[{"@type":"WebPage","@id":"https:\/\/www.noticiasradioreflejos.com.ar\/2021\/a-sala-llena-se-presento-el-grupo-de-teatro-de-chasico\/","url":"https:\/\/www.noticiasradioreflejos.com.ar\/2021\/a-sala-llena-se-presento-el-grupo-de-teatro-de-chasico\/","name":"A sala llena, se present\u00f3 el grupo de teatro de Chasic\u00f3 - Noticias Radio Reflejos","isPartOf":{"@id":"https:\/\/www.noticiasradioreflejos.com.ar\/2021\/#website"},"datePublished":"2019-02-18T22:12:34+00:00","author":{"@id":"https:\/\/www.noticiasradioreflejos.com.ar\/2021\/#\/schema\/person\/ad82545263dcc5ec0996818884fd5fb1"},"breadcrumb":{"@id":"https:\/\/www.noticiasradioreflejos.com.ar\/2021\/a-sala-llena-se-presento-el-grupo-de-teatro-de-chasico\/#breadcrumb"},"inLanguage":"es","potentialAction":[{"@type":"ReadAction","target":["https:\/\/www.noticiasradioreflejos.com.ar\/2021\/a-sala-llena-se-presento-el-grupo-de-teatro-de-chasico\/"]}]},{"@type":"BreadcrumbList","@id":"https:\/\/www.noticiasradioreflejos.com.ar\/2021\/a-sala-llena-se-presento-el-grupo-de-teatro-de-chasico\/#breadcrumb","itemListElement":[{"@type":"ListItem","position":1,"name":"Portada","item":"https:\/\/www.noticiasradioreflejos.com.ar\/2021\/"},{"@type":"ListItem","position":2,"name":"A sala llena, se present\u00f3 el grupo de teatro de Chasic\u00f3"}]},{"@type":"WebSite","@id":"https:\/\/www.noticiasradioreflejos.com.ar\/2021\/#website","url":"https:\/\/www.noticiasradioreflejos.com.ar\/2021\/","name":"Noticias Radio Reflejos","description":"Las noticias de mi comarca","potentialAction":[{"@type":"SearchAction","target":{"@type":"EntryPoint","urlTemplate":"https:\/\/www.noticiasradioreflejos.com.ar\/2021\/?s={search_term_string}"},"query-input":{"@type":"PropertyValueSpecification","valueRequired":true,"valueName":"search_term_string"}}],"inLanguage":"es"},{"@type":"Person","@id":"https:\/\/www.noticiasradioreflejos.com.ar\/2021\/#\/schema\/person\/ad82545263dcc5ec0996818884fd5fb1","name":"Arnaldo Botto","image":{"@type":"ImageObject","inLanguage":"es","@id":"https:\/\/www.noticiasradioreflejos.com.ar\/2021\/#\/schema\/person\/image\/","url":"https:\/\/secure.gravatar.com\/avatar\/55cb5e37c1efa326397366e6974cb338056df65cb50e7d64d1cf314e87504837?s=96&d=mm&r=g","contentUrl":"https:\/\/secure.gravatar.com\/avatar\/55cb5e37c1efa326397366e6974cb338056df65cb50e7d64d1cf314e87504837?s=96&d=mm&r=g","caption":"Arnaldo Botto"},"url":"https:\/\/www.noticiasradioreflejos.com.ar\/2021\/author\/arnaldo\/"}]}},"_links":{"self":[{"href":"https:\/\/www.noticiasradioreflejos.com.ar\/2021\/wp-json\/wp\/v2\/posts\/29013","targetHints":{"allow":["GET"]}}],"collection":[{"href":"https:\/\/www.noticiasradioreflejos.com.ar\/2021\/wp-json\/wp\/v2\/posts"}],"about":[{"href":"https:\/\/www.noticiasradioreflejos.com.ar\/2021\/wp-json\/wp\/v2\/types\/post"}],"author":[{"embeddable":true,"href":"https:\/\/www.noticiasradioreflejos.com.ar\/2021\/wp-json\/wp\/v2\/users\/3"}],"replies":[{"embeddable":true,"href":"https:\/\/www.noticiasradioreflejos.com.ar\/2021\/wp-json\/wp\/v2\/comments?post=29013"}],"version-history":[{"count":0,"href":"https:\/\/www.noticiasradioreflejos.com.ar\/2021\/wp-json\/wp\/v2\/posts\/29013\/revisions"}],"wp:attachment":[{"href":"https:\/\/www.noticiasradioreflejos.com.ar\/2021\/wp-json\/wp\/v2\/media?parent=29013"}],"wp:term":[{"taxonomy":"category","embeddable":true,"href":"https:\/\/www.noticiasradioreflejos.com.ar\/2021\/wp-json\/wp\/v2\/categories?post=29013"},{"taxonomy":"post_tag","embeddable":true,"href":"https:\/\/www.noticiasradioreflejos.com.ar\/2021\/wp-json\/wp\/v2\/tags?post=29013"}],"curies":[{"name":"wp","href":"https:\/\/api.w.org\/{rel}","templated":true}]}}