{"id":28980,"date":"2019-02-15T09:31:08","date_gmt":"2019-02-15T12:31:08","guid":{"rendered":"http:\/\/www.noticiasradioreflejos.com.ar\/noticias\/?p=28980"},"modified":"2019-02-15T09:31:08","modified_gmt":"2019-02-15T12:31:08","slug":"inscripcion-a-listados-108-a-y-b-in-fine-ano-2019","status":"publish","type":"post","link":"https:\/\/www.noticiasradioreflejos.com.ar\/2021\/inscripcion-a-listados-108-a-y-b-in-fine-ano-2019\/","title":{"rendered":"Inscripci\u00f3n a  Listados 108 A Y B IN FINE a\u00f1o 2019"},"content":{"rendered":"<p>SAD de TORNQUIST informa Cronograma Inscripci\u00f3n a los Listados 108 A y B In Fine a\u00f1o 2019 desde el 18\/02\/19 al 13\/12\/19:<!--more--><br \/>\nLa misma se llevar\u00e1 a cabo los d\u00edas martes de 9 a 11 horas y los jueves de 14 a 16 hs en la Sede de la SAD calle 25 de Mayo 626 de la ciudad de TORNQUIST.<br \/>\nLos aspirantes deber\u00e1n presentar:<br \/>\n&#8211; Declaraci\u00f3n Jurada debidamente cumplimentada: 1 original y una copia<br \/>\n&#8211; Fotocopia del DNI, anverso y reverso.<br \/>\n&#8211; Constancia de CUIL<br \/>\nPara Listado 108 A:<br \/>\nFotocopia del t\u00edtulo habilitante registrado en la Provincia de Bs. As O constancia de t\u00edtulo en tr\u00e1mite.<br \/>\nPara Listado 108 B:<br \/>\nFotocopia del t\u00edtulo secundario, registrado en la DGCyE<br \/>\nConstancia  de t\u00edtulo en tr\u00e1mite o certificado de alumno regular actualizado al momento de la inscripci\u00f3n donde se especifique la actualizaci\u00f3n (porcentaje) de las \u00faltimas materias aprobadas<br \/>\nCabe aclarar que la condici\u00f3n de alumno regular es determinante para ser habilitado en el Listado 108 B<br \/>\nLa planilla se podr\u00e1 bajar desde el portal www.abc.gob.ar o fotocopiar en Casa Vallucci<br \/>\nToda la documentaci\u00f3n se entregar\u00e1 en un folio.<br \/>\nSe aclara que las inscripciones se realizar\u00e1n por distrito, entregando el aspirante toda la documentaci\u00f3n en el distrito de residencia y en el caso de inscribirse en otro distrito deber\u00e1 concurrir s\u00f3lo con la declaraci\u00f3n jurada\u00bb<br \/>\nSILVANA VITTORI<br \/>\nSAD\/ TORNQUIST<\/p>\n","protected":false},"excerpt":{"rendered":"<p>SAD de TORNQUIST informa Cronograma Inscripci\u00f3n a los Listados 108 A y B In Fine a\u00f1o 2019 desde el 18\/02\/19 al 13\/12\/19:<\/p>\n","protected":false},"author":3,"featured_media":0,"comment_status":"closed","ping_status":"open","sticky":false,"template":"","format":"standard","meta":{"footnotes":""},"categories":[34],"tags":[],"class_list":["post-28980","post","type-post","status-publish","format-standard","hentry","category-educacion"],"yoast_head":"<!-- This site is optimized with the Yoast SEO plugin v25.9 - https:\/\/yoast.com\/wordpress\/plugins\/seo\/ -->\n<title>Inscripci\u00f3n a Listados 108 A Y B IN FINE a\u00f1o 2019 - Noticias Radio Reflejos<\/title>\n<meta name=\"robots\" content=\"index, follow, max-snippet:-1, max-image-preview:large, max-video-preview:-1\" \/>\n<link rel=\"canonical\" href=\"https:\/\/www.noticiasradioreflejos.com.ar\/2021\/inscripcion-a-listados-108-a-y-b-in-fine-ano-2019\/\" \/>\n<meta property=\"og:locale\" content=\"es_ES\" \/>\n<meta property=\"og:type\" content=\"article\" \/>\n<meta property=\"og:title\" content=\"Inscripci\u00f3n a Listados 108 A Y B IN FINE a\u00f1o 2019 - Noticias Radio Reflejos\" \/>\n<meta property=\"og:description\" content=\"SAD de TORNQUIST informa Cronograma Inscripci\u00f3n a los Listados 108 A y B In Fine a\u00f1o 2019 desde el 18\/02\/19 al 13\/12\/19:\" \/>\n<meta property=\"og:url\" content=\"https:\/\/www.noticiasradioreflejos.com.ar\/2021\/inscripcion-a-listados-108-a-y-b-in-fine-ano-2019\/\" \/>\n<meta property=\"og:site_name\" content=\"Noticias Radio Reflejos\" \/>\n<meta property=\"article:published_time\" content=\"2019-02-15T12:31:08+00:00\" \/>\n<meta property=\"og:image\" content=\"https:\/\/www.noticiasradioreflejos.com.ar\/2021\/wp-content\/uploads\/2021\/07\/logosol300x200.png\" \/>\n\t<meta property=\"og:image:width\" content=\"300\" \/>\n\t<meta property=\"og:image:height\" content=\"200\" \/>\n\t<meta property=\"og:image:type\" content=\"image\/png\" \/>\n<meta name=\"author\" content=\"Arnaldo Botto\" \/>\n<meta name=\"twitter:card\" content=\"summary_large_image\" \/>\n<script type=\"application\/ld+json\" class=\"yoast-schema-graph\">{\"@context\":\"https:\/\/schema.org\",\"@graph\":[{\"@type\":\"WebPage\",\"@id\":\"https:\/\/www.noticiasradioreflejos.com.ar\/2021\/inscripcion-a-listados-108-a-y-b-in-fine-ano-2019\/\",\"url\":\"https:\/\/www.noticiasradioreflejos.com.ar\/2021\/inscripcion-a-listados-108-a-y-b-in-fine-ano-2019\/\",\"name\":\"Inscripci\u00f3n a Listados 108 A Y B IN FINE a\u00f1o 2019 - Noticias Radio Reflejos\",\"isPartOf\":{\"@id\":\"https:\/\/www.noticiasradioreflejos.com.ar\/2021\/#website\"},\"datePublished\":\"2019-02-15T12:31:08+00:00\",\"author\":{\"@id\":\"https:\/\/www.noticiasradioreflejos.com.ar\/2021\/#\/schema\/person\/ad82545263dcc5ec0996818884fd5fb1\"},\"breadcrumb\":{\"@id\":\"https:\/\/www.noticiasradioreflejos.com.ar\/2021\/inscripcion-a-listados-108-a-y-b-in-fine-ano-2019\/#breadcrumb\"},\"inLanguage\":\"es\",\"potentialAction\":[{\"@type\":\"ReadAction\",\"target\":[\"https:\/\/www.noticiasradioreflejos.com.ar\/2021\/inscripcion-a-listados-108-a-y-b-in-fine-ano-2019\/\"]}]},{\"@type\":\"BreadcrumbList\",\"@id\":\"https:\/\/www.noticiasradioreflejos.com.ar\/2021\/inscripcion-a-listados-108-a-y-b-in-fine-ano-2019\/#breadcrumb\",\"itemListElement\":[{\"@type\":\"ListItem\",\"position\":1,\"name\":\"Portada\",\"item\":\"https:\/\/www.noticiasradioreflejos.com.ar\/2021\/\"},{\"@type\":\"ListItem\",\"position\":2,\"name\":\"Inscripci\u00f3n a Listados 108 A Y B IN FINE a\u00f1o 2019\"}]},{\"@type\":\"WebSite\",\"@id\":\"https:\/\/www.noticiasradioreflejos.com.ar\/2021\/#website\",\"url\":\"https:\/\/www.noticiasradioreflejos.com.ar\/2021\/\",\"name\":\"Noticias Radio Reflejos\",\"description\":\"Las noticias de mi comarca\",\"potentialAction\":[{\"@type\":\"SearchAction\",\"target\":{\"@type\":\"EntryPoint\",\"urlTemplate\":\"https:\/\/www.noticiasradioreflejos.com.ar\/2021\/?s={search_term_string}\"},\"query-input\":{\"@type\":\"PropertyValueSpecification\",\"valueRequired\":true,\"valueName\":\"search_term_string\"}}],\"inLanguage\":\"es\"},{\"@type\":\"Person\",\"@id\":\"https:\/\/www.noticiasradioreflejos.com.ar\/2021\/#\/schema\/person\/ad82545263dcc5ec0996818884fd5fb1\",\"name\":\"Arnaldo Botto\",\"image\":{\"@type\":\"ImageObject\",\"inLanguage\":\"es\",\"@id\":\"https:\/\/www.noticiasradioreflejos.com.ar\/2021\/#\/schema\/person\/image\/\",\"url\":\"https:\/\/secure.gravatar.com\/avatar\/55cb5e37c1efa326397366e6974cb338056df65cb50e7d64d1cf314e87504837?s=96&d=mm&r=g\",\"contentUrl\":\"https:\/\/secure.gravatar.com\/avatar\/55cb5e37c1efa326397366e6974cb338056df65cb50e7d64d1cf314e87504837?s=96&d=mm&r=g\",\"caption\":\"Arnaldo Botto\"},\"url\":\"https:\/\/www.noticiasradioreflejos.com.ar\/2021\/author\/arnaldo\/\"}]}<\/script>\n<!-- \/ Yoast SEO plugin. -->","yoast_head_json":{"title":"Inscripci\u00f3n a Listados 108 A Y B IN FINE a\u00f1o 2019 - Noticias Radio Reflejos","robots":{"index":"index","follow":"follow","max-snippet":"max-snippet:-1","max-image-preview":"max-image-preview:large","max-video-preview":"max-video-preview:-1"},"canonical":"https:\/\/www.noticiasradioreflejos.com.ar\/2021\/inscripcion-a-listados-108-a-y-b-in-fine-ano-2019\/","og_locale":"es_ES","og_type":"article","og_title":"Inscripci\u00f3n a Listados 108 A Y B IN FINE a\u00f1o 2019 - Noticias Radio Reflejos","og_description":"SAD de TORNQUIST informa Cronograma Inscripci\u00f3n a los Listados 108 A y B In Fine a\u00f1o 2019 desde el 18\/02\/19 al 13\/12\/19:","og_url":"https:\/\/www.noticiasradioreflejos.com.ar\/2021\/inscripcion-a-listados-108-a-y-b-in-fine-ano-2019\/","og_site_name":"Noticias Radio Reflejos","article_published_time":"2019-02-15T12:31:08+00:00","og_image":[{"width":300,"height":200,"url":"https:\/\/www.noticiasradioreflejos.com.ar\/2021\/wp-content\/uploads\/2021\/07\/logosol300x200.png","type":"image\/png"}],"author":"Arnaldo Botto","twitter_card":"summary_large_image","schema":{"@context":"https:\/\/schema.org","@graph":[{"@type":"WebPage","@id":"https:\/\/www.noticiasradioreflejos.com.ar\/2021\/inscripcion-a-listados-108-a-y-b-in-fine-ano-2019\/","url":"https:\/\/www.noticiasradioreflejos.com.ar\/2021\/inscripcion-a-listados-108-a-y-b-in-fine-ano-2019\/","name":"Inscripci\u00f3n a Listados 108 A Y B IN FINE a\u00f1o 2019 - Noticias Radio Reflejos","isPartOf":{"@id":"https:\/\/www.noticiasradioreflejos.com.ar\/2021\/#website"},"datePublished":"2019-02-15T12:31:08+00:00","author":{"@id":"https:\/\/www.noticiasradioreflejos.com.ar\/2021\/#\/schema\/person\/ad82545263dcc5ec0996818884fd5fb1"},"breadcrumb":{"@id":"https:\/\/www.noticiasradioreflejos.com.ar\/2021\/inscripcion-a-listados-108-a-y-b-in-fine-ano-2019\/#breadcrumb"},"inLanguage":"es","potentialAction":[{"@type":"ReadAction","target":["https:\/\/www.noticiasradioreflejos.com.ar\/2021\/inscripcion-a-listados-108-a-y-b-in-fine-ano-2019\/"]}]},{"@type":"BreadcrumbList","@id":"https:\/\/www.noticiasradioreflejos.com.ar\/2021\/inscripcion-a-listados-108-a-y-b-in-fine-ano-2019\/#breadcrumb","itemListElement":[{"@type":"ListItem","position":1,"name":"Portada","item":"https:\/\/www.noticiasradioreflejos.com.ar\/2021\/"},{"@type":"ListItem","position":2,"name":"Inscripci\u00f3n a Listados 108 A Y B IN FINE a\u00f1o 2019"}]},{"@type":"WebSite","@id":"https:\/\/www.noticiasradioreflejos.com.ar\/2021\/#website","url":"https:\/\/www.noticiasradioreflejos.com.ar\/2021\/","name":"Noticias Radio Reflejos","description":"Las noticias de mi comarca","potentialAction":[{"@type":"SearchAction","target":{"@type":"EntryPoint","urlTemplate":"https:\/\/www.noticiasradioreflejos.com.ar\/2021\/?s={search_term_string}"},"query-input":{"@type":"PropertyValueSpecification","valueRequired":true,"valueName":"search_term_string"}}],"inLanguage":"es"},{"@type":"Person","@id":"https:\/\/www.noticiasradioreflejos.com.ar\/2021\/#\/schema\/person\/ad82545263dcc5ec0996818884fd5fb1","name":"Arnaldo Botto","image":{"@type":"ImageObject","inLanguage":"es","@id":"https:\/\/www.noticiasradioreflejos.com.ar\/2021\/#\/schema\/person\/image\/","url":"https:\/\/secure.gravatar.com\/avatar\/55cb5e37c1efa326397366e6974cb338056df65cb50e7d64d1cf314e87504837?s=96&d=mm&r=g","contentUrl":"https:\/\/secure.gravatar.com\/avatar\/55cb5e37c1efa326397366e6974cb338056df65cb50e7d64d1cf314e87504837?s=96&d=mm&r=g","caption":"Arnaldo Botto"},"url":"https:\/\/www.noticiasradioreflejos.com.ar\/2021\/author\/arnaldo\/"}]}},"_links":{"self":[{"href":"https:\/\/www.noticiasradioreflejos.com.ar\/2021\/wp-json\/wp\/v2\/posts\/28980","targetHints":{"allow":["GET"]}}],"collection":[{"href":"https:\/\/www.noticiasradioreflejos.com.ar\/2021\/wp-json\/wp\/v2\/posts"}],"about":[{"href":"https:\/\/www.noticiasradioreflejos.com.ar\/2021\/wp-json\/wp\/v2\/types\/post"}],"author":[{"embeddable":true,"href":"https:\/\/www.noticiasradioreflejos.com.ar\/2021\/wp-json\/wp\/v2\/users\/3"}],"replies":[{"embeddable":true,"href":"https:\/\/www.noticiasradioreflejos.com.ar\/2021\/wp-json\/wp\/v2\/comments?post=28980"}],"version-history":[{"count":0,"href":"https:\/\/www.noticiasradioreflejos.com.ar\/2021\/wp-json\/wp\/v2\/posts\/28980\/revisions"}],"wp:attachment":[{"href":"https:\/\/www.noticiasradioreflejos.com.ar\/2021\/wp-json\/wp\/v2\/media?parent=28980"}],"wp:term":[{"taxonomy":"category","embeddable":true,"href":"https:\/\/www.noticiasradioreflejos.com.ar\/2021\/wp-json\/wp\/v2\/categories?post=28980"},{"taxonomy":"post_tag","embeddable":true,"href":"https:\/\/www.noticiasradioreflejos.com.ar\/2021\/wp-json\/wp\/v2\/tags?post=28980"}],"curies":[{"name":"wp","href":"https:\/\/api.w.org\/{rel}","templated":true}]}}