{"id":288,"date":"2016-08-31T15:13:50","date_gmt":"2016-08-31T15:13:50","guid":{"rendered":"http:\/\/noticiasradioreflejos.com.ar\/noticias\/?p=288"},"modified":"2016-08-31T15:13:50","modified_gmt":"2016-08-31T15:13:50","slug":"aula-experimental-el-arte-de-vivir","status":"publish","type":"post","link":"https:\/\/www.noticiasradioreflejos.com.ar\/2021\/aula-experimental-el-arte-de-vivir\/","title":{"rendered":"Aula Experimental: El Arte de Vivir"},"content":{"rendered":"<p><a title=\"ALEGR\u00cdA DE VIVIR\" href=\"http:\/\/farm8.staticflickr.com\/7736\/29362785625_ea0feff572_z.jpg\" rel=\"\"><img loading=\"lazy\" decoding=\"async\" class=\"alignleft\" title=\"ALEGR\u00cdA DE VIVIR\" src=\"http:\/\/farm8.staticflickr.com\/7736\/29362785625_ea0feff572_z.jpg\" alt=\"ALEGR\u00cdA DE VIVIR\" width=\"640\" height=\"480\" \/><\/a>Marcelo Sep\u00falveda dictara este Taller de meditaci\u00f3n sobre el \u00abArte de Vivir\u00bb en Villa Ventana.<br \/>\nMediante una nota telef\u00f3nica nos da detalles de como se dictar\u00e1 y que beneficios ofrece esta propuesta.<br \/>\nSe trata de un taller gratuito de una hora de duraci\u00f3n en el cual aprender\u00e1s m\u00e1s sobre las t\u00e9cnicas de respiraci\u00f3n y meditaci\u00f3n que se ense\u00f1an en el curso de El Arte de Vivir.<br \/>\nQu\u00e9 se aprende en este taller: \u2022 Qu\u00e9 es el estr\u00e9s \u2022 4 fuentes de energ\u00eda \u2022 Meditaci\u00f3n profunda \u2022 Respiraci\u00f3n del fuelle<br \/>\nLugar: Biblioteca Popular Macedonio Fern\u00e1ndez<br \/>\nD\u00eda y horario: jueves 1 septiembre 16hs<br \/>\n<iframe loading=\"lazy\" src=\"https:\/\/w.soundcloud.com\/player\/?url=https%3A\/\/api.soundcloud.com\/tracks\/280751983&amp;color=ff5500&amp;auto_play=false&amp;hide_related=false&amp;show_comments=true&amp;show_user=true&amp;show_reposts=false\" width=\"100%\" height=\"166\" frameborder=\"no\" scrolling=\"no\"><\/iframe><br \/>\nConsultas: llamanos o escribinos Whatsapp a los tel\u00e9fonos: 2914705492 y 2914299011<\/p>\n","protected":false},"excerpt":{"rendered":"<p>Marcelo Sep\u00falveda dictara este Taller de meditaci\u00f3n sobre el \u00abArte de Vivir\u00bb en Villa Ventana. Mediante una nota telef\u00f3nica nos da detalles de como se dictar\u00e1 y que beneficios ofrece esta propuesta. Se trata de un taller gratuito de una hora de duraci\u00f3n en el cual aprender\u00e1s m\u00e1s sobre las t\u00e9cnicas de respiraci\u00f3n y meditaci\u00f3n [&hellip;]<\/p>\n","protected":false},"author":3,"featured_media":0,"comment_status":"closed","ping_status":"open","sticky":false,"template":"","format":"standard","meta":{"footnotes":""},"categories":[35],"tags":[],"class_list":["post-288","post","type-post","status-publish","format-standard","hentry","category-cultura"],"yoast_head":"<!-- This site is optimized with the Yoast SEO plugin v25.9 - https:\/\/yoast.com\/wordpress\/plugins\/seo\/ -->\n<title>Aula Experimental: El Arte de Vivir - Noticias Radio Reflejos<\/title>\n<meta name=\"robots\" content=\"index, follow, max-snippet:-1, max-image-preview:large, max-video-preview:-1\" \/>\n<link rel=\"canonical\" href=\"https:\/\/www.noticiasradioreflejos.com.ar\/2021\/aula-experimental-el-arte-de-vivir\/\" \/>\n<meta property=\"og:locale\" content=\"es_ES\" \/>\n<meta property=\"og:type\" content=\"article\" \/>\n<meta property=\"og:title\" content=\"Aula Experimental: El Arte de Vivir - Noticias Radio Reflejos\" \/>\n<meta property=\"og:description\" content=\"Marcelo Sep\u00falveda dictara este Taller de meditaci\u00f3n sobre el \u00abArte de Vivir\u00bb en Villa Ventana. Mediante una nota telef\u00f3nica nos da detalles de como se dictar\u00e1 y que beneficios ofrece esta propuesta. Se trata de un taller gratuito de una hora de duraci\u00f3n en el cual aprender\u00e1s m\u00e1s sobre las t\u00e9cnicas de respiraci\u00f3n y meditaci\u00f3n [&hellip;]\" \/>\n<meta property=\"og:url\" content=\"https:\/\/www.noticiasradioreflejos.com.ar\/2021\/aula-experimental-el-arte-de-vivir\/\" \/>\n<meta property=\"og:site_name\" content=\"Noticias Radio Reflejos\" \/>\n<meta property=\"article:published_time\" content=\"2016-08-31T15:13:50+00:00\" \/>\n<meta property=\"og:image\" content=\"http:\/\/farm8.staticflickr.com\/7736\/29362785625_ea0feff572_z.jpg\" \/>\n<meta name=\"author\" content=\"Arnaldo Botto\" \/>\n<meta name=\"twitter:card\" content=\"summary_large_image\" \/>\n<script type=\"application\/ld+json\" class=\"yoast-schema-graph\">{\"@context\":\"https:\/\/schema.org\",\"@graph\":[{\"@type\":\"WebPage\",\"@id\":\"https:\/\/www.noticiasradioreflejos.com.ar\/2021\/aula-experimental-el-arte-de-vivir\/\",\"url\":\"https:\/\/www.noticiasradioreflejos.com.ar\/2021\/aula-experimental-el-arte-de-vivir\/\",\"name\":\"Aula Experimental: El Arte de Vivir - Noticias Radio Reflejos\",\"isPartOf\":{\"@id\":\"https:\/\/www.noticiasradioreflejos.com.ar\/2021\/#website\"},\"primaryImageOfPage\":{\"@id\":\"https:\/\/www.noticiasradioreflejos.com.ar\/2021\/aula-experimental-el-arte-de-vivir\/#primaryimage\"},\"image\":{\"@id\":\"https:\/\/www.noticiasradioreflejos.com.ar\/2021\/aula-experimental-el-arte-de-vivir\/#primaryimage\"},\"thumbnailUrl\":\"http:\/\/farm8.staticflickr.com\/7736\/29362785625_ea0feff572_z.jpg\",\"datePublished\":\"2016-08-31T15:13:50+00:00\",\"author\":{\"@id\":\"https:\/\/www.noticiasradioreflejos.com.ar\/2021\/#\/schema\/person\/ad82545263dcc5ec0996818884fd5fb1\"},\"breadcrumb\":{\"@id\":\"https:\/\/www.noticiasradioreflejos.com.ar\/2021\/aula-experimental-el-arte-de-vivir\/#breadcrumb\"},\"inLanguage\":\"es\",\"potentialAction\":[{\"@type\":\"ReadAction\",\"target\":[\"https:\/\/www.noticiasradioreflejos.com.ar\/2021\/aula-experimental-el-arte-de-vivir\/\"]}]},{\"@type\":\"ImageObject\",\"inLanguage\":\"es\",\"@id\":\"https:\/\/www.noticiasradioreflejos.com.ar\/2021\/aula-experimental-el-arte-de-vivir\/#primaryimage\",\"url\":\"http:\/\/farm8.staticflickr.com\/7736\/29362785625_ea0feff572_z.jpg\",\"contentUrl\":\"http:\/\/farm8.staticflickr.com\/7736\/29362785625_ea0feff572_z.jpg\"},{\"@type\":\"BreadcrumbList\",\"@id\":\"https:\/\/www.noticiasradioreflejos.com.ar\/2021\/aula-experimental-el-arte-de-vivir\/#breadcrumb\",\"itemListElement\":[{\"@type\":\"ListItem\",\"position\":1,\"name\":\"Portada\",\"item\":\"https:\/\/www.noticiasradioreflejos.com.ar\/2021\/\"},{\"@type\":\"ListItem\",\"position\":2,\"name\":\"Aula Experimental: El Arte de Vivir\"}]},{\"@type\":\"WebSite\",\"@id\":\"https:\/\/www.noticiasradioreflejos.com.ar\/2021\/#website\",\"url\":\"https:\/\/www.noticiasradioreflejos.com.ar\/2021\/\",\"name\":\"Noticias Radio Reflejos\",\"description\":\"Las noticias de mi comarca\",\"potentialAction\":[{\"@type\":\"SearchAction\",\"target\":{\"@type\":\"EntryPoint\",\"urlTemplate\":\"https:\/\/www.noticiasradioreflejos.com.ar\/2021\/?s={search_term_string}\"},\"query-input\":{\"@type\":\"PropertyValueSpecification\",\"valueRequired\":true,\"valueName\":\"search_term_string\"}}],\"inLanguage\":\"es\"},{\"@type\":\"Person\",\"@id\":\"https:\/\/www.noticiasradioreflejos.com.ar\/2021\/#\/schema\/person\/ad82545263dcc5ec0996818884fd5fb1\",\"name\":\"Arnaldo Botto\",\"image\":{\"@type\":\"ImageObject\",\"inLanguage\":\"es\",\"@id\":\"https:\/\/www.noticiasradioreflejos.com.ar\/2021\/#\/schema\/person\/image\/\",\"url\":\"https:\/\/secure.gravatar.com\/avatar\/55cb5e37c1efa326397366e6974cb338056df65cb50e7d64d1cf314e87504837?s=96&d=mm&r=g\",\"contentUrl\":\"https:\/\/secure.gravatar.com\/avatar\/55cb5e37c1efa326397366e6974cb338056df65cb50e7d64d1cf314e87504837?s=96&d=mm&r=g\",\"caption\":\"Arnaldo Botto\"},\"url\":\"https:\/\/www.noticiasradioreflejos.com.ar\/2021\/author\/arnaldo\/\"}]}<\/script>\n<!-- \/ Yoast SEO plugin. -->","yoast_head_json":{"title":"Aula Experimental: El Arte de Vivir - Noticias Radio Reflejos","robots":{"index":"index","follow":"follow","max-snippet":"max-snippet:-1","max-image-preview":"max-image-preview:large","max-video-preview":"max-video-preview:-1"},"canonical":"https:\/\/www.noticiasradioreflejos.com.ar\/2021\/aula-experimental-el-arte-de-vivir\/","og_locale":"es_ES","og_type":"article","og_title":"Aula Experimental: El Arte de Vivir - Noticias Radio Reflejos","og_description":"Marcelo Sep\u00falveda dictara este Taller de meditaci\u00f3n sobre el \u00abArte de Vivir\u00bb en Villa Ventana. Mediante una nota telef\u00f3nica nos da detalles de como se dictar\u00e1 y que beneficios ofrece esta propuesta. Se trata de un taller gratuito de una hora de duraci\u00f3n en el cual aprender\u00e1s m\u00e1s sobre las t\u00e9cnicas de respiraci\u00f3n y meditaci\u00f3n [&hellip;]","og_url":"https:\/\/www.noticiasradioreflejos.com.ar\/2021\/aula-experimental-el-arte-de-vivir\/","og_site_name":"Noticias Radio Reflejos","article_published_time":"2016-08-31T15:13:50+00:00","og_image":[{"url":"http:\/\/farm8.staticflickr.com\/7736\/29362785625_ea0feff572_z.jpg","type":"","width":"","height":""}],"author":"Arnaldo Botto","twitter_card":"summary_large_image","schema":{"@context":"https:\/\/schema.org","@graph":[{"@type":"WebPage","@id":"https:\/\/www.noticiasradioreflejos.com.ar\/2021\/aula-experimental-el-arte-de-vivir\/","url":"https:\/\/www.noticiasradioreflejos.com.ar\/2021\/aula-experimental-el-arte-de-vivir\/","name":"Aula Experimental: El Arte de Vivir - Noticias Radio Reflejos","isPartOf":{"@id":"https:\/\/www.noticiasradioreflejos.com.ar\/2021\/#website"},"primaryImageOfPage":{"@id":"https:\/\/www.noticiasradioreflejos.com.ar\/2021\/aula-experimental-el-arte-de-vivir\/#primaryimage"},"image":{"@id":"https:\/\/www.noticiasradioreflejos.com.ar\/2021\/aula-experimental-el-arte-de-vivir\/#primaryimage"},"thumbnailUrl":"http:\/\/farm8.staticflickr.com\/7736\/29362785625_ea0feff572_z.jpg","datePublished":"2016-08-31T15:13:50+00:00","author":{"@id":"https:\/\/www.noticiasradioreflejos.com.ar\/2021\/#\/schema\/person\/ad82545263dcc5ec0996818884fd5fb1"},"breadcrumb":{"@id":"https:\/\/www.noticiasradioreflejos.com.ar\/2021\/aula-experimental-el-arte-de-vivir\/#breadcrumb"},"inLanguage":"es","potentialAction":[{"@type":"ReadAction","target":["https:\/\/www.noticiasradioreflejos.com.ar\/2021\/aula-experimental-el-arte-de-vivir\/"]}]},{"@type":"ImageObject","inLanguage":"es","@id":"https:\/\/www.noticiasradioreflejos.com.ar\/2021\/aula-experimental-el-arte-de-vivir\/#primaryimage","url":"http:\/\/farm8.staticflickr.com\/7736\/29362785625_ea0feff572_z.jpg","contentUrl":"http:\/\/farm8.staticflickr.com\/7736\/29362785625_ea0feff572_z.jpg"},{"@type":"BreadcrumbList","@id":"https:\/\/www.noticiasradioreflejos.com.ar\/2021\/aula-experimental-el-arte-de-vivir\/#breadcrumb","itemListElement":[{"@type":"ListItem","position":1,"name":"Portada","item":"https:\/\/www.noticiasradioreflejos.com.ar\/2021\/"},{"@type":"ListItem","position":2,"name":"Aula Experimental: El Arte de Vivir"}]},{"@type":"WebSite","@id":"https:\/\/www.noticiasradioreflejos.com.ar\/2021\/#website","url":"https:\/\/www.noticiasradioreflejos.com.ar\/2021\/","name":"Noticias Radio Reflejos","description":"Las noticias de mi comarca","potentialAction":[{"@type":"SearchAction","target":{"@type":"EntryPoint","urlTemplate":"https:\/\/www.noticiasradioreflejos.com.ar\/2021\/?s={search_term_string}"},"query-input":{"@type":"PropertyValueSpecification","valueRequired":true,"valueName":"search_term_string"}}],"inLanguage":"es"},{"@type":"Person","@id":"https:\/\/www.noticiasradioreflejos.com.ar\/2021\/#\/schema\/person\/ad82545263dcc5ec0996818884fd5fb1","name":"Arnaldo Botto","image":{"@type":"ImageObject","inLanguage":"es","@id":"https:\/\/www.noticiasradioreflejos.com.ar\/2021\/#\/schema\/person\/image\/","url":"https:\/\/secure.gravatar.com\/avatar\/55cb5e37c1efa326397366e6974cb338056df65cb50e7d64d1cf314e87504837?s=96&d=mm&r=g","contentUrl":"https:\/\/secure.gravatar.com\/avatar\/55cb5e37c1efa326397366e6974cb338056df65cb50e7d64d1cf314e87504837?s=96&d=mm&r=g","caption":"Arnaldo Botto"},"url":"https:\/\/www.noticiasradioreflejos.com.ar\/2021\/author\/arnaldo\/"}]}},"_links":{"self":[{"href":"https:\/\/www.noticiasradioreflejos.com.ar\/2021\/wp-json\/wp\/v2\/posts\/288","targetHints":{"allow":["GET"]}}],"collection":[{"href":"https:\/\/www.noticiasradioreflejos.com.ar\/2021\/wp-json\/wp\/v2\/posts"}],"about":[{"href":"https:\/\/www.noticiasradioreflejos.com.ar\/2021\/wp-json\/wp\/v2\/types\/post"}],"author":[{"embeddable":true,"href":"https:\/\/www.noticiasradioreflejos.com.ar\/2021\/wp-json\/wp\/v2\/users\/3"}],"replies":[{"embeddable":true,"href":"https:\/\/www.noticiasradioreflejos.com.ar\/2021\/wp-json\/wp\/v2\/comments?post=288"}],"version-history":[{"count":0,"href":"https:\/\/www.noticiasradioreflejos.com.ar\/2021\/wp-json\/wp\/v2\/posts\/288\/revisions"}],"wp:attachment":[{"href":"https:\/\/www.noticiasradioreflejos.com.ar\/2021\/wp-json\/wp\/v2\/media?parent=288"}],"wp:term":[{"taxonomy":"category","embeddable":true,"href":"https:\/\/www.noticiasradioreflejos.com.ar\/2021\/wp-json\/wp\/v2\/categories?post=288"},{"taxonomy":"post_tag","embeddable":true,"href":"https:\/\/www.noticiasradioreflejos.com.ar\/2021\/wp-json\/wp\/v2\/tags?post=288"}],"curies":[{"name":"wp","href":"https:\/\/api.w.org\/{rel}","templated":true}]}}