{"id":28743,"date":"2019-02-07T08:05:16","date_gmt":"2019-02-07T11:05:16","guid":{"rendered":"http:\/\/www.noticiasradioreflejos.com.ar\/noticias\/?p=28743"},"modified":"2019-02-07T08:05:16","modified_gmt":"2019-02-07T11:05:16","slug":"entregaron-petitorio-para-que-vuelva-el-tren-de-pasajeros-al-ramal-pringles","status":"publish","type":"post","link":"https:\/\/www.noticiasradioreflejos.com.ar\/2021\/entregaron-petitorio-para-que-vuelva-el-tren-de-pasajeros-al-ramal-pringles\/","title":{"rendered":"Entregaron petitorio para que vuelva el tren de pasajeros al ramal Pringles"},"content":{"rendered":"<p><a title=\"DSC_0012 [1600x1200]\" href=\"http:\/\/farm8.staticflickr.com\/7925\/47015322271_b5f2a6f002.jpg\" rel=\"\"><img loading=\"lazy\" decoding=\"async\" class=\"alignleft\" style=\"float: left;\" title=\"DSC_0012 [1600x1200]\" src=\"http:\/\/farm8.staticflickr.com\/7925\/47015322271_b5f2a6f002.jpg\" alt=\"DSC_0012 [1600x1200]\" width=\"500\" height=\"333\" \/><\/a>Lo efectuaron este mi\u00e9rcoles representantes de la agrupaci\u00f3n &#8216;Que vuelva el tren&#8217; a Marcelo Orfila, presidente de Trenes Argentinos.<br \/>\nEn oportunidad de la visita a la Estaci\u00f3n Tornquist de funcionarios referentes de Trenes Argentinos Operaciones, su Director Marcelo Orfila y el Gerente de la L\u00ednea Roca Juan Pablo Cha\u00edn.<!--more--><br \/>\nLos vecinos e instituciones del distrito unidos por #QueVuelvaElTren!!, el pasado 22 de mayo del 2018 sostuvimos una hora de exposici\u00f3n en Banca 13 del HCD de Tornquist, detallando todos los temas que nos preocupan ligados a la falta del servicio de trenes de pasajeros y encomiendas de larga distancia por el ramal Pringles del Ferrocarril Roca, en el modo que estas decisiones de cancelar el servicio de pasajeros y encomiendas han afectado nuestras econom\u00edas, al turismo, a nuestra integridad cultural, hemos revisado el argumento de la seguridad que los entes de control enarbolan con lupa para el transporte de pasajeros y miran con un ojo cerrado en el transporte de cargas, a la manipulaci\u00f3n de esos informes, a las v\u00edas que son una excusa porque ya pasaron dos a\u00f1os y medio de la suspensi\u00f3n del servicio y hubo tiempo m\u00e1s que suficiente para acondicionarlas, porque se argumentan temas de seguridad, medios mediante, con un accidente muy oportuno en una localidad lejana cuya causa real fue humana, porque los informes se hacen para mejorar un servicio, detectar y solucionar los problemas y no para desarticular un servicio p\u00fablico, porque los convenios firmados entre Provincia y Naci\u00f3n y la Ley 27132 respaldan la continuidad y mejora del servicio de transporte de pasajeros, porque ante esta forma de gesti\u00f3n el municipio tendr\u00e1 que asumir tambi\u00e9n fiscalizar todo lo que sucede con el transporte ferroviario en su territorio ya que ni las empresas ni los entes de control operan en modo confiable, por los incendios que origina la falta de mantenimiento del operador de cargas, por los accidentes provocados, porque van a aumentar las frecuencias de cargas por este ramal y el de pasajeros ni aparece en los planes, porque solo nosotros los habitantes del distrito y sus autoridades sabemos lo que necesitamos, porque las decisiones centralizadas miran lo macro, o los beneficios en los negocios privados de las grandes empresas, pero no lo regional, la gente de a pie y sus necesidades, por todo eso y otros temas m\u00e1s estuvimos en su momento ante un HCD atento y tambi\u00e9n preocupado.<br \/>\nEn esto no hay partidismo, se trata del bien com\u00fan de quienes vivimos y visitan nuestra comarca, que cada uno haga lo que tiene que hacer, los vecinos seguiremos articulando acciones en todo el ramal pidiendo un justo equilibrio entre una concesi\u00f3n de cargas que se qued\u00f3 con el ramal Pringles libre para lucrar con \u00e9l y los habitantes del distrito de las localidades afectadas (Sierra de la Ventana, Saldungaray, Villa Ventana y el resto de localidades de este ramal Coronel Pringles, Laprida, Cabildo y Bah\u00eda Blanca) que todos los d\u00edas vemos pasar cuatro y cinco formaciones de carga pero ninguna de pasajeros y encomiendas, que se cumpla la Ley \u201cQueVuelvaElTren!!<br \/>\nVecinos de la Comarca Tur\u00edstica de Sierra de la Ventana en Tornquist por \u201cQueVuelvaElTren!!<br \/>\nLA NOTA ENVIADA A TRENES ARGENTINOS<br \/>\nMunicipio de Tornquist, 06 de Febrero del 2019<br \/>\nAT: Trenes Argentinos Operaciones<br \/>\nDirector: Sr. Marcelo Orfila; Gerente: Sr. Juan Pablo Cha\u00edn<br \/>\nc\/c al Intendente de Tornquist Sr Sergio Bordoni<br \/>\nEn oportunidad de vuestra visita a nuestro Municipio, hecho de por s\u00ed muy relevante por tratarse de un ente Nacional que opera los ramales de Ferrocarril que atraviesan nuestro distrito, no dirigimos a ustedes para reiterar lo ya expuesto por nuestra comunidad en distintos \u00e1mbitos, medios locales y regionales, autoridades Provinciales y Nacionales, Gobernaci\u00f3n de la Provincia y todo aquel que pueda ayudarnos a gestionar y re encausar la habilitaci\u00f3n del servicio de Transporte de Pasajeros y Encomiendas por el Ramal Pringles que qued\u00f3 anulado en Junio del 2016.<br \/>\nDesde esa fecha numerosas han sido las acciones de los vecinos entre las que se destacan la colecci\u00f3n de cerca de 5000 firmas entre habitantes y turistas que nos visitan dando soporte a un petitorio cursado a nivel Municipal, Provincial y Nacional como tambi\u00e9n la presentaci\u00f3n en Banca 13 del pasado mes de Mayo del 2018, numerosos encuentros culturales en Sierra de la Ventana, Saldungaray, Coronel Pringles, y asambleas a las que han concurrido las autoridades locales del ejecutivo y concejales de distintas bancadas.<br \/>\nEsperamos que desde vuestro \u00e1mbito de gesti\u00f3n puedan tomar este pedido genuino de la comunidad y sus instituciones intermedias (C\u00e1maras de Comercio locales, Asociaci\u00f3n de Turismo, sociedades de Fomento, Bibliotecas, etc.) accionando para la recuperaci\u00f3n de un servicio vital para nuestra comunidad.<br \/>\nLas autoridades locales, Intendente Sergio Bordoni, ha manifestado p\u00fablicamente su preocupaci\u00f3n por la falta de este servicio y la voluntad de trabajar para su restituci\u00f3n, como tambi\u00e9n habilitar en el mientras tanto la venta de pasajes en Sierra de la Ventana y Saldungaray.<br \/>\nDescontando que entienden perfectamente la importancia local y regional de esta restituci\u00f3n de todas formas les adjuntamos documentaci\u00f3n que ilustra parcialmente lo gestionado por esta Asamblea de Vecinos constituida por #QueVuelvaElTren!!<br \/>\nMuchas gracias y a su entera disposici\u00f3n para colaborar en lo que podamos como ciudadanos afectados por la cancelaci\u00f3n de este servicio que esperamos se restituya a la brevedad.<br \/>\nAtentamente<br \/>\nAsamblea de Vecinos #QueVuelvaElTren!!, 06 de Febrero 2019<\/p>\n","protected":false},"excerpt":{"rendered":"<p>Lo efectuaron este mi\u00e9rcoles representantes de la agrupaci\u00f3n &#8216;Que vuelva el tren&#8217; a Marcelo Orfila, presidente de Trenes Argentinos. En oportunidad de la visita a la Estaci\u00f3n Tornquist de funcionarios referentes de Trenes Argentinos Operaciones, su Director Marcelo Orfila y el Gerente de la L\u00ednea Roca Juan Pablo Cha\u00edn.<\/p>\n","protected":false},"author":3,"featured_media":0,"comment_status":"closed","ping_status":"open","sticky":false,"template":"","format":"standard","meta":{"footnotes":""},"categories":[24],"tags":[],"class_list":["post-28743","post","type-post","status-publish","format-standard","hentry","category-politica"],"yoast_head":"<!-- This site is optimized with the Yoast SEO plugin v25.9 - https:\/\/yoast.com\/wordpress\/plugins\/seo\/ -->\n<title>Entregaron petitorio para que vuelva el tren de pasajeros al ramal Pringles - Noticias Radio Reflejos<\/title>\n<meta name=\"robots\" content=\"index, follow, max-snippet:-1, max-image-preview:large, max-video-preview:-1\" \/>\n<link rel=\"canonical\" href=\"https:\/\/www.noticiasradioreflejos.com.ar\/2021\/entregaron-petitorio-para-que-vuelva-el-tren-de-pasajeros-al-ramal-pringles\/\" \/>\n<meta property=\"og:locale\" content=\"es_ES\" \/>\n<meta property=\"og:type\" content=\"article\" \/>\n<meta property=\"og:title\" content=\"Entregaron petitorio para que vuelva el tren de pasajeros al ramal Pringles - Noticias Radio Reflejos\" \/>\n<meta property=\"og:description\" content=\"Lo efectuaron este mi\u00e9rcoles representantes de la agrupaci\u00f3n &#8216;Que vuelva el tren&#8217; a Marcelo Orfila, presidente de Trenes Argentinos. En oportunidad de la visita a la Estaci\u00f3n Tornquist de funcionarios referentes de Trenes Argentinos Operaciones, su Director Marcelo Orfila y el Gerente de la L\u00ednea Roca Juan Pablo Cha\u00edn.\" \/>\n<meta property=\"og:url\" content=\"https:\/\/www.noticiasradioreflejos.com.ar\/2021\/entregaron-petitorio-para-que-vuelva-el-tren-de-pasajeros-al-ramal-pringles\/\" \/>\n<meta property=\"og:site_name\" content=\"Noticias Radio Reflejos\" \/>\n<meta property=\"article:published_time\" content=\"2019-02-07T11:05:16+00:00\" \/>\n<meta property=\"og:image\" content=\"http:\/\/farm8.staticflickr.com\/7925\/47015322271_b5f2a6f002.jpg\" \/>\n<meta name=\"author\" content=\"Arnaldo Botto\" \/>\n<meta name=\"twitter:card\" content=\"summary_large_image\" \/>\n<script type=\"application\/ld+json\" class=\"yoast-schema-graph\">{\"@context\":\"https:\/\/schema.org\",\"@graph\":[{\"@type\":\"WebPage\",\"@id\":\"https:\/\/www.noticiasradioreflejos.com.ar\/2021\/entregaron-petitorio-para-que-vuelva-el-tren-de-pasajeros-al-ramal-pringles\/\",\"url\":\"https:\/\/www.noticiasradioreflejos.com.ar\/2021\/entregaron-petitorio-para-que-vuelva-el-tren-de-pasajeros-al-ramal-pringles\/\",\"name\":\"Entregaron petitorio para que vuelva el tren de pasajeros al ramal Pringles - Noticias Radio Reflejos\",\"isPartOf\":{\"@id\":\"https:\/\/www.noticiasradioreflejos.com.ar\/2021\/#website\"},\"primaryImageOfPage\":{\"@id\":\"https:\/\/www.noticiasradioreflejos.com.ar\/2021\/entregaron-petitorio-para-que-vuelva-el-tren-de-pasajeros-al-ramal-pringles\/#primaryimage\"},\"image\":{\"@id\":\"https:\/\/www.noticiasradioreflejos.com.ar\/2021\/entregaron-petitorio-para-que-vuelva-el-tren-de-pasajeros-al-ramal-pringles\/#primaryimage\"},\"thumbnailUrl\":\"http:\/\/farm8.staticflickr.com\/7925\/47015322271_b5f2a6f002.jpg\",\"datePublished\":\"2019-02-07T11:05:16+00:00\",\"author\":{\"@id\":\"https:\/\/www.noticiasradioreflejos.com.ar\/2021\/#\/schema\/person\/ad82545263dcc5ec0996818884fd5fb1\"},\"breadcrumb\":{\"@id\":\"https:\/\/www.noticiasradioreflejos.com.ar\/2021\/entregaron-petitorio-para-que-vuelva-el-tren-de-pasajeros-al-ramal-pringles\/#breadcrumb\"},\"inLanguage\":\"es\",\"potentialAction\":[{\"@type\":\"ReadAction\",\"target\":[\"https:\/\/www.noticiasradioreflejos.com.ar\/2021\/entregaron-petitorio-para-que-vuelva-el-tren-de-pasajeros-al-ramal-pringles\/\"]}]},{\"@type\":\"ImageObject\",\"inLanguage\":\"es\",\"@id\":\"https:\/\/www.noticiasradioreflejos.com.ar\/2021\/entregaron-petitorio-para-que-vuelva-el-tren-de-pasajeros-al-ramal-pringles\/#primaryimage\",\"url\":\"http:\/\/farm8.staticflickr.com\/7925\/47015322271_b5f2a6f002.jpg\",\"contentUrl\":\"http:\/\/farm8.staticflickr.com\/7925\/47015322271_b5f2a6f002.jpg\"},{\"@type\":\"BreadcrumbList\",\"@id\":\"https:\/\/www.noticiasradioreflejos.com.ar\/2021\/entregaron-petitorio-para-que-vuelva-el-tren-de-pasajeros-al-ramal-pringles\/#breadcrumb\",\"itemListElement\":[{\"@type\":\"ListItem\",\"position\":1,\"name\":\"Portada\",\"item\":\"https:\/\/www.noticiasradioreflejos.com.ar\/2021\/\"},{\"@type\":\"ListItem\",\"position\":2,\"name\":\"Entregaron petitorio para que vuelva el tren de pasajeros al ramal Pringles\"}]},{\"@type\":\"WebSite\",\"@id\":\"https:\/\/www.noticiasradioreflejos.com.ar\/2021\/#website\",\"url\":\"https:\/\/www.noticiasradioreflejos.com.ar\/2021\/\",\"name\":\"Noticias Radio Reflejos\",\"description\":\"Las noticias de mi comarca\",\"potentialAction\":[{\"@type\":\"SearchAction\",\"target\":{\"@type\":\"EntryPoint\",\"urlTemplate\":\"https:\/\/www.noticiasradioreflejos.com.ar\/2021\/?s={search_term_string}\"},\"query-input\":{\"@type\":\"PropertyValueSpecification\",\"valueRequired\":true,\"valueName\":\"search_term_string\"}}],\"inLanguage\":\"es\"},{\"@type\":\"Person\",\"@id\":\"https:\/\/www.noticiasradioreflejos.com.ar\/2021\/#\/schema\/person\/ad82545263dcc5ec0996818884fd5fb1\",\"name\":\"Arnaldo Botto\",\"image\":{\"@type\":\"ImageObject\",\"inLanguage\":\"es\",\"@id\":\"https:\/\/www.noticiasradioreflejos.com.ar\/2021\/#\/schema\/person\/image\/\",\"url\":\"https:\/\/secure.gravatar.com\/avatar\/55cb5e37c1efa326397366e6974cb338056df65cb50e7d64d1cf314e87504837?s=96&d=mm&r=g\",\"contentUrl\":\"https:\/\/secure.gravatar.com\/avatar\/55cb5e37c1efa326397366e6974cb338056df65cb50e7d64d1cf314e87504837?s=96&d=mm&r=g\",\"caption\":\"Arnaldo Botto\"},\"url\":\"https:\/\/www.noticiasradioreflejos.com.ar\/2021\/author\/arnaldo\/\"}]}<\/script>\n<!-- \/ Yoast SEO plugin. -->","yoast_head_json":{"title":"Entregaron petitorio para que vuelva el tren de pasajeros al ramal Pringles - Noticias Radio Reflejos","robots":{"index":"index","follow":"follow","max-snippet":"max-snippet:-1","max-image-preview":"max-image-preview:large","max-video-preview":"max-video-preview:-1"},"canonical":"https:\/\/www.noticiasradioreflejos.com.ar\/2021\/entregaron-petitorio-para-que-vuelva-el-tren-de-pasajeros-al-ramal-pringles\/","og_locale":"es_ES","og_type":"article","og_title":"Entregaron petitorio para que vuelva el tren de pasajeros al ramal Pringles - Noticias Radio Reflejos","og_description":"Lo efectuaron este mi\u00e9rcoles representantes de la agrupaci\u00f3n &#8216;Que vuelva el tren&#8217; a Marcelo Orfila, presidente de Trenes Argentinos. En oportunidad de la visita a la Estaci\u00f3n Tornquist de funcionarios referentes de Trenes Argentinos Operaciones, su Director Marcelo Orfila y el Gerente de la L\u00ednea Roca Juan Pablo Cha\u00edn.","og_url":"https:\/\/www.noticiasradioreflejos.com.ar\/2021\/entregaron-petitorio-para-que-vuelva-el-tren-de-pasajeros-al-ramal-pringles\/","og_site_name":"Noticias Radio Reflejos","article_published_time":"2019-02-07T11:05:16+00:00","og_image":[{"url":"http:\/\/farm8.staticflickr.com\/7925\/47015322271_b5f2a6f002.jpg","type":"","width":"","height":""}],"author":"Arnaldo Botto","twitter_card":"summary_large_image","schema":{"@context":"https:\/\/schema.org","@graph":[{"@type":"WebPage","@id":"https:\/\/www.noticiasradioreflejos.com.ar\/2021\/entregaron-petitorio-para-que-vuelva-el-tren-de-pasajeros-al-ramal-pringles\/","url":"https:\/\/www.noticiasradioreflejos.com.ar\/2021\/entregaron-petitorio-para-que-vuelva-el-tren-de-pasajeros-al-ramal-pringles\/","name":"Entregaron petitorio para que vuelva el tren de pasajeros al ramal Pringles - Noticias Radio Reflejos","isPartOf":{"@id":"https:\/\/www.noticiasradioreflejos.com.ar\/2021\/#website"},"primaryImageOfPage":{"@id":"https:\/\/www.noticiasradioreflejos.com.ar\/2021\/entregaron-petitorio-para-que-vuelva-el-tren-de-pasajeros-al-ramal-pringles\/#primaryimage"},"image":{"@id":"https:\/\/www.noticiasradioreflejos.com.ar\/2021\/entregaron-petitorio-para-que-vuelva-el-tren-de-pasajeros-al-ramal-pringles\/#primaryimage"},"thumbnailUrl":"http:\/\/farm8.staticflickr.com\/7925\/47015322271_b5f2a6f002.jpg","datePublished":"2019-02-07T11:05:16+00:00","author":{"@id":"https:\/\/www.noticiasradioreflejos.com.ar\/2021\/#\/schema\/person\/ad82545263dcc5ec0996818884fd5fb1"},"breadcrumb":{"@id":"https:\/\/www.noticiasradioreflejos.com.ar\/2021\/entregaron-petitorio-para-que-vuelva-el-tren-de-pasajeros-al-ramal-pringles\/#breadcrumb"},"inLanguage":"es","potentialAction":[{"@type":"ReadAction","target":["https:\/\/www.noticiasradioreflejos.com.ar\/2021\/entregaron-petitorio-para-que-vuelva-el-tren-de-pasajeros-al-ramal-pringles\/"]}]},{"@type":"ImageObject","inLanguage":"es","@id":"https:\/\/www.noticiasradioreflejos.com.ar\/2021\/entregaron-petitorio-para-que-vuelva-el-tren-de-pasajeros-al-ramal-pringles\/#primaryimage","url":"http:\/\/farm8.staticflickr.com\/7925\/47015322271_b5f2a6f002.jpg","contentUrl":"http:\/\/farm8.staticflickr.com\/7925\/47015322271_b5f2a6f002.jpg"},{"@type":"BreadcrumbList","@id":"https:\/\/www.noticiasradioreflejos.com.ar\/2021\/entregaron-petitorio-para-que-vuelva-el-tren-de-pasajeros-al-ramal-pringles\/#breadcrumb","itemListElement":[{"@type":"ListItem","position":1,"name":"Portada","item":"https:\/\/www.noticiasradioreflejos.com.ar\/2021\/"},{"@type":"ListItem","position":2,"name":"Entregaron petitorio para que vuelva el tren de pasajeros al ramal Pringles"}]},{"@type":"WebSite","@id":"https:\/\/www.noticiasradioreflejos.com.ar\/2021\/#website","url":"https:\/\/www.noticiasradioreflejos.com.ar\/2021\/","name":"Noticias Radio Reflejos","description":"Las noticias de mi comarca","potentialAction":[{"@type":"SearchAction","target":{"@type":"EntryPoint","urlTemplate":"https:\/\/www.noticiasradioreflejos.com.ar\/2021\/?s={search_term_string}"},"query-input":{"@type":"PropertyValueSpecification","valueRequired":true,"valueName":"search_term_string"}}],"inLanguage":"es"},{"@type":"Person","@id":"https:\/\/www.noticiasradioreflejos.com.ar\/2021\/#\/schema\/person\/ad82545263dcc5ec0996818884fd5fb1","name":"Arnaldo Botto","image":{"@type":"ImageObject","inLanguage":"es","@id":"https:\/\/www.noticiasradioreflejos.com.ar\/2021\/#\/schema\/person\/image\/","url":"https:\/\/secure.gravatar.com\/avatar\/55cb5e37c1efa326397366e6974cb338056df65cb50e7d64d1cf314e87504837?s=96&d=mm&r=g","contentUrl":"https:\/\/secure.gravatar.com\/avatar\/55cb5e37c1efa326397366e6974cb338056df65cb50e7d64d1cf314e87504837?s=96&d=mm&r=g","caption":"Arnaldo Botto"},"url":"https:\/\/www.noticiasradioreflejos.com.ar\/2021\/author\/arnaldo\/"}]}},"_links":{"self":[{"href":"https:\/\/www.noticiasradioreflejos.com.ar\/2021\/wp-json\/wp\/v2\/posts\/28743","targetHints":{"allow":["GET"]}}],"collection":[{"href":"https:\/\/www.noticiasradioreflejos.com.ar\/2021\/wp-json\/wp\/v2\/posts"}],"about":[{"href":"https:\/\/www.noticiasradioreflejos.com.ar\/2021\/wp-json\/wp\/v2\/types\/post"}],"author":[{"embeddable":true,"href":"https:\/\/www.noticiasradioreflejos.com.ar\/2021\/wp-json\/wp\/v2\/users\/3"}],"replies":[{"embeddable":true,"href":"https:\/\/www.noticiasradioreflejos.com.ar\/2021\/wp-json\/wp\/v2\/comments?post=28743"}],"version-history":[{"count":0,"href":"https:\/\/www.noticiasradioreflejos.com.ar\/2021\/wp-json\/wp\/v2\/posts\/28743\/revisions"}],"wp:attachment":[{"href":"https:\/\/www.noticiasradioreflejos.com.ar\/2021\/wp-json\/wp\/v2\/media?parent=28743"}],"wp:term":[{"taxonomy":"category","embeddable":true,"href":"https:\/\/www.noticiasradioreflejos.com.ar\/2021\/wp-json\/wp\/v2\/categories?post=28743"},{"taxonomy":"post_tag","embeddable":true,"href":"https:\/\/www.noticiasradioreflejos.com.ar\/2021\/wp-json\/wp\/v2\/tags?post=28743"}],"curies":[{"name":"wp","href":"https:\/\/api.w.org\/{rel}","templated":true}]}}