{"id":28725,"date":"2019-02-06T14:36:43","date_gmt":"2019-02-06T17:36:43","guid":{"rendered":"http:\/\/www.noticiasradioreflejos.com.ar\/noticias\/?p=28725"},"modified":"2019-02-06T14:36:43","modified_gmt":"2019-02-06T17:36:43","slug":"hechos-policiales-en-el-distrito","status":"publish","type":"post","link":"https:\/\/www.noticiasradioreflejos.com.ar\/2021\/hechos-policiales-en-el-distrito\/","title":{"rendered":"Hechos policiales en el distrito."},"content":{"rendered":"<p>PARTE DE PRENSA.-<br \/>\nSe lleva a conocimiento de la comunidad que con fecha 02 de Febrero del corriente a\u00f1o en horas del mediod\u00eda, se da alerta respecto a la colisi\u00f3n de un veh\u00edculo contra poste de luz ubicado en la intersecci\u00f3n de esquinas Lavalle y Ruppel de este medio, <!--more--><br \/>\nrespectivamente comision\u00e1ndose personal policial constatando en el lugar, un Ford Fairlane conducido por el se\u00f1or de nombres Leonardo Javier Varrotte, oriundo de Coronel Pringles de actuales 27 a\u00f1os de edad, quien hallase al volante ingiriendo bebidas alcoh\u00f3licas, es anoticiado respecto a la retenci\u00f3n preventiva del rodado por infringir la Ley de Transito Provincial (Ley 24.449). Varrotte comenz\u00f3 a tornarse agresivo para con los uniformados policiales profiriendo gritos e insultos contra los mismos, efectiviz\u00e1ndose la aprehensi\u00f3n del nombrado agresor por resultar a prima facie penalmente responsable de los delitos caratulados \u201cAmenazas, desobediencia y Resistencia a la Autoridad\u201d quedado alojado en los calabozos de la Estaci\u00f3n de Polic\u00eda Comunal Local a disposici\u00f3n de la Unidad Funcional de instrucci\u00f3n y Juicio Nro. 15 del Departamento Judicial Bah\u00eda Blanca, asimismo se procedi\u00f3 al secuestro del rodado involucrado con injerencia del Juzgado de Faltas Municipal local a cargo del Dr. Lanaro.,-<br \/>\nSeguidamente tambi\u00e9n en el transcurso del \u00faltimo fin de semana con fecha 02 de Febrero siendo alrededor de las 20:50 horas desde el abonado de emergencias se da conocimiento a la Guardia de un accidente vehicular sobre intersecci\u00f3n de calles Ameghino y Belgrano de este medio, arribando al mismo personal policial constatando que producto de la colisi\u00f3n no habr\u00eda que lamentar v\u00edctimas al respecto y circunstancia los uniformados se hallaban recabando informaci\u00f3n de los ocupantes involucrados espont\u00e1neamente se presenta una persona de nombres Nicol\u00e1s Alejandro Acu\u00f1a de 23 a\u00f1os de edad quien refer\u00eda ser pariente de una de las partes accidentadas hall\u00e1ndose extremadamente exaltado con intenciones de producir una ri\u00f1a al afecto, produci\u00e9ndose en cuesti\u00f3n un forcejeo con los efectivos policiales quienes accionaban para que el mentado agresor deponga su actitud hostil debiendo optar por la aprehensi\u00f3n de Acu\u00f1a ya que resultare a prima facie penalmente responsable de los delitos caratulados \u201c Desobediencia y Resistencia a la autoridad\u201d quedando alojando en los calabozos de la Estaci\u00f3n de Polic\u00eda Comunal Local a disposici\u00f3n de la Unidad Funcional de Instrucci\u00f3n y Juicio nro. 15 del Departamento Judicial Bah\u00eda Blanca.-<br \/>\nYa con fecha 05 del corriente mes y a\u00f1o siendo alrededor de las 11:00 horas del mediod\u00eda personal dependiente de la Comisaria de la Mujer y Familia de Tornquist solicita refuerzos en el Hospital Municipal ya que hab\u00eda ingresado una femenina con recientes lesiones producto de violencia familiar por parte de su pareja, que minutos m\u00e1s tarde se hace presente en dicho nosocomio el se\u00f1or identificado como Ra\u00fal Mauricio R\u00edos de actuales 45 a\u00f1os de edad, (pareja de victima) con intenciones de entrevistarse con su mujer intentando ingresar a la habitaci\u00f3n de observaciones siendo persuadido verbalmente por los uniformados presentes en el hospital haciendo dicho agresor caso omiso a las \u00f3rdenes impartidas por el personal policial debido se procuraba que el mismo retirara del lugar a fin de evitar un mal mayor a los pormenores detallados,  procedi\u00e9ndose inmediatamente a la aprehensi\u00f3n del mentado Ra\u00fal Mauricio R\u00edos por resultar prima facie penalmente responsable del delito caratulado \u201cDesobediencia\u201d a disposici\u00f3n de la Unidad Funcional de Instructor y Juicio nro. 15 del Departamento Judicial Bah\u00eda Blanca.-<br \/>\nAsimismo en la Localidad de Saldungaray el S\u00e1bado 2 del corriente efectivos policiales procedieron a la aprehensi\u00f3n del se\u00f1or Mart\u00ednez \u00c1ngel Alberto de 38 a\u00f1os de edad, por el delito de LESIONES, ra\u00edz llamado telef\u00f3nico al abonado de emergencias dando cuenta de conflicto familiar sobre domicilio de calle Juan Bautista Gil nro. 770 de dicha localidad, tomando conocimiento que recientemente habr\u00eda ingresado a la sala de primeros auxilios una persona con heridas de arma de fuego, arribando los efectivos policiales en el domicilio que precede constatan al mentado Mart\u00ednez \u00c1ngel Alberto portando arma de fuego tipo escopeta utilizada para herir a su hermano producto de una discusi\u00f3n quien a esa altura estaba siendo derivado rumbo a un centro de mayor complejidad de la ciudad de Bah\u00eda Blanca producto de las lesiones sufridas.- Se procedi\u00f3 al secuestro de una escopeta calibre 20 marca Sport-Man modelo 70 con cartucho en recamara, 13 cartuchos cal. 20 marca Orbea y 2 cartuchos cal. 20 percutados.-<br \/>\nFIRMADO: SECRETARIA DE SEGURDAD TORNQUIST, 6 DE FEBRERO DE 2019.-<\/p>\n","protected":false},"excerpt":{"rendered":"<p>PARTE DE PRENSA.- Se lleva a conocimiento de la comunidad que con fecha 02 de Febrero del corriente a\u00f1o en horas del mediod\u00eda, se da alerta respecto a la colisi\u00f3n de un veh\u00edculo contra poste de luz ubicado en la intersecci\u00f3n de esquinas Lavalle y Ruppel de este medio,<\/p>\n","protected":false},"author":3,"featured_media":0,"comment_status":"closed","ping_status":"open","sticky":false,"template":"","format":"standard","meta":{"footnotes":""},"categories":[29],"tags":[],"class_list":["post-28725","post","type-post","status-publish","format-standard","hentry","category-policiales"],"yoast_head":"<!-- This site is optimized with the Yoast SEO plugin v25.9 - https:\/\/yoast.com\/wordpress\/plugins\/seo\/ -->\n<title>Hechos policiales en el distrito. - Noticias Radio Reflejos<\/title>\n<meta name=\"robots\" content=\"index, follow, max-snippet:-1, max-image-preview:large, max-video-preview:-1\" \/>\n<link rel=\"canonical\" href=\"https:\/\/www.noticiasradioreflejos.com.ar\/2021\/hechos-policiales-en-el-distrito\/\" \/>\n<meta property=\"og:locale\" content=\"es_ES\" \/>\n<meta property=\"og:type\" content=\"article\" \/>\n<meta property=\"og:title\" content=\"Hechos policiales en el distrito. - Noticias Radio Reflejos\" \/>\n<meta property=\"og:description\" content=\"PARTE DE PRENSA.- Se lleva a conocimiento de la comunidad que con fecha 02 de Febrero del corriente a\u00f1o en horas del mediod\u00eda, se da alerta respecto a la colisi\u00f3n de un veh\u00edculo contra poste de luz ubicado en la intersecci\u00f3n de esquinas Lavalle y Ruppel de este medio,\" \/>\n<meta property=\"og:url\" content=\"https:\/\/www.noticiasradioreflejos.com.ar\/2021\/hechos-policiales-en-el-distrito\/\" \/>\n<meta property=\"og:site_name\" content=\"Noticias Radio Reflejos\" \/>\n<meta property=\"article:published_time\" content=\"2019-02-06T17:36:43+00:00\" \/>\n<meta property=\"og:image\" content=\"https:\/\/www.noticiasradioreflejos.com.ar\/2021\/wp-content\/uploads\/2021\/07\/logosol300x200.png\" \/>\n\t<meta property=\"og:image:width\" content=\"300\" \/>\n\t<meta property=\"og:image:height\" content=\"200\" \/>\n\t<meta property=\"og:image:type\" content=\"image\/png\" \/>\n<meta name=\"author\" content=\"Arnaldo Botto\" \/>\n<meta name=\"twitter:card\" content=\"summary_large_image\" \/>\n<script type=\"application\/ld+json\" class=\"yoast-schema-graph\">{\"@context\":\"https:\/\/schema.org\",\"@graph\":[{\"@type\":\"WebPage\",\"@id\":\"https:\/\/www.noticiasradioreflejos.com.ar\/2021\/hechos-policiales-en-el-distrito\/\",\"url\":\"https:\/\/www.noticiasradioreflejos.com.ar\/2021\/hechos-policiales-en-el-distrito\/\",\"name\":\"Hechos policiales en el distrito. - Noticias Radio Reflejos\",\"isPartOf\":{\"@id\":\"https:\/\/www.noticiasradioreflejos.com.ar\/2021\/#website\"},\"datePublished\":\"2019-02-06T17:36:43+00:00\",\"author\":{\"@id\":\"https:\/\/www.noticiasradioreflejos.com.ar\/2021\/#\/schema\/person\/ad82545263dcc5ec0996818884fd5fb1\"},\"breadcrumb\":{\"@id\":\"https:\/\/www.noticiasradioreflejos.com.ar\/2021\/hechos-policiales-en-el-distrito\/#breadcrumb\"},\"inLanguage\":\"es\",\"potentialAction\":[{\"@type\":\"ReadAction\",\"target\":[\"https:\/\/www.noticiasradioreflejos.com.ar\/2021\/hechos-policiales-en-el-distrito\/\"]}]},{\"@type\":\"BreadcrumbList\",\"@id\":\"https:\/\/www.noticiasradioreflejos.com.ar\/2021\/hechos-policiales-en-el-distrito\/#breadcrumb\",\"itemListElement\":[{\"@type\":\"ListItem\",\"position\":1,\"name\":\"Portada\",\"item\":\"https:\/\/www.noticiasradioreflejos.com.ar\/2021\/\"},{\"@type\":\"ListItem\",\"position\":2,\"name\":\"Hechos policiales en el distrito.\"}]},{\"@type\":\"WebSite\",\"@id\":\"https:\/\/www.noticiasradioreflejos.com.ar\/2021\/#website\",\"url\":\"https:\/\/www.noticiasradioreflejos.com.ar\/2021\/\",\"name\":\"Noticias Radio Reflejos\",\"description\":\"Las noticias de mi comarca\",\"potentialAction\":[{\"@type\":\"SearchAction\",\"target\":{\"@type\":\"EntryPoint\",\"urlTemplate\":\"https:\/\/www.noticiasradioreflejos.com.ar\/2021\/?s={search_term_string}\"},\"query-input\":{\"@type\":\"PropertyValueSpecification\",\"valueRequired\":true,\"valueName\":\"search_term_string\"}}],\"inLanguage\":\"es\"},{\"@type\":\"Person\",\"@id\":\"https:\/\/www.noticiasradioreflejos.com.ar\/2021\/#\/schema\/person\/ad82545263dcc5ec0996818884fd5fb1\",\"name\":\"Arnaldo Botto\",\"image\":{\"@type\":\"ImageObject\",\"inLanguage\":\"es\",\"@id\":\"https:\/\/www.noticiasradioreflejos.com.ar\/2021\/#\/schema\/person\/image\/\",\"url\":\"https:\/\/secure.gravatar.com\/avatar\/55cb5e37c1efa326397366e6974cb338056df65cb50e7d64d1cf314e87504837?s=96&d=mm&r=g\",\"contentUrl\":\"https:\/\/secure.gravatar.com\/avatar\/55cb5e37c1efa326397366e6974cb338056df65cb50e7d64d1cf314e87504837?s=96&d=mm&r=g\",\"caption\":\"Arnaldo Botto\"},\"url\":\"https:\/\/www.noticiasradioreflejos.com.ar\/2021\/author\/arnaldo\/\"}]}<\/script>\n<!-- \/ Yoast SEO plugin. -->","yoast_head_json":{"title":"Hechos policiales en el distrito. - Noticias Radio Reflejos","robots":{"index":"index","follow":"follow","max-snippet":"max-snippet:-1","max-image-preview":"max-image-preview:large","max-video-preview":"max-video-preview:-1"},"canonical":"https:\/\/www.noticiasradioreflejos.com.ar\/2021\/hechos-policiales-en-el-distrito\/","og_locale":"es_ES","og_type":"article","og_title":"Hechos policiales en el distrito. - Noticias Radio Reflejos","og_description":"PARTE DE PRENSA.- Se lleva a conocimiento de la comunidad que con fecha 02 de Febrero del corriente a\u00f1o en horas del mediod\u00eda, se da alerta respecto a la colisi\u00f3n de un veh\u00edculo contra poste de luz ubicado en la intersecci\u00f3n de esquinas Lavalle y Ruppel de este medio,","og_url":"https:\/\/www.noticiasradioreflejos.com.ar\/2021\/hechos-policiales-en-el-distrito\/","og_site_name":"Noticias Radio Reflejos","article_published_time":"2019-02-06T17:36:43+00:00","og_image":[{"width":300,"height":200,"url":"https:\/\/www.noticiasradioreflejos.com.ar\/2021\/wp-content\/uploads\/2021\/07\/logosol300x200.png","type":"image\/png"}],"author":"Arnaldo Botto","twitter_card":"summary_large_image","schema":{"@context":"https:\/\/schema.org","@graph":[{"@type":"WebPage","@id":"https:\/\/www.noticiasradioreflejos.com.ar\/2021\/hechos-policiales-en-el-distrito\/","url":"https:\/\/www.noticiasradioreflejos.com.ar\/2021\/hechos-policiales-en-el-distrito\/","name":"Hechos policiales en el distrito. - Noticias Radio Reflejos","isPartOf":{"@id":"https:\/\/www.noticiasradioreflejos.com.ar\/2021\/#website"},"datePublished":"2019-02-06T17:36:43+00:00","author":{"@id":"https:\/\/www.noticiasradioreflejos.com.ar\/2021\/#\/schema\/person\/ad82545263dcc5ec0996818884fd5fb1"},"breadcrumb":{"@id":"https:\/\/www.noticiasradioreflejos.com.ar\/2021\/hechos-policiales-en-el-distrito\/#breadcrumb"},"inLanguage":"es","potentialAction":[{"@type":"ReadAction","target":["https:\/\/www.noticiasradioreflejos.com.ar\/2021\/hechos-policiales-en-el-distrito\/"]}]},{"@type":"BreadcrumbList","@id":"https:\/\/www.noticiasradioreflejos.com.ar\/2021\/hechos-policiales-en-el-distrito\/#breadcrumb","itemListElement":[{"@type":"ListItem","position":1,"name":"Portada","item":"https:\/\/www.noticiasradioreflejos.com.ar\/2021\/"},{"@type":"ListItem","position":2,"name":"Hechos policiales en el distrito."}]},{"@type":"WebSite","@id":"https:\/\/www.noticiasradioreflejos.com.ar\/2021\/#website","url":"https:\/\/www.noticiasradioreflejos.com.ar\/2021\/","name":"Noticias Radio Reflejos","description":"Las noticias de mi comarca","potentialAction":[{"@type":"SearchAction","target":{"@type":"EntryPoint","urlTemplate":"https:\/\/www.noticiasradioreflejos.com.ar\/2021\/?s={search_term_string}"},"query-input":{"@type":"PropertyValueSpecification","valueRequired":true,"valueName":"search_term_string"}}],"inLanguage":"es"},{"@type":"Person","@id":"https:\/\/www.noticiasradioreflejos.com.ar\/2021\/#\/schema\/person\/ad82545263dcc5ec0996818884fd5fb1","name":"Arnaldo Botto","image":{"@type":"ImageObject","inLanguage":"es","@id":"https:\/\/www.noticiasradioreflejos.com.ar\/2021\/#\/schema\/person\/image\/","url":"https:\/\/secure.gravatar.com\/avatar\/55cb5e37c1efa326397366e6974cb338056df65cb50e7d64d1cf314e87504837?s=96&d=mm&r=g","contentUrl":"https:\/\/secure.gravatar.com\/avatar\/55cb5e37c1efa326397366e6974cb338056df65cb50e7d64d1cf314e87504837?s=96&d=mm&r=g","caption":"Arnaldo Botto"},"url":"https:\/\/www.noticiasradioreflejos.com.ar\/2021\/author\/arnaldo\/"}]}},"_links":{"self":[{"href":"https:\/\/www.noticiasradioreflejos.com.ar\/2021\/wp-json\/wp\/v2\/posts\/28725","targetHints":{"allow":["GET"]}}],"collection":[{"href":"https:\/\/www.noticiasradioreflejos.com.ar\/2021\/wp-json\/wp\/v2\/posts"}],"about":[{"href":"https:\/\/www.noticiasradioreflejos.com.ar\/2021\/wp-json\/wp\/v2\/types\/post"}],"author":[{"embeddable":true,"href":"https:\/\/www.noticiasradioreflejos.com.ar\/2021\/wp-json\/wp\/v2\/users\/3"}],"replies":[{"embeddable":true,"href":"https:\/\/www.noticiasradioreflejos.com.ar\/2021\/wp-json\/wp\/v2\/comments?post=28725"}],"version-history":[{"count":0,"href":"https:\/\/www.noticiasradioreflejos.com.ar\/2021\/wp-json\/wp\/v2\/posts\/28725\/revisions"}],"wp:attachment":[{"href":"https:\/\/www.noticiasradioreflejos.com.ar\/2021\/wp-json\/wp\/v2\/media?parent=28725"}],"wp:term":[{"taxonomy":"category","embeddable":true,"href":"https:\/\/www.noticiasradioreflejos.com.ar\/2021\/wp-json\/wp\/v2\/categories?post=28725"},{"taxonomy":"post_tag","embeddable":true,"href":"https:\/\/www.noticiasradioreflejos.com.ar\/2021\/wp-json\/wp\/v2\/tags?post=28725"}],"curies":[{"name":"wp","href":"https:\/\/api.w.org\/{rel}","templated":true}]}}