{"id":28719,"date":"2019-02-06T12:22:28","date_gmt":"2019-02-06T15:22:28","guid":{"rendered":"http:\/\/www.noticiasradioreflejos.com.ar\/noticias\/?p=28719"},"modified":"2019-02-06T12:22:28","modified_gmt":"2019-02-06T15:22:28","slug":"la-falta-de-trenes-de-pasajeros-es-una-deuda-de-las-autoridades-jorge-canolik","status":"publish","type":"post","link":"https:\/\/www.noticiasradioreflejos.com.ar\/2021\/la-falta-de-trenes-de-pasajeros-es-una-deuda-de-las-autoridades-jorge-canolik\/","title":{"rendered":"&quot;La falta de trenes de pasajeros es una deuda de las autoridades&quot; Jorge Canolik."},"content":{"rendered":"<p>Jorge Canolik, integrante del grupo \u00abQue vuelva el tren\u00bb habl\u00f3 en FM Reflejos en relaci\u00f3n a esta visita y la forma en que se movilizar\u00e1 el grupo en reclamo de la vuelta del tren de pasajeros por el ramal de Sierra de la Ventana y la regulaci\u00f3n del trasporte ferroviario de carga.<!--more--><br \/>\n\u00abEsperamos que nuestros funcionarios se hagan responsables del reclamo\u00bb expres\u00f3 el vecino de la localidad.<br \/>\n\u00abEl Intendente expres\u00f3 en su momento que pedir\u00eda por la restituci\u00f3n del servicio que dej\u00f3 muchos da\u00f1os al turismo de la comarca, desde el momento que la Gobernadora le di\u00f3 el tiro de gracia\u00bb,expres\u00f3 Canolik.<br \/>\nEste mi\u00e9rcoles 6 de febrero visitar\u00e1 la estaci\u00f3n Tornquist, el Presidente de Trenes Argentinos Marcelo Orfila acompa\u00f1ado por el Intendente Municipal Sergio Bordoni y el Jefe de la estaci\u00f3n local Oscar Corvatta.<br \/>\nDurante el encuentro previsto para la hora 18, se har\u00e1 una recorrida por el lugar y luego realizar\u00e1 anuncios de mejoras y obras sobre el tren de pasajeros que une Bah\u00eda Blanca con Plaza Constituci\u00f3n y sus intermedias.<br \/>\nEl servicio tiene una frecuencia de tres veces por semana y cubre adem\u00e1s de punto de salida y llegada diferentes localidades de la Provincia.<\/p>\n","protected":false},"excerpt":{"rendered":"<p>Jorge Canolik, integrante del grupo \u00abQue vuelva el tren\u00bb habl\u00f3 en FM Reflejos en relaci\u00f3n a esta visita y la forma en que se movilizar\u00e1 el grupo en reclamo de la vuelta del tren de pasajeros por el ramal de Sierra de la Ventana y la regulaci\u00f3n del trasporte ferroviario de carga.<\/p>\n","protected":false},"author":3,"featured_media":0,"comment_status":"closed","ping_status":"open","sticky":false,"template":"","format":"standard","meta":{"footnotes":""},"categories":[26],"tags":[],"class_list":["post-28719","post","type-post","status-publish","format-standard","hentry","category-sociedad"],"yoast_head":"<!-- This site is optimized with the Yoast SEO plugin v25.9 - https:\/\/yoast.com\/wordpress\/plugins\/seo\/ -->\n<title>&quot;La falta de trenes de pasajeros es una deuda de las autoridades&quot; Jorge Canolik. - Noticias Radio Reflejos<\/title>\n<meta name=\"robots\" content=\"index, follow, max-snippet:-1, max-image-preview:large, max-video-preview:-1\" \/>\n<link rel=\"canonical\" href=\"https:\/\/www.noticiasradioreflejos.com.ar\/2021\/la-falta-de-trenes-de-pasajeros-es-una-deuda-de-las-autoridades-jorge-canolik\/\" \/>\n<meta property=\"og:locale\" content=\"es_ES\" \/>\n<meta property=\"og:type\" content=\"article\" \/>\n<meta property=\"og:title\" content=\"&quot;La falta de trenes de pasajeros es una deuda de las autoridades&quot; Jorge Canolik. - Noticias Radio Reflejos\" \/>\n<meta property=\"og:description\" content=\"Jorge Canolik, integrante del grupo \u00abQue vuelva el tren\u00bb habl\u00f3 en FM Reflejos en relaci\u00f3n a esta visita y la forma en que se movilizar\u00e1 el grupo en reclamo de la vuelta del tren de pasajeros por el ramal de Sierra de la Ventana y la regulaci\u00f3n del trasporte ferroviario de carga.\" \/>\n<meta property=\"og:url\" content=\"https:\/\/www.noticiasradioreflejos.com.ar\/2021\/la-falta-de-trenes-de-pasajeros-es-una-deuda-de-las-autoridades-jorge-canolik\/\" \/>\n<meta property=\"og:site_name\" content=\"Noticias Radio Reflejos\" \/>\n<meta property=\"article:published_time\" content=\"2019-02-06T15:22:28+00:00\" \/>\n<meta property=\"og:image\" content=\"https:\/\/www.noticiasradioreflejos.com.ar\/2021\/wp-content\/uploads\/2021\/07\/logosol300x200.png\" \/>\n\t<meta property=\"og:image:width\" content=\"300\" \/>\n\t<meta property=\"og:image:height\" content=\"200\" \/>\n\t<meta property=\"og:image:type\" content=\"image\/png\" \/>\n<meta name=\"author\" content=\"Arnaldo Botto\" \/>\n<meta name=\"twitter:card\" content=\"summary_large_image\" \/>\n<script type=\"application\/ld+json\" class=\"yoast-schema-graph\">{\"@context\":\"https:\/\/schema.org\",\"@graph\":[{\"@type\":\"WebPage\",\"@id\":\"https:\/\/www.noticiasradioreflejos.com.ar\/2021\/la-falta-de-trenes-de-pasajeros-es-una-deuda-de-las-autoridades-jorge-canolik\/\",\"url\":\"https:\/\/www.noticiasradioreflejos.com.ar\/2021\/la-falta-de-trenes-de-pasajeros-es-una-deuda-de-las-autoridades-jorge-canolik\/\",\"name\":\"&quot;La falta de trenes de pasajeros es una deuda de las autoridades&quot; Jorge Canolik. - Noticias Radio Reflejos\",\"isPartOf\":{\"@id\":\"https:\/\/www.noticiasradioreflejos.com.ar\/2021\/#website\"},\"datePublished\":\"2019-02-06T15:22:28+00:00\",\"author\":{\"@id\":\"https:\/\/www.noticiasradioreflejos.com.ar\/2021\/#\/schema\/person\/ad82545263dcc5ec0996818884fd5fb1\"},\"breadcrumb\":{\"@id\":\"https:\/\/www.noticiasradioreflejos.com.ar\/2021\/la-falta-de-trenes-de-pasajeros-es-una-deuda-de-las-autoridades-jorge-canolik\/#breadcrumb\"},\"inLanguage\":\"es\",\"potentialAction\":[{\"@type\":\"ReadAction\",\"target\":[\"https:\/\/www.noticiasradioreflejos.com.ar\/2021\/la-falta-de-trenes-de-pasajeros-es-una-deuda-de-las-autoridades-jorge-canolik\/\"]}]},{\"@type\":\"BreadcrumbList\",\"@id\":\"https:\/\/www.noticiasradioreflejos.com.ar\/2021\/la-falta-de-trenes-de-pasajeros-es-una-deuda-de-las-autoridades-jorge-canolik\/#breadcrumb\",\"itemListElement\":[{\"@type\":\"ListItem\",\"position\":1,\"name\":\"Portada\",\"item\":\"https:\/\/www.noticiasradioreflejos.com.ar\/2021\/\"},{\"@type\":\"ListItem\",\"position\":2,\"name\":\"&quot;La falta de trenes de pasajeros es una deuda de las autoridades&quot; Jorge Canolik.\"}]},{\"@type\":\"WebSite\",\"@id\":\"https:\/\/www.noticiasradioreflejos.com.ar\/2021\/#website\",\"url\":\"https:\/\/www.noticiasradioreflejos.com.ar\/2021\/\",\"name\":\"Noticias Radio Reflejos\",\"description\":\"Las noticias de mi comarca\",\"potentialAction\":[{\"@type\":\"SearchAction\",\"target\":{\"@type\":\"EntryPoint\",\"urlTemplate\":\"https:\/\/www.noticiasradioreflejos.com.ar\/2021\/?s={search_term_string}\"},\"query-input\":{\"@type\":\"PropertyValueSpecification\",\"valueRequired\":true,\"valueName\":\"search_term_string\"}}],\"inLanguage\":\"es\"},{\"@type\":\"Person\",\"@id\":\"https:\/\/www.noticiasradioreflejos.com.ar\/2021\/#\/schema\/person\/ad82545263dcc5ec0996818884fd5fb1\",\"name\":\"Arnaldo Botto\",\"image\":{\"@type\":\"ImageObject\",\"inLanguage\":\"es\",\"@id\":\"https:\/\/www.noticiasradioreflejos.com.ar\/2021\/#\/schema\/person\/image\/\",\"url\":\"https:\/\/secure.gravatar.com\/avatar\/55cb5e37c1efa326397366e6974cb338056df65cb50e7d64d1cf314e87504837?s=96&d=mm&r=g\",\"contentUrl\":\"https:\/\/secure.gravatar.com\/avatar\/55cb5e37c1efa326397366e6974cb338056df65cb50e7d64d1cf314e87504837?s=96&d=mm&r=g\",\"caption\":\"Arnaldo Botto\"},\"url\":\"https:\/\/www.noticiasradioreflejos.com.ar\/2021\/author\/arnaldo\/\"}]}<\/script>\n<!-- \/ Yoast SEO plugin. -->","yoast_head_json":{"title":"&quot;La falta de trenes de pasajeros es una deuda de las autoridades&quot; Jorge Canolik. - Noticias Radio Reflejos","robots":{"index":"index","follow":"follow","max-snippet":"max-snippet:-1","max-image-preview":"max-image-preview:large","max-video-preview":"max-video-preview:-1"},"canonical":"https:\/\/www.noticiasradioreflejos.com.ar\/2021\/la-falta-de-trenes-de-pasajeros-es-una-deuda-de-las-autoridades-jorge-canolik\/","og_locale":"es_ES","og_type":"article","og_title":"&quot;La falta de trenes de pasajeros es una deuda de las autoridades&quot; Jorge Canolik. - Noticias Radio Reflejos","og_description":"Jorge Canolik, integrante del grupo \u00abQue vuelva el tren\u00bb habl\u00f3 en FM Reflejos en relaci\u00f3n a esta visita y la forma en que se movilizar\u00e1 el grupo en reclamo de la vuelta del tren de pasajeros por el ramal de Sierra de la Ventana y la regulaci\u00f3n del trasporte ferroviario de carga.","og_url":"https:\/\/www.noticiasradioreflejos.com.ar\/2021\/la-falta-de-trenes-de-pasajeros-es-una-deuda-de-las-autoridades-jorge-canolik\/","og_site_name":"Noticias Radio Reflejos","article_published_time":"2019-02-06T15:22:28+00:00","og_image":[{"width":300,"height":200,"url":"https:\/\/www.noticiasradioreflejos.com.ar\/2021\/wp-content\/uploads\/2021\/07\/logosol300x200.png","type":"image\/png"}],"author":"Arnaldo Botto","twitter_card":"summary_large_image","schema":{"@context":"https:\/\/schema.org","@graph":[{"@type":"WebPage","@id":"https:\/\/www.noticiasradioreflejos.com.ar\/2021\/la-falta-de-trenes-de-pasajeros-es-una-deuda-de-las-autoridades-jorge-canolik\/","url":"https:\/\/www.noticiasradioreflejos.com.ar\/2021\/la-falta-de-trenes-de-pasajeros-es-una-deuda-de-las-autoridades-jorge-canolik\/","name":"&quot;La falta de trenes de pasajeros es una deuda de las autoridades&quot; Jorge Canolik. - Noticias Radio Reflejos","isPartOf":{"@id":"https:\/\/www.noticiasradioreflejos.com.ar\/2021\/#website"},"datePublished":"2019-02-06T15:22:28+00:00","author":{"@id":"https:\/\/www.noticiasradioreflejos.com.ar\/2021\/#\/schema\/person\/ad82545263dcc5ec0996818884fd5fb1"},"breadcrumb":{"@id":"https:\/\/www.noticiasradioreflejos.com.ar\/2021\/la-falta-de-trenes-de-pasajeros-es-una-deuda-de-las-autoridades-jorge-canolik\/#breadcrumb"},"inLanguage":"es","potentialAction":[{"@type":"ReadAction","target":["https:\/\/www.noticiasradioreflejos.com.ar\/2021\/la-falta-de-trenes-de-pasajeros-es-una-deuda-de-las-autoridades-jorge-canolik\/"]}]},{"@type":"BreadcrumbList","@id":"https:\/\/www.noticiasradioreflejos.com.ar\/2021\/la-falta-de-trenes-de-pasajeros-es-una-deuda-de-las-autoridades-jorge-canolik\/#breadcrumb","itemListElement":[{"@type":"ListItem","position":1,"name":"Portada","item":"https:\/\/www.noticiasradioreflejos.com.ar\/2021\/"},{"@type":"ListItem","position":2,"name":"&quot;La falta de trenes de pasajeros es una deuda de las autoridades&quot; Jorge Canolik."}]},{"@type":"WebSite","@id":"https:\/\/www.noticiasradioreflejos.com.ar\/2021\/#website","url":"https:\/\/www.noticiasradioreflejos.com.ar\/2021\/","name":"Noticias Radio Reflejos","description":"Las noticias de mi comarca","potentialAction":[{"@type":"SearchAction","target":{"@type":"EntryPoint","urlTemplate":"https:\/\/www.noticiasradioreflejos.com.ar\/2021\/?s={search_term_string}"},"query-input":{"@type":"PropertyValueSpecification","valueRequired":true,"valueName":"search_term_string"}}],"inLanguage":"es"},{"@type":"Person","@id":"https:\/\/www.noticiasradioreflejos.com.ar\/2021\/#\/schema\/person\/ad82545263dcc5ec0996818884fd5fb1","name":"Arnaldo Botto","image":{"@type":"ImageObject","inLanguage":"es","@id":"https:\/\/www.noticiasradioreflejos.com.ar\/2021\/#\/schema\/person\/image\/","url":"https:\/\/secure.gravatar.com\/avatar\/55cb5e37c1efa326397366e6974cb338056df65cb50e7d64d1cf314e87504837?s=96&d=mm&r=g","contentUrl":"https:\/\/secure.gravatar.com\/avatar\/55cb5e37c1efa326397366e6974cb338056df65cb50e7d64d1cf314e87504837?s=96&d=mm&r=g","caption":"Arnaldo Botto"},"url":"https:\/\/www.noticiasradioreflejos.com.ar\/2021\/author\/arnaldo\/"}]}},"_links":{"self":[{"href":"https:\/\/www.noticiasradioreflejos.com.ar\/2021\/wp-json\/wp\/v2\/posts\/28719","targetHints":{"allow":["GET"]}}],"collection":[{"href":"https:\/\/www.noticiasradioreflejos.com.ar\/2021\/wp-json\/wp\/v2\/posts"}],"about":[{"href":"https:\/\/www.noticiasradioreflejos.com.ar\/2021\/wp-json\/wp\/v2\/types\/post"}],"author":[{"embeddable":true,"href":"https:\/\/www.noticiasradioreflejos.com.ar\/2021\/wp-json\/wp\/v2\/users\/3"}],"replies":[{"embeddable":true,"href":"https:\/\/www.noticiasradioreflejos.com.ar\/2021\/wp-json\/wp\/v2\/comments?post=28719"}],"version-history":[{"count":0,"href":"https:\/\/www.noticiasradioreflejos.com.ar\/2021\/wp-json\/wp\/v2\/posts\/28719\/revisions"}],"wp:attachment":[{"href":"https:\/\/www.noticiasradioreflejos.com.ar\/2021\/wp-json\/wp\/v2\/media?parent=28719"}],"wp:term":[{"taxonomy":"category","embeddable":true,"href":"https:\/\/www.noticiasradioreflejos.com.ar\/2021\/wp-json\/wp\/v2\/categories?post=28719"},{"taxonomy":"post_tag","embeddable":true,"href":"https:\/\/www.noticiasradioreflejos.com.ar\/2021\/wp-json\/wp\/v2\/tags?post=28719"}],"curies":[{"name":"wp","href":"https:\/\/api.w.org\/{rel}","templated":true}]}}