{"id":28571,"date":"2019-01-31T10:50:50","date_gmt":"2019-01-31T13:50:50","guid":{"rendered":"http:\/\/www.noticiasradioreflejos.com.ar\/noticias\/?p=28571"},"modified":"2019-01-31T10:50:50","modified_gmt":"2019-01-31T13:50:50","slug":"inquietud-de-vecinos-a-concejales-del-fpv-y-cumplir","status":"publish","type":"post","link":"https:\/\/www.noticiasradioreflejos.com.ar\/2021\/inquietud-de-vecinos-a-concejales-del-fpv-y-cumplir\/","title":{"rendered":"Inquietud de vecinos a concejales del FPV y Cumplir."},"content":{"rendered":"<p>Varios vecinos nos han hecho llegar la inquietud de la dificultad  para renovar el carnet  de conducir  a  partir de los 70 a\u00f1os, ya que actualmente los requisitos para dicho tr\u00e1mite incluyen  la presentaci\u00f3n de certificado m\u00e9dico de cabecera, oftalm\u00f3logo  y neur\u00f3logo.<!--more--><br \/>\n El hospital Municipal no cuenta con neur\u00f3logo por lo que cada adulto que deba realizar la licencia de conducir tendr\u00e1 que realizar una consulta particular con dicho profesional. Esto sumado al resto de los requisitos ocasiona gastos dif\u00edciles de afrontar teniendo en cuenta la situaci\u00f3n econ\u00f3mica que estamos atravesando.<br \/>\nPor este motivo nos hemos reunido con la Secretaria de Salud Dra. Marcela Guido y la Subsecretaria Administrativa  Sra. Noelia Baier para que consideren la posibilidad de contar con un neur\u00f3logo en el Hospital Municipal que expida dicho certificado, adem\u00e1s de sumar una nueva especialidad al \u00e1rea de salud.<br \/>\nConcejales Bloques Frente para la Victoria y Frente Justicialista Cumplir.<\/p>\n","protected":false},"excerpt":{"rendered":"<p>Varios vecinos nos han hecho llegar la inquietud de la dificultad para renovar el carnet de conducir a partir de los 70 a\u00f1os, ya que actualmente los requisitos para dicho tr\u00e1mite incluyen la presentaci\u00f3n de certificado m\u00e9dico de cabecera, oftalm\u00f3logo y neur\u00f3logo.<\/p>\n","protected":false},"author":3,"featured_media":0,"comment_status":"closed","ping_status":"open","sticky":false,"template":"","format":"standard","meta":{"footnotes":""},"categories":[24],"tags":[],"class_list":["post-28571","post","type-post","status-publish","format-standard","hentry","category-politica"],"yoast_head":"<!-- This site is optimized with the Yoast SEO plugin v25.9 - https:\/\/yoast.com\/wordpress\/plugins\/seo\/ -->\n<title>Inquietud de vecinos a concejales del FPV y Cumplir. - Noticias Radio Reflejos<\/title>\n<meta name=\"robots\" content=\"index, follow, max-snippet:-1, max-image-preview:large, max-video-preview:-1\" \/>\n<link rel=\"canonical\" href=\"https:\/\/www.noticiasradioreflejos.com.ar\/2021\/inquietud-de-vecinos-a-concejales-del-fpv-y-cumplir\/\" \/>\n<meta property=\"og:locale\" content=\"es_ES\" \/>\n<meta property=\"og:type\" content=\"article\" \/>\n<meta property=\"og:title\" content=\"Inquietud de vecinos a concejales del FPV y Cumplir. - Noticias Radio Reflejos\" \/>\n<meta property=\"og:description\" content=\"Varios vecinos nos han hecho llegar la inquietud de la dificultad para renovar el carnet de conducir a partir de los 70 a\u00f1os, ya que actualmente los requisitos para dicho tr\u00e1mite incluyen la presentaci\u00f3n de certificado m\u00e9dico de cabecera, oftalm\u00f3logo y neur\u00f3logo.\" \/>\n<meta property=\"og:url\" content=\"https:\/\/www.noticiasradioreflejos.com.ar\/2021\/inquietud-de-vecinos-a-concejales-del-fpv-y-cumplir\/\" \/>\n<meta property=\"og:site_name\" content=\"Noticias Radio Reflejos\" \/>\n<meta property=\"article:published_time\" content=\"2019-01-31T13:50:50+00:00\" \/>\n<meta property=\"og:image\" content=\"https:\/\/www.noticiasradioreflejos.com.ar\/2021\/wp-content\/uploads\/2021\/07\/logosol300x200.png\" \/>\n\t<meta property=\"og:image:width\" content=\"300\" \/>\n\t<meta property=\"og:image:height\" content=\"200\" \/>\n\t<meta property=\"og:image:type\" content=\"image\/png\" \/>\n<meta name=\"author\" content=\"Arnaldo Botto\" \/>\n<meta name=\"twitter:card\" content=\"summary_large_image\" \/>\n<script type=\"application\/ld+json\" class=\"yoast-schema-graph\">{\"@context\":\"https:\/\/schema.org\",\"@graph\":[{\"@type\":\"WebPage\",\"@id\":\"https:\/\/www.noticiasradioreflejos.com.ar\/2021\/inquietud-de-vecinos-a-concejales-del-fpv-y-cumplir\/\",\"url\":\"https:\/\/www.noticiasradioreflejos.com.ar\/2021\/inquietud-de-vecinos-a-concejales-del-fpv-y-cumplir\/\",\"name\":\"Inquietud de vecinos a concejales del FPV y Cumplir. - Noticias Radio Reflejos\",\"isPartOf\":{\"@id\":\"https:\/\/www.noticiasradioreflejos.com.ar\/2021\/#website\"},\"datePublished\":\"2019-01-31T13:50:50+00:00\",\"author\":{\"@id\":\"https:\/\/www.noticiasradioreflejos.com.ar\/2021\/#\/schema\/person\/ad82545263dcc5ec0996818884fd5fb1\"},\"breadcrumb\":{\"@id\":\"https:\/\/www.noticiasradioreflejos.com.ar\/2021\/inquietud-de-vecinos-a-concejales-del-fpv-y-cumplir\/#breadcrumb\"},\"inLanguage\":\"es\",\"potentialAction\":[{\"@type\":\"ReadAction\",\"target\":[\"https:\/\/www.noticiasradioreflejos.com.ar\/2021\/inquietud-de-vecinos-a-concejales-del-fpv-y-cumplir\/\"]}]},{\"@type\":\"BreadcrumbList\",\"@id\":\"https:\/\/www.noticiasradioreflejos.com.ar\/2021\/inquietud-de-vecinos-a-concejales-del-fpv-y-cumplir\/#breadcrumb\",\"itemListElement\":[{\"@type\":\"ListItem\",\"position\":1,\"name\":\"Portada\",\"item\":\"https:\/\/www.noticiasradioreflejos.com.ar\/2021\/\"},{\"@type\":\"ListItem\",\"position\":2,\"name\":\"Inquietud de vecinos a concejales del FPV y Cumplir.\"}]},{\"@type\":\"WebSite\",\"@id\":\"https:\/\/www.noticiasradioreflejos.com.ar\/2021\/#website\",\"url\":\"https:\/\/www.noticiasradioreflejos.com.ar\/2021\/\",\"name\":\"Noticias Radio Reflejos\",\"description\":\"Las noticias de mi comarca\",\"potentialAction\":[{\"@type\":\"SearchAction\",\"target\":{\"@type\":\"EntryPoint\",\"urlTemplate\":\"https:\/\/www.noticiasradioreflejos.com.ar\/2021\/?s={search_term_string}\"},\"query-input\":{\"@type\":\"PropertyValueSpecification\",\"valueRequired\":true,\"valueName\":\"search_term_string\"}}],\"inLanguage\":\"es\"},{\"@type\":\"Person\",\"@id\":\"https:\/\/www.noticiasradioreflejos.com.ar\/2021\/#\/schema\/person\/ad82545263dcc5ec0996818884fd5fb1\",\"name\":\"Arnaldo Botto\",\"image\":{\"@type\":\"ImageObject\",\"inLanguage\":\"es\",\"@id\":\"https:\/\/www.noticiasradioreflejos.com.ar\/2021\/#\/schema\/person\/image\/\",\"url\":\"https:\/\/secure.gravatar.com\/avatar\/55cb5e37c1efa326397366e6974cb338056df65cb50e7d64d1cf314e87504837?s=96&d=mm&r=g\",\"contentUrl\":\"https:\/\/secure.gravatar.com\/avatar\/55cb5e37c1efa326397366e6974cb338056df65cb50e7d64d1cf314e87504837?s=96&d=mm&r=g\",\"caption\":\"Arnaldo Botto\"},\"url\":\"https:\/\/www.noticiasradioreflejos.com.ar\/2021\/author\/arnaldo\/\"}]}<\/script>\n<!-- \/ Yoast SEO plugin. -->","yoast_head_json":{"title":"Inquietud de vecinos a concejales del FPV y Cumplir. - Noticias Radio Reflejos","robots":{"index":"index","follow":"follow","max-snippet":"max-snippet:-1","max-image-preview":"max-image-preview:large","max-video-preview":"max-video-preview:-1"},"canonical":"https:\/\/www.noticiasradioreflejos.com.ar\/2021\/inquietud-de-vecinos-a-concejales-del-fpv-y-cumplir\/","og_locale":"es_ES","og_type":"article","og_title":"Inquietud de vecinos a concejales del FPV y Cumplir. - Noticias Radio Reflejos","og_description":"Varios vecinos nos han hecho llegar la inquietud de la dificultad para renovar el carnet de conducir a partir de los 70 a\u00f1os, ya que actualmente los requisitos para dicho tr\u00e1mite incluyen la presentaci\u00f3n de certificado m\u00e9dico de cabecera, oftalm\u00f3logo y neur\u00f3logo.","og_url":"https:\/\/www.noticiasradioreflejos.com.ar\/2021\/inquietud-de-vecinos-a-concejales-del-fpv-y-cumplir\/","og_site_name":"Noticias Radio Reflejos","article_published_time":"2019-01-31T13:50:50+00:00","og_image":[{"width":300,"height":200,"url":"https:\/\/www.noticiasradioreflejos.com.ar\/2021\/wp-content\/uploads\/2021\/07\/logosol300x200.png","type":"image\/png"}],"author":"Arnaldo Botto","twitter_card":"summary_large_image","schema":{"@context":"https:\/\/schema.org","@graph":[{"@type":"WebPage","@id":"https:\/\/www.noticiasradioreflejos.com.ar\/2021\/inquietud-de-vecinos-a-concejales-del-fpv-y-cumplir\/","url":"https:\/\/www.noticiasradioreflejos.com.ar\/2021\/inquietud-de-vecinos-a-concejales-del-fpv-y-cumplir\/","name":"Inquietud de vecinos a concejales del FPV y Cumplir. - Noticias Radio Reflejos","isPartOf":{"@id":"https:\/\/www.noticiasradioreflejos.com.ar\/2021\/#website"},"datePublished":"2019-01-31T13:50:50+00:00","author":{"@id":"https:\/\/www.noticiasradioreflejos.com.ar\/2021\/#\/schema\/person\/ad82545263dcc5ec0996818884fd5fb1"},"breadcrumb":{"@id":"https:\/\/www.noticiasradioreflejos.com.ar\/2021\/inquietud-de-vecinos-a-concejales-del-fpv-y-cumplir\/#breadcrumb"},"inLanguage":"es","potentialAction":[{"@type":"ReadAction","target":["https:\/\/www.noticiasradioreflejos.com.ar\/2021\/inquietud-de-vecinos-a-concejales-del-fpv-y-cumplir\/"]}]},{"@type":"BreadcrumbList","@id":"https:\/\/www.noticiasradioreflejos.com.ar\/2021\/inquietud-de-vecinos-a-concejales-del-fpv-y-cumplir\/#breadcrumb","itemListElement":[{"@type":"ListItem","position":1,"name":"Portada","item":"https:\/\/www.noticiasradioreflejos.com.ar\/2021\/"},{"@type":"ListItem","position":2,"name":"Inquietud de vecinos a concejales del FPV y Cumplir."}]},{"@type":"WebSite","@id":"https:\/\/www.noticiasradioreflejos.com.ar\/2021\/#website","url":"https:\/\/www.noticiasradioreflejos.com.ar\/2021\/","name":"Noticias Radio Reflejos","description":"Las noticias de mi comarca","potentialAction":[{"@type":"SearchAction","target":{"@type":"EntryPoint","urlTemplate":"https:\/\/www.noticiasradioreflejos.com.ar\/2021\/?s={search_term_string}"},"query-input":{"@type":"PropertyValueSpecification","valueRequired":true,"valueName":"search_term_string"}}],"inLanguage":"es"},{"@type":"Person","@id":"https:\/\/www.noticiasradioreflejos.com.ar\/2021\/#\/schema\/person\/ad82545263dcc5ec0996818884fd5fb1","name":"Arnaldo Botto","image":{"@type":"ImageObject","inLanguage":"es","@id":"https:\/\/www.noticiasradioreflejos.com.ar\/2021\/#\/schema\/person\/image\/","url":"https:\/\/secure.gravatar.com\/avatar\/55cb5e37c1efa326397366e6974cb338056df65cb50e7d64d1cf314e87504837?s=96&d=mm&r=g","contentUrl":"https:\/\/secure.gravatar.com\/avatar\/55cb5e37c1efa326397366e6974cb338056df65cb50e7d64d1cf314e87504837?s=96&d=mm&r=g","caption":"Arnaldo Botto"},"url":"https:\/\/www.noticiasradioreflejos.com.ar\/2021\/author\/arnaldo\/"}]}},"_links":{"self":[{"href":"https:\/\/www.noticiasradioreflejos.com.ar\/2021\/wp-json\/wp\/v2\/posts\/28571","targetHints":{"allow":["GET"]}}],"collection":[{"href":"https:\/\/www.noticiasradioreflejos.com.ar\/2021\/wp-json\/wp\/v2\/posts"}],"about":[{"href":"https:\/\/www.noticiasradioreflejos.com.ar\/2021\/wp-json\/wp\/v2\/types\/post"}],"author":[{"embeddable":true,"href":"https:\/\/www.noticiasradioreflejos.com.ar\/2021\/wp-json\/wp\/v2\/users\/3"}],"replies":[{"embeddable":true,"href":"https:\/\/www.noticiasradioreflejos.com.ar\/2021\/wp-json\/wp\/v2\/comments?post=28571"}],"version-history":[{"count":0,"href":"https:\/\/www.noticiasradioreflejos.com.ar\/2021\/wp-json\/wp\/v2\/posts\/28571\/revisions"}],"wp:attachment":[{"href":"https:\/\/www.noticiasradioreflejos.com.ar\/2021\/wp-json\/wp\/v2\/media?parent=28571"}],"wp:term":[{"taxonomy":"category","embeddable":true,"href":"https:\/\/www.noticiasradioreflejos.com.ar\/2021\/wp-json\/wp\/v2\/categories?post=28571"},{"taxonomy":"post_tag","embeddable":true,"href":"https:\/\/www.noticiasradioreflejos.com.ar\/2021\/wp-json\/wp\/v2\/tags?post=28571"}],"curies":[{"name":"wp","href":"https:\/\/api.w.org\/{rel}","templated":true}]}}