{"id":28491,"date":"2019-01-27T18:28:43","date_gmt":"2019-01-27T21:28:43","guid":{"rendered":"http:\/\/www.noticiasradioreflejos.com.ar\/noticias\/?p=28491"},"modified":"2019-01-27T18:28:43","modified_gmt":"2019-01-27T21:28:43","slug":"habilitaron-un-desvio-en-la-ruta-n-3-en-sentido-a-bahia-blanca","status":"publish","type":"post","link":"https:\/\/www.noticiasradioreflejos.com.ar\/2021\/habilitaron-un-desvio-en-la-ruta-n-3-en-sentido-a-bahia-blanca\/","title":{"rendered":"Habilitaron un desv\u00edo en la ruta N\u00b0 3 en sentido a Bah\u00eda Blanca"},"content":{"rendered":"<p>Debido a las inundaciones que sufri\u00f3 el tramo de la Ruta Nacional N\u00b0 3 entre el acceso a Pehuen Co y Monte Hermoso se habilit\u00f3 un desv\u00edo para el tr\u00e1nsito sentido Monte Hermoso \u2013 Bah\u00eda Blanca.<!--more--><br \/>\nA ra\u00edz de las inundaciones en algunos sectores de la Ruta Nacional N\u00b0 3 y la afectaci\u00f3n de la circulaci\u00f3n entre las ciudades de Monte Hermoso y Pehuen Co, se ha habilitado un desv\u00edo de transito solo para los usuarios que viajen desde la ciudad balnearia en sentido a Bah\u00eda Blanca.<br \/>\nFrente a esta situaci\u00f3n, Vialidad Nacional puso en marcha un operativo de emergencia para hacer frente a la crisis y lograr restituir el tr\u00e1nsito. Por eso, adem\u00e1s de la se\u00f1alizaci\u00f3n en todos los tramos afectados, se consolido un desv\u00edo por un camino vecinal conocido como el ingreso a Calvo.  De esta manera la circulaci\u00f3n ser\u00eda:<br \/>\n\uf0d8  Sentido Monte Hermoso \u2013 Bah\u00eda Blanca:  Desde la rotonda de intersecci\u00f3n de la RP 78 y la Ruta Nacional N\u00b0 3 hasta el Km- 603. All\u00ed tomar el camino vecinal por 9 km hasta retomar la ciurculacion por RN 3 en el Km. 610.<br \/>\n\uf0d8 Sentido Bah\u00eda Blanca \u2013 Monte Hermoso: Desviar por la RP 51 hasta la altura de Frapal, tomar la RP 72 hasta Coronel Dorrego para luego retomar la RN 3 y descender hasta el acceso a Monte Hermoso.<br \/>\nCabe destacar que el desv\u00edo cuenta con una sola mano, por lo cual, debido al intenso flujo de veh\u00edculos que sale de Monte Hermoso se dar\u00e1 prioridad a este sentido de circulacion.<br \/>\nSe solicita circular a una velocidad m\u00e1xima de 40 km\/h,  respetar las indicaciones de los operativos que est\u00e1n integrados por agentes de Vialidad Nacional, Seguridad Vial de la Naci\u00f3n, Polic\u00eda Vial y Rural de la provincia de Buenos Aires y organismos de emergencia de todas las localidades involucrada.<br \/>\n\u00a1Atenci\u00f3n! Desv\u00edo de tr\u00e1nsito *solo para el sentido Monte Hermoso &#8211; Bah\u00eda Blanca.*  Para el sentido Bah\u00eda Blanca &#8211; Monte Hermoso continua por Ruta Provincial N\u00b0 51 y 72.  Gracias por la difusi\u00f3n.<br \/>\nFuente Aldo Raimundi . Monte Hermoso.<\/p>\n","protected":false},"excerpt":{"rendered":"<p>Debido a las inundaciones que sufri\u00f3 el tramo de la Ruta Nacional N\u00b0 3 entre el acceso a Pehuen Co y Monte Hermoso se habilit\u00f3 un desv\u00edo para el tr\u00e1nsito sentido Monte Hermoso \u2013 Bah\u00eda Blanca.<\/p>\n","protected":false},"author":3,"featured_media":0,"comment_status":"closed","ping_status":"open","sticky":false,"template":"","format":"standard","meta":{"footnotes":""},"categories":[26],"tags":[],"class_list":["post-28491","post","type-post","status-publish","format-standard","hentry","category-sociedad"],"yoast_head":"<!-- This site is optimized with the Yoast SEO plugin v25.9 - https:\/\/yoast.com\/wordpress\/plugins\/seo\/ -->\n<title>Habilitaron un desv\u00edo en la ruta N\u00b0 3 en sentido a Bah\u00eda Blanca - Noticias Radio Reflejos<\/title>\n<meta name=\"robots\" content=\"index, follow, max-snippet:-1, max-image-preview:large, max-video-preview:-1\" \/>\n<link rel=\"canonical\" href=\"https:\/\/www.noticiasradioreflejos.com.ar\/2021\/habilitaron-un-desvio-en-la-ruta-n-3-en-sentido-a-bahia-blanca\/\" \/>\n<meta property=\"og:locale\" content=\"es_ES\" \/>\n<meta property=\"og:type\" content=\"article\" \/>\n<meta property=\"og:title\" content=\"Habilitaron un desv\u00edo en la ruta N\u00b0 3 en sentido a Bah\u00eda Blanca - Noticias Radio Reflejos\" \/>\n<meta property=\"og:description\" content=\"Debido a las inundaciones que sufri\u00f3 el tramo de la Ruta Nacional N\u00b0 3 entre el acceso a Pehuen Co y Monte Hermoso se habilit\u00f3 un desv\u00edo para el tr\u00e1nsito sentido Monte Hermoso \u2013 Bah\u00eda Blanca.\" \/>\n<meta property=\"og:url\" content=\"https:\/\/www.noticiasradioreflejos.com.ar\/2021\/habilitaron-un-desvio-en-la-ruta-n-3-en-sentido-a-bahia-blanca\/\" \/>\n<meta property=\"og:site_name\" content=\"Noticias Radio Reflejos\" \/>\n<meta property=\"article:published_time\" content=\"2019-01-27T21:28:43+00:00\" \/>\n<meta property=\"og:image\" content=\"https:\/\/www.noticiasradioreflejos.com.ar\/2021\/wp-content\/uploads\/2021\/07\/logosol300x200.png\" \/>\n\t<meta property=\"og:image:width\" content=\"300\" \/>\n\t<meta property=\"og:image:height\" content=\"200\" \/>\n\t<meta property=\"og:image:type\" content=\"image\/png\" \/>\n<meta name=\"author\" content=\"Arnaldo Botto\" \/>\n<meta name=\"twitter:card\" content=\"summary_large_image\" \/>\n<script type=\"application\/ld+json\" class=\"yoast-schema-graph\">{\"@context\":\"https:\/\/schema.org\",\"@graph\":[{\"@type\":\"WebPage\",\"@id\":\"https:\/\/www.noticiasradioreflejos.com.ar\/2021\/habilitaron-un-desvio-en-la-ruta-n-3-en-sentido-a-bahia-blanca\/\",\"url\":\"https:\/\/www.noticiasradioreflejos.com.ar\/2021\/habilitaron-un-desvio-en-la-ruta-n-3-en-sentido-a-bahia-blanca\/\",\"name\":\"Habilitaron un desv\u00edo en la ruta N\u00b0 3 en sentido a Bah\u00eda Blanca - Noticias Radio Reflejos\",\"isPartOf\":{\"@id\":\"https:\/\/www.noticiasradioreflejos.com.ar\/2021\/#website\"},\"datePublished\":\"2019-01-27T21:28:43+00:00\",\"author\":{\"@id\":\"https:\/\/www.noticiasradioreflejos.com.ar\/2021\/#\/schema\/person\/ad82545263dcc5ec0996818884fd5fb1\"},\"breadcrumb\":{\"@id\":\"https:\/\/www.noticiasradioreflejos.com.ar\/2021\/habilitaron-un-desvio-en-la-ruta-n-3-en-sentido-a-bahia-blanca\/#breadcrumb\"},\"inLanguage\":\"es\",\"potentialAction\":[{\"@type\":\"ReadAction\",\"target\":[\"https:\/\/www.noticiasradioreflejos.com.ar\/2021\/habilitaron-un-desvio-en-la-ruta-n-3-en-sentido-a-bahia-blanca\/\"]}]},{\"@type\":\"BreadcrumbList\",\"@id\":\"https:\/\/www.noticiasradioreflejos.com.ar\/2021\/habilitaron-un-desvio-en-la-ruta-n-3-en-sentido-a-bahia-blanca\/#breadcrumb\",\"itemListElement\":[{\"@type\":\"ListItem\",\"position\":1,\"name\":\"Portada\",\"item\":\"https:\/\/www.noticiasradioreflejos.com.ar\/2021\/\"},{\"@type\":\"ListItem\",\"position\":2,\"name\":\"Habilitaron un desv\u00edo en la ruta N\u00b0 3 en sentido a Bah\u00eda Blanca\"}]},{\"@type\":\"WebSite\",\"@id\":\"https:\/\/www.noticiasradioreflejos.com.ar\/2021\/#website\",\"url\":\"https:\/\/www.noticiasradioreflejos.com.ar\/2021\/\",\"name\":\"Noticias Radio Reflejos\",\"description\":\"Las noticias de mi comarca\",\"potentialAction\":[{\"@type\":\"SearchAction\",\"target\":{\"@type\":\"EntryPoint\",\"urlTemplate\":\"https:\/\/www.noticiasradioreflejos.com.ar\/2021\/?s={search_term_string}\"},\"query-input\":{\"@type\":\"PropertyValueSpecification\",\"valueRequired\":true,\"valueName\":\"search_term_string\"}}],\"inLanguage\":\"es\"},{\"@type\":\"Person\",\"@id\":\"https:\/\/www.noticiasradioreflejos.com.ar\/2021\/#\/schema\/person\/ad82545263dcc5ec0996818884fd5fb1\",\"name\":\"Arnaldo Botto\",\"image\":{\"@type\":\"ImageObject\",\"inLanguage\":\"es\",\"@id\":\"https:\/\/www.noticiasradioreflejos.com.ar\/2021\/#\/schema\/person\/image\/\",\"url\":\"https:\/\/secure.gravatar.com\/avatar\/55cb5e37c1efa326397366e6974cb338056df65cb50e7d64d1cf314e87504837?s=96&d=mm&r=g\",\"contentUrl\":\"https:\/\/secure.gravatar.com\/avatar\/55cb5e37c1efa326397366e6974cb338056df65cb50e7d64d1cf314e87504837?s=96&d=mm&r=g\",\"caption\":\"Arnaldo Botto\"},\"url\":\"https:\/\/www.noticiasradioreflejos.com.ar\/2021\/author\/arnaldo\/\"}]}<\/script>\n<!-- \/ Yoast SEO plugin. -->","yoast_head_json":{"title":"Habilitaron un desv\u00edo en la ruta N\u00b0 3 en sentido a Bah\u00eda Blanca - Noticias Radio Reflejos","robots":{"index":"index","follow":"follow","max-snippet":"max-snippet:-1","max-image-preview":"max-image-preview:large","max-video-preview":"max-video-preview:-1"},"canonical":"https:\/\/www.noticiasradioreflejos.com.ar\/2021\/habilitaron-un-desvio-en-la-ruta-n-3-en-sentido-a-bahia-blanca\/","og_locale":"es_ES","og_type":"article","og_title":"Habilitaron un desv\u00edo en la ruta N\u00b0 3 en sentido a Bah\u00eda Blanca - Noticias Radio Reflejos","og_description":"Debido a las inundaciones que sufri\u00f3 el tramo de la Ruta Nacional N\u00b0 3 entre el acceso a Pehuen Co y Monte Hermoso se habilit\u00f3 un desv\u00edo para el tr\u00e1nsito sentido Monte Hermoso \u2013 Bah\u00eda Blanca.","og_url":"https:\/\/www.noticiasradioreflejos.com.ar\/2021\/habilitaron-un-desvio-en-la-ruta-n-3-en-sentido-a-bahia-blanca\/","og_site_name":"Noticias Radio Reflejos","article_published_time":"2019-01-27T21:28:43+00:00","og_image":[{"width":300,"height":200,"url":"https:\/\/www.noticiasradioreflejos.com.ar\/2021\/wp-content\/uploads\/2021\/07\/logosol300x200.png","type":"image\/png"}],"author":"Arnaldo Botto","twitter_card":"summary_large_image","schema":{"@context":"https:\/\/schema.org","@graph":[{"@type":"WebPage","@id":"https:\/\/www.noticiasradioreflejos.com.ar\/2021\/habilitaron-un-desvio-en-la-ruta-n-3-en-sentido-a-bahia-blanca\/","url":"https:\/\/www.noticiasradioreflejos.com.ar\/2021\/habilitaron-un-desvio-en-la-ruta-n-3-en-sentido-a-bahia-blanca\/","name":"Habilitaron un desv\u00edo en la ruta N\u00b0 3 en sentido a Bah\u00eda Blanca - Noticias Radio Reflejos","isPartOf":{"@id":"https:\/\/www.noticiasradioreflejos.com.ar\/2021\/#website"},"datePublished":"2019-01-27T21:28:43+00:00","author":{"@id":"https:\/\/www.noticiasradioreflejos.com.ar\/2021\/#\/schema\/person\/ad82545263dcc5ec0996818884fd5fb1"},"breadcrumb":{"@id":"https:\/\/www.noticiasradioreflejos.com.ar\/2021\/habilitaron-un-desvio-en-la-ruta-n-3-en-sentido-a-bahia-blanca\/#breadcrumb"},"inLanguage":"es","potentialAction":[{"@type":"ReadAction","target":["https:\/\/www.noticiasradioreflejos.com.ar\/2021\/habilitaron-un-desvio-en-la-ruta-n-3-en-sentido-a-bahia-blanca\/"]}]},{"@type":"BreadcrumbList","@id":"https:\/\/www.noticiasradioreflejos.com.ar\/2021\/habilitaron-un-desvio-en-la-ruta-n-3-en-sentido-a-bahia-blanca\/#breadcrumb","itemListElement":[{"@type":"ListItem","position":1,"name":"Portada","item":"https:\/\/www.noticiasradioreflejos.com.ar\/2021\/"},{"@type":"ListItem","position":2,"name":"Habilitaron un desv\u00edo en la ruta N\u00b0 3 en sentido a Bah\u00eda Blanca"}]},{"@type":"WebSite","@id":"https:\/\/www.noticiasradioreflejos.com.ar\/2021\/#website","url":"https:\/\/www.noticiasradioreflejos.com.ar\/2021\/","name":"Noticias Radio Reflejos","description":"Las noticias de mi comarca","potentialAction":[{"@type":"SearchAction","target":{"@type":"EntryPoint","urlTemplate":"https:\/\/www.noticiasradioreflejos.com.ar\/2021\/?s={search_term_string}"},"query-input":{"@type":"PropertyValueSpecification","valueRequired":true,"valueName":"search_term_string"}}],"inLanguage":"es"},{"@type":"Person","@id":"https:\/\/www.noticiasradioreflejos.com.ar\/2021\/#\/schema\/person\/ad82545263dcc5ec0996818884fd5fb1","name":"Arnaldo Botto","image":{"@type":"ImageObject","inLanguage":"es","@id":"https:\/\/www.noticiasradioreflejos.com.ar\/2021\/#\/schema\/person\/image\/","url":"https:\/\/secure.gravatar.com\/avatar\/55cb5e37c1efa326397366e6974cb338056df65cb50e7d64d1cf314e87504837?s=96&d=mm&r=g","contentUrl":"https:\/\/secure.gravatar.com\/avatar\/55cb5e37c1efa326397366e6974cb338056df65cb50e7d64d1cf314e87504837?s=96&d=mm&r=g","caption":"Arnaldo Botto"},"url":"https:\/\/www.noticiasradioreflejos.com.ar\/2021\/author\/arnaldo\/"}]}},"_links":{"self":[{"href":"https:\/\/www.noticiasradioreflejos.com.ar\/2021\/wp-json\/wp\/v2\/posts\/28491","targetHints":{"allow":["GET"]}}],"collection":[{"href":"https:\/\/www.noticiasradioreflejos.com.ar\/2021\/wp-json\/wp\/v2\/posts"}],"about":[{"href":"https:\/\/www.noticiasradioreflejos.com.ar\/2021\/wp-json\/wp\/v2\/types\/post"}],"author":[{"embeddable":true,"href":"https:\/\/www.noticiasradioreflejos.com.ar\/2021\/wp-json\/wp\/v2\/users\/3"}],"replies":[{"embeddable":true,"href":"https:\/\/www.noticiasradioreflejos.com.ar\/2021\/wp-json\/wp\/v2\/comments?post=28491"}],"version-history":[{"count":0,"href":"https:\/\/www.noticiasradioreflejos.com.ar\/2021\/wp-json\/wp\/v2\/posts\/28491\/revisions"}],"wp:attachment":[{"href":"https:\/\/www.noticiasradioreflejos.com.ar\/2021\/wp-json\/wp\/v2\/media?parent=28491"}],"wp:term":[{"taxonomy":"category","embeddable":true,"href":"https:\/\/www.noticiasradioreflejos.com.ar\/2021\/wp-json\/wp\/v2\/categories?post=28491"},{"taxonomy":"post_tag","embeddable":true,"href":"https:\/\/www.noticiasradioreflejos.com.ar\/2021\/wp-json\/wp\/v2\/tags?post=28491"}],"curies":[{"name":"wp","href":"https:\/\/api.w.org\/{rel}","templated":true}]}}