{"id":28476,"date":"2019-01-26T19:41:08","date_gmt":"2019-01-26T22:41:08","guid":{"rendered":"http:\/\/www.noticiasradioreflejos.com.ar\/noticias\/?p=28476"},"modified":"2019-01-26T19:41:08","modified_gmt":"2019-01-26T22:41:08","slug":"un-operario-perdio-la-vida-en-la-ruta-33","status":"publish","type":"post","link":"https:\/\/www.noticiasradioreflejos.com.ar\/2021\/un-operario-perdio-la-vida-en-la-ruta-33\/","title":{"rendered":"Un operario perdi\u00f3 la vida en la Ruta 33."},"content":{"rendered":"<p style=\"text-align: left;\">Alrededor de la hora 14.45 se produjo el hecho en el sector de obra de repavimentaci\u00f3n de la empresa CHEDIACK S.A.I.C.<!--more--><\/p>\n<p>El operario, Esteban Daniel Saucedo (19) domiciliado en Saavedra, se encontraba subido a un enganche tipo lanza del acoplado tanque regador, que era remolcado por un tractor Deutz conducido por Juan Ignacio Graff domiciliado en nuestra ciudad.<br \/>\nSaucedo, nativo de Islas del Ibicuy en Entre Rios, habr\u00eda resbalado cuando el veh\u00edculo doblaba y fue arrollado por las ruedas del carro acoplado lo que le provoc\u00f3 la muerte instant\u00e1nea.<br \/>\nEn el lugar se hicieron presentes personal de la estaci\u00f3n de polic\u00eda comunal. Jefatura de Patrulla Rural de Tornquist y Polic\u00eda Vial, solicitando colaboraci\u00f3n al cuerpo m\u00e9dico y polic\u00eda cient\u00edfica de Bah\u00eda Blanca.<br \/>\nInterviene el Juzgado de Garant\u00edas N\u00ba 4 de Bah\u00eda Blanca y Ayudant\u00eda Fiscal de Tornquist.<br \/>\n&nbsp;<br \/>\nParte:<br \/>\n*D.D.P.C BAHIA BLANCA*<br \/>\n*CARATULA:*\u00a0 HOMICIDIO CULPOSO<br \/>\n*V\u00cdCTIMA :* Saucedo Estaban Daniel 19 a\u00f1os (fallecido)<br \/>\n*IMPUTADO:* Juan Ignacio Graff conductor del tractor.<br \/>\n*LUGAR:* RUTA 33 KM 64<br \/>\n*INTERVIENE*:\u00a0 UFIJ 12, AYTIA. TORNQUIST<br \/>\n*SINTESIS*:\u00a0 En circunstancias en que el veh\u00edculo tractor Deutz Fahr Pte. ABC12 remolcaba un acoplado regador, en un tramo recto de la ruta 33 KM 64, en lo cual se encontraba frizada la calzada por reparaci\u00f3n de la mismi, circulaba en sentido a Bahia Blanca en donde la v\u00edctima se ubicaba parado sobre la lanza de enganche del acoplado regador, al momento de que la unidad tractora realiza un giro hacia la izquierda cambiando la direcci\u00f3n haciaTornquist, es que en tal acci\u00f3n la unidad tractora tomando contacto con el desnivel de la calzada no frizado, provocando un movimiento brusco y lateralizado en el acoplado, en el cual la v\u00edctima perder\u00eda la estabilidad sobre el sector que se encontraba parado (lanza de engancha), posteriormente caeria al suelo siendo arroyado por las cubiertas derechas delanteras y traseras del acoplado regador, afectandole las extremidades superiores (craneo) falleciendo en el acto.<br \/>\n*Peritos:* Capit\u00e1n FERNANDEZ Accidentologo RIA 197\/19 y fotografia. Oficial subinspector MEDINA Planimetria<br \/>\nFdo: Comisario Mayor Dar\u00edo Javier Peralta<\/p>\n","protected":false},"excerpt":{"rendered":"<p>Alrededor de la hora 14.45 se produjo el hecho en el sector de obra de repavimentaci\u00f3n de la empresa CHEDIACK S.A.I.C.<\/p>\n","protected":false},"author":3,"featured_media":0,"comment_status":"closed","ping_status":"open","sticky":false,"template":"","format":"standard","meta":{"footnotes":""},"categories":[29],"tags":[],"class_list":["post-28476","post","type-post","status-publish","format-standard","hentry","category-policiales"],"yoast_head":"<!-- This site is optimized with the Yoast SEO plugin v25.9 - https:\/\/yoast.com\/wordpress\/plugins\/seo\/ -->\n<title>Un operario perdi\u00f3 la vida en la Ruta 33. - Noticias Radio Reflejos<\/title>\n<meta name=\"robots\" content=\"index, follow, max-snippet:-1, max-image-preview:large, max-video-preview:-1\" \/>\n<link rel=\"canonical\" href=\"https:\/\/www.noticiasradioreflejos.com.ar\/2021\/un-operario-perdio-la-vida-en-la-ruta-33\/\" \/>\n<meta property=\"og:locale\" content=\"es_ES\" \/>\n<meta property=\"og:type\" content=\"article\" \/>\n<meta property=\"og:title\" content=\"Un operario perdi\u00f3 la vida en la Ruta 33. - Noticias Radio Reflejos\" \/>\n<meta property=\"og:description\" content=\"Alrededor de la hora 14.45 se produjo el hecho en el sector de obra de repavimentaci\u00f3n de la empresa CHEDIACK S.A.I.C.\" \/>\n<meta property=\"og:url\" content=\"https:\/\/www.noticiasradioreflejos.com.ar\/2021\/un-operario-perdio-la-vida-en-la-ruta-33\/\" \/>\n<meta property=\"og:site_name\" content=\"Noticias Radio Reflejos\" \/>\n<meta property=\"article:published_time\" content=\"2019-01-26T22:41:08+00:00\" \/>\n<meta property=\"og:image\" content=\"https:\/\/www.noticiasradioreflejos.com.ar\/2021\/wp-content\/uploads\/2021\/07\/logosol300x200.png\" \/>\n\t<meta property=\"og:image:width\" content=\"300\" \/>\n\t<meta property=\"og:image:height\" content=\"200\" \/>\n\t<meta property=\"og:image:type\" content=\"image\/png\" \/>\n<meta name=\"author\" content=\"Arnaldo Botto\" \/>\n<meta name=\"twitter:card\" content=\"summary_large_image\" \/>\n<script type=\"application\/ld+json\" class=\"yoast-schema-graph\">{\"@context\":\"https:\/\/schema.org\",\"@graph\":[{\"@type\":\"WebPage\",\"@id\":\"https:\/\/www.noticiasradioreflejos.com.ar\/2021\/un-operario-perdio-la-vida-en-la-ruta-33\/\",\"url\":\"https:\/\/www.noticiasradioreflejos.com.ar\/2021\/un-operario-perdio-la-vida-en-la-ruta-33\/\",\"name\":\"Un operario perdi\u00f3 la vida en la Ruta 33. - Noticias Radio Reflejos\",\"isPartOf\":{\"@id\":\"https:\/\/www.noticiasradioreflejos.com.ar\/2021\/#website\"},\"datePublished\":\"2019-01-26T22:41:08+00:00\",\"author\":{\"@id\":\"https:\/\/www.noticiasradioreflejos.com.ar\/2021\/#\/schema\/person\/ad82545263dcc5ec0996818884fd5fb1\"},\"breadcrumb\":{\"@id\":\"https:\/\/www.noticiasradioreflejos.com.ar\/2021\/un-operario-perdio-la-vida-en-la-ruta-33\/#breadcrumb\"},\"inLanguage\":\"es\",\"potentialAction\":[{\"@type\":\"ReadAction\",\"target\":[\"https:\/\/www.noticiasradioreflejos.com.ar\/2021\/un-operario-perdio-la-vida-en-la-ruta-33\/\"]}]},{\"@type\":\"BreadcrumbList\",\"@id\":\"https:\/\/www.noticiasradioreflejos.com.ar\/2021\/un-operario-perdio-la-vida-en-la-ruta-33\/#breadcrumb\",\"itemListElement\":[{\"@type\":\"ListItem\",\"position\":1,\"name\":\"Portada\",\"item\":\"https:\/\/www.noticiasradioreflejos.com.ar\/2021\/\"},{\"@type\":\"ListItem\",\"position\":2,\"name\":\"Un operario perdi\u00f3 la vida en la Ruta 33.\"}]},{\"@type\":\"WebSite\",\"@id\":\"https:\/\/www.noticiasradioreflejos.com.ar\/2021\/#website\",\"url\":\"https:\/\/www.noticiasradioreflejos.com.ar\/2021\/\",\"name\":\"Noticias Radio Reflejos\",\"description\":\"Las noticias de mi comarca\",\"potentialAction\":[{\"@type\":\"SearchAction\",\"target\":{\"@type\":\"EntryPoint\",\"urlTemplate\":\"https:\/\/www.noticiasradioreflejos.com.ar\/2021\/?s={search_term_string}\"},\"query-input\":{\"@type\":\"PropertyValueSpecification\",\"valueRequired\":true,\"valueName\":\"search_term_string\"}}],\"inLanguage\":\"es\"},{\"@type\":\"Person\",\"@id\":\"https:\/\/www.noticiasradioreflejos.com.ar\/2021\/#\/schema\/person\/ad82545263dcc5ec0996818884fd5fb1\",\"name\":\"Arnaldo Botto\",\"image\":{\"@type\":\"ImageObject\",\"inLanguage\":\"es\",\"@id\":\"https:\/\/www.noticiasradioreflejos.com.ar\/2021\/#\/schema\/person\/image\/\",\"url\":\"https:\/\/secure.gravatar.com\/avatar\/55cb5e37c1efa326397366e6974cb338056df65cb50e7d64d1cf314e87504837?s=96&d=mm&r=g\",\"contentUrl\":\"https:\/\/secure.gravatar.com\/avatar\/55cb5e37c1efa326397366e6974cb338056df65cb50e7d64d1cf314e87504837?s=96&d=mm&r=g\",\"caption\":\"Arnaldo Botto\"},\"url\":\"https:\/\/www.noticiasradioreflejos.com.ar\/2021\/author\/arnaldo\/\"}]}<\/script>\n<!-- \/ Yoast SEO plugin. -->","yoast_head_json":{"title":"Un operario perdi\u00f3 la vida en la Ruta 33. - Noticias Radio Reflejos","robots":{"index":"index","follow":"follow","max-snippet":"max-snippet:-1","max-image-preview":"max-image-preview:large","max-video-preview":"max-video-preview:-1"},"canonical":"https:\/\/www.noticiasradioreflejos.com.ar\/2021\/un-operario-perdio-la-vida-en-la-ruta-33\/","og_locale":"es_ES","og_type":"article","og_title":"Un operario perdi\u00f3 la vida en la Ruta 33. - Noticias Radio Reflejos","og_description":"Alrededor de la hora 14.45 se produjo el hecho en el sector de obra de repavimentaci\u00f3n de la empresa CHEDIACK S.A.I.C.","og_url":"https:\/\/www.noticiasradioreflejos.com.ar\/2021\/un-operario-perdio-la-vida-en-la-ruta-33\/","og_site_name":"Noticias Radio Reflejos","article_published_time":"2019-01-26T22:41:08+00:00","og_image":[{"width":300,"height":200,"url":"https:\/\/www.noticiasradioreflejos.com.ar\/2021\/wp-content\/uploads\/2021\/07\/logosol300x200.png","type":"image\/png"}],"author":"Arnaldo Botto","twitter_card":"summary_large_image","schema":{"@context":"https:\/\/schema.org","@graph":[{"@type":"WebPage","@id":"https:\/\/www.noticiasradioreflejos.com.ar\/2021\/un-operario-perdio-la-vida-en-la-ruta-33\/","url":"https:\/\/www.noticiasradioreflejos.com.ar\/2021\/un-operario-perdio-la-vida-en-la-ruta-33\/","name":"Un operario perdi\u00f3 la vida en la Ruta 33. - Noticias Radio Reflejos","isPartOf":{"@id":"https:\/\/www.noticiasradioreflejos.com.ar\/2021\/#website"},"datePublished":"2019-01-26T22:41:08+00:00","author":{"@id":"https:\/\/www.noticiasradioreflejos.com.ar\/2021\/#\/schema\/person\/ad82545263dcc5ec0996818884fd5fb1"},"breadcrumb":{"@id":"https:\/\/www.noticiasradioreflejos.com.ar\/2021\/un-operario-perdio-la-vida-en-la-ruta-33\/#breadcrumb"},"inLanguage":"es","potentialAction":[{"@type":"ReadAction","target":["https:\/\/www.noticiasradioreflejos.com.ar\/2021\/un-operario-perdio-la-vida-en-la-ruta-33\/"]}]},{"@type":"BreadcrumbList","@id":"https:\/\/www.noticiasradioreflejos.com.ar\/2021\/un-operario-perdio-la-vida-en-la-ruta-33\/#breadcrumb","itemListElement":[{"@type":"ListItem","position":1,"name":"Portada","item":"https:\/\/www.noticiasradioreflejos.com.ar\/2021\/"},{"@type":"ListItem","position":2,"name":"Un operario perdi\u00f3 la vida en la Ruta 33."}]},{"@type":"WebSite","@id":"https:\/\/www.noticiasradioreflejos.com.ar\/2021\/#website","url":"https:\/\/www.noticiasradioreflejos.com.ar\/2021\/","name":"Noticias Radio Reflejos","description":"Las noticias de mi comarca","potentialAction":[{"@type":"SearchAction","target":{"@type":"EntryPoint","urlTemplate":"https:\/\/www.noticiasradioreflejos.com.ar\/2021\/?s={search_term_string}"},"query-input":{"@type":"PropertyValueSpecification","valueRequired":true,"valueName":"search_term_string"}}],"inLanguage":"es"},{"@type":"Person","@id":"https:\/\/www.noticiasradioreflejos.com.ar\/2021\/#\/schema\/person\/ad82545263dcc5ec0996818884fd5fb1","name":"Arnaldo Botto","image":{"@type":"ImageObject","inLanguage":"es","@id":"https:\/\/www.noticiasradioreflejos.com.ar\/2021\/#\/schema\/person\/image\/","url":"https:\/\/secure.gravatar.com\/avatar\/55cb5e37c1efa326397366e6974cb338056df65cb50e7d64d1cf314e87504837?s=96&d=mm&r=g","contentUrl":"https:\/\/secure.gravatar.com\/avatar\/55cb5e37c1efa326397366e6974cb338056df65cb50e7d64d1cf314e87504837?s=96&d=mm&r=g","caption":"Arnaldo Botto"},"url":"https:\/\/www.noticiasradioreflejos.com.ar\/2021\/author\/arnaldo\/"}]}},"_links":{"self":[{"href":"https:\/\/www.noticiasradioreflejos.com.ar\/2021\/wp-json\/wp\/v2\/posts\/28476","targetHints":{"allow":["GET"]}}],"collection":[{"href":"https:\/\/www.noticiasradioreflejos.com.ar\/2021\/wp-json\/wp\/v2\/posts"}],"about":[{"href":"https:\/\/www.noticiasradioreflejos.com.ar\/2021\/wp-json\/wp\/v2\/types\/post"}],"author":[{"embeddable":true,"href":"https:\/\/www.noticiasradioreflejos.com.ar\/2021\/wp-json\/wp\/v2\/users\/3"}],"replies":[{"embeddable":true,"href":"https:\/\/www.noticiasradioreflejos.com.ar\/2021\/wp-json\/wp\/v2\/comments?post=28476"}],"version-history":[{"count":0,"href":"https:\/\/www.noticiasradioreflejos.com.ar\/2021\/wp-json\/wp\/v2\/posts\/28476\/revisions"}],"wp:attachment":[{"href":"https:\/\/www.noticiasradioreflejos.com.ar\/2021\/wp-json\/wp\/v2\/media?parent=28476"}],"wp:term":[{"taxonomy":"category","embeddable":true,"href":"https:\/\/www.noticiasradioreflejos.com.ar\/2021\/wp-json\/wp\/v2\/categories?post=28476"},{"taxonomy":"post_tag","embeddable":true,"href":"https:\/\/www.noticiasradioreflejos.com.ar\/2021\/wp-json\/wp\/v2\/tags?post=28476"}],"curies":[{"name":"wp","href":"https:\/\/api.w.org\/{rel}","templated":true}]}}