{"id":28464,"date":"2019-01-26T18:54:13","date_gmt":"2019-01-26T21:54:13","guid":{"rendered":"http:\/\/www.noticiasradioreflejos.com.ar\/noticias\/?p=28464"},"modified":"2019-01-26T18:54:13","modified_gmt":"2019-01-26T21:54:13","slug":"accidente-fatal-en-la-ruta-72-a-2-km-de-sierra-de-la-ventana","status":"publish","type":"post","link":"https:\/\/www.noticiasradioreflejos.com.ar\/2021\/accidente-fatal-en-la-ruta-72-a-2-km-de-sierra-de-la-ventana\/","title":{"rendered":"Accidente fatal en la ruta 72 a 2 km de Sierra de la Ventana."},"content":{"rendered":"<p><a title=\"IMG_20190126_180439191\" href=\"http:\/\/farm8.staticflickr.com\/7899\/46834211272_db69756256.jpg\" rel=\"\"><img loading=\"lazy\" decoding=\"async\" class=\"alignleft\" style=\"float: left;\" title=\"IMG_20190126_180439191\" src=\"http:\/\/farm8.staticflickr.com\/7899\/46834211272_db69756256.jpg\" alt=\"IMG_20190126_180439191\" width=\"500\" height=\"281\" \/><\/a>Un hombre perdi\u00f3 la vida al colisionar contra otro veh\u00edculo, luego de volcar<br \/>\ny dar varios tumbos frente a la colonia Don Bosco.<!--more--><br \/>\nEl choque se produjo cerca de la hora 15.40 de este s\u00e1bado 26 de enero, cuando un autom\u00f3vil Volkswagen Suran &#8211; Dominio OVR 143 que se dirig\u00eda a Sierra de la Ventana, ocupado por un matrimonio oriundo de <strong>Lan\u00fas<\/strong>,  zigzagueando, cruz\u00f3 de carril, colisionando a una Camioneta VW Amarok, dominio AC630KY, que circulaba en sentido contrario, en la cual viajaba Hern\u00e1n Helbling (45 a\u00f1os), acompa\u00f1ado por Elina Ceschan (42 a\u00f1os), ambos domiciliados en Napost\u00e1 814 de Sierra de la Ventana.<br \/>\nProducto del impacto, Diego Jacinto David (32 a\u00f1os), quien conduc\u00eda la Suran, sali\u00f3 despedido del habit\u00e1culo, impactando con su cabeza contra una alcantarilla y perdiendo la vida en forma instant\u00e1nea. La mujer, Vanina Puig (28 a\u00f1os) tambi\u00e9n sali\u00f3 despedida y se encuentra con serias lesiones en uno de sus brazos y traumatismo de cr\u00e1neo, por lo que fue derivada de urgencia a Bah\u00eda Blanca y se encuentra en grave estado.<br \/>\nCabe aclarar que ambos pasajeros de la Suran viajaban sin sus cinturones de seguridad abrochados.<br \/>\nEn el lugar trabajaron 3 dotaciones del Cuartel Central de Bomberos de Sierra de la Ventana y Polic\u00eda.<br \/>\n<a href=\"http:\/\/farm8.staticflickr.com\/7868\/31944814037_cef051cd50_z.jpg\" title=\"IMG_20190126_180553584 (1)\" rel=\"\"><img loading=\"lazy\" decoding=\"async\" src=\"http:\/\/farm8.staticflickr.com\/7868\/31944814037_cef051cd50_z.jpg\" width=\"640\" height=\"360\" alt=\"IMG_20190126_180553584 (1)\" title=\"IMG_20190126_180553584 (1)\" class=\"aligncenter\"><\/a><a href=\"http:\/\/farm8.staticflickr.com\/7920\/46161240524_a95236d284_z.jpg\" title=\"WhatsApp Image 2019-01-26 at 18.18.28\" rel=\"\"><img loading=\"lazy\" decoding=\"async\" src=\"http:\/\/farm8.staticflickr.com\/7920\/46161240524_a95236d284_z.jpg\" width=\"640\" height=\"480\" alt=\"WhatsApp Image 2019-01-26 at 18.18.28\" title=\"WhatsApp Image 2019-01-26 at 18.18.28\" class=\"aligncenter\"><\/a><\/p>\n","protected":false},"excerpt":{"rendered":"<p>Un hombre perdi\u00f3 la vida al colisionar contra otro veh\u00edculo, luego de volcar y dar varios tumbos frente a la colonia Don Bosco.<\/p>\n","protected":false},"author":3,"featured_media":0,"comment_status":"closed","ping_status":"open","sticky":false,"template":"","format":"standard","meta":{"footnotes":""},"categories":[29],"tags":[],"class_list":["post-28464","post","type-post","status-publish","format-standard","hentry","category-policiales"],"yoast_head":"<!-- This site is optimized with the Yoast SEO plugin v25.9 - https:\/\/yoast.com\/wordpress\/plugins\/seo\/ -->\n<title>Accidente fatal en la ruta 72 a 2 km de Sierra de la Ventana. - Noticias Radio Reflejos<\/title>\n<meta name=\"robots\" content=\"index, follow, max-snippet:-1, max-image-preview:large, max-video-preview:-1\" \/>\n<link rel=\"canonical\" href=\"https:\/\/www.noticiasradioreflejos.com.ar\/2021\/accidente-fatal-en-la-ruta-72-a-2-km-de-sierra-de-la-ventana\/\" \/>\n<meta property=\"og:locale\" content=\"es_ES\" \/>\n<meta property=\"og:type\" content=\"article\" \/>\n<meta property=\"og:title\" content=\"Accidente fatal en la ruta 72 a 2 km de Sierra de la Ventana. - Noticias Radio Reflejos\" \/>\n<meta property=\"og:description\" content=\"Un hombre perdi\u00f3 la vida al colisionar contra otro veh\u00edculo, luego de volcar y dar varios tumbos frente a la colonia Don Bosco.\" \/>\n<meta property=\"og:url\" content=\"https:\/\/www.noticiasradioreflejos.com.ar\/2021\/accidente-fatal-en-la-ruta-72-a-2-km-de-sierra-de-la-ventana\/\" \/>\n<meta property=\"og:site_name\" content=\"Noticias Radio Reflejos\" \/>\n<meta property=\"article:published_time\" content=\"2019-01-26T21:54:13+00:00\" \/>\n<meta property=\"og:image\" content=\"http:\/\/farm8.staticflickr.com\/7899\/46834211272_db69756256.jpg\" \/>\n<meta name=\"author\" content=\"Arnaldo Botto\" \/>\n<meta name=\"twitter:card\" content=\"summary_large_image\" \/>\n<script type=\"application\/ld+json\" class=\"yoast-schema-graph\">{\"@context\":\"https:\/\/schema.org\",\"@graph\":[{\"@type\":\"WebPage\",\"@id\":\"https:\/\/www.noticiasradioreflejos.com.ar\/2021\/accidente-fatal-en-la-ruta-72-a-2-km-de-sierra-de-la-ventana\/\",\"url\":\"https:\/\/www.noticiasradioreflejos.com.ar\/2021\/accidente-fatal-en-la-ruta-72-a-2-km-de-sierra-de-la-ventana\/\",\"name\":\"Accidente fatal en la ruta 72 a 2 km de Sierra de la Ventana. - Noticias Radio Reflejos\",\"isPartOf\":{\"@id\":\"https:\/\/www.noticiasradioreflejos.com.ar\/2021\/#website\"},\"primaryImageOfPage\":{\"@id\":\"https:\/\/www.noticiasradioreflejos.com.ar\/2021\/accidente-fatal-en-la-ruta-72-a-2-km-de-sierra-de-la-ventana\/#primaryimage\"},\"image\":{\"@id\":\"https:\/\/www.noticiasradioreflejos.com.ar\/2021\/accidente-fatal-en-la-ruta-72-a-2-km-de-sierra-de-la-ventana\/#primaryimage\"},\"thumbnailUrl\":\"http:\/\/farm8.staticflickr.com\/7899\/46834211272_db69756256.jpg\",\"datePublished\":\"2019-01-26T21:54:13+00:00\",\"author\":{\"@id\":\"https:\/\/www.noticiasradioreflejos.com.ar\/2021\/#\/schema\/person\/ad82545263dcc5ec0996818884fd5fb1\"},\"breadcrumb\":{\"@id\":\"https:\/\/www.noticiasradioreflejos.com.ar\/2021\/accidente-fatal-en-la-ruta-72-a-2-km-de-sierra-de-la-ventana\/#breadcrumb\"},\"inLanguage\":\"es\",\"potentialAction\":[{\"@type\":\"ReadAction\",\"target\":[\"https:\/\/www.noticiasradioreflejos.com.ar\/2021\/accidente-fatal-en-la-ruta-72-a-2-km-de-sierra-de-la-ventana\/\"]}]},{\"@type\":\"ImageObject\",\"inLanguage\":\"es\",\"@id\":\"https:\/\/www.noticiasradioreflejos.com.ar\/2021\/accidente-fatal-en-la-ruta-72-a-2-km-de-sierra-de-la-ventana\/#primaryimage\",\"url\":\"http:\/\/farm8.staticflickr.com\/7899\/46834211272_db69756256.jpg\",\"contentUrl\":\"http:\/\/farm8.staticflickr.com\/7899\/46834211272_db69756256.jpg\"},{\"@type\":\"BreadcrumbList\",\"@id\":\"https:\/\/www.noticiasradioreflejos.com.ar\/2021\/accidente-fatal-en-la-ruta-72-a-2-km-de-sierra-de-la-ventana\/#breadcrumb\",\"itemListElement\":[{\"@type\":\"ListItem\",\"position\":1,\"name\":\"Portada\",\"item\":\"https:\/\/www.noticiasradioreflejos.com.ar\/2021\/\"},{\"@type\":\"ListItem\",\"position\":2,\"name\":\"Accidente fatal en la ruta 72 a 2 km de Sierra de la Ventana.\"}]},{\"@type\":\"WebSite\",\"@id\":\"https:\/\/www.noticiasradioreflejos.com.ar\/2021\/#website\",\"url\":\"https:\/\/www.noticiasradioreflejos.com.ar\/2021\/\",\"name\":\"Noticias Radio Reflejos\",\"description\":\"Las noticias de mi comarca\",\"potentialAction\":[{\"@type\":\"SearchAction\",\"target\":{\"@type\":\"EntryPoint\",\"urlTemplate\":\"https:\/\/www.noticiasradioreflejos.com.ar\/2021\/?s={search_term_string}\"},\"query-input\":{\"@type\":\"PropertyValueSpecification\",\"valueRequired\":true,\"valueName\":\"search_term_string\"}}],\"inLanguage\":\"es\"},{\"@type\":\"Person\",\"@id\":\"https:\/\/www.noticiasradioreflejos.com.ar\/2021\/#\/schema\/person\/ad82545263dcc5ec0996818884fd5fb1\",\"name\":\"Arnaldo Botto\",\"image\":{\"@type\":\"ImageObject\",\"inLanguage\":\"es\",\"@id\":\"https:\/\/www.noticiasradioreflejos.com.ar\/2021\/#\/schema\/person\/image\/\",\"url\":\"https:\/\/secure.gravatar.com\/avatar\/55cb5e37c1efa326397366e6974cb338056df65cb50e7d64d1cf314e87504837?s=96&d=mm&r=g\",\"contentUrl\":\"https:\/\/secure.gravatar.com\/avatar\/55cb5e37c1efa326397366e6974cb338056df65cb50e7d64d1cf314e87504837?s=96&d=mm&r=g\",\"caption\":\"Arnaldo Botto\"},\"url\":\"https:\/\/www.noticiasradioreflejos.com.ar\/2021\/author\/arnaldo\/\"}]}<\/script>\n<!-- \/ Yoast SEO plugin. -->","yoast_head_json":{"title":"Accidente fatal en la ruta 72 a 2 km de Sierra de la Ventana. - Noticias Radio Reflejos","robots":{"index":"index","follow":"follow","max-snippet":"max-snippet:-1","max-image-preview":"max-image-preview:large","max-video-preview":"max-video-preview:-1"},"canonical":"https:\/\/www.noticiasradioreflejos.com.ar\/2021\/accidente-fatal-en-la-ruta-72-a-2-km-de-sierra-de-la-ventana\/","og_locale":"es_ES","og_type":"article","og_title":"Accidente fatal en la ruta 72 a 2 km de Sierra de la Ventana. - Noticias Radio Reflejos","og_description":"Un hombre perdi\u00f3 la vida al colisionar contra otro veh\u00edculo, luego de volcar y dar varios tumbos frente a la colonia Don Bosco.","og_url":"https:\/\/www.noticiasradioreflejos.com.ar\/2021\/accidente-fatal-en-la-ruta-72-a-2-km-de-sierra-de-la-ventana\/","og_site_name":"Noticias Radio Reflejos","article_published_time":"2019-01-26T21:54:13+00:00","og_image":[{"url":"http:\/\/farm8.staticflickr.com\/7899\/46834211272_db69756256.jpg","type":"","width":"","height":""}],"author":"Arnaldo Botto","twitter_card":"summary_large_image","schema":{"@context":"https:\/\/schema.org","@graph":[{"@type":"WebPage","@id":"https:\/\/www.noticiasradioreflejos.com.ar\/2021\/accidente-fatal-en-la-ruta-72-a-2-km-de-sierra-de-la-ventana\/","url":"https:\/\/www.noticiasradioreflejos.com.ar\/2021\/accidente-fatal-en-la-ruta-72-a-2-km-de-sierra-de-la-ventana\/","name":"Accidente fatal en la ruta 72 a 2 km de Sierra de la Ventana. - Noticias Radio Reflejos","isPartOf":{"@id":"https:\/\/www.noticiasradioreflejos.com.ar\/2021\/#website"},"primaryImageOfPage":{"@id":"https:\/\/www.noticiasradioreflejos.com.ar\/2021\/accidente-fatal-en-la-ruta-72-a-2-km-de-sierra-de-la-ventana\/#primaryimage"},"image":{"@id":"https:\/\/www.noticiasradioreflejos.com.ar\/2021\/accidente-fatal-en-la-ruta-72-a-2-km-de-sierra-de-la-ventana\/#primaryimage"},"thumbnailUrl":"http:\/\/farm8.staticflickr.com\/7899\/46834211272_db69756256.jpg","datePublished":"2019-01-26T21:54:13+00:00","author":{"@id":"https:\/\/www.noticiasradioreflejos.com.ar\/2021\/#\/schema\/person\/ad82545263dcc5ec0996818884fd5fb1"},"breadcrumb":{"@id":"https:\/\/www.noticiasradioreflejos.com.ar\/2021\/accidente-fatal-en-la-ruta-72-a-2-km-de-sierra-de-la-ventana\/#breadcrumb"},"inLanguage":"es","potentialAction":[{"@type":"ReadAction","target":["https:\/\/www.noticiasradioreflejos.com.ar\/2021\/accidente-fatal-en-la-ruta-72-a-2-km-de-sierra-de-la-ventana\/"]}]},{"@type":"ImageObject","inLanguage":"es","@id":"https:\/\/www.noticiasradioreflejos.com.ar\/2021\/accidente-fatal-en-la-ruta-72-a-2-km-de-sierra-de-la-ventana\/#primaryimage","url":"http:\/\/farm8.staticflickr.com\/7899\/46834211272_db69756256.jpg","contentUrl":"http:\/\/farm8.staticflickr.com\/7899\/46834211272_db69756256.jpg"},{"@type":"BreadcrumbList","@id":"https:\/\/www.noticiasradioreflejos.com.ar\/2021\/accidente-fatal-en-la-ruta-72-a-2-km-de-sierra-de-la-ventana\/#breadcrumb","itemListElement":[{"@type":"ListItem","position":1,"name":"Portada","item":"https:\/\/www.noticiasradioreflejos.com.ar\/2021\/"},{"@type":"ListItem","position":2,"name":"Accidente fatal en la ruta 72 a 2 km de Sierra de la Ventana."}]},{"@type":"WebSite","@id":"https:\/\/www.noticiasradioreflejos.com.ar\/2021\/#website","url":"https:\/\/www.noticiasradioreflejos.com.ar\/2021\/","name":"Noticias Radio Reflejos","description":"Las noticias de mi comarca","potentialAction":[{"@type":"SearchAction","target":{"@type":"EntryPoint","urlTemplate":"https:\/\/www.noticiasradioreflejos.com.ar\/2021\/?s={search_term_string}"},"query-input":{"@type":"PropertyValueSpecification","valueRequired":true,"valueName":"search_term_string"}}],"inLanguage":"es"},{"@type":"Person","@id":"https:\/\/www.noticiasradioreflejos.com.ar\/2021\/#\/schema\/person\/ad82545263dcc5ec0996818884fd5fb1","name":"Arnaldo Botto","image":{"@type":"ImageObject","inLanguage":"es","@id":"https:\/\/www.noticiasradioreflejos.com.ar\/2021\/#\/schema\/person\/image\/","url":"https:\/\/secure.gravatar.com\/avatar\/55cb5e37c1efa326397366e6974cb338056df65cb50e7d64d1cf314e87504837?s=96&d=mm&r=g","contentUrl":"https:\/\/secure.gravatar.com\/avatar\/55cb5e37c1efa326397366e6974cb338056df65cb50e7d64d1cf314e87504837?s=96&d=mm&r=g","caption":"Arnaldo Botto"},"url":"https:\/\/www.noticiasradioreflejos.com.ar\/2021\/author\/arnaldo\/"}]}},"_links":{"self":[{"href":"https:\/\/www.noticiasradioreflejos.com.ar\/2021\/wp-json\/wp\/v2\/posts\/28464","targetHints":{"allow":["GET"]}}],"collection":[{"href":"https:\/\/www.noticiasradioreflejos.com.ar\/2021\/wp-json\/wp\/v2\/posts"}],"about":[{"href":"https:\/\/www.noticiasradioreflejos.com.ar\/2021\/wp-json\/wp\/v2\/types\/post"}],"author":[{"embeddable":true,"href":"https:\/\/www.noticiasradioreflejos.com.ar\/2021\/wp-json\/wp\/v2\/users\/3"}],"replies":[{"embeddable":true,"href":"https:\/\/www.noticiasradioreflejos.com.ar\/2021\/wp-json\/wp\/v2\/comments?post=28464"}],"version-history":[{"count":0,"href":"https:\/\/www.noticiasradioreflejos.com.ar\/2021\/wp-json\/wp\/v2\/posts\/28464\/revisions"}],"wp:attachment":[{"href":"https:\/\/www.noticiasradioreflejos.com.ar\/2021\/wp-json\/wp\/v2\/media?parent=28464"}],"wp:term":[{"taxonomy":"category","embeddable":true,"href":"https:\/\/www.noticiasradioreflejos.com.ar\/2021\/wp-json\/wp\/v2\/categories?post=28464"},{"taxonomy":"post_tag","embeddable":true,"href":"https:\/\/www.noticiasradioreflejos.com.ar\/2021\/wp-json\/wp\/v2\/tags?post=28464"}],"curies":[{"name":"wp","href":"https:\/\/api.w.org\/{rel}","templated":true}]}}