{"id":28451,"date":"2019-01-26T12:05:09","date_gmt":"2019-01-26T15:05:09","guid":{"rendered":"http:\/\/www.noticiasradioreflejos.com.ar\/noticias\/?p=28451"},"modified":"2019-01-26T12:05:09","modified_gmt":"2019-01-26T15:05:09","slug":"preocupacion-por-un-posible-caso-de-hantavirus-en-una-joven-bahiense","status":"publish","type":"post","link":"https:\/\/www.noticiasradioreflejos.com.ar\/2021\/preocupacion-por-un-posible-caso-de-hantavirus-en-una-joven-bahiense\/","title":{"rendered":"Preocupaci\u00f3n por un posible caso de Hantavirus en una joven bahiense"},"content":{"rendered":"<p>Una joven de 18 a\u00f1os que estuvo de vacaciones en El Bols\u00f3n permanece internada desde hace algunas horas en el Hospital Italiano bahiense con s\u00edntomas que, se presume, podr\u00edan estar vinculados con el Hantavirus.<!--more--><br \/>\n\u00abSi bien no ingres\u00f3 con un cuadro respiratorio, la paciente experiment\u00f3 un cuadro febril, dolor abdominal, v\u00f3mitos y cefal\u00e9as\u00bb, aseguraron altas autoridades de Regi\u00f3n Sanitaria I, a la redacci\u00f3n de LA BR\u00daJULA 24.<br \/>\nPara descartar cualquier hip\u00f3tesis, los m\u00e9dicos que la est\u00e1n asistiendo en el mencionado nosocomio esperan por el resultado de los an\u00e1lisis que fueron enviados a Buenos Aires, m\u00e1s precisamente al Instituto Malbr\u00e1n para, reci\u00e9n all\u00ed, comenzar con el tratamiento.<br \/>\nEn paralelo, se decidi\u00f3 mantener aislada a la familia de la chica, para evitar que se propague el virus, si es que efectivamente se trata de la patolog\u00eda que se cobr\u00f3 la vida de once personas en el pa\u00eds, en las \u00faltimas semanas.<br \/>\n<strong>fuente: www.labrujula24.com<\/strong><\/p>\n","protected":false},"excerpt":{"rendered":"<p>Una joven de 18 a\u00f1os que estuvo de vacaciones en El Bols\u00f3n permanece internada desde hace algunas horas en el Hospital Italiano bahiense con s\u00edntomas que, se presume, podr\u00edan estar vinculados con el Hantavirus.<\/p>\n","protected":false},"author":3,"featured_media":0,"comment_status":"closed","ping_status":"open","sticky":false,"template":"","format":"standard","meta":{"footnotes":""},"categories":[30],"tags":[],"class_list":["post-28451","post","type-post","status-publish","format-standard","hentry","category-salud"],"yoast_head":"<!-- This site is optimized with the Yoast SEO plugin v25.9 - https:\/\/yoast.com\/wordpress\/plugins\/seo\/ -->\n<title>Preocupaci\u00f3n por un posible caso de Hantavirus en una joven bahiense - Noticias Radio Reflejos<\/title>\n<meta name=\"robots\" content=\"index, follow, max-snippet:-1, max-image-preview:large, max-video-preview:-1\" \/>\n<link rel=\"canonical\" href=\"https:\/\/www.noticiasradioreflejos.com.ar\/2021\/preocupacion-por-un-posible-caso-de-hantavirus-en-una-joven-bahiense\/\" \/>\n<meta property=\"og:locale\" content=\"es_ES\" \/>\n<meta property=\"og:type\" content=\"article\" \/>\n<meta property=\"og:title\" content=\"Preocupaci\u00f3n por un posible caso de Hantavirus en una joven bahiense - Noticias Radio Reflejos\" \/>\n<meta property=\"og:description\" content=\"Una joven de 18 a\u00f1os que estuvo de vacaciones en El Bols\u00f3n permanece internada desde hace algunas horas en el Hospital Italiano bahiense con s\u00edntomas que, se presume, podr\u00edan estar vinculados con el Hantavirus.\" \/>\n<meta property=\"og:url\" content=\"https:\/\/www.noticiasradioreflejos.com.ar\/2021\/preocupacion-por-un-posible-caso-de-hantavirus-en-una-joven-bahiense\/\" \/>\n<meta property=\"og:site_name\" content=\"Noticias Radio Reflejos\" \/>\n<meta property=\"article:published_time\" content=\"2019-01-26T15:05:09+00:00\" \/>\n<meta property=\"og:image\" content=\"https:\/\/www.noticiasradioreflejos.com.ar\/2021\/wp-content\/uploads\/2021\/07\/logosol300x200.png\" \/>\n\t<meta property=\"og:image:width\" content=\"300\" \/>\n\t<meta property=\"og:image:height\" content=\"200\" \/>\n\t<meta property=\"og:image:type\" content=\"image\/png\" \/>\n<meta name=\"author\" content=\"Arnaldo Botto\" \/>\n<meta name=\"twitter:card\" content=\"summary_large_image\" \/>\n<script type=\"application\/ld+json\" class=\"yoast-schema-graph\">{\"@context\":\"https:\/\/schema.org\",\"@graph\":[{\"@type\":\"WebPage\",\"@id\":\"https:\/\/www.noticiasradioreflejos.com.ar\/2021\/preocupacion-por-un-posible-caso-de-hantavirus-en-una-joven-bahiense\/\",\"url\":\"https:\/\/www.noticiasradioreflejos.com.ar\/2021\/preocupacion-por-un-posible-caso-de-hantavirus-en-una-joven-bahiense\/\",\"name\":\"Preocupaci\u00f3n por un posible caso de Hantavirus en una joven bahiense - Noticias Radio Reflejos\",\"isPartOf\":{\"@id\":\"https:\/\/www.noticiasradioreflejos.com.ar\/2021\/#website\"},\"datePublished\":\"2019-01-26T15:05:09+00:00\",\"author\":{\"@id\":\"https:\/\/www.noticiasradioreflejos.com.ar\/2021\/#\/schema\/person\/ad82545263dcc5ec0996818884fd5fb1\"},\"breadcrumb\":{\"@id\":\"https:\/\/www.noticiasradioreflejos.com.ar\/2021\/preocupacion-por-un-posible-caso-de-hantavirus-en-una-joven-bahiense\/#breadcrumb\"},\"inLanguage\":\"es\",\"potentialAction\":[{\"@type\":\"ReadAction\",\"target\":[\"https:\/\/www.noticiasradioreflejos.com.ar\/2021\/preocupacion-por-un-posible-caso-de-hantavirus-en-una-joven-bahiense\/\"]}]},{\"@type\":\"BreadcrumbList\",\"@id\":\"https:\/\/www.noticiasradioreflejos.com.ar\/2021\/preocupacion-por-un-posible-caso-de-hantavirus-en-una-joven-bahiense\/#breadcrumb\",\"itemListElement\":[{\"@type\":\"ListItem\",\"position\":1,\"name\":\"Portada\",\"item\":\"https:\/\/www.noticiasradioreflejos.com.ar\/2021\/\"},{\"@type\":\"ListItem\",\"position\":2,\"name\":\"Preocupaci\u00f3n por un posible caso de Hantavirus en una joven bahiense\"}]},{\"@type\":\"WebSite\",\"@id\":\"https:\/\/www.noticiasradioreflejos.com.ar\/2021\/#website\",\"url\":\"https:\/\/www.noticiasradioreflejos.com.ar\/2021\/\",\"name\":\"Noticias Radio Reflejos\",\"description\":\"Las noticias de mi comarca\",\"potentialAction\":[{\"@type\":\"SearchAction\",\"target\":{\"@type\":\"EntryPoint\",\"urlTemplate\":\"https:\/\/www.noticiasradioreflejos.com.ar\/2021\/?s={search_term_string}\"},\"query-input\":{\"@type\":\"PropertyValueSpecification\",\"valueRequired\":true,\"valueName\":\"search_term_string\"}}],\"inLanguage\":\"es\"},{\"@type\":\"Person\",\"@id\":\"https:\/\/www.noticiasradioreflejos.com.ar\/2021\/#\/schema\/person\/ad82545263dcc5ec0996818884fd5fb1\",\"name\":\"Arnaldo Botto\",\"image\":{\"@type\":\"ImageObject\",\"inLanguage\":\"es\",\"@id\":\"https:\/\/www.noticiasradioreflejos.com.ar\/2021\/#\/schema\/person\/image\/\",\"url\":\"https:\/\/secure.gravatar.com\/avatar\/55cb5e37c1efa326397366e6974cb338056df65cb50e7d64d1cf314e87504837?s=96&d=mm&r=g\",\"contentUrl\":\"https:\/\/secure.gravatar.com\/avatar\/55cb5e37c1efa326397366e6974cb338056df65cb50e7d64d1cf314e87504837?s=96&d=mm&r=g\",\"caption\":\"Arnaldo Botto\"},\"url\":\"https:\/\/www.noticiasradioreflejos.com.ar\/2021\/author\/arnaldo\/\"}]}<\/script>\n<!-- \/ Yoast SEO plugin. -->","yoast_head_json":{"title":"Preocupaci\u00f3n por un posible caso de Hantavirus en una joven bahiense - Noticias Radio Reflejos","robots":{"index":"index","follow":"follow","max-snippet":"max-snippet:-1","max-image-preview":"max-image-preview:large","max-video-preview":"max-video-preview:-1"},"canonical":"https:\/\/www.noticiasradioreflejos.com.ar\/2021\/preocupacion-por-un-posible-caso-de-hantavirus-en-una-joven-bahiense\/","og_locale":"es_ES","og_type":"article","og_title":"Preocupaci\u00f3n por un posible caso de Hantavirus en una joven bahiense - Noticias Radio Reflejos","og_description":"Una joven de 18 a\u00f1os que estuvo de vacaciones en El Bols\u00f3n permanece internada desde hace algunas horas en el Hospital Italiano bahiense con s\u00edntomas que, se presume, podr\u00edan estar vinculados con el Hantavirus.","og_url":"https:\/\/www.noticiasradioreflejos.com.ar\/2021\/preocupacion-por-un-posible-caso-de-hantavirus-en-una-joven-bahiense\/","og_site_name":"Noticias Radio Reflejos","article_published_time":"2019-01-26T15:05:09+00:00","og_image":[{"width":300,"height":200,"url":"https:\/\/www.noticiasradioreflejos.com.ar\/2021\/wp-content\/uploads\/2021\/07\/logosol300x200.png","type":"image\/png"}],"author":"Arnaldo Botto","twitter_card":"summary_large_image","schema":{"@context":"https:\/\/schema.org","@graph":[{"@type":"WebPage","@id":"https:\/\/www.noticiasradioreflejos.com.ar\/2021\/preocupacion-por-un-posible-caso-de-hantavirus-en-una-joven-bahiense\/","url":"https:\/\/www.noticiasradioreflejos.com.ar\/2021\/preocupacion-por-un-posible-caso-de-hantavirus-en-una-joven-bahiense\/","name":"Preocupaci\u00f3n por un posible caso de Hantavirus en una joven bahiense - Noticias Radio Reflejos","isPartOf":{"@id":"https:\/\/www.noticiasradioreflejos.com.ar\/2021\/#website"},"datePublished":"2019-01-26T15:05:09+00:00","author":{"@id":"https:\/\/www.noticiasradioreflejos.com.ar\/2021\/#\/schema\/person\/ad82545263dcc5ec0996818884fd5fb1"},"breadcrumb":{"@id":"https:\/\/www.noticiasradioreflejos.com.ar\/2021\/preocupacion-por-un-posible-caso-de-hantavirus-en-una-joven-bahiense\/#breadcrumb"},"inLanguage":"es","potentialAction":[{"@type":"ReadAction","target":["https:\/\/www.noticiasradioreflejos.com.ar\/2021\/preocupacion-por-un-posible-caso-de-hantavirus-en-una-joven-bahiense\/"]}]},{"@type":"BreadcrumbList","@id":"https:\/\/www.noticiasradioreflejos.com.ar\/2021\/preocupacion-por-un-posible-caso-de-hantavirus-en-una-joven-bahiense\/#breadcrumb","itemListElement":[{"@type":"ListItem","position":1,"name":"Portada","item":"https:\/\/www.noticiasradioreflejos.com.ar\/2021\/"},{"@type":"ListItem","position":2,"name":"Preocupaci\u00f3n por un posible caso de Hantavirus en una joven bahiense"}]},{"@type":"WebSite","@id":"https:\/\/www.noticiasradioreflejos.com.ar\/2021\/#website","url":"https:\/\/www.noticiasradioreflejos.com.ar\/2021\/","name":"Noticias Radio Reflejos","description":"Las noticias de mi comarca","potentialAction":[{"@type":"SearchAction","target":{"@type":"EntryPoint","urlTemplate":"https:\/\/www.noticiasradioreflejos.com.ar\/2021\/?s={search_term_string}"},"query-input":{"@type":"PropertyValueSpecification","valueRequired":true,"valueName":"search_term_string"}}],"inLanguage":"es"},{"@type":"Person","@id":"https:\/\/www.noticiasradioreflejos.com.ar\/2021\/#\/schema\/person\/ad82545263dcc5ec0996818884fd5fb1","name":"Arnaldo Botto","image":{"@type":"ImageObject","inLanguage":"es","@id":"https:\/\/www.noticiasradioreflejos.com.ar\/2021\/#\/schema\/person\/image\/","url":"https:\/\/secure.gravatar.com\/avatar\/55cb5e37c1efa326397366e6974cb338056df65cb50e7d64d1cf314e87504837?s=96&d=mm&r=g","contentUrl":"https:\/\/secure.gravatar.com\/avatar\/55cb5e37c1efa326397366e6974cb338056df65cb50e7d64d1cf314e87504837?s=96&d=mm&r=g","caption":"Arnaldo Botto"},"url":"https:\/\/www.noticiasradioreflejos.com.ar\/2021\/author\/arnaldo\/"}]}},"_links":{"self":[{"href":"https:\/\/www.noticiasradioreflejos.com.ar\/2021\/wp-json\/wp\/v2\/posts\/28451","targetHints":{"allow":["GET"]}}],"collection":[{"href":"https:\/\/www.noticiasradioreflejos.com.ar\/2021\/wp-json\/wp\/v2\/posts"}],"about":[{"href":"https:\/\/www.noticiasradioreflejos.com.ar\/2021\/wp-json\/wp\/v2\/types\/post"}],"author":[{"embeddable":true,"href":"https:\/\/www.noticiasradioreflejos.com.ar\/2021\/wp-json\/wp\/v2\/users\/3"}],"replies":[{"embeddable":true,"href":"https:\/\/www.noticiasradioreflejos.com.ar\/2021\/wp-json\/wp\/v2\/comments?post=28451"}],"version-history":[{"count":0,"href":"https:\/\/www.noticiasradioreflejos.com.ar\/2021\/wp-json\/wp\/v2\/posts\/28451\/revisions"}],"wp:attachment":[{"href":"https:\/\/www.noticiasradioreflejos.com.ar\/2021\/wp-json\/wp\/v2\/media?parent=28451"}],"wp:term":[{"taxonomy":"category","embeddable":true,"href":"https:\/\/www.noticiasradioreflejos.com.ar\/2021\/wp-json\/wp\/v2\/categories?post=28451"},{"taxonomy":"post_tag","embeddable":true,"href":"https:\/\/www.noticiasradioreflejos.com.ar\/2021\/wp-json\/wp\/v2\/tags?post=28451"}],"curies":[{"name":"wp","href":"https:\/\/api.w.org\/{rel}","templated":true}]}}