{"id":28233,"date":"2019-01-17T13:12:34","date_gmt":"2019-01-17T16:12:34","guid":{"rendered":"http:\/\/www.noticiasradioreflejos.com.ar\/noticias\/?p=28233"},"modified":"2019-01-17T13:12:34","modified_gmt":"2019-01-17T16:12:34","slug":"se-esta-trabajando-intensamente-en-la-difusion-susana-dos-santos","status":"publish","type":"post","link":"https:\/\/www.noticiasradioreflejos.com.ar\/2021\/se-esta-trabajando-intensamente-en-la-difusion-susana-dos-santos\/","title":{"rendered":"&quot;Se est\u00e1 trabajando intensamente en la difusi\u00f3n&quot;,  Susana Dos Santos."},"content":{"rendered":"<p><a title=\"111 Aniversario de Sierra de la Ventana (3)\" href=\"http:\/\/farm5.staticflickr.com\/4845\/32902075138_6780754594.jpg\" rel=\"\"><img loading=\"lazy\" decoding=\"async\" class=\"alignleft\" style=\"float: left;\" title=\"111 Aniversario de Sierra de la Ventana (3)\" src=\"http:\/\/farm5.staticflickr.com\/4845\/32902075138_6780754594.jpg\" alt=\"111 Aniversario de Sierra de la Ventana (3)\" width=\"500\" height=\"281\" \/><\/a>Finalizado el acto de celebraci\u00f3n del 111\u00b0 Aniversario de Sierra de la Ventana, charlamos con la Secretaria de Turismo del\u00a0 Municipio, <strong>Susana Dos Santos<\/strong>, con qui\u00e9n pudimos evaluar la evoluci\u00f3n de la temporada estival.<!--more--><br \/>\nSusana aclar\u00f3 como se conform\u00f3 ese 83% de ocupaci\u00f3n que se anunci\u00f3 en una nota period\u00edstica el d\u00eda 9 de enero durante el lanzamiento de la primera bola del Casino de Sierra de la Ventana.<br \/>\n\u00abNo medimos la econom\u00eda del pa\u00eds\u00bb, sostuvo en defensa de sus expresiones, alentando \u00abse espera que la segunda quincena mejore\u00bb.<br \/>\nAsimismo, se refiri\u00f3 a los comentarios en redes sociales que desment\u00edan que haya un 83% de ocupaci\u00f3n en la comarca, tal como ella hab\u00eda afirmado en una nota con Noticias Tornquist:<br \/>\n\u201cLa gente hace la lectura que quiere hacer, lo que dijimos es lo que sacan las estad\u00edsticas de Provincia y lo que nosotros corroboramos, se hace por semana anterior y no por semanas actuales. El 31 de diciembre se midi\u00f3 y ten\u00edamos el 83% de ocupaci\u00f3n y en Reyes tuvimos 100%. La semana que sigui\u00f3 tuvimos m\u00e1s del 70% y en esta hubo una baja, que suele suceder.<br \/>\n\u201cNo inventamos datos, el trabajo que se hace es real, no s\u00e9 si en alguna gesti\u00f3n se hizo tanta promoci\u00f3n como en esta. Se est\u00e1 haciendo un gran esfuerzo, entonces que hagan bien la lectura\u201d, indic\u00f3.<br \/>\n<iframe loading=\"lazy\" src=\"https:\/\/w.soundcloud.com\/player\/?url=https%3A\/\/api.soundcloud.com\/tracks\/560411511&amp;color=%23ff5500&amp;auto_play=false&amp;hide_related=false&amp;show_comments=true&amp;show_user=true&amp;show_reposts=false&amp;show_teaser=true\" width=\"100%\" height=\"166\" frameborder=\"no\" scrolling=\"no\"><\/iframe><\/p>\n","protected":false},"excerpt":{"rendered":"<p>Finalizado el acto de celebraci\u00f3n del 111\u00b0 Aniversario de Sierra de la Ventana, charlamos con la Secretaria de Turismo del\u00a0 Municipio, Susana Dos Santos, con qui\u00e9n pudimos evaluar la evoluci\u00f3n de la temporada estival.<\/p>\n","protected":false},"author":3,"featured_media":0,"comment_status":"closed","ping_status":"open","sticky":false,"template":"","format":"standard","meta":{"footnotes":""},"categories":[33],"tags":[],"class_list":["post-28233","post","type-post","status-publish","format-standard","hentry","category-turismo"],"yoast_head":"<!-- This site is optimized with the Yoast SEO plugin v25.9 - https:\/\/yoast.com\/wordpress\/plugins\/seo\/ -->\n<title>&quot;Se est\u00e1 trabajando intensamente en la difusi\u00f3n&quot;, Susana Dos Santos. - Noticias Radio Reflejos<\/title>\n<meta name=\"robots\" content=\"index, follow, max-snippet:-1, max-image-preview:large, max-video-preview:-1\" \/>\n<link rel=\"canonical\" href=\"https:\/\/www.noticiasradioreflejos.com.ar\/2021\/se-esta-trabajando-intensamente-en-la-difusion-susana-dos-santos\/\" \/>\n<meta property=\"og:locale\" content=\"es_ES\" \/>\n<meta property=\"og:type\" content=\"article\" \/>\n<meta property=\"og:title\" content=\"&quot;Se est\u00e1 trabajando intensamente en la difusi\u00f3n&quot;, Susana Dos Santos. - Noticias Radio Reflejos\" \/>\n<meta property=\"og:description\" content=\"Finalizado el acto de celebraci\u00f3n del 111\u00b0 Aniversario de Sierra de la Ventana, charlamos con la Secretaria de Turismo del\u00a0 Municipio, Susana Dos Santos, con qui\u00e9n pudimos evaluar la evoluci\u00f3n de la temporada estival.\" \/>\n<meta property=\"og:url\" content=\"https:\/\/www.noticiasradioreflejos.com.ar\/2021\/se-esta-trabajando-intensamente-en-la-difusion-susana-dos-santos\/\" \/>\n<meta property=\"og:site_name\" content=\"Noticias Radio Reflejos\" \/>\n<meta property=\"article:published_time\" content=\"2019-01-17T16:12:34+00:00\" \/>\n<meta property=\"og:image\" content=\"http:\/\/farm5.staticflickr.com\/4845\/32902075138_6780754594.jpg\" \/>\n<meta name=\"author\" content=\"Arnaldo Botto\" \/>\n<meta name=\"twitter:card\" content=\"summary_large_image\" \/>\n<script type=\"application\/ld+json\" class=\"yoast-schema-graph\">{\"@context\":\"https:\/\/schema.org\",\"@graph\":[{\"@type\":\"WebPage\",\"@id\":\"https:\/\/www.noticiasradioreflejos.com.ar\/2021\/se-esta-trabajando-intensamente-en-la-difusion-susana-dos-santos\/\",\"url\":\"https:\/\/www.noticiasradioreflejos.com.ar\/2021\/se-esta-trabajando-intensamente-en-la-difusion-susana-dos-santos\/\",\"name\":\"&quot;Se est\u00e1 trabajando intensamente en la difusi\u00f3n&quot;, Susana Dos Santos. - Noticias Radio Reflejos\",\"isPartOf\":{\"@id\":\"https:\/\/www.noticiasradioreflejos.com.ar\/2021\/#website\"},\"primaryImageOfPage\":{\"@id\":\"https:\/\/www.noticiasradioreflejos.com.ar\/2021\/se-esta-trabajando-intensamente-en-la-difusion-susana-dos-santos\/#primaryimage\"},\"image\":{\"@id\":\"https:\/\/www.noticiasradioreflejos.com.ar\/2021\/se-esta-trabajando-intensamente-en-la-difusion-susana-dos-santos\/#primaryimage\"},\"thumbnailUrl\":\"http:\/\/farm5.staticflickr.com\/4845\/32902075138_6780754594.jpg\",\"datePublished\":\"2019-01-17T16:12:34+00:00\",\"author\":{\"@id\":\"https:\/\/www.noticiasradioreflejos.com.ar\/2021\/#\/schema\/person\/ad82545263dcc5ec0996818884fd5fb1\"},\"breadcrumb\":{\"@id\":\"https:\/\/www.noticiasradioreflejos.com.ar\/2021\/se-esta-trabajando-intensamente-en-la-difusion-susana-dos-santos\/#breadcrumb\"},\"inLanguage\":\"es\",\"potentialAction\":[{\"@type\":\"ReadAction\",\"target\":[\"https:\/\/www.noticiasradioreflejos.com.ar\/2021\/se-esta-trabajando-intensamente-en-la-difusion-susana-dos-santos\/\"]}]},{\"@type\":\"ImageObject\",\"inLanguage\":\"es\",\"@id\":\"https:\/\/www.noticiasradioreflejos.com.ar\/2021\/se-esta-trabajando-intensamente-en-la-difusion-susana-dos-santos\/#primaryimage\",\"url\":\"http:\/\/farm5.staticflickr.com\/4845\/32902075138_6780754594.jpg\",\"contentUrl\":\"http:\/\/farm5.staticflickr.com\/4845\/32902075138_6780754594.jpg\"},{\"@type\":\"BreadcrumbList\",\"@id\":\"https:\/\/www.noticiasradioreflejos.com.ar\/2021\/se-esta-trabajando-intensamente-en-la-difusion-susana-dos-santos\/#breadcrumb\",\"itemListElement\":[{\"@type\":\"ListItem\",\"position\":1,\"name\":\"Portada\",\"item\":\"https:\/\/www.noticiasradioreflejos.com.ar\/2021\/\"},{\"@type\":\"ListItem\",\"position\":2,\"name\":\"&quot;Se est\u00e1 trabajando intensamente en la difusi\u00f3n&quot;, Susana Dos Santos.\"}]},{\"@type\":\"WebSite\",\"@id\":\"https:\/\/www.noticiasradioreflejos.com.ar\/2021\/#website\",\"url\":\"https:\/\/www.noticiasradioreflejos.com.ar\/2021\/\",\"name\":\"Noticias Radio Reflejos\",\"description\":\"Las noticias de mi comarca\",\"potentialAction\":[{\"@type\":\"SearchAction\",\"target\":{\"@type\":\"EntryPoint\",\"urlTemplate\":\"https:\/\/www.noticiasradioreflejos.com.ar\/2021\/?s={search_term_string}\"},\"query-input\":{\"@type\":\"PropertyValueSpecification\",\"valueRequired\":true,\"valueName\":\"search_term_string\"}}],\"inLanguage\":\"es\"},{\"@type\":\"Person\",\"@id\":\"https:\/\/www.noticiasradioreflejos.com.ar\/2021\/#\/schema\/person\/ad82545263dcc5ec0996818884fd5fb1\",\"name\":\"Arnaldo Botto\",\"image\":{\"@type\":\"ImageObject\",\"inLanguage\":\"es\",\"@id\":\"https:\/\/www.noticiasradioreflejos.com.ar\/2021\/#\/schema\/person\/image\/\",\"url\":\"https:\/\/secure.gravatar.com\/avatar\/55cb5e37c1efa326397366e6974cb338056df65cb50e7d64d1cf314e87504837?s=96&d=mm&r=g\",\"contentUrl\":\"https:\/\/secure.gravatar.com\/avatar\/55cb5e37c1efa326397366e6974cb338056df65cb50e7d64d1cf314e87504837?s=96&d=mm&r=g\",\"caption\":\"Arnaldo Botto\"},\"url\":\"https:\/\/www.noticiasradioreflejos.com.ar\/2021\/author\/arnaldo\/\"}]}<\/script>\n<!-- \/ Yoast SEO plugin. -->","yoast_head_json":{"title":"&quot;Se est\u00e1 trabajando intensamente en la difusi\u00f3n&quot;, Susana Dos Santos. - Noticias Radio Reflejos","robots":{"index":"index","follow":"follow","max-snippet":"max-snippet:-1","max-image-preview":"max-image-preview:large","max-video-preview":"max-video-preview:-1"},"canonical":"https:\/\/www.noticiasradioreflejos.com.ar\/2021\/se-esta-trabajando-intensamente-en-la-difusion-susana-dos-santos\/","og_locale":"es_ES","og_type":"article","og_title":"&quot;Se est\u00e1 trabajando intensamente en la difusi\u00f3n&quot;, Susana Dos Santos. - Noticias Radio Reflejos","og_description":"Finalizado el acto de celebraci\u00f3n del 111\u00b0 Aniversario de Sierra de la Ventana, charlamos con la Secretaria de Turismo del\u00a0 Municipio, Susana Dos Santos, con qui\u00e9n pudimos evaluar la evoluci\u00f3n de la temporada estival.","og_url":"https:\/\/www.noticiasradioreflejos.com.ar\/2021\/se-esta-trabajando-intensamente-en-la-difusion-susana-dos-santos\/","og_site_name":"Noticias Radio Reflejos","article_published_time":"2019-01-17T16:12:34+00:00","og_image":[{"url":"http:\/\/farm5.staticflickr.com\/4845\/32902075138_6780754594.jpg","type":"","width":"","height":""}],"author":"Arnaldo Botto","twitter_card":"summary_large_image","schema":{"@context":"https:\/\/schema.org","@graph":[{"@type":"WebPage","@id":"https:\/\/www.noticiasradioreflejos.com.ar\/2021\/se-esta-trabajando-intensamente-en-la-difusion-susana-dos-santos\/","url":"https:\/\/www.noticiasradioreflejos.com.ar\/2021\/se-esta-trabajando-intensamente-en-la-difusion-susana-dos-santos\/","name":"&quot;Se est\u00e1 trabajando intensamente en la difusi\u00f3n&quot;, Susana Dos Santos. - Noticias Radio Reflejos","isPartOf":{"@id":"https:\/\/www.noticiasradioreflejos.com.ar\/2021\/#website"},"primaryImageOfPage":{"@id":"https:\/\/www.noticiasradioreflejos.com.ar\/2021\/se-esta-trabajando-intensamente-en-la-difusion-susana-dos-santos\/#primaryimage"},"image":{"@id":"https:\/\/www.noticiasradioreflejos.com.ar\/2021\/se-esta-trabajando-intensamente-en-la-difusion-susana-dos-santos\/#primaryimage"},"thumbnailUrl":"http:\/\/farm5.staticflickr.com\/4845\/32902075138_6780754594.jpg","datePublished":"2019-01-17T16:12:34+00:00","author":{"@id":"https:\/\/www.noticiasradioreflejos.com.ar\/2021\/#\/schema\/person\/ad82545263dcc5ec0996818884fd5fb1"},"breadcrumb":{"@id":"https:\/\/www.noticiasradioreflejos.com.ar\/2021\/se-esta-trabajando-intensamente-en-la-difusion-susana-dos-santos\/#breadcrumb"},"inLanguage":"es","potentialAction":[{"@type":"ReadAction","target":["https:\/\/www.noticiasradioreflejos.com.ar\/2021\/se-esta-trabajando-intensamente-en-la-difusion-susana-dos-santos\/"]}]},{"@type":"ImageObject","inLanguage":"es","@id":"https:\/\/www.noticiasradioreflejos.com.ar\/2021\/se-esta-trabajando-intensamente-en-la-difusion-susana-dos-santos\/#primaryimage","url":"http:\/\/farm5.staticflickr.com\/4845\/32902075138_6780754594.jpg","contentUrl":"http:\/\/farm5.staticflickr.com\/4845\/32902075138_6780754594.jpg"},{"@type":"BreadcrumbList","@id":"https:\/\/www.noticiasradioreflejos.com.ar\/2021\/se-esta-trabajando-intensamente-en-la-difusion-susana-dos-santos\/#breadcrumb","itemListElement":[{"@type":"ListItem","position":1,"name":"Portada","item":"https:\/\/www.noticiasradioreflejos.com.ar\/2021\/"},{"@type":"ListItem","position":2,"name":"&quot;Se est\u00e1 trabajando intensamente en la difusi\u00f3n&quot;, Susana Dos Santos."}]},{"@type":"WebSite","@id":"https:\/\/www.noticiasradioreflejos.com.ar\/2021\/#website","url":"https:\/\/www.noticiasradioreflejos.com.ar\/2021\/","name":"Noticias Radio Reflejos","description":"Las noticias de mi comarca","potentialAction":[{"@type":"SearchAction","target":{"@type":"EntryPoint","urlTemplate":"https:\/\/www.noticiasradioreflejos.com.ar\/2021\/?s={search_term_string}"},"query-input":{"@type":"PropertyValueSpecification","valueRequired":true,"valueName":"search_term_string"}}],"inLanguage":"es"},{"@type":"Person","@id":"https:\/\/www.noticiasradioreflejos.com.ar\/2021\/#\/schema\/person\/ad82545263dcc5ec0996818884fd5fb1","name":"Arnaldo Botto","image":{"@type":"ImageObject","inLanguage":"es","@id":"https:\/\/www.noticiasradioreflejos.com.ar\/2021\/#\/schema\/person\/image\/","url":"https:\/\/secure.gravatar.com\/avatar\/55cb5e37c1efa326397366e6974cb338056df65cb50e7d64d1cf314e87504837?s=96&d=mm&r=g","contentUrl":"https:\/\/secure.gravatar.com\/avatar\/55cb5e37c1efa326397366e6974cb338056df65cb50e7d64d1cf314e87504837?s=96&d=mm&r=g","caption":"Arnaldo Botto"},"url":"https:\/\/www.noticiasradioreflejos.com.ar\/2021\/author\/arnaldo\/"}]}},"_links":{"self":[{"href":"https:\/\/www.noticiasradioreflejos.com.ar\/2021\/wp-json\/wp\/v2\/posts\/28233","targetHints":{"allow":["GET"]}}],"collection":[{"href":"https:\/\/www.noticiasradioreflejos.com.ar\/2021\/wp-json\/wp\/v2\/posts"}],"about":[{"href":"https:\/\/www.noticiasradioreflejos.com.ar\/2021\/wp-json\/wp\/v2\/types\/post"}],"author":[{"embeddable":true,"href":"https:\/\/www.noticiasradioreflejos.com.ar\/2021\/wp-json\/wp\/v2\/users\/3"}],"replies":[{"embeddable":true,"href":"https:\/\/www.noticiasradioreflejos.com.ar\/2021\/wp-json\/wp\/v2\/comments?post=28233"}],"version-history":[{"count":0,"href":"https:\/\/www.noticiasradioreflejos.com.ar\/2021\/wp-json\/wp\/v2\/posts\/28233\/revisions"}],"wp:attachment":[{"href":"https:\/\/www.noticiasradioreflejos.com.ar\/2021\/wp-json\/wp\/v2\/media?parent=28233"}],"wp:term":[{"taxonomy":"category","embeddable":true,"href":"https:\/\/www.noticiasradioreflejos.com.ar\/2021\/wp-json\/wp\/v2\/categories?post=28233"},{"taxonomy":"post_tag","embeddable":true,"href":"https:\/\/www.noticiasradioreflejos.com.ar\/2021\/wp-json\/wp\/v2\/tags?post=28233"}],"curies":[{"name":"wp","href":"https:\/\/api.w.org\/{rel}","templated":true}]}}