{"id":28224,"date":"2019-01-17T12:41:15","date_gmt":"2019-01-17T15:41:15","guid":{"rendered":"http:\/\/www.noticiasradioreflejos.com.ar\/noticias\/?p=28224"},"modified":"2019-01-17T12:41:15","modified_gmt":"2019-01-17T15:41:15","slug":"se-merecen-tener-un-pueblo-mejor-sergio-bordoni","status":"publish","type":"post","link":"https:\/\/www.noticiasradioreflejos.com.ar\/2021\/se-merecen-tener-un-pueblo-mejor-sergio-bordoni\/","title":{"rendered":"&quot;Se merecen tener un pueblo mejor&quot;. Sergio Bordoni"},"content":{"rendered":"<p><a title=\"11980004\" href=\"http:\/\/farm8.staticflickr.com\/7882\/46724624462_6dd88e9ba1.jpg\" rel=\"\"><img loading=\"lazy\" decoding=\"async\" class=\"alignleft\" style=\"float: left;\" title=\"11980004\" src=\"http:\/\/farm8.staticflickr.com\/7882\/46724624462_6dd88e9ba1.jpg\" alt=\"11980004\" width=\"500\" height=\"281\" \/><\/a>Este 17 de enero la localidad de Sierra de la Ventana celebra sus 111 a\u00f1os de fundaci\u00f3n. Con la presencia del Intendente Municipal, integrantes del Gabinete, Autoridades Policiales, Concejales, Instituciones locales y p\u00fablico el acto se desarroll\u00f3 frente al m\u00e1stil ubicado en la Av. Malvinas y Calle Mor\u00f3n.<br \/>\nBordoni fu\u00e9 el \u00fanico orador tras el izamiento del pabell\u00f3n nacional que efectuaron el propio intendente y el Delegado local Hugo Polvara para luego entonar las estrofas del Himno Nacional.<!--more--><br \/>\nCon un contenido altamente pol\u00edtico, el jefe comunal se dirigi\u00f3 al p\u00fablico en su discurso, siendo el \u00fanico orador del acto, haciendo un relevamiento de la obra ejecutada durante sus a\u00f1os de gesti\u00f3n, dando referencia sobre la poca difusi\u00f3n de las mismas y criticando a medios de prensa local como as\u00ed tambi\u00e9n a la oposici\u00f3n que no tuvo representantes en el acto.<br \/>\nBordoni anticip\u00f3 su reelecci\u00f3n y dej\u00f3 entender que ser\u00e1 el ciudadano el que elija qui\u00e9n lo gobernar\u00e1 en el pr\u00f3ximo per\u00edodo.<br \/>\n\u00abHemos hecho lo que pudimos con el presupuesto que tuvimos y m\u00e1s tambi\u00e9n\u00bb expres\u00f3 el jefe comunal en parte de su alocuci\u00f3n <strong>destacando \u00abno nos quedemos con lo chiquitito o lo que se publica solamente\u00bb.<\/strong><br \/>\n\u201cTal vez sea el \u00faltimo aniversario en dirigirme a ustedes como intendente \u2013comenz\u00f3. Quiero decirle a todos los que quieren a Sierra, los que luchan y trabajan por Sierra, que sigan trabajando como nos acompa\u00f1aron en estos tres a\u00f1os. A pesar de que no publicamos las obras que se vienen haciendo, la gente las ve, la gente buena, que no tiene maldad y que piensa en un crecimiento de la localidad. Llegamos a ser gobierno sin prensa, el boca a boca es el que m\u00e1s vale\u201d.<br \/>\n\u201cAs\u00ed como llegamos, nos pusimos a trabajar. En 2016 encontramos un Sierra en el que hab\u00eda mucho para hacer y terminar y pocos recursos\u201d, afirm\u00f3 el jefe comunal y enumer\u00f3 las obras realizadas durante su gesti\u00f3n y las pr\u00f3ximas a ejecutar.<br \/>\n\u201cUna preocupaci\u00f3n importante es el basurero, para el que quiero que sepan que voy a trabajar incansablemente este a\u00f1o para erradicarlo de una vez por todas\u201d, asegur\u00f3 y continu\u00f3: \u201cY otra preocupaci\u00f3n son las cloacas de la localidad \u2013continu\u00f3. Cuando era concejal se hab\u00eda empezado mal la obra, por el final y lo m\u00e1s barato, que era enterrar los ca\u00f1os. Pero este viernes la Gobernadora va a venir a inaugurar la obra de pluviales terminada, sin nada puesto en escena\u201d.<br \/>\nEn ese sentido, sugiri\u00f3 que, con dicha obra terminada, \u201choy tenemos que apuntar a la planta depuradora de l\u00edquidos cloacales, que as\u00ed como est\u00e1 es obsoleta; con la DIPAC estamos pensando en un nuevo proyecto, m\u00e1s econ\u00f3mico y efectivo de lo que tenemos\u201d.<br \/>\n\u201cCuando arrancamos ten\u00edamos obras sin terminar y se terminaron con el Fondo de Infraestructura Municipal 2016, como el asfalto en la avenida San Mart\u00edn, la ejecuci\u00f3n del cord\u00f3n cuneta y el callej\u00f3n Ernesto Tornquist\u201d, dijo m\u00e1s adelante.<br \/>\n\u201cCuando entr\u00e9 como intendente tuvimos la desgracia de que un turista se ahogara y no ten\u00edamos donde alojarlo porque no hab\u00eda morgue, estaba debajo de un alero con una bolsa mortuoria. Una localidad como Sierra, donde en \u00e9poca estival se duplica la cantidad de habitantes, no se merece tener esa unidad sanitaria y, por eso, autom\u00e1ticamente nos pusimos a trabajar y hoy (la ampliaci\u00f3n del centro asistencial) es un hecho\u201d, manifest\u00f3.<br \/>\nBordoni tambi\u00e9n mencion\u00f3 otro de los proyectos que se est\u00e1n ejecutando: \u201cHace un tiempo atr\u00e1s vecinos de los barrios Valle Hermoso y La Cumbre vinieron preocupados porque no tienen gas. Nunca promet\u00ed la obra, pero solamente con ponernos a trabajar, sentarnos con Camuzzi (que provey\u00f3 el material), m\u00e1s 3 millones de pesos que gestion\u00e9 en el Ministerio de Infraestructura y la audacia de pensar que \u00edbamos a cobrar la instalaci\u00f3n los parques e\u00f3licos, decidimos hacer la obra. Sale alrededor de 15 millones de pesos y al frentista, de contado, le cuesta 8.400 pesos, un n\u00famero irrisorio\u201d.<br \/>\n\u201cLa situaci\u00f3n econ\u00f3mica del pa\u00eds no es la que quisi\u00e9ramos todos, ya que muchos vecinos de Sierra de la Ventana que antes viajaban helic\u00f3ptero y reci\u00e9n ahora se dieron cuenta que la Ruta 76 no da m\u00e1s\u201d, dispar\u00f3 en relaci\u00f3n a las cr\u00edticas de miembros de la oposici\u00f3n respecto al estado de la ruta.<br \/>\n\u201cMuchos se jactan que esta gesti\u00f3n de gobierno no hace nada para que se resuelva la situaci\u00f3n, pero en tres a\u00f1os de gobierno bacheamos con dinero municipal, porque Vialidad Provincial no tiene presupuesto. Sin embargo, parte de la prensa de esta localidad dec\u00eda que est\u00e1bamos bacheando porque ven\u00eda la Gobernadora. Hay gente que parece que empez\u00f3 a vivir hace tres a\u00f1os vive ac\u00e1 y que lo paso antes est\u00e1 todo bien\u201d, agreg\u00f3.<br \/>\n\u201cSe hizo mucho y se va a seguir haciendo mucho en Sierra de la Ventana, pero lo importante es que sepan que hicimos lo que pudimos con el presupuesto que ten\u00edamos y a veces m\u00e1s de lo que pod\u00edamos hacer\u201d, asegur\u00f3 el intendente<br \/>\nDestac\u00f3 gestiones \u201cen seguridad, con m\u00f3viles y motos nuevas; en salud, con apartolog\u00eda nueva con ayuda de la cooperadora de la sala; y se trabaj\u00f3 codo a codo con Bomberos, el Club Atl\u00e9tico e instituciones que tienen ganas de que esto avance\u201d. \u201cNo nos quedemos con lo chiquitito, con lo poco que se publica, la gente sola se da cuenta de las cosas que se hicieron y las que se van a hacer\u201d, se\u00f1al\u00f3.<br \/>\n\u201cEn turismo, que fue el eje de esta gesti\u00f3n, se trabaj\u00f3 enormemente \u2013sigui\u00f3-; en el Centro Cultural se inaugur\u00f3 lo que va a hacer el Museo de la Asociaci\u00f3n Trochita, otra instituci\u00f3n que quiere que esto vaya para adelante. Tambi\u00e9n se inaugur\u00f3 parcialmente la puesta en valor de un galp\u00f3n, para prestar mejor calidad cuando se hacen ferias y tener mejores instalaciones para recibir turistas\u201d.<br \/>\n\u201cSon muchas las cosas que se han hecho y las que se siguen haciendo, porque estamos trabajando para ustedes y todo el distrito. Se merecen tener un pueblo mejor y para eso estamos trabajando\u201d, afirm\u00f3 y remarc\u00f3: \u201cGracias por el acompa\u00f1amiento que recibimos, sigan confiando en nosotros que vamos a seguir trabajando hasta el \u00faltimo d\u00eda que seamos gobierno. Y si la gente decide un cambio, bienvenido sea, porque nadie es el due\u00f1o de la verdad y del poder\u201d.<br \/>\nPara cerrar, el jefe comunal dej\u00f3\u00a0 un mensaje a los concejales que no pertenecen a Cambiemos: \u201cMe hubiera gustado que, as\u00ed como cuando yo era concejal me hac\u00eda presente en todos los actos de los aniversarios, que la oposici\u00f3n tambi\u00e9n acompa\u00f1e, porque est\u00e1 para pegar y no para acompa\u00f1ar, y son ediles de todo el distrito\u201d.<br \/>\n&nbsp;<br \/>\n<strong>Discurso de Sergio Bordoni<\/strong><br \/>\n<iframe loading=\"lazy\" src=\"https:\/\/w.soundcloud.com\/player\/?url=https%3A\/\/api.soundcloud.com\/tracks\/560412729&amp;color=%23ff5500&amp;auto_play=false&amp;hide_related=false&amp;show_comments=true&amp;show_user=true&amp;show_reposts=false&amp;show_teaser=true\" width=\"100%\" height=\"166\" frameborder=\"no\" scrolling=\"no\"><\/iframe><br \/>\n<a href=\"https:\/\/www.facebook.com\/pg\/NoticiasRadioReflejos\/photos\/?tab=album&amp;album_id=759175031117074\"><strong>Ver Fotos<\/strong><\/a><br \/>\n<a title=\"11980022\" href=\"http:\/\/farm8.staticflickr.com\/7905\/46724611922_252f1e81bb_z.jpg\" rel=\"\"><img loading=\"lazy\" decoding=\"async\" class=\"aligncenter\" title=\"11980022\" src=\"http:\/\/farm8.staticflickr.com\/7905\/46724611922_252f1e81bb_z.jpg\" alt=\"11980022\" width=\"640\" height=\"360\" \/><\/a><br \/>\n<a title=\"11980016\" href=\"http:\/\/farm5.staticflickr.com\/4871\/46724615072_1084e9de9c_z.jpg\" rel=\"\"><img loading=\"lazy\" decoding=\"async\" class=\"aligncenter\" title=\"11980016\" src=\"http:\/\/farm5.staticflickr.com\/4871\/46724615072_1084e9de9c_z.jpg\" alt=\"11980016\" width=\"640\" height=\"360\" \/><\/a><br \/>\n<a title=\"11980014\" href=\"http:\/\/farm8.staticflickr.com\/7866\/46724617502_32da062397_z.jpg\" rel=\"\"><img loading=\"lazy\" decoding=\"async\" class=\"aligncenter\" title=\"11980014\" src=\"http:\/\/farm8.staticflickr.com\/7866\/46724617502_32da062397_z.jpg\" alt=\"11980014\" width=\"640\" height=\"360\" \/><\/a><br \/>\n<a title=\"11980014\" href=\"http:\/\/farm8.staticflickr.com\/7866\/46724617502_32da062397_z.jpg\" rel=\"\"><img loading=\"lazy\" decoding=\"async\" class=\"aligncenter\" title=\"11980014\" src=\"http:\/\/farm8.staticflickr.com\/7866\/46724617502_32da062397_z.jpg\" alt=\"11980014\" width=\"640\" height=\"360\" \/><\/a><br \/>\n<a title=\"11980012\" href=\"http:\/\/farm5.staticflickr.com\/4814\/45862313415_ab24da662c_z.jpg\" rel=\"\"><img loading=\"lazy\" decoding=\"async\" class=\"aligncenter\" title=\"11980012\" src=\"http:\/\/farm5.staticflickr.com\/4814\/45862313415_ab24da662c_z.jpg\" alt=\"11980012\" width=\"640\" height=\"360\" \/><\/a><\/p>\n","protected":false},"excerpt":{"rendered":"<p>Este 17 de enero la localidad de Sierra de la Ventana celebra sus 111 a\u00f1os de fundaci\u00f3n. Con la presencia del Intendente Municipal, integrantes del Gabinete, Autoridades Policiales, Concejales, Instituciones locales y p\u00fablico el acto se desarroll\u00f3 frente al m\u00e1stil ubicado en la Av. Malvinas y Calle Mor\u00f3n. Bordoni fu\u00e9 el \u00fanico orador tras el [&hellip;]<\/p>\n","protected":false},"author":3,"featured_media":0,"comment_status":"closed","ping_status":"open","sticky":false,"template":"","format":"standard","meta":{"footnotes":""},"categories":[26],"tags":[],"class_list":["post-28224","post","type-post","status-publish","format-standard","hentry","category-sociedad"],"yoast_head":"<!-- This site is optimized with the Yoast SEO plugin v25.9 - https:\/\/yoast.com\/wordpress\/plugins\/seo\/ -->\n<title>&quot;Se merecen tener un pueblo mejor&quot;. Sergio Bordoni - Noticias Radio Reflejos<\/title>\n<meta name=\"robots\" content=\"index, follow, max-snippet:-1, max-image-preview:large, max-video-preview:-1\" \/>\n<link rel=\"canonical\" href=\"https:\/\/www.noticiasradioreflejos.com.ar\/2021\/se-merecen-tener-un-pueblo-mejor-sergio-bordoni\/\" \/>\n<meta property=\"og:locale\" content=\"es_ES\" \/>\n<meta property=\"og:type\" content=\"article\" \/>\n<meta property=\"og:title\" content=\"&quot;Se merecen tener un pueblo mejor&quot;. Sergio Bordoni - Noticias Radio Reflejos\" \/>\n<meta property=\"og:description\" content=\"Este 17 de enero la localidad de Sierra de la Ventana celebra sus 111 a\u00f1os de fundaci\u00f3n. Con la presencia del Intendente Municipal, integrantes del Gabinete, Autoridades Policiales, Concejales, Instituciones locales y p\u00fablico el acto se desarroll\u00f3 frente al m\u00e1stil ubicado en la Av. Malvinas y Calle Mor\u00f3n. Bordoni fu\u00e9 el \u00fanico orador tras el [&hellip;]\" \/>\n<meta property=\"og:url\" content=\"https:\/\/www.noticiasradioreflejos.com.ar\/2021\/se-merecen-tener-un-pueblo-mejor-sergio-bordoni\/\" \/>\n<meta property=\"og:site_name\" content=\"Noticias Radio Reflejos\" \/>\n<meta property=\"article:published_time\" content=\"2019-01-17T15:41:15+00:00\" \/>\n<meta property=\"og:image\" content=\"http:\/\/farm8.staticflickr.com\/7882\/46724624462_6dd88e9ba1.jpg\" \/>\n<meta name=\"author\" content=\"Arnaldo Botto\" \/>\n<meta name=\"twitter:card\" content=\"summary_large_image\" \/>\n<script type=\"application\/ld+json\" class=\"yoast-schema-graph\">{\"@context\":\"https:\/\/schema.org\",\"@graph\":[{\"@type\":\"WebPage\",\"@id\":\"https:\/\/www.noticiasradioreflejos.com.ar\/2021\/se-merecen-tener-un-pueblo-mejor-sergio-bordoni\/\",\"url\":\"https:\/\/www.noticiasradioreflejos.com.ar\/2021\/se-merecen-tener-un-pueblo-mejor-sergio-bordoni\/\",\"name\":\"&quot;Se merecen tener un pueblo mejor&quot;. Sergio Bordoni - Noticias Radio Reflejos\",\"isPartOf\":{\"@id\":\"https:\/\/www.noticiasradioreflejos.com.ar\/2021\/#website\"},\"primaryImageOfPage\":{\"@id\":\"https:\/\/www.noticiasradioreflejos.com.ar\/2021\/se-merecen-tener-un-pueblo-mejor-sergio-bordoni\/#primaryimage\"},\"image\":{\"@id\":\"https:\/\/www.noticiasradioreflejos.com.ar\/2021\/se-merecen-tener-un-pueblo-mejor-sergio-bordoni\/#primaryimage\"},\"thumbnailUrl\":\"http:\/\/farm8.staticflickr.com\/7882\/46724624462_6dd88e9ba1.jpg\",\"datePublished\":\"2019-01-17T15:41:15+00:00\",\"author\":{\"@id\":\"https:\/\/www.noticiasradioreflejos.com.ar\/2021\/#\/schema\/person\/ad82545263dcc5ec0996818884fd5fb1\"},\"breadcrumb\":{\"@id\":\"https:\/\/www.noticiasradioreflejos.com.ar\/2021\/se-merecen-tener-un-pueblo-mejor-sergio-bordoni\/#breadcrumb\"},\"inLanguage\":\"es\",\"potentialAction\":[{\"@type\":\"ReadAction\",\"target\":[\"https:\/\/www.noticiasradioreflejos.com.ar\/2021\/se-merecen-tener-un-pueblo-mejor-sergio-bordoni\/\"]}]},{\"@type\":\"ImageObject\",\"inLanguage\":\"es\",\"@id\":\"https:\/\/www.noticiasradioreflejos.com.ar\/2021\/se-merecen-tener-un-pueblo-mejor-sergio-bordoni\/#primaryimage\",\"url\":\"http:\/\/farm8.staticflickr.com\/7882\/46724624462_6dd88e9ba1.jpg\",\"contentUrl\":\"http:\/\/farm8.staticflickr.com\/7882\/46724624462_6dd88e9ba1.jpg\"},{\"@type\":\"BreadcrumbList\",\"@id\":\"https:\/\/www.noticiasradioreflejos.com.ar\/2021\/se-merecen-tener-un-pueblo-mejor-sergio-bordoni\/#breadcrumb\",\"itemListElement\":[{\"@type\":\"ListItem\",\"position\":1,\"name\":\"Portada\",\"item\":\"https:\/\/www.noticiasradioreflejos.com.ar\/2021\/\"},{\"@type\":\"ListItem\",\"position\":2,\"name\":\"&quot;Se merecen tener un pueblo mejor&quot;. Sergio Bordoni\"}]},{\"@type\":\"WebSite\",\"@id\":\"https:\/\/www.noticiasradioreflejos.com.ar\/2021\/#website\",\"url\":\"https:\/\/www.noticiasradioreflejos.com.ar\/2021\/\",\"name\":\"Noticias Radio Reflejos\",\"description\":\"Las noticias de mi comarca\",\"potentialAction\":[{\"@type\":\"SearchAction\",\"target\":{\"@type\":\"EntryPoint\",\"urlTemplate\":\"https:\/\/www.noticiasradioreflejos.com.ar\/2021\/?s={search_term_string}\"},\"query-input\":{\"@type\":\"PropertyValueSpecification\",\"valueRequired\":true,\"valueName\":\"search_term_string\"}}],\"inLanguage\":\"es\"},{\"@type\":\"Person\",\"@id\":\"https:\/\/www.noticiasradioreflejos.com.ar\/2021\/#\/schema\/person\/ad82545263dcc5ec0996818884fd5fb1\",\"name\":\"Arnaldo Botto\",\"image\":{\"@type\":\"ImageObject\",\"inLanguage\":\"es\",\"@id\":\"https:\/\/www.noticiasradioreflejos.com.ar\/2021\/#\/schema\/person\/image\/\",\"url\":\"https:\/\/secure.gravatar.com\/avatar\/55cb5e37c1efa326397366e6974cb338056df65cb50e7d64d1cf314e87504837?s=96&d=mm&r=g\",\"contentUrl\":\"https:\/\/secure.gravatar.com\/avatar\/55cb5e37c1efa326397366e6974cb338056df65cb50e7d64d1cf314e87504837?s=96&d=mm&r=g\",\"caption\":\"Arnaldo Botto\"},\"url\":\"https:\/\/www.noticiasradioreflejos.com.ar\/2021\/author\/arnaldo\/\"}]}<\/script>\n<!-- \/ Yoast SEO plugin. -->","yoast_head_json":{"title":"&quot;Se merecen tener un pueblo mejor&quot;. Sergio Bordoni - Noticias Radio Reflejos","robots":{"index":"index","follow":"follow","max-snippet":"max-snippet:-1","max-image-preview":"max-image-preview:large","max-video-preview":"max-video-preview:-1"},"canonical":"https:\/\/www.noticiasradioreflejos.com.ar\/2021\/se-merecen-tener-un-pueblo-mejor-sergio-bordoni\/","og_locale":"es_ES","og_type":"article","og_title":"&quot;Se merecen tener un pueblo mejor&quot;. Sergio Bordoni - Noticias Radio Reflejos","og_description":"Este 17 de enero la localidad de Sierra de la Ventana celebra sus 111 a\u00f1os de fundaci\u00f3n. Con la presencia del Intendente Municipal, integrantes del Gabinete, Autoridades Policiales, Concejales, Instituciones locales y p\u00fablico el acto se desarroll\u00f3 frente al m\u00e1stil ubicado en la Av. Malvinas y Calle Mor\u00f3n. Bordoni fu\u00e9 el \u00fanico orador tras el [&hellip;]","og_url":"https:\/\/www.noticiasradioreflejos.com.ar\/2021\/se-merecen-tener-un-pueblo-mejor-sergio-bordoni\/","og_site_name":"Noticias Radio Reflejos","article_published_time":"2019-01-17T15:41:15+00:00","og_image":[{"url":"http:\/\/farm8.staticflickr.com\/7882\/46724624462_6dd88e9ba1.jpg","type":"","width":"","height":""}],"author":"Arnaldo Botto","twitter_card":"summary_large_image","schema":{"@context":"https:\/\/schema.org","@graph":[{"@type":"WebPage","@id":"https:\/\/www.noticiasradioreflejos.com.ar\/2021\/se-merecen-tener-un-pueblo-mejor-sergio-bordoni\/","url":"https:\/\/www.noticiasradioreflejos.com.ar\/2021\/se-merecen-tener-un-pueblo-mejor-sergio-bordoni\/","name":"&quot;Se merecen tener un pueblo mejor&quot;. Sergio Bordoni - Noticias Radio Reflejos","isPartOf":{"@id":"https:\/\/www.noticiasradioreflejos.com.ar\/2021\/#website"},"primaryImageOfPage":{"@id":"https:\/\/www.noticiasradioreflejos.com.ar\/2021\/se-merecen-tener-un-pueblo-mejor-sergio-bordoni\/#primaryimage"},"image":{"@id":"https:\/\/www.noticiasradioreflejos.com.ar\/2021\/se-merecen-tener-un-pueblo-mejor-sergio-bordoni\/#primaryimage"},"thumbnailUrl":"http:\/\/farm8.staticflickr.com\/7882\/46724624462_6dd88e9ba1.jpg","datePublished":"2019-01-17T15:41:15+00:00","author":{"@id":"https:\/\/www.noticiasradioreflejos.com.ar\/2021\/#\/schema\/person\/ad82545263dcc5ec0996818884fd5fb1"},"breadcrumb":{"@id":"https:\/\/www.noticiasradioreflejos.com.ar\/2021\/se-merecen-tener-un-pueblo-mejor-sergio-bordoni\/#breadcrumb"},"inLanguage":"es","potentialAction":[{"@type":"ReadAction","target":["https:\/\/www.noticiasradioreflejos.com.ar\/2021\/se-merecen-tener-un-pueblo-mejor-sergio-bordoni\/"]}]},{"@type":"ImageObject","inLanguage":"es","@id":"https:\/\/www.noticiasradioreflejos.com.ar\/2021\/se-merecen-tener-un-pueblo-mejor-sergio-bordoni\/#primaryimage","url":"http:\/\/farm8.staticflickr.com\/7882\/46724624462_6dd88e9ba1.jpg","contentUrl":"http:\/\/farm8.staticflickr.com\/7882\/46724624462_6dd88e9ba1.jpg"},{"@type":"BreadcrumbList","@id":"https:\/\/www.noticiasradioreflejos.com.ar\/2021\/se-merecen-tener-un-pueblo-mejor-sergio-bordoni\/#breadcrumb","itemListElement":[{"@type":"ListItem","position":1,"name":"Portada","item":"https:\/\/www.noticiasradioreflejos.com.ar\/2021\/"},{"@type":"ListItem","position":2,"name":"&quot;Se merecen tener un pueblo mejor&quot;. Sergio Bordoni"}]},{"@type":"WebSite","@id":"https:\/\/www.noticiasradioreflejos.com.ar\/2021\/#website","url":"https:\/\/www.noticiasradioreflejos.com.ar\/2021\/","name":"Noticias Radio Reflejos","description":"Las noticias de mi comarca","potentialAction":[{"@type":"SearchAction","target":{"@type":"EntryPoint","urlTemplate":"https:\/\/www.noticiasradioreflejos.com.ar\/2021\/?s={search_term_string}"},"query-input":{"@type":"PropertyValueSpecification","valueRequired":true,"valueName":"search_term_string"}}],"inLanguage":"es"},{"@type":"Person","@id":"https:\/\/www.noticiasradioreflejos.com.ar\/2021\/#\/schema\/person\/ad82545263dcc5ec0996818884fd5fb1","name":"Arnaldo Botto","image":{"@type":"ImageObject","inLanguage":"es","@id":"https:\/\/www.noticiasradioreflejos.com.ar\/2021\/#\/schema\/person\/image\/","url":"https:\/\/secure.gravatar.com\/avatar\/55cb5e37c1efa326397366e6974cb338056df65cb50e7d64d1cf314e87504837?s=96&d=mm&r=g","contentUrl":"https:\/\/secure.gravatar.com\/avatar\/55cb5e37c1efa326397366e6974cb338056df65cb50e7d64d1cf314e87504837?s=96&d=mm&r=g","caption":"Arnaldo Botto"},"url":"https:\/\/www.noticiasradioreflejos.com.ar\/2021\/author\/arnaldo\/"}]}},"_links":{"self":[{"href":"https:\/\/www.noticiasradioreflejos.com.ar\/2021\/wp-json\/wp\/v2\/posts\/28224","targetHints":{"allow":["GET"]}}],"collection":[{"href":"https:\/\/www.noticiasradioreflejos.com.ar\/2021\/wp-json\/wp\/v2\/posts"}],"about":[{"href":"https:\/\/www.noticiasradioreflejos.com.ar\/2021\/wp-json\/wp\/v2\/types\/post"}],"author":[{"embeddable":true,"href":"https:\/\/www.noticiasradioreflejos.com.ar\/2021\/wp-json\/wp\/v2\/users\/3"}],"replies":[{"embeddable":true,"href":"https:\/\/www.noticiasradioreflejos.com.ar\/2021\/wp-json\/wp\/v2\/comments?post=28224"}],"version-history":[{"count":0,"href":"https:\/\/www.noticiasradioreflejos.com.ar\/2021\/wp-json\/wp\/v2\/posts\/28224\/revisions"}],"wp:attachment":[{"href":"https:\/\/www.noticiasradioreflejos.com.ar\/2021\/wp-json\/wp\/v2\/media?parent=28224"}],"wp:term":[{"taxonomy":"category","embeddable":true,"href":"https:\/\/www.noticiasradioreflejos.com.ar\/2021\/wp-json\/wp\/v2\/categories?post=28224"},{"taxonomy":"post_tag","embeddable":true,"href":"https:\/\/www.noticiasradioreflejos.com.ar\/2021\/wp-json\/wp\/v2\/tags?post=28224"}],"curies":[{"name":"wp","href":"https:\/\/api.w.org\/{rel}","templated":true}]}}