{"id":28219,"date":"2019-01-17T12:09:25","date_gmt":"2019-01-17T15:09:25","guid":{"rendered":"http:\/\/www.noticiasradioreflejos.com.ar\/noticias\/?p=28219"},"modified":"2019-01-17T12:09:25","modified_gmt":"2019-01-17T15:09:25","slug":"la-gobernadoora-maria-e-vidal-visitara-este-viernes-18-sierra-de-la-ventana","status":"publish","type":"post","link":"https:\/\/www.noticiasradioreflejos.com.ar\/2021\/la-gobernadoora-maria-e-vidal-visitara-este-viernes-18-sierra-de-la-ventana\/","title":{"rendered":"La Gobernadora Mar\u00eda E. Vidal Visitar\u00e1 este viernes 18 Sierra de la Ventana."},"content":{"rendered":"<p>La visita que hab\u00eda quedado pendiente se realizar\u00eda este viernes 18 de enero. Lo confirm\u00f3 el Intendente en el acto por el aniversario de la localidad.<!--more--><br \/>\nEn el acto oficial por el 111 aniversario de la fundaci\u00f3n de Sierra de la Ventana, el Intendente Municipal Sergio Bordoni confirm\u00f3 que este viernes llegar\u00e1 a Sierra de la Ventana la Gobernadora de la Pcia. De Buenos Aires, Mar\u00eda Eugenia Vidal.<br \/>\nLa primera mandataria arribar\u00e1 en avi\u00f3n a la comarca y se trasladar\u00e1 al Centro Cultural de la localidad para luego recorrer obras en ejecuci\u00f3n. M\u00e1s tarde se brindar\u00e1 una conferencia de prensa.<br \/>\n<strong>Antecedente de su primera visita al distrito<\/strong><br \/>\nMar\u00eda Eugenia Vidal se reuni\u00f3 con vecinos el 13 de Diciembre de 2014, recorri\u00f3 la ciudad donde brindo una conferencia de prensa e inaugur\u00f3 el local partidario del Pro acompa\u00f1ada por Horacio Buitrago. Con una agenda cargada de actividades y proveniente de Dolores, arrib\u00f3 pasada las cuatro de la tarde al aero club local,,fue recibida por el referente del pro el ex concejal Horacio Buitrago. Vidal estuvo acompa\u00f1ada por el Intendente de Daireaux Esteban Hernando un hombre de la UCR que se pas\u00f3 a las filas de Macri y el ex Diputado Provincial por Coronel Dorrego Jorge Srodek actual jefe de Gabinete del Ministerio de Agro Industria.<br \/>\nUna primera visita efectu\u00f3 al domicilio de H\u00e9ctor Moldu y en su comercio conversaron amablemente. Ella lo destac\u00f3 en la nota como un hombre de trabajo. M\u00e1s tarde comparti\u00f3 una conferencia de prensa en el Bar La Rayuela ubicado frente a la Plaza \u201cErnesto Tornquist\u201d, pas\u00f3 por una panader\u00eda y por \u00faltimo se dirigieron a Calle Mitre casi intersecci\u00f3n con 9 de Julio para cortar la cinta del flamante sal\u00f3n del Pro que se mont\u00f3 con vistas a las elecciones del a\u00f1o 2015.<br \/>\nSegunda visita como Gobernadora<br \/>\nEl 28 de Julio de 2016 pasado el mediod\u00eda, la Gobernadora de la Provincia de Buenos Aires, Maria Eugenia Vidal arrib\u00f3 junto al Subsecretario de Gobierno y Asuntos Municipales, Alex Campbell, a la localidad de Tornquist, para reunirse con el Intendente municipal Sergio Bordoni, quien los recibi\u00f3 en el aeroclub local.<br \/>\nEn su primer visita oficial, Vidal lleg\u00f3 al municipio para mantener una reuni\u00f3n de trabajo junto al jefe comunal. En el despacho la esperaban parte del ejecutivo municipal, el Presidente del Honorable Concejo Deliberante y concejales, quienes le hicieron entrega, junto al intendente, de productos artesanales y regionales.<br \/>\nFinalizado el recorrido se realiz\u00f3 una breve conferencia de prensa, en donde Vidal expres\u00f3 su contento con el jefe comunal: \u201cMe consta que Sergio est\u00e1 haciendo un enorme esfuerzo y como todo nuestro equipo quiere hacer las cosas bien.\u201d<\/p>\n","protected":false},"excerpt":{"rendered":"<p>La visita que hab\u00eda quedado pendiente se realizar\u00eda este viernes 18 de enero. Lo confirm\u00f3 el Intendente en el acto por el aniversario de la localidad.<\/p>\n","protected":false},"author":3,"featured_media":0,"comment_status":"closed","ping_status":"open","sticky":false,"template":"","format":"standard","meta":{"footnotes":""},"categories":[24],"tags":[],"class_list":["post-28219","post","type-post","status-publish","format-standard","hentry","category-politica"],"yoast_head":"<!-- This site is optimized with the Yoast SEO plugin v25.9 - https:\/\/yoast.com\/wordpress\/plugins\/seo\/ -->\n<title>La Gobernadora Mar\u00eda E. Vidal Visitar\u00e1 este viernes 18 Sierra de la Ventana. - Noticias Radio Reflejos<\/title>\n<meta name=\"robots\" content=\"index, follow, max-snippet:-1, max-image-preview:large, max-video-preview:-1\" \/>\n<link rel=\"canonical\" href=\"https:\/\/www.noticiasradioreflejos.com.ar\/2021\/la-gobernadoora-maria-e-vidal-visitara-este-viernes-18-sierra-de-la-ventana\/\" \/>\n<meta property=\"og:locale\" content=\"es_ES\" \/>\n<meta property=\"og:type\" content=\"article\" \/>\n<meta property=\"og:title\" content=\"La Gobernadora Mar\u00eda E. Vidal Visitar\u00e1 este viernes 18 Sierra de la Ventana. - Noticias Radio Reflejos\" \/>\n<meta property=\"og:description\" content=\"La visita que hab\u00eda quedado pendiente se realizar\u00eda este viernes 18 de enero. Lo confirm\u00f3 el Intendente en el acto por el aniversario de la localidad.\" \/>\n<meta property=\"og:url\" content=\"https:\/\/www.noticiasradioreflejos.com.ar\/2021\/la-gobernadoora-maria-e-vidal-visitara-este-viernes-18-sierra-de-la-ventana\/\" \/>\n<meta property=\"og:site_name\" content=\"Noticias Radio Reflejos\" \/>\n<meta property=\"article:published_time\" content=\"2019-01-17T15:09:25+00:00\" \/>\n<meta property=\"og:image\" content=\"https:\/\/www.noticiasradioreflejos.com.ar\/2021\/wp-content\/uploads\/2021\/07\/logosol300x200.png\" \/>\n\t<meta property=\"og:image:width\" content=\"300\" \/>\n\t<meta property=\"og:image:height\" content=\"200\" \/>\n\t<meta property=\"og:image:type\" content=\"image\/png\" \/>\n<meta name=\"author\" content=\"Arnaldo Botto\" \/>\n<meta name=\"twitter:card\" content=\"summary_large_image\" \/>\n<script type=\"application\/ld+json\" class=\"yoast-schema-graph\">{\"@context\":\"https:\/\/schema.org\",\"@graph\":[{\"@type\":\"WebPage\",\"@id\":\"https:\/\/www.noticiasradioreflejos.com.ar\/2021\/la-gobernadoora-maria-e-vidal-visitara-este-viernes-18-sierra-de-la-ventana\/\",\"url\":\"https:\/\/www.noticiasradioreflejos.com.ar\/2021\/la-gobernadoora-maria-e-vidal-visitara-este-viernes-18-sierra-de-la-ventana\/\",\"name\":\"La Gobernadora Mar\u00eda E. Vidal Visitar\u00e1 este viernes 18 Sierra de la Ventana. - Noticias Radio Reflejos\",\"isPartOf\":{\"@id\":\"https:\/\/www.noticiasradioreflejos.com.ar\/2021\/#website\"},\"datePublished\":\"2019-01-17T15:09:25+00:00\",\"author\":{\"@id\":\"https:\/\/www.noticiasradioreflejos.com.ar\/2021\/#\/schema\/person\/ad82545263dcc5ec0996818884fd5fb1\"},\"breadcrumb\":{\"@id\":\"https:\/\/www.noticiasradioreflejos.com.ar\/2021\/la-gobernadoora-maria-e-vidal-visitara-este-viernes-18-sierra-de-la-ventana\/#breadcrumb\"},\"inLanguage\":\"es\",\"potentialAction\":[{\"@type\":\"ReadAction\",\"target\":[\"https:\/\/www.noticiasradioreflejos.com.ar\/2021\/la-gobernadoora-maria-e-vidal-visitara-este-viernes-18-sierra-de-la-ventana\/\"]}]},{\"@type\":\"BreadcrumbList\",\"@id\":\"https:\/\/www.noticiasradioreflejos.com.ar\/2021\/la-gobernadoora-maria-e-vidal-visitara-este-viernes-18-sierra-de-la-ventana\/#breadcrumb\",\"itemListElement\":[{\"@type\":\"ListItem\",\"position\":1,\"name\":\"Portada\",\"item\":\"https:\/\/www.noticiasradioreflejos.com.ar\/2021\/\"},{\"@type\":\"ListItem\",\"position\":2,\"name\":\"La Gobernadora Mar\u00eda E. Vidal Visitar\u00e1 este viernes 18 Sierra de la Ventana.\"}]},{\"@type\":\"WebSite\",\"@id\":\"https:\/\/www.noticiasradioreflejos.com.ar\/2021\/#website\",\"url\":\"https:\/\/www.noticiasradioreflejos.com.ar\/2021\/\",\"name\":\"Noticias Radio Reflejos\",\"description\":\"Las noticias de mi comarca\",\"potentialAction\":[{\"@type\":\"SearchAction\",\"target\":{\"@type\":\"EntryPoint\",\"urlTemplate\":\"https:\/\/www.noticiasradioreflejos.com.ar\/2021\/?s={search_term_string}\"},\"query-input\":{\"@type\":\"PropertyValueSpecification\",\"valueRequired\":true,\"valueName\":\"search_term_string\"}}],\"inLanguage\":\"es\"},{\"@type\":\"Person\",\"@id\":\"https:\/\/www.noticiasradioreflejos.com.ar\/2021\/#\/schema\/person\/ad82545263dcc5ec0996818884fd5fb1\",\"name\":\"Arnaldo Botto\",\"image\":{\"@type\":\"ImageObject\",\"inLanguage\":\"es\",\"@id\":\"https:\/\/www.noticiasradioreflejos.com.ar\/2021\/#\/schema\/person\/image\/\",\"url\":\"https:\/\/secure.gravatar.com\/avatar\/55cb5e37c1efa326397366e6974cb338056df65cb50e7d64d1cf314e87504837?s=96&d=mm&r=g\",\"contentUrl\":\"https:\/\/secure.gravatar.com\/avatar\/55cb5e37c1efa326397366e6974cb338056df65cb50e7d64d1cf314e87504837?s=96&d=mm&r=g\",\"caption\":\"Arnaldo Botto\"},\"url\":\"https:\/\/www.noticiasradioreflejos.com.ar\/2021\/author\/arnaldo\/\"}]}<\/script>\n<!-- \/ Yoast SEO plugin. -->","yoast_head_json":{"title":"La Gobernadora Mar\u00eda E. Vidal Visitar\u00e1 este viernes 18 Sierra de la Ventana. - Noticias Radio Reflejos","robots":{"index":"index","follow":"follow","max-snippet":"max-snippet:-1","max-image-preview":"max-image-preview:large","max-video-preview":"max-video-preview:-1"},"canonical":"https:\/\/www.noticiasradioreflejos.com.ar\/2021\/la-gobernadoora-maria-e-vidal-visitara-este-viernes-18-sierra-de-la-ventana\/","og_locale":"es_ES","og_type":"article","og_title":"La Gobernadora Mar\u00eda E. Vidal Visitar\u00e1 este viernes 18 Sierra de la Ventana. - Noticias Radio Reflejos","og_description":"La visita que hab\u00eda quedado pendiente se realizar\u00eda este viernes 18 de enero. Lo confirm\u00f3 el Intendente en el acto por el aniversario de la localidad.","og_url":"https:\/\/www.noticiasradioreflejos.com.ar\/2021\/la-gobernadoora-maria-e-vidal-visitara-este-viernes-18-sierra-de-la-ventana\/","og_site_name":"Noticias Radio Reflejos","article_published_time":"2019-01-17T15:09:25+00:00","og_image":[{"width":300,"height":200,"url":"https:\/\/www.noticiasradioreflejos.com.ar\/2021\/wp-content\/uploads\/2021\/07\/logosol300x200.png","type":"image\/png"}],"author":"Arnaldo Botto","twitter_card":"summary_large_image","schema":{"@context":"https:\/\/schema.org","@graph":[{"@type":"WebPage","@id":"https:\/\/www.noticiasradioreflejos.com.ar\/2021\/la-gobernadoora-maria-e-vidal-visitara-este-viernes-18-sierra-de-la-ventana\/","url":"https:\/\/www.noticiasradioreflejos.com.ar\/2021\/la-gobernadoora-maria-e-vidal-visitara-este-viernes-18-sierra-de-la-ventana\/","name":"La Gobernadora Mar\u00eda E. Vidal Visitar\u00e1 este viernes 18 Sierra de la Ventana. - Noticias Radio Reflejos","isPartOf":{"@id":"https:\/\/www.noticiasradioreflejos.com.ar\/2021\/#website"},"datePublished":"2019-01-17T15:09:25+00:00","author":{"@id":"https:\/\/www.noticiasradioreflejos.com.ar\/2021\/#\/schema\/person\/ad82545263dcc5ec0996818884fd5fb1"},"breadcrumb":{"@id":"https:\/\/www.noticiasradioreflejos.com.ar\/2021\/la-gobernadoora-maria-e-vidal-visitara-este-viernes-18-sierra-de-la-ventana\/#breadcrumb"},"inLanguage":"es","potentialAction":[{"@type":"ReadAction","target":["https:\/\/www.noticiasradioreflejos.com.ar\/2021\/la-gobernadoora-maria-e-vidal-visitara-este-viernes-18-sierra-de-la-ventana\/"]}]},{"@type":"BreadcrumbList","@id":"https:\/\/www.noticiasradioreflejos.com.ar\/2021\/la-gobernadoora-maria-e-vidal-visitara-este-viernes-18-sierra-de-la-ventana\/#breadcrumb","itemListElement":[{"@type":"ListItem","position":1,"name":"Portada","item":"https:\/\/www.noticiasradioreflejos.com.ar\/2021\/"},{"@type":"ListItem","position":2,"name":"La Gobernadora Mar\u00eda E. Vidal Visitar\u00e1 este viernes 18 Sierra de la Ventana."}]},{"@type":"WebSite","@id":"https:\/\/www.noticiasradioreflejos.com.ar\/2021\/#website","url":"https:\/\/www.noticiasradioreflejos.com.ar\/2021\/","name":"Noticias Radio Reflejos","description":"Las noticias de mi comarca","potentialAction":[{"@type":"SearchAction","target":{"@type":"EntryPoint","urlTemplate":"https:\/\/www.noticiasradioreflejos.com.ar\/2021\/?s={search_term_string}"},"query-input":{"@type":"PropertyValueSpecification","valueRequired":true,"valueName":"search_term_string"}}],"inLanguage":"es"},{"@type":"Person","@id":"https:\/\/www.noticiasradioreflejos.com.ar\/2021\/#\/schema\/person\/ad82545263dcc5ec0996818884fd5fb1","name":"Arnaldo Botto","image":{"@type":"ImageObject","inLanguage":"es","@id":"https:\/\/www.noticiasradioreflejos.com.ar\/2021\/#\/schema\/person\/image\/","url":"https:\/\/secure.gravatar.com\/avatar\/55cb5e37c1efa326397366e6974cb338056df65cb50e7d64d1cf314e87504837?s=96&d=mm&r=g","contentUrl":"https:\/\/secure.gravatar.com\/avatar\/55cb5e37c1efa326397366e6974cb338056df65cb50e7d64d1cf314e87504837?s=96&d=mm&r=g","caption":"Arnaldo Botto"},"url":"https:\/\/www.noticiasradioreflejos.com.ar\/2021\/author\/arnaldo\/"}]}},"_links":{"self":[{"href":"https:\/\/www.noticiasradioreflejos.com.ar\/2021\/wp-json\/wp\/v2\/posts\/28219","targetHints":{"allow":["GET"]}}],"collection":[{"href":"https:\/\/www.noticiasradioreflejos.com.ar\/2021\/wp-json\/wp\/v2\/posts"}],"about":[{"href":"https:\/\/www.noticiasradioreflejos.com.ar\/2021\/wp-json\/wp\/v2\/types\/post"}],"author":[{"embeddable":true,"href":"https:\/\/www.noticiasradioreflejos.com.ar\/2021\/wp-json\/wp\/v2\/users\/3"}],"replies":[{"embeddable":true,"href":"https:\/\/www.noticiasradioreflejos.com.ar\/2021\/wp-json\/wp\/v2\/comments?post=28219"}],"version-history":[{"count":0,"href":"https:\/\/www.noticiasradioreflejos.com.ar\/2021\/wp-json\/wp\/v2\/posts\/28219\/revisions"}],"wp:attachment":[{"href":"https:\/\/www.noticiasradioreflejos.com.ar\/2021\/wp-json\/wp\/v2\/media?parent=28219"}],"wp:term":[{"taxonomy":"category","embeddable":true,"href":"https:\/\/www.noticiasradioreflejos.com.ar\/2021\/wp-json\/wp\/v2\/categories?post=28219"},{"taxonomy":"post_tag","embeddable":true,"href":"https:\/\/www.noticiasradioreflejos.com.ar\/2021\/wp-json\/wp\/v2\/tags?post=28219"}],"curies":[{"name":"wp","href":"https:\/\/api.w.org\/{rel}","templated":true}]}}