{"id":28211,"date":"2019-01-17T11:06:10","date_gmt":"2019-01-17T14:06:10","guid":{"rendered":"http:\/\/www.noticiasradioreflejos.com.ar\/noticias\/?p=28211"},"modified":"2019-01-17T11:06:10","modified_gmt":"2019-01-17T14:06:10","slug":"cumpleanos-n-17-de-la-biblioteca-macedonio-fernandez-de-villa-ventana","status":"publish","type":"post","link":"https:\/\/www.noticiasradioreflejos.com.ar\/2021\/cumpleanos-n-17-de-la-biblioteca-macedonio-fernandez-de-villa-ventana\/","title":{"rendered":"Cumplea\u00f1os N\u00b0 17 de la biblioteca &quot;Macedonio Fernandez&quot; de Villa Ventana&quot;"},"content":{"rendered":"<p><a title=\"49949465_2081411321939134_2987996008954200064_n\" href=\"http:\/\/farm5.staticflickr.com\/4850\/39811148753_0223bf14f9.jpg\" rel=\"\"><img loading=\"lazy\" decoding=\"async\" class=\"alignleft\" style=\"float: left;\" title=\"49949465_2081411321939134_2987996008954200064_n\" src=\"http:\/\/farm5.staticflickr.com\/4850\/39811148753_0223bf14f9.jpg\" alt=\"49949465_2081411321939134_2987996008954200064_n\" width=\"500\" height=\"386\" \/><\/a>Este 17 de enero, La biblioteca de Villa Ventana cumple 17 a\u00f1os y lo celebran a partir de las 17 hs en sus instalaciones.<!--more--><br \/>\nBreve rese\u00f1a hist\u00f3rica<br \/>\nVilla Ventana es una localidad ubicada en el Partido de Tornquist. Fundada el 25 de Julio de 1947, es una peque\u00f1a villa agreste cobijada por las sierras m\u00e1s altas de la provincia de Buenos Aires y forma parte de una hermosa Comarca Serrana.<br \/>\nCuenta con una poblaci\u00f3n estable de unos 1000 habitantes, a la cual se suman los residentes de fin de semana y un intenso flujo tur\u00edstico a lo largo de todo el a\u00f1o.<br \/>\nEl proyecto de Biblioteca Popular, surge y se plantea en el a\u00f1o 2001 como una necesidad comunitaria en vista de diferentes factores:<br \/>\nLa creciente poblaci\u00f3n en general, y en particular en edad escolar (Nivel Inicial, EGB, Polimodal y ESB).<br \/>\nLa carencia de Bibliotecas Escolares en los establecimientos educativos.<br \/>\nLa distancia que separa a Villa Ventana de otras localidades que poseen Bibliotecas Populares (Sierra de la Ventana, 17 km.; Saldungaray, 25 km.; Tornquist, 31 km.) o de librer\u00edas (Bah\u00eda Blanca, 100 km)<br \/>\nLa dificultad para acceder a informaci\u00f3n a trav\u00e9s de Internet, por su alto costo.<br \/>\nLas inclemencias clim\u00e1ticas \u2013bajas temperaturas invernales con heladas, nevadas y lluvias intensas- que dificultan el traslado a las localidades vecinas.<br \/>\nLa gran cantidad de habitantes con inquietudes art\u00edsticas e intelectuales que requieren informaci\u00f3n sobre diversos temas.<br \/>\nLa considerable afluencia de turistas, quienes demandan una oferta alternativa que se identifique con el \u00e1mbito natural, hist\u00f3rico y cultural de nuestra zona y les brinde adem\u00e1s durante su estad\u00eda, material bibliogr\u00e1fico de su inter\u00e9s.<br \/>\nEn virtud de estos y otros factores, con un gran apoyo de la Comunidad y la zona, la Biblioteca abri\u00f3 sus puertas en Enero de 2002 en una casa cedida en calidad de pr\u00e9stamo por una vecina de la localidad.<br \/>\nCumple con lo establecido en el art\u00edculo 2 de la Ley 23.351 de Jurisdicci\u00f3n Nacional, en el cual se determina que las Bibliotecas Populares se constituir\u00e1n en Instituciones Activas con amplitud y pluralismo ideol\u00f3gico y tendr\u00e1n como Misi\u00f3n:<br \/>\nCanalizar el ejercicio del derecho a la informaci\u00f3n a toda la comunidad<br \/>\nFomentar la lectura y dem\u00e1s t\u00e9cnicas aptas para la investigaci\u00f3n, la consulta y la recreaci\u00f3n<br \/>\nPromover la creaci\u00f3n y difusi\u00f3n de la cultura y la educaci\u00f3n permanente del pueblo<br \/>\nEn particular adem\u00e1s, la Biblioteca Popular Macedonio Fern\u00e1ndez, por pertenecer a una Comarca tur\u00edstica, implement\u00f3 un espacio destinado a Informaci\u00f3n Regional, priorizando la historia del Partido, biodiversidad, leyendas, y todo lo que concierne a su Patrimonio cultural y natural.<br \/>\nLa Biblioteca Popular Macedonio Fern\u00e1ndez brinda los siguientes Servicios:<br \/>\nSERVICIO DE CONSULTA EN SALA<br \/>\nEs libre y gratuito para todos los usuarios, quienes encontrar\u00e1n el fondo bibliogr\u00e1fico agrupado por grandes temas en estanter\u00edas de libre acceso. All\u00ed podr\u00e1 consultar:<br \/>\nMaterial bibliogr\u00e1fico \u2013 libros, publicaciones peri\u00f3dicas, tesis de investigaci\u00f3n, material de referencia, folletos informativos, etc.-<br \/>\nInformaci\u00f3n Regional \u2013recopilaci\u00f3n y organizaci\u00f3n de material vinculado a la historia, literatura, ecosistema y turismo de la zona-<br \/>\nRinc\u00f3n Infantily Juvenil<br \/>\nRinc\u00f3n de Voces y Sonidos \u2013 archivo de m\u00fasica, audiolibros, dvd<br \/>\nLiteratura en Lenguas Extranjeras \u2013 Italiano, ingl\u00e9s, alem\u00e1n y franc\u00e9s.<br \/>\nRinc\u00f3n especializado derechos de las mujeres, perspectiva de g\u00e9nero y diversidad<br \/>\nSERVICIO DE PR\u00c9STAMO A DOMICILIO<br \/>\nPara los Socios de la Instituci\u00f3n<br \/>\nSERVICIO DE PR\u00c9STAMO ESPECIAL PARA TURISTAS<br \/>\nEs un sistema de pr\u00e9stamo mediante el cual los turistas que nos visitan pueden retirar material durante su estad\u00eda<br \/>\nSERVICIO DE BIBLIOTECA AMBULANTE<br \/>\nCaja Viajera, Bolsa Viajera o Los Libros Andantes, son algunos ejemplos del servicio de biblioteca ambulante que hemos implementado, teniendo en cuenta b\u00e1sicamente aquellos usuarios que, por la distancia o incompatibilidad horaria, tienen dificultades para acercarse a la biblioteca.<br \/>\nSERVICIO DE INTERNET y WI FI<br \/>\nSe ofrece de manera gratuita a los usuarios en el horario de atenci\u00f3n y se asesora en las b\u00fasquedas<br \/>\nSERVICIO DE PR\u00c9STAMO INTERBIBLIOTECARIO<br \/>\nSERVICIO DE INFORMACI\u00d3N SELECTIVA<br \/>\nSe efect\u00faa un trabajo de atenci\u00f3n personalizada, brindando a los usuarios la informaci\u00f3n que necesitan de acuerdo a su campo de inter\u00e9s.<br \/>\nACTIVIDADES DE EXTENSI\u00d3N CULTURAL<br \/>\nLa Biblioteca organiza frecuentemente conferencias, conciertos, obras de teatro, presentaciones de libros, jornadas culturales y recreativas, as\u00ed como el dictado de talleres para ni\u00f1os, ni\u00f1as y adolescentes y personas adultas.<br \/>\nLa comunidad de Villa Ventana y turistas que visitan la Comarca responden con mucho inter\u00e9s a estas propuestas culturales.<br \/>\nACTIVIDADES DE EXTENSI\u00d3N BIBLIOTECARIA<br \/>\nTienen directa relaci\u00f3n y articulaci\u00f3n con los establecimientos educativos locales. Se presentan propuestas y proyectos de trabajo a las escuelas, para ser desarrolladas durante el ciclo lectivo. En general se propicia una comunicaci\u00f3n fluida y de intercambio de ideas con los docentes.<br \/>\nUn ejemplo es el proyecto de articulaci\u00f3n con el Jard\u00edn de Infantes 906 de nuestra localidad, denominado \u201cCaminos de hormigas\u201d que desde hace 6 a\u00f1os se lleva a cabo en el Rinc\u00f3n Infantil de la Biblioteca. Tiene como objetivo la formaci\u00f3n de peque\u00f1os usuarios y motivaci\u00f3n de la lectura.<br \/>\nOtro proyecto m\u00e1s reciente es el denominado \u201cArte y lectura contra la violencia de g\u00e9nero\u201d, aprobado por la Conabip y mediante el cual se est\u00e1 trabajando desde marzo de 2018 con los establecimientos secundarios. Tiene como objetivo general ofrecer a la comunidad educativa de las escuelas secundarias de Villa Ventana, oportunidades para la lectura, el debate y la expresi\u00f3n art\u00edstica en torno a la problem\u00e1tica de la violencia de g\u00e9nero con el fin de promover la equidad de g\u00e9nero en la localidad y la regi\u00f3n<br \/>\nLa Biblioteca adem\u00e1s, dentro de su modalidad \u00abLa Biblioteca sin barreras\u00bb participa de eventos p\u00fablicos llevando un rinc\u00f3n con material bibliogr\u00e1fico, alguna actividad complementaria acorde, y folletos para promocionar la Biblioteca y sus servicios.<br \/>\nEn s\u00edntesis, la Biblioteca se postula como un \u00e1mbito social de encuentro<br \/>\ne intercambio de ideas, experiencias e inquietudes que promueve la construcci\u00f3n de la identidad individual y colectiva, no s\u00f3lo de sus usuarios, sino de la comunidad a la que pertenece.<br \/>\n.<\/p>\n","protected":false},"excerpt":{"rendered":"<p>Este 17 de enero, La biblioteca de Villa Ventana cumple 17 a\u00f1os y lo celebran a partir de las 17 hs en sus instalaciones.<\/p>\n","protected":false},"author":3,"featured_media":0,"comment_status":"closed","ping_status":"open","sticky":false,"template":"","format":"standard","meta":{"footnotes":""},"categories":[35],"tags":[],"class_list":["post-28211","post","type-post","status-publish","format-standard","hentry","category-cultura"],"yoast_head":"<!-- This site is optimized with the Yoast SEO plugin v25.9 - https:\/\/yoast.com\/wordpress\/plugins\/seo\/ -->\n<title>Cumplea\u00f1os N\u00b0 17 de la biblioteca &quot;Macedonio Fernandez&quot; de Villa Ventana&quot; - Noticias Radio Reflejos<\/title>\n<meta name=\"robots\" content=\"index, follow, max-snippet:-1, max-image-preview:large, max-video-preview:-1\" \/>\n<link rel=\"canonical\" href=\"https:\/\/www.noticiasradioreflejos.com.ar\/2021\/cumpleanos-n-17-de-la-biblioteca-macedonio-fernandez-de-villa-ventana\/\" \/>\n<meta property=\"og:locale\" content=\"es_ES\" \/>\n<meta property=\"og:type\" content=\"article\" \/>\n<meta property=\"og:title\" content=\"Cumplea\u00f1os N\u00b0 17 de la biblioteca &quot;Macedonio Fernandez&quot; de Villa Ventana&quot; - Noticias Radio Reflejos\" \/>\n<meta property=\"og:description\" content=\"Este 17 de enero, La biblioteca de Villa Ventana cumple 17 a\u00f1os y lo celebran a partir de las 17 hs en sus instalaciones.\" \/>\n<meta property=\"og:url\" content=\"https:\/\/www.noticiasradioreflejos.com.ar\/2021\/cumpleanos-n-17-de-la-biblioteca-macedonio-fernandez-de-villa-ventana\/\" \/>\n<meta property=\"og:site_name\" content=\"Noticias Radio Reflejos\" \/>\n<meta property=\"article:published_time\" content=\"2019-01-17T14:06:10+00:00\" \/>\n<meta property=\"og:image\" content=\"http:\/\/farm5.staticflickr.com\/4850\/39811148753_0223bf14f9.jpg\" \/>\n<meta name=\"author\" content=\"Arnaldo Botto\" \/>\n<meta name=\"twitter:card\" content=\"summary_large_image\" \/>\n<script type=\"application\/ld+json\" class=\"yoast-schema-graph\">{\"@context\":\"https:\/\/schema.org\",\"@graph\":[{\"@type\":\"WebPage\",\"@id\":\"https:\/\/www.noticiasradioreflejos.com.ar\/2021\/cumpleanos-n-17-de-la-biblioteca-macedonio-fernandez-de-villa-ventana\/\",\"url\":\"https:\/\/www.noticiasradioreflejos.com.ar\/2021\/cumpleanos-n-17-de-la-biblioteca-macedonio-fernandez-de-villa-ventana\/\",\"name\":\"Cumplea\u00f1os N\u00b0 17 de la biblioteca &quot;Macedonio Fernandez&quot; de Villa Ventana&quot; - Noticias Radio Reflejos\",\"isPartOf\":{\"@id\":\"https:\/\/www.noticiasradioreflejos.com.ar\/2021\/#website\"},\"primaryImageOfPage\":{\"@id\":\"https:\/\/www.noticiasradioreflejos.com.ar\/2021\/cumpleanos-n-17-de-la-biblioteca-macedonio-fernandez-de-villa-ventana\/#primaryimage\"},\"image\":{\"@id\":\"https:\/\/www.noticiasradioreflejos.com.ar\/2021\/cumpleanos-n-17-de-la-biblioteca-macedonio-fernandez-de-villa-ventana\/#primaryimage\"},\"thumbnailUrl\":\"http:\/\/farm5.staticflickr.com\/4850\/39811148753_0223bf14f9.jpg\",\"datePublished\":\"2019-01-17T14:06:10+00:00\",\"author\":{\"@id\":\"https:\/\/www.noticiasradioreflejos.com.ar\/2021\/#\/schema\/person\/ad82545263dcc5ec0996818884fd5fb1\"},\"breadcrumb\":{\"@id\":\"https:\/\/www.noticiasradioreflejos.com.ar\/2021\/cumpleanos-n-17-de-la-biblioteca-macedonio-fernandez-de-villa-ventana\/#breadcrumb\"},\"inLanguage\":\"es\",\"potentialAction\":[{\"@type\":\"ReadAction\",\"target\":[\"https:\/\/www.noticiasradioreflejos.com.ar\/2021\/cumpleanos-n-17-de-la-biblioteca-macedonio-fernandez-de-villa-ventana\/\"]}]},{\"@type\":\"ImageObject\",\"inLanguage\":\"es\",\"@id\":\"https:\/\/www.noticiasradioreflejos.com.ar\/2021\/cumpleanos-n-17-de-la-biblioteca-macedonio-fernandez-de-villa-ventana\/#primaryimage\",\"url\":\"http:\/\/farm5.staticflickr.com\/4850\/39811148753_0223bf14f9.jpg\",\"contentUrl\":\"http:\/\/farm5.staticflickr.com\/4850\/39811148753_0223bf14f9.jpg\"},{\"@type\":\"BreadcrumbList\",\"@id\":\"https:\/\/www.noticiasradioreflejos.com.ar\/2021\/cumpleanos-n-17-de-la-biblioteca-macedonio-fernandez-de-villa-ventana\/#breadcrumb\",\"itemListElement\":[{\"@type\":\"ListItem\",\"position\":1,\"name\":\"Portada\",\"item\":\"https:\/\/www.noticiasradioreflejos.com.ar\/2021\/\"},{\"@type\":\"ListItem\",\"position\":2,\"name\":\"Cumplea\u00f1os N\u00b0 17 de la biblioteca &quot;Macedonio Fernandez&quot; de Villa Ventana&quot;\"}]},{\"@type\":\"WebSite\",\"@id\":\"https:\/\/www.noticiasradioreflejos.com.ar\/2021\/#website\",\"url\":\"https:\/\/www.noticiasradioreflejos.com.ar\/2021\/\",\"name\":\"Noticias Radio Reflejos\",\"description\":\"Las noticias de mi comarca\",\"potentialAction\":[{\"@type\":\"SearchAction\",\"target\":{\"@type\":\"EntryPoint\",\"urlTemplate\":\"https:\/\/www.noticiasradioreflejos.com.ar\/2021\/?s={search_term_string}\"},\"query-input\":{\"@type\":\"PropertyValueSpecification\",\"valueRequired\":true,\"valueName\":\"search_term_string\"}}],\"inLanguage\":\"es\"},{\"@type\":\"Person\",\"@id\":\"https:\/\/www.noticiasradioreflejos.com.ar\/2021\/#\/schema\/person\/ad82545263dcc5ec0996818884fd5fb1\",\"name\":\"Arnaldo Botto\",\"image\":{\"@type\":\"ImageObject\",\"inLanguage\":\"es\",\"@id\":\"https:\/\/www.noticiasradioreflejos.com.ar\/2021\/#\/schema\/person\/image\/\",\"url\":\"https:\/\/secure.gravatar.com\/avatar\/55cb5e37c1efa326397366e6974cb338056df65cb50e7d64d1cf314e87504837?s=96&d=mm&r=g\",\"contentUrl\":\"https:\/\/secure.gravatar.com\/avatar\/55cb5e37c1efa326397366e6974cb338056df65cb50e7d64d1cf314e87504837?s=96&d=mm&r=g\",\"caption\":\"Arnaldo Botto\"},\"url\":\"https:\/\/www.noticiasradioreflejos.com.ar\/2021\/author\/arnaldo\/\"}]}<\/script>\n<!-- \/ Yoast SEO plugin. -->","yoast_head_json":{"title":"Cumplea\u00f1os N\u00b0 17 de la biblioteca &quot;Macedonio Fernandez&quot; de Villa Ventana&quot; - Noticias Radio Reflejos","robots":{"index":"index","follow":"follow","max-snippet":"max-snippet:-1","max-image-preview":"max-image-preview:large","max-video-preview":"max-video-preview:-1"},"canonical":"https:\/\/www.noticiasradioreflejos.com.ar\/2021\/cumpleanos-n-17-de-la-biblioteca-macedonio-fernandez-de-villa-ventana\/","og_locale":"es_ES","og_type":"article","og_title":"Cumplea\u00f1os N\u00b0 17 de la biblioteca &quot;Macedonio Fernandez&quot; de Villa Ventana&quot; - Noticias Radio Reflejos","og_description":"Este 17 de enero, La biblioteca de Villa Ventana cumple 17 a\u00f1os y lo celebran a partir de las 17 hs en sus instalaciones.","og_url":"https:\/\/www.noticiasradioreflejos.com.ar\/2021\/cumpleanos-n-17-de-la-biblioteca-macedonio-fernandez-de-villa-ventana\/","og_site_name":"Noticias Radio Reflejos","article_published_time":"2019-01-17T14:06:10+00:00","og_image":[{"url":"http:\/\/farm5.staticflickr.com\/4850\/39811148753_0223bf14f9.jpg","type":"","width":"","height":""}],"author":"Arnaldo Botto","twitter_card":"summary_large_image","schema":{"@context":"https:\/\/schema.org","@graph":[{"@type":"WebPage","@id":"https:\/\/www.noticiasradioreflejos.com.ar\/2021\/cumpleanos-n-17-de-la-biblioteca-macedonio-fernandez-de-villa-ventana\/","url":"https:\/\/www.noticiasradioreflejos.com.ar\/2021\/cumpleanos-n-17-de-la-biblioteca-macedonio-fernandez-de-villa-ventana\/","name":"Cumplea\u00f1os N\u00b0 17 de la biblioteca &quot;Macedonio Fernandez&quot; de Villa Ventana&quot; - Noticias Radio Reflejos","isPartOf":{"@id":"https:\/\/www.noticiasradioreflejos.com.ar\/2021\/#website"},"primaryImageOfPage":{"@id":"https:\/\/www.noticiasradioreflejos.com.ar\/2021\/cumpleanos-n-17-de-la-biblioteca-macedonio-fernandez-de-villa-ventana\/#primaryimage"},"image":{"@id":"https:\/\/www.noticiasradioreflejos.com.ar\/2021\/cumpleanos-n-17-de-la-biblioteca-macedonio-fernandez-de-villa-ventana\/#primaryimage"},"thumbnailUrl":"http:\/\/farm5.staticflickr.com\/4850\/39811148753_0223bf14f9.jpg","datePublished":"2019-01-17T14:06:10+00:00","author":{"@id":"https:\/\/www.noticiasradioreflejos.com.ar\/2021\/#\/schema\/person\/ad82545263dcc5ec0996818884fd5fb1"},"breadcrumb":{"@id":"https:\/\/www.noticiasradioreflejos.com.ar\/2021\/cumpleanos-n-17-de-la-biblioteca-macedonio-fernandez-de-villa-ventana\/#breadcrumb"},"inLanguage":"es","potentialAction":[{"@type":"ReadAction","target":["https:\/\/www.noticiasradioreflejos.com.ar\/2021\/cumpleanos-n-17-de-la-biblioteca-macedonio-fernandez-de-villa-ventana\/"]}]},{"@type":"ImageObject","inLanguage":"es","@id":"https:\/\/www.noticiasradioreflejos.com.ar\/2021\/cumpleanos-n-17-de-la-biblioteca-macedonio-fernandez-de-villa-ventana\/#primaryimage","url":"http:\/\/farm5.staticflickr.com\/4850\/39811148753_0223bf14f9.jpg","contentUrl":"http:\/\/farm5.staticflickr.com\/4850\/39811148753_0223bf14f9.jpg"},{"@type":"BreadcrumbList","@id":"https:\/\/www.noticiasradioreflejos.com.ar\/2021\/cumpleanos-n-17-de-la-biblioteca-macedonio-fernandez-de-villa-ventana\/#breadcrumb","itemListElement":[{"@type":"ListItem","position":1,"name":"Portada","item":"https:\/\/www.noticiasradioreflejos.com.ar\/2021\/"},{"@type":"ListItem","position":2,"name":"Cumplea\u00f1os N\u00b0 17 de la biblioteca &quot;Macedonio Fernandez&quot; de Villa Ventana&quot;"}]},{"@type":"WebSite","@id":"https:\/\/www.noticiasradioreflejos.com.ar\/2021\/#website","url":"https:\/\/www.noticiasradioreflejos.com.ar\/2021\/","name":"Noticias Radio Reflejos","description":"Las noticias de mi comarca","potentialAction":[{"@type":"SearchAction","target":{"@type":"EntryPoint","urlTemplate":"https:\/\/www.noticiasradioreflejos.com.ar\/2021\/?s={search_term_string}"},"query-input":{"@type":"PropertyValueSpecification","valueRequired":true,"valueName":"search_term_string"}}],"inLanguage":"es"},{"@type":"Person","@id":"https:\/\/www.noticiasradioreflejos.com.ar\/2021\/#\/schema\/person\/ad82545263dcc5ec0996818884fd5fb1","name":"Arnaldo Botto","image":{"@type":"ImageObject","inLanguage":"es","@id":"https:\/\/www.noticiasradioreflejos.com.ar\/2021\/#\/schema\/person\/image\/","url":"https:\/\/secure.gravatar.com\/avatar\/55cb5e37c1efa326397366e6974cb338056df65cb50e7d64d1cf314e87504837?s=96&d=mm&r=g","contentUrl":"https:\/\/secure.gravatar.com\/avatar\/55cb5e37c1efa326397366e6974cb338056df65cb50e7d64d1cf314e87504837?s=96&d=mm&r=g","caption":"Arnaldo Botto"},"url":"https:\/\/www.noticiasradioreflejos.com.ar\/2021\/author\/arnaldo\/"}]}},"_links":{"self":[{"href":"https:\/\/www.noticiasradioreflejos.com.ar\/2021\/wp-json\/wp\/v2\/posts\/28211","targetHints":{"allow":["GET"]}}],"collection":[{"href":"https:\/\/www.noticiasradioreflejos.com.ar\/2021\/wp-json\/wp\/v2\/posts"}],"about":[{"href":"https:\/\/www.noticiasradioreflejos.com.ar\/2021\/wp-json\/wp\/v2\/types\/post"}],"author":[{"embeddable":true,"href":"https:\/\/www.noticiasradioreflejos.com.ar\/2021\/wp-json\/wp\/v2\/users\/3"}],"replies":[{"embeddable":true,"href":"https:\/\/www.noticiasradioreflejos.com.ar\/2021\/wp-json\/wp\/v2\/comments?post=28211"}],"version-history":[{"count":0,"href":"https:\/\/www.noticiasradioreflejos.com.ar\/2021\/wp-json\/wp\/v2\/posts\/28211\/revisions"}],"wp:attachment":[{"href":"https:\/\/www.noticiasradioreflejos.com.ar\/2021\/wp-json\/wp\/v2\/media?parent=28211"}],"wp:term":[{"taxonomy":"category","embeddable":true,"href":"https:\/\/www.noticiasradioreflejos.com.ar\/2021\/wp-json\/wp\/v2\/categories?post=28211"},{"taxonomy":"post_tag","embeddable":true,"href":"https:\/\/www.noticiasradioreflejos.com.ar\/2021\/wp-json\/wp\/v2\/tags?post=28211"}],"curies":[{"name":"wp","href":"https:\/\/api.w.org\/{rel}","templated":true}]}}