{"id":28202,"date":"2019-01-17T08:56:01","date_gmt":"2019-01-17T11:56:01","guid":{"rendered":"http:\/\/www.noticiasradioreflejos.com.ar\/noticias\/?p=28202"},"modified":"2019-01-17T08:56:01","modified_gmt":"2019-01-17T11:56:01","slug":"sierra-de-la-ventana-celebra-hoy-su-111-aniversario","status":"publish","type":"post","link":"https:\/\/www.noticiasradioreflejos.com.ar\/2021\/sierra-de-la-ventana-celebra-hoy-su-111-aniversario\/","title":{"rendered":"Sierra de la Ventana celebra hoy su 111\u00b0 Aniversario."},"content":{"rendered":"<p>Con un acto protocolar que se realizar\u00e1 la hora 9,30 y contar\u00e1 con la presencia de autoridades, instituciones y vecinos, frente al m\u00e1stil de Av. Malvinas y Dorrego, comenzar\u00e1n los festejos por el aniversario N\u00b0 111 de la localidad. A partir de las 19 hs en el Centro Cultural, se realizar\u00e1n espect\u00e1culos con la presencia de la cantante Julia Zenco.<!--more--><br \/>\nEsta localidad que naci\u00f3 a principios del siglo XX, con un claro y visionario futuro tur\u00edstico, es hoy la localidad que mayor crecimiento ha tenido en las \u00faltimas d\u00e9cadas, alcanzando un estimado de m\u00e1s de 4500 habitantes al presente. Con su econom\u00eda b\u00e1sica centrada en el turismo, que la visita todo el a\u00f1o el destino, la localidad presenta un atractivo para todas las edades y especialmente a los amantes de la aventura, el descanso y la naturaleza.<br \/>\nCon necesidades de infraestructura muy importantes a esta altura, como un camino de circunvalaci\u00f3n para transporte pesado, mejoramiento de las redes viales provinciales para brindar un viaje m\u00e1s confortable y seguro a quienes la eligen, finalizaci\u00f3n de la obra de cloacas, obras de mejoramiento hidr\u00e1ulicos a costas del R\u00edo Sauce Grande y Arroyo San Bernardo, etc, proyecta para los a\u00f1os venideros grandes cambios, que continuar\u00e1n posicionandola como un destino preferido dentro de la Argentina.<br \/>\nVarias generaciones han trabajado con mucho esfuerzo por m\u00e1s de un siglo para ver la Sierra de la Ventana de sus sue\u00f1os, y eso ha sido el motor de crecimiento, acompa\u00f1ando al bell\u00edsimo paisaje que la rodea con todas las virtudes que la naturaleza le brinda.<br \/>\nLa localidad se expandir\u00e1 con varios loteos que ya est\u00e1n en marcha y que llevar\u00e1 en su conjunto con Villa La Arcadia a conformar una gran urbe en los pr\u00f3ximos a\u00f1os. Su destino est\u00e1 trazado desde el remate de la primer quinta y muchos la encuentran como su lugar en el mundo.<br \/>\n<strong>Una parte de su historia<\/strong><br \/>\nEn 1879 el Gobierno de Buenos Aires vende a Don Jorge E. Catty un campo ubicado al nordeste de Bah\u00eda Blanca, sobre el r\u00edo Sauce Grande, que a su vez el Sr. Catty vende a Don Te\u00f3filo Bordeu. Este \u00faltimo los divide en tres lotes iguales con frente al Sauce Grande, con la finalidad de utilizar los campos para pastoreo.<br \/>\nPasan por varios due\u00f1os, hasta que en 1895 los lotes pasan al poder de Don Septimio Leishman quien a\u00f1os m\u00e1s tarde, los vende a Don Dietrich Daniel Meyer, quien en 1908 vender\u00e1 las tierras correspondientes a la Estaci\u00f3n Ferroviaria.<br \/>\nHacia el a\u00f1o 1903, se autoriza el ramal del Ferrocarril del Sud a Bah\u00eda Blanca, estableci\u00e9ndose as\u00ed la estaci\u00f3n Sierra de la Ventana y poco antes la estaci\u00f3n Sauce Grande .<br \/>\nEn 1904 comienza la construcci\u00f3n del Club Hotel de la Ventana.<br \/>\nDon Diedrich Daniel Meyer es considerado fundador de la localidad, la que denomina Villa T\u00edvolli Argentina (en homenaje a la antigua ciudad romana en T\u00edvolli) y como fecha fundacional se toma el 17 de enero de 1908, ya que en ese d\u00eda se realiza la venta y escrituraci\u00f3n de las tres porciones de tierra, de la Villa T\u00edvolli Argentina, a los se\u00f1ores Eugh Evans Guney y Esteven D.<br \/>\nEl 16 de septiembre de 1912 se produce el cambio del nombre de la estaci\u00f3n Sauce Grande por el de Sierra de la Ventana, y la estaci\u00f3n que llevaba hasta ese momento dicho nombre es cambiado por el del due\u00f1o de las tierras aleda\u00f1as a la estaci\u00f3n, el Sr. Saldungaray.<br \/>\nActualmente Sierra de la Ventana est\u00e1 formada por distintos barrios y villas: Villa T\u00edvoli, Barrio Parque Delfino, Barrio San Bernardo, Barrio Parque Golf, Villa Arcadia, Valle Hermoso y Barrio La Cumbre.<\/p>\n","protected":false},"excerpt":{"rendered":"<p>Con un acto protocolar que se realizar\u00e1 la hora 9,30 y contar\u00e1 con la presencia de autoridades, instituciones y vecinos, frente al m\u00e1stil de Av. Malvinas y Dorrego, comenzar\u00e1n los festejos por el aniversario N\u00b0 111 de la localidad. A partir de las 19 hs en el Centro Cultural, se realizar\u00e1n espect\u00e1culos con la presencia [&hellip;]<\/p>\n","protected":false},"author":3,"featured_media":0,"comment_status":"closed","ping_status":"open","sticky":false,"template":"","format":"standard","meta":{"footnotes":""},"categories":[26],"tags":[],"class_list":["post-28202","post","type-post","status-publish","format-standard","hentry","category-sociedad"],"yoast_head":"<!-- This site is optimized with the Yoast SEO plugin v25.9 - https:\/\/yoast.com\/wordpress\/plugins\/seo\/ -->\n<title>Sierra de la Ventana celebra hoy su 111\u00b0 Aniversario. - Noticias Radio Reflejos<\/title>\n<meta name=\"robots\" content=\"index, follow, max-snippet:-1, max-image-preview:large, max-video-preview:-1\" \/>\n<link rel=\"canonical\" href=\"https:\/\/www.noticiasradioreflejos.com.ar\/2021\/sierra-de-la-ventana-celebra-hoy-su-111-aniversario\/\" \/>\n<meta property=\"og:locale\" content=\"es_ES\" \/>\n<meta property=\"og:type\" content=\"article\" \/>\n<meta property=\"og:title\" content=\"Sierra de la Ventana celebra hoy su 111\u00b0 Aniversario. - Noticias Radio Reflejos\" \/>\n<meta property=\"og:description\" content=\"Con un acto protocolar que se realizar\u00e1 la hora 9,30 y contar\u00e1 con la presencia de autoridades, instituciones y vecinos, frente al m\u00e1stil de Av. Malvinas y Dorrego, comenzar\u00e1n los festejos por el aniversario N\u00b0 111 de la localidad. A partir de las 19 hs en el Centro Cultural, se realizar\u00e1n espect\u00e1culos con la presencia [&hellip;]\" \/>\n<meta property=\"og:url\" content=\"https:\/\/www.noticiasradioreflejos.com.ar\/2021\/sierra-de-la-ventana-celebra-hoy-su-111-aniversario\/\" \/>\n<meta property=\"og:site_name\" content=\"Noticias Radio Reflejos\" \/>\n<meta property=\"article:published_time\" content=\"2019-01-17T11:56:01+00:00\" \/>\n<meta property=\"og:image\" content=\"https:\/\/www.noticiasradioreflejos.com.ar\/2021\/wp-content\/uploads\/2021\/07\/logosol300x200.png\" \/>\n\t<meta property=\"og:image:width\" content=\"300\" \/>\n\t<meta property=\"og:image:height\" content=\"200\" \/>\n\t<meta property=\"og:image:type\" content=\"image\/png\" \/>\n<meta name=\"author\" content=\"Arnaldo Botto\" \/>\n<meta name=\"twitter:card\" content=\"summary_large_image\" \/>\n<script type=\"application\/ld+json\" class=\"yoast-schema-graph\">{\"@context\":\"https:\/\/schema.org\",\"@graph\":[{\"@type\":\"WebPage\",\"@id\":\"https:\/\/www.noticiasradioreflejos.com.ar\/2021\/sierra-de-la-ventana-celebra-hoy-su-111-aniversario\/\",\"url\":\"https:\/\/www.noticiasradioreflejos.com.ar\/2021\/sierra-de-la-ventana-celebra-hoy-su-111-aniversario\/\",\"name\":\"Sierra de la Ventana celebra hoy su 111\u00b0 Aniversario. - Noticias Radio Reflejos\",\"isPartOf\":{\"@id\":\"https:\/\/www.noticiasradioreflejos.com.ar\/2021\/#website\"},\"datePublished\":\"2019-01-17T11:56:01+00:00\",\"author\":{\"@id\":\"https:\/\/www.noticiasradioreflejos.com.ar\/2021\/#\/schema\/person\/ad82545263dcc5ec0996818884fd5fb1\"},\"breadcrumb\":{\"@id\":\"https:\/\/www.noticiasradioreflejos.com.ar\/2021\/sierra-de-la-ventana-celebra-hoy-su-111-aniversario\/#breadcrumb\"},\"inLanguage\":\"es\",\"potentialAction\":[{\"@type\":\"ReadAction\",\"target\":[\"https:\/\/www.noticiasradioreflejos.com.ar\/2021\/sierra-de-la-ventana-celebra-hoy-su-111-aniversario\/\"]}]},{\"@type\":\"BreadcrumbList\",\"@id\":\"https:\/\/www.noticiasradioreflejos.com.ar\/2021\/sierra-de-la-ventana-celebra-hoy-su-111-aniversario\/#breadcrumb\",\"itemListElement\":[{\"@type\":\"ListItem\",\"position\":1,\"name\":\"Portada\",\"item\":\"https:\/\/www.noticiasradioreflejos.com.ar\/2021\/\"},{\"@type\":\"ListItem\",\"position\":2,\"name\":\"Sierra de la Ventana celebra hoy su 111\u00b0 Aniversario.\"}]},{\"@type\":\"WebSite\",\"@id\":\"https:\/\/www.noticiasradioreflejos.com.ar\/2021\/#website\",\"url\":\"https:\/\/www.noticiasradioreflejos.com.ar\/2021\/\",\"name\":\"Noticias Radio Reflejos\",\"description\":\"Las noticias de mi comarca\",\"potentialAction\":[{\"@type\":\"SearchAction\",\"target\":{\"@type\":\"EntryPoint\",\"urlTemplate\":\"https:\/\/www.noticiasradioreflejos.com.ar\/2021\/?s={search_term_string}\"},\"query-input\":{\"@type\":\"PropertyValueSpecification\",\"valueRequired\":true,\"valueName\":\"search_term_string\"}}],\"inLanguage\":\"es\"},{\"@type\":\"Person\",\"@id\":\"https:\/\/www.noticiasradioreflejos.com.ar\/2021\/#\/schema\/person\/ad82545263dcc5ec0996818884fd5fb1\",\"name\":\"Arnaldo Botto\",\"image\":{\"@type\":\"ImageObject\",\"inLanguage\":\"es\",\"@id\":\"https:\/\/www.noticiasradioreflejos.com.ar\/2021\/#\/schema\/person\/image\/\",\"url\":\"https:\/\/secure.gravatar.com\/avatar\/55cb5e37c1efa326397366e6974cb338056df65cb50e7d64d1cf314e87504837?s=96&d=mm&r=g\",\"contentUrl\":\"https:\/\/secure.gravatar.com\/avatar\/55cb5e37c1efa326397366e6974cb338056df65cb50e7d64d1cf314e87504837?s=96&d=mm&r=g\",\"caption\":\"Arnaldo Botto\"},\"url\":\"https:\/\/www.noticiasradioreflejos.com.ar\/2021\/author\/arnaldo\/\"}]}<\/script>\n<!-- \/ Yoast SEO plugin. -->","yoast_head_json":{"title":"Sierra de la Ventana celebra hoy su 111\u00b0 Aniversario. - Noticias Radio Reflejos","robots":{"index":"index","follow":"follow","max-snippet":"max-snippet:-1","max-image-preview":"max-image-preview:large","max-video-preview":"max-video-preview:-1"},"canonical":"https:\/\/www.noticiasradioreflejos.com.ar\/2021\/sierra-de-la-ventana-celebra-hoy-su-111-aniversario\/","og_locale":"es_ES","og_type":"article","og_title":"Sierra de la Ventana celebra hoy su 111\u00b0 Aniversario. - Noticias Radio Reflejos","og_description":"Con un acto protocolar que se realizar\u00e1 la hora 9,30 y contar\u00e1 con la presencia de autoridades, instituciones y vecinos, frente al m\u00e1stil de Av. Malvinas y Dorrego, comenzar\u00e1n los festejos por el aniversario N\u00b0 111 de la localidad. A partir de las 19 hs en el Centro Cultural, se realizar\u00e1n espect\u00e1culos con la presencia [&hellip;]","og_url":"https:\/\/www.noticiasradioreflejos.com.ar\/2021\/sierra-de-la-ventana-celebra-hoy-su-111-aniversario\/","og_site_name":"Noticias Radio Reflejos","article_published_time":"2019-01-17T11:56:01+00:00","og_image":[{"width":300,"height":200,"url":"https:\/\/www.noticiasradioreflejos.com.ar\/2021\/wp-content\/uploads\/2021\/07\/logosol300x200.png","type":"image\/png"}],"author":"Arnaldo Botto","twitter_card":"summary_large_image","schema":{"@context":"https:\/\/schema.org","@graph":[{"@type":"WebPage","@id":"https:\/\/www.noticiasradioreflejos.com.ar\/2021\/sierra-de-la-ventana-celebra-hoy-su-111-aniversario\/","url":"https:\/\/www.noticiasradioreflejos.com.ar\/2021\/sierra-de-la-ventana-celebra-hoy-su-111-aniversario\/","name":"Sierra de la Ventana celebra hoy su 111\u00b0 Aniversario. - Noticias Radio Reflejos","isPartOf":{"@id":"https:\/\/www.noticiasradioreflejos.com.ar\/2021\/#website"},"datePublished":"2019-01-17T11:56:01+00:00","author":{"@id":"https:\/\/www.noticiasradioreflejos.com.ar\/2021\/#\/schema\/person\/ad82545263dcc5ec0996818884fd5fb1"},"breadcrumb":{"@id":"https:\/\/www.noticiasradioreflejos.com.ar\/2021\/sierra-de-la-ventana-celebra-hoy-su-111-aniversario\/#breadcrumb"},"inLanguage":"es","potentialAction":[{"@type":"ReadAction","target":["https:\/\/www.noticiasradioreflejos.com.ar\/2021\/sierra-de-la-ventana-celebra-hoy-su-111-aniversario\/"]}]},{"@type":"BreadcrumbList","@id":"https:\/\/www.noticiasradioreflejos.com.ar\/2021\/sierra-de-la-ventana-celebra-hoy-su-111-aniversario\/#breadcrumb","itemListElement":[{"@type":"ListItem","position":1,"name":"Portada","item":"https:\/\/www.noticiasradioreflejos.com.ar\/2021\/"},{"@type":"ListItem","position":2,"name":"Sierra de la Ventana celebra hoy su 111\u00b0 Aniversario."}]},{"@type":"WebSite","@id":"https:\/\/www.noticiasradioreflejos.com.ar\/2021\/#website","url":"https:\/\/www.noticiasradioreflejos.com.ar\/2021\/","name":"Noticias Radio Reflejos","description":"Las noticias de mi comarca","potentialAction":[{"@type":"SearchAction","target":{"@type":"EntryPoint","urlTemplate":"https:\/\/www.noticiasradioreflejos.com.ar\/2021\/?s={search_term_string}"},"query-input":{"@type":"PropertyValueSpecification","valueRequired":true,"valueName":"search_term_string"}}],"inLanguage":"es"},{"@type":"Person","@id":"https:\/\/www.noticiasradioreflejos.com.ar\/2021\/#\/schema\/person\/ad82545263dcc5ec0996818884fd5fb1","name":"Arnaldo Botto","image":{"@type":"ImageObject","inLanguage":"es","@id":"https:\/\/www.noticiasradioreflejos.com.ar\/2021\/#\/schema\/person\/image\/","url":"https:\/\/secure.gravatar.com\/avatar\/55cb5e37c1efa326397366e6974cb338056df65cb50e7d64d1cf314e87504837?s=96&d=mm&r=g","contentUrl":"https:\/\/secure.gravatar.com\/avatar\/55cb5e37c1efa326397366e6974cb338056df65cb50e7d64d1cf314e87504837?s=96&d=mm&r=g","caption":"Arnaldo Botto"},"url":"https:\/\/www.noticiasradioreflejos.com.ar\/2021\/author\/arnaldo\/"}]}},"_links":{"self":[{"href":"https:\/\/www.noticiasradioreflejos.com.ar\/2021\/wp-json\/wp\/v2\/posts\/28202","targetHints":{"allow":["GET"]}}],"collection":[{"href":"https:\/\/www.noticiasradioreflejos.com.ar\/2021\/wp-json\/wp\/v2\/posts"}],"about":[{"href":"https:\/\/www.noticiasradioreflejos.com.ar\/2021\/wp-json\/wp\/v2\/types\/post"}],"author":[{"embeddable":true,"href":"https:\/\/www.noticiasradioreflejos.com.ar\/2021\/wp-json\/wp\/v2\/users\/3"}],"replies":[{"embeddable":true,"href":"https:\/\/www.noticiasradioreflejos.com.ar\/2021\/wp-json\/wp\/v2\/comments?post=28202"}],"version-history":[{"count":0,"href":"https:\/\/www.noticiasradioreflejos.com.ar\/2021\/wp-json\/wp\/v2\/posts\/28202\/revisions"}],"wp:attachment":[{"href":"https:\/\/www.noticiasradioreflejos.com.ar\/2021\/wp-json\/wp\/v2\/media?parent=28202"}],"wp:term":[{"taxonomy":"category","embeddable":true,"href":"https:\/\/www.noticiasradioreflejos.com.ar\/2021\/wp-json\/wp\/v2\/categories?post=28202"},{"taxonomy":"post_tag","embeddable":true,"href":"https:\/\/www.noticiasradioreflejos.com.ar\/2021\/wp-json\/wp\/v2\/tags?post=28202"}],"curies":[{"name":"wp","href":"https:\/\/api.w.org\/{rel}","templated":true}]}}