{"id":28172,"date":"2019-01-15T22:00:46","date_gmt":"2019-01-16T01:00:46","guid":{"rendered":"http:\/\/www.noticiasradioreflejos.com.ar\/noticias\/?p=28172"},"modified":"2019-01-15T22:00:46","modified_gmt":"2019-01-16T01:00:46","slug":"circuito-ventania-2da-fecha-footgolf","status":"publish","type":"post","link":"https:\/\/www.noticiasradioreflejos.com.ar\/2021\/circuito-ventania-2da-fecha-footgolf\/","title":{"rendered":"Circuito Ventania 2da fecha Footgolf"},"content":{"rendered":"<ol>\n<li>Pas\u00f3 la segunda fecha del \u00abCircuito Ventania\u00bb donde el gran ganador de la fecha fue el oriundo de Coronel Su\u00e1rez, Jonatan Maier. En una jornada donde el clima y las condiciones de la cancha fueron excelentes para los m\u00e1s de 40 jugadores que se acercaron desde lugares como Rojas, Trenque Lauquen, Macach\u00edn, General Roca, Coronel Su\u00e1rez, Bah\u00eda Blanca, Monte Hermoso y Pig\u00fc\u00e9.<\/li>\n<\/ol>\n<p><!--more--><br \/>\nPosiciones de la fecha:<\/p>\n<div>Jonatan Maier 67 (-5)<br \/>\nDavid Buchiareli 68 (-4)<br \/>\nGerardo Ameri. 69(-3) desempate<br \/>\nHugo Ibarra. 69(-3)<br \/>\nRosas Juan 71(-1)<br \/>\nC\u00e1rdenas N\u00e9stor 71(-1)<br \/>\nAndrade Dami\u00e1n 71(-1)<br \/>\nElco Barra. 72<br \/>\nFabi\u00e1n G\u00f3mez. 72<br \/>\nJuan Ignacio Heiland 72<br \/>\nAdri\u00e1n Fern\u00e1ndez 73<br \/>\nBoltshauser 73<br \/>\nClerici Sandro. 73<br \/>\nMart\u00ednez Juan. 75<br \/>\nFernando Garc\u00eda. 75<br \/>\nMauro Lauman 75<br \/>\nDe Castro David. 75<br \/>\nL\u00f3pez Alejandro. 76<br \/>\nDonati Guillermo 76<br \/>\nGarc\u00eda Ezequiel 76<br \/>\nGattari Gonzalo 77<br \/>\nTrespalacios Manuel 77<br \/>\nRevelante Fabio 78<br \/>\nBras Nelson 78<br \/>\nGreen Emanuel. 78<br \/>\nAliberti Mart\u00edn 78<br \/>\nCarrizo Pablo 79<br \/>\n\u00c1lvarez facundo 80<br \/>\nMassa Mat\u00edas 81<br \/>\nDi Paolo Juan 82<br \/>\nSergio Chiuca 82<br \/>\nWilberger N\u00e9stor 82<br \/>\nGuillermo Alfonso 82<br \/>\nHerboza Ezequiel 82<br \/>\nRevelante Juli\u00e1n 83<br \/>\nRevelante Juan Ignacio 83<br \/>\nPellegrini Carlos. 84<br \/>\nBarbosa Daniel 84<br \/>\nBallester Francisco 85<\/div>\n<div>Categor\u00edas Seniors :<br \/>\n1-Elco Barra<br \/>\n2-Fabi\u00e1n G\u00f3mez<br \/>\n3-Mart\u00ednez Juan<br \/>\n4-Fabio Revelante<br \/>\n5-Guillermo Alfonso<br \/>\n6-Carlos Pellegrini<\/div>\n<div>Principiantes :<br \/>\n1-Andrade Dami\u00e1n<br \/>\n2-De Castro David<br \/>\n3-Donati Guillermo<br \/>\n4-Carrizo Pablo<br \/>\n5-Revelante Juli\u00e1n<br \/>\n6-Revelante Juan Ignacio<\/div>\n<div><\/div>\n<div>Como siempre queremos agradecer a nuestros sponsors, por hacer que el torneo se haga cada vez m\u00e1s grande\u00a0<a href=\"https:\/\/www.facebook.com\/hashtag\/imperial?source=feed_text&amp;epa=HASHTAG&amp;__xts__%5B0%5D=68.ARA_3ibyK5xkejgPsd8MrtqPnF9IvgrGJ1Hic_vN9tYjB-u-kY3Fbg-BilaRY-sF6R56UT3Hf4V7mcFpTj4-Y-B5QyruIEpL3kBm3Zrp-1_xlQHa6QGpA0-4zTfXOHa9HTm5QmNyMWa63RbRvOH_C4sR3m8EGyIbC_8SGWwtty9lgZRVfvl7xUi_bEuWIrXo7ToCNmbKRwjpHZvF5XlpMpwB2ezYGb9u1C6QEYYpA5zrrODc2fm0M96npDjQHAW7ER4v2j8-tAjOou3GjknD710dOlYaLlXNmhFHCz12Er6c3J9UqCaMeSY4_1SJ7veTatWcVcMbaAcWS9wBhuv0BEA&amp;__tn__=%2ANK-R\" target=\"_blank\" rel=\"noreferrer noopener\" data-auth=\"NotApplicable\">#Imperial<\/a>\u00a0<a href=\"https:\/\/www.facebook.com\/hashtag\/restaurantdonroberto?source=feed_text&amp;epa=HASHTAG&amp;__xts__%5B0%5D=68.ARA_3ibyK5xkejgPsd8MrtqPnF9IvgrGJ1Hic_vN9tYjB-u-kY3Fbg-BilaRY-sF6R56UT3Hf4V7mcFpTj4-Y-B5QyruIEpL3kBm3Zrp-1_xlQHa6QGpA0-4zTfXOHa9HTm5QmNyMWa63RbRvOH_C4sR3m8EGyIbC_8SGWwtty9lgZRVfvl7xUi_bEuWIrXo7ToCNmbKRwjpHZvF5XlpMpwB2ezYGb9u1C6QEYYpA5zrrODc2fm0M96npDjQHAW7ER4v2j8-tAjOou3GjknD710dOlYaLlXNmhFHCz12Er6c3J9UqCaMeSY4_1SJ7veTatWcVcMbaAcWS9wBhuv0BEA&amp;__tn__=%2ANK-R\" target=\"_blank\" rel=\"noreferrer noopener\" data-auth=\"NotApplicable\">#RestaurantDonRoberto<\/a>\u00a0<a href=\"https:\/\/www.facebook.com\/hashtag\/supermercadomelin?source=feed_text&amp;epa=HASHTAG&amp;__xts__%5B0%5D=68.ARA_3ibyK5xkejgPsd8MrtqPnF9IvgrGJ1Hic_vN9tYjB-u-kY3Fbg-BilaRY-sF6R56UT3Hf4V7mcFpTj4-Y-B5QyruIEpL3kBm3Zrp-1_xlQHa6QGpA0-4zTfXOHa9HTm5QmNyMWa63RbRvOH_C4sR3m8EGyIbC_8SGWwtty9lgZRVfvl7xUi_bEuWIrXo7ToCNmbKRwjpHZvF5XlpMpwB2ezYGb9u1C6QEYYpA5zrrODc2fm0M96npDjQHAW7ER4v2j8-tAjOou3GjknD710dOlYaLlXNmhFHCz12Er6c3J9UqCaMeSY4_1SJ7veTatWcVcMbaAcWS9wBhuv0BEA&amp;__tn__=%2ANK-R\" target=\"_blank\" rel=\"noreferrer noopener\" data-auth=\"NotApplicable\">#SupermercadoMelin<\/a>\u00a0<a href=\"https:\/\/www.facebook.com\/hashtag\/bodegalosharoldos?source=feed_text&amp;epa=HASHTAG&amp;__xts__%5B0%5D=68.ARA_3ibyK5xkejgPsd8MrtqPnF9IvgrGJ1Hic_vN9tYjB-u-kY3Fbg-BilaRY-sF6R56UT3Hf4V7mcFpTj4-Y-B5QyruIEpL3kBm3Zrp-1_xlQHa6QGpA0-4zTfXOHa9HTm5QmNyMWa63RbRvOH_C4sR3m8EGyIbC_8SGWwtty9lgZRVfvl7xUi_bEuWIrXo7ToCNmbKRwjpHZvF5XlpMpwB2ezYGb9u1C6QEYYpA5zrrODc2fm0M96npDjQHAW7ER4v2j8-tAjOou3GjknD710dOlYaLlXNmhFHCz12Er6c3J9UqCaMeSY4_1SJ7veTatWcVcMbaAcWS9wBhuv0BEA&amp;__tn__=%2ANK-R\" target=\"_blank\" rel=\"noreferrer noopener\" data-auth=\"NotApplicable\">#BodegaLosHaroldos<\/a>\u00a0<a href=\"https:\/\/www.facebook.com\/hashtag\/pilcheriajolunan?source=feed_text&amp;epa=HASHTAG&amp;__xts__%5B0%5D=68.ARA_3ibyK5xkejgPsd8MrtqPnF9IvgrGJ1Hic_vN9tYjB-u-kY3Fbg-BilaRY-sF6R56UT3Hf4V7mcFpTj4-Y-B5QyruIEpL3kBm3Zrp-1_xlQHa6QGpA0-4zTfXOHa9HTm5QmNyMWa63RbRvOH_C4sR3m8EGyIbC_8SGWwtty9lgZRVfvl7xUi_bEuWIrXo7ToCNmbKRwjpHZvF5XlpMpwB2ezYGb9u1C6QEYYpA5zrrODc2fm0M96npDjQHAW7ER4v2j8-tAjOou3GjknD710dOlYaLlXNmhFHCz12Er6c3J9UqCaMeSY4_1SJ7veTatWcVcMbaAcWS9wBhuv0BEA&amp;__tn__=%2ANK-R\" target=\"_blank\" rel=\"noreferrer noopener\" data-auth=\"NotApplicable\">#PilcheriaJoLuNan<\/a>\u00a0<a href=\"https:\/\/www.facebook.com\/hashtag\/gpsglobal?source=feed_text&amp;epa=HASHTAG&amp;__xts__%5B0%5D=68.ARA_3ibyK5xkejgPsd8MrtqPnF9IvgrGJ1Hic_vN9tYjB-u-kY3Fbg-BilaRY-sF6R56UT3Hf4V7mcFpTj4-Y-B5QyruIEpL3kBm3Zrp-1_xlQHa6QGpA0-4zTfXOHa9HTm5QmNyMWa63RbRvOH_C4sR3m8EGyIbC_8SGWwtty9lgZRVfvl7xUi_bEuWIrXo7ToCNmbKRwjpHZvF5XlpMpwB2ezYGb9u1C6QEYYpA5zrrODc2fm0M96npDjQHAW7ER4v2j8-tAjOou3GjknD710dOlYaLlXNmhFHCz12Er6c3J9UqCaMeSY4_1SJ7veTatWcVcMbaAcWS9wBhuv0BEA&amp;__tn__=%2ANK-R\" target=\"_blank\" rel=\"noreferrer noopener\" data-auth=\"NotApplicable\">#GpsGlobal<\/a>\u00a0y una menci\u00f3n especial a\u00a0<a href=\"https:\/\/www.facebook.com\/hashtag\/cafeyrestaurantpiuquelom?source=feed_text&amp;epa=HASHTAG&amp;__xts__%5B0%5D=68.ARA_3ibyK5xkejgPsd8MrtqPnF9IvgrGJ1Hic_vN9tYjB-u-kY3Fbg-BilaRY-sF6R56UT3Hf4V7mcFpTj4-Y-B5QyruIEpL3kBm3Zrp-1_xlQHa6QGpA0-4zTfXOHa9HTm5QmNyMWa63RbRvOH_C4sR3m8EGyIbC_8SGWwtty9lgZRVfvl7xUi_bEuWIrXo7ToCNmbKRwjpHZvF5XlpMpwB2ezYGb9u1C6QEYYpA5zrrODc2fm0M96npDjQHAW7ER4v2j8-tAjOou3GjknD710dOlYaLlXNmhFHCz12Er6c3J9UqCaMeSY4_1SJ7veTatWcVcMbaAcWS9wBhuv0BEA&amp;__tn__=%2ANK-R\" target=\"_blank\" rel=\"noreferrer noopener\" data-auth=\"NotApplicable\">#CafeyRestaurantPiuqueLom<\/a>\u00a0por sus\u00a0excelentes premios para la fecha.<\/div>\n<div>\n<div id=\"x_m_-3162268995260841534appendonsend\"><\/div>\n<div>Footgolf Sierra de la Ventana<\/div>\n<\/div>\n<div><\/div>\n<div><a title=\"circuito ventania2019 4\" href=\"http:\/\/farm5.staticflickr.com\/4877\/46705529472_66230ae2f8_z.jpg\" rel=\"\"><img loading=\"lazy\" decoding=\"async\" class=\"aligncenter\" title=\"circuito ventania2019 4\" src=\"http:\/\/farm5.staticflickr.com\/4877\/46705529472_66230ae2f8_z.jpg\" alt=\"circuito ventania2019 4\" width=\"640\" height=\"480\" \/><\/a><\/div>\n<div><a title=\"circuito ventania2019 3\" href=\"http:\/\/farm5.staticflickr.com\/4855\/45843226435_6c2a2d3988_z.jpg\" rel=\"\"><img loading=\"lazy\" decoding=\"async\" class=\"aligncenter\" title=\"circuito ventania2019 3\" src=\"http:\/\/farm5.staticflickr.com\/4855\/45843226435_6c2a2d3988_z.jpg\" alt=\"circuito ventania2019 3\" width=\"640\" height=\"480\" \/><\/a><\/div>\n<div><a title=\"circuito ventania2019 2\" href=\"http:\/\/farm5.staticflickr.com\/4830\/46705529962_22f59bffa8_z.jpg\" rel=\"\"><img loading=\"lazy\" decoding=\"async\" class=\"aligncenter\" title=\"circuito ventania2019 2\" src=\"http:\/\/farm5.staticflickr.com\/4830\/46705529962_22f59bffa8_z.jpg\" alt=\"circuito ventania2019 2\" width=\"640\" height=\"640\" \/><\/a><\/div>\n","protected":false},"excerpt":{"rendered":"<p>Pas\u00f3 la segunda fecha del \u00abCircuito Ventania\u00bb donde el gran ganador de la fecha fue el oriundo de Coronel Su\u00e1rez, Jonatan Maier. En una jornada donde el clima y las condiciones de la cancha fueron excelentes para los m\u00e1s de 40 jugadores que se acercaron desde lugares como Rojas, Trenque Lauquen, Macach\u00edn, General Roca, Coronel [&hellip;]<\/p>\n","protected":false},"author":3,"featured_media":0,"comment_status":"closed","ping_status":"open","sticky":false,"template":"","format":"standard","meta":{"footnotes":""},"categories":[27],"tags":[],"class_list":["post-28172","post","type-post","status-publish","format-standard","hentry","category-deportes"],"yoast_head":"<!-- This site is optimized with the Yoast SEO plugin v25.9 - https:\/\/yoast.com\/wordpress\/plugins\/seo\/ -->\n<title>Circuito Ventania 2da fecha Footgolf - Noticias Radio Reflejos<\/title>\n<meta name=\"robots\" content=\"index, follow, max-snippet:-1, max-image-preview:large, max-video-preview:-1\" \/>\n<link rel=\"canonical\" href=\"https:\/\/www.noticiasradioreflejos.com.ar\/2021\/circuito-ventania-2da-fecha-footgolf\/\" \/>\n<meta property=\"og:locale\" content=\"es_ES\" \/>\n<meta property=\"og:type\" content=\"article\" \/>\n<meta property=\"og:title\" content=\"Circuito Ventania 2da fecha Footgolf - Noticias Radio Reflejos\" \/>\n<meta property=\"og:description\" content=\"Pas\u00f3 la segunda fecha del \u00abCircuito Ventania\u00bb donde el gran ganador de la fecha fue el oriundo de Coronel Su\u00e1rez, Jonatan Maier. En una jornada donde el clima y las condiciones de la cancha fueron excelentes para los m\u00e1s de 40 jugadores que se acercaron desde lugares como Rojas, Trenque Lauquen, Macach\u00edn, General Roca, Coronel [&hellip;]\" \/>\n<meta property=\"og:url\" content=\"https:\/\/www.noticiasradioreflejos.com.ar\/2021\/circuito-ventania-2da-fecha-footgolf\/\" \/>\n<meta property=\"og:site_name\" content=\"Noticias Radio Reflejos\" \/>\n<meta property=\"article:published_time\" content=\"2019-01-16T01:00:46+00:00\" \/>\n<meta property=\"og:image\" content=\"http:\/\/farm5.staticflickr.com\/4877\/46705529472_66230ae2f8_z.jpg\" \/>\n<meta name=\"author\" content=\"Arnaldo Botto\" \/>\n<meta name=\"twitter:card\" content=\"summary_large_image\" \/>\n<script type=\"application\/ld+json\" class=\"yoast-schema-graph\">{\"@context\":\"https:\/\/schema.org\",\"@graph\":[{\"@type\":\"WebPage\",\"@id\":\"https:\/\/www.noticiasradioreflejos.com.ar\/2021\/circuito-ventania-2da-fecha-footgolf\/\",\"url\":\"https:\/\/www.noticiasradioreflejos.com.ar\/2021\/circuito-ventania-2da-fecha-footgolf\/\",\"name\":\"Circuito Ventania 2da fecha Footgolf - Noticias Radio Reflejos\",\"isPartOf\":{\"@id\":\"https:\/\/www.noticiasradioreflejos.com.ar\/2021\/#website\"},\"primaryImageOfPage\":{\"@id\":\"https:\/\/www.noticiasradioreflejos.com.ar\/2021\/circuito-ventania-2da-fecha-footgolf\/#primaryimage\"},\"image\":{\"@id\":\"https:\/\/www.noticiasradioreflejos.com.ar\/2021\/circuito-ventania-2da-fecha-footgolf\/#primaryimage\"},\"thumbnailUrl\":\"http:\/\/farm5.staticflickr.com\/4877\/46705529472_66230ae2f8_z.jpg\",\"datePublished\":\"2019-01-16T01:00:46+00:00\",\"author\":{\"@id\":\"https:\/\/www.noticiasradioreflejos.com.ar\/2021\/#\/schema\/person\/ad82545263dcc5ec0996818884fd5fb1\"},\"breadcrumb\":{\"@id\":\"https:\/\/www.noticiasradioreflejos.com.ar\/2021\/circuito-ventania-2da-fecha-footgolf\/#breadcrumb\"},\"inLanguage\":\"es\",\"potentialAction\":[{\"@type\":\"ReadAction\",\"target\":[\"https:\/\/www.noticiasradioreflejos.com.ar\/2021\/circuito-ventania-2da-fecha-footgolf\/\"]}]},{\"@type\":\"ImageObject\",\"inLanguage\":\"es\",\"@id\":\"https:\/\/www.noticiasradioreflejos.com.ar\/2021\/circuito-ventania-2da-fecha-footgolf\/#primaryimage\",\"url\":\"http:\/\/farm5.staticflickr.com\/4877\/46705529472_66230ae2f8_z.jpg\",\"contentUrl\":\"http:\/\/farm5.staticflickr.com\/4877\/46705529472_66230ae2f8_z.jpg\"},{\"@type\":\"BreadcrumbList\",\"@id\":\"https:\/\/www.noticiasradioreflejos.com.ar\/2021\/circuito-ventania-2da-fecha-footgolf\/#breadcrumb\",\"itemListElement\":[{\"@type\":\"ListItem\",\"position\":1,\"name\":\"Portada\",\"item\":\"https:\/\/www.noticiasradioreflejos.com.ar\/2021\/\"},{\"@type\":\"ListItem\",\"position\":2,\"name\":\"Circuito Ventania 2da fecha Footgolf\"}]},{\"@type\":\"WebSite\",\"@id\":\"https:\/\/www.noticiasradioreflejos.com.ar\/2021\/#website\",\"url\":\"https:\/\/www.noticiasradioreflejos.com.ar\/2021\/\",\"name\":\"Noticias Radio Reflejos\",\"description\":\"Las noticias de mi comarca\",\"potentialAction\":[{\"@type\":\"SearchAction\",\"target\":{\"@type\":\"EntryPoint\",\"urlTemplate\":\"https:\/\/www.noticiasradioreflejos.com.ar\/2021\/?s={search_term_string}\"},\"query-input\":{\"@type\":\"PropertyValueSpecification\",\"valueRequired\":true,\"valueName\":\"search_term_string\"}}],\"inLanguage\":\"es\"},{\"@type\":\"Person\",\"@id\":\"https:\/\/www.noticiasradioreflejos.com.ar\/2021\/#\/schema\/person\/ad82545263dcc5ec0996818884fd5fb1\",\"name\":\"Arnaldo Botto\",\"image\":{\"@type\":\"ImageObject\",\"inLanguage\":\"es\",\"@id\":\"https:\/\/www.noticiasradioreflejos.com.ar\/2021\/#\/schema\/person\/image\/\",\"url\":\"https:\/\/secure.gravatar.com\/avatar\/55cb5e37c1efa326397366e6974cb338056df65cb50e7d64d1cf314e87504837?s=96&d=mm&r=g\",\"contentUrl\":\"https:\/\/secure.gravatar.com\/avatar\/55cb5e37c1efa326397366e6974cb338056df65cb50e7d64d1cf314e87504837?s=96&d=mm&r=g\",\"caption\":\"Arnaldo Botto\"},\"url\":\"https:\/\/www.noticiasradioreflejos.com.ar\/2021\/author\/arnaldo\/\"}]}<\/script>\n<!-- \/ Yoast SEO plugin. -->","yoast_head_json":{"title":"Circuito Ventania 2da fecha Footgolf - Noticias Radio Reflejos","robots":{"index":"index","follow":"follow","max-snippet":"max-snippet:-1","max-image-preview":"max-image-preview:large","max-video-preview":"max-video-preview:-1"},"canonical":"https:\/\/www.noticiasradioreflejos.com.ar\/2021\/circuito-ventania-2da-fecha-footgolf\/","og_locale":"es_ES","og_type":"article","og_title":"Circuito Ventania 2da fecha Footgolf - Noticias Radio Reflejos","og_description":"Pas\u00f3 la segunda fecha del \u00abCircuito Ventania\u00bb donde el gran ganador de la fecha fue el oriundo de Coronel Su\u00e1rez, Jonatan Maier. En una jornada donde el clima y las condiciones de la cancha fueron excelentes para los m\u00e1s de 40 jugadores que se acercaron desde lugares como Rojas, Trenque Lauquen, Macach\u00edn, General Roca, Coronel [&hellip;]","og_url":"https:\/\/www.noticiasradioreflejos.com.ar\/2021\/circuito-ventania-2da-fecha-footgolf\/","og_site_name":"Noticias Radio Reflejos","article_published_time":"2019-01-16T01:00:46+00:00","og_image":[{"url":"http:\/\/farm5.staticflickr.com\/4877\/46705529472_66230ae2f8_z.jpg","type":"","width":"","height":""}],"author":"Arnaldo Botto","twitter_card":"summary_large_image","schema":{"@context":"https:\/\/schema.org","@graph":[{"@type":"WebPage","@id":"https:\/\/www.noticiasradioreflejos.com.ar\/2021\/circuito-ventania-2da-fecha-footgolf\/","url":"https:\/\/www.noticiasradioreflejos.com.ar\/2021\/circuito-ventania-2da-fecha-footgolf\/","name":"Circuito Ventania 2da fecha Footgolf - Noticias Radio Reflejos","isPartOf":{"@id":"https:\/\/www.noticiasradioreflejos.com.ar\/2021\/#website"},"primaryImageOfPage":{"@id":"https:\/\/www.noticiasradioreflejos.com.ar\/2021\/circuito-ventania-2da-fecha-footgolf\/#primaryimage"},"image":{"@id":"https:\/\/www.noticiasradioreflejos.com.ar\/2021\/circuito-ventania-2da-fecha-footgolf\/#primaryimage"},"thumbnailUrl":"http:\/\/farm5.staticflickr.com\/4877\/46705529472_66230ae2f8_z.jpg","datePublished":"2019-01-16T01:00:46+00:00","author":{"@id":"https:\/\/www.noticiasradioreflejos.com.ar\/2021\/#\/schema\/person\/ad82545263dcc5ec0996818884fd5fb1"},"breadcrumb":{"@id":"https:\/\/www.noticiasradioreflejos.com.ar\/2021\/circuito-ventania-2da-fecha-footgolf\/#breadcrumb"},"inLanguage":"es","potentialAction":[{"@type":"ReadAction","target":["https:\/\/www.noticiasradioreflejos.com.ar\/2021\/circuito-ventania-2da-fecha-footgolf\/"]}]},{"@type":"ImageObject","inLanguage":"es","@id":"https:\/\/www.noticiasradioreflejos.com.ar\/2021\/circuito-ventania-2da-fecha-footgolf\/#primaryimage","url":"http:\/\/farm5.staticflickr.com\/4877\/46705529472_66230ae2f8_z.jpg","contentUrl":"http:\/\/farm5.staticflickr.com\/4877\/46705529472_66230ae2f8_z.jpg"},{"@type":"BreadcrumbList","@id":"https:\/\/www.noticiasradioreflejos.com.ar\/2021\/circuito-ventania-2da-fecha-footgolf\/#breadcrumb","itemListElement":[{"@type":"ListItem","position":1,"name":"Portada","item":"https:\/\/www.noticiasradioreflejos.com.ar\/2021\/"},{"@type":"ListItem","position":2,"name":"Circuito Ventania 2da fecha Footgolf"}]},{"@type":"WebSite","@id":"https:\/\/www.noticiasradioreflejos.com.ar\/2021\/#website","url":"https:\/\/www.noticiasradioreflejos.com.ar\/2021\/","name":"Noticias Radio Reflejos","description":"Las noticias de mi comarca","potentialAction":[{"@type":"SearchAction","target":{"@type":"EntryPoint","urlTemplate":"https:\/\/www.noticiasradioreflejos.com.ar\/2021\/?s={search_term_string}"},"query-input":{"@type":"PropertyValueSpecification","valueRequired":true,"valueName":"search_term_string"}}],"inLanguage":"es"},{"@type":"Person","@id":"https:\/\/www.noticiasradioreflejos.com.ar\/2021\/#\/schema\/person\/ad82545263dcc5ec0996818884fd5fb1","name":"Arnaldo Botto","image":{"@type":"ImageObject","inLanguage":"es","@id":"https:\/\/www.noticiasradioreflejos.com.ar\/2021\/#\/schema\/person\/image\/","url":"https:\/\/secure.gravatar.com\/avatar\/55cb5e37c1efa326397366e6974cb338056df65cb50e7d64d1cf314e87504837?s=96&d=mm&r=g","contentUrl":"https:\/\/secure.gravatar.com\/avatar\/55cb5e37c1efa326397366e6974cb338056df65cb50e7d64d1cf314e87504837?s=96&d=mm&r=g","caption":"Arnaldo Botto"},"url":"https:\/\/www.noticiasradioreflejos.com.ar\/2021\/author\/arnaldo\/"}]}},"_links":{"self":[{"href":"https:\/\/www.noticiasradioreflejos.com.ar\/2021\/wp-json\/wp\/v2\/posts\/28172","targetHints":{"allow":["GET"]}}],"collection":[{"href":"https:\/\/www.noticiasradioreflejos.com.ar\/2021\/wp-json\/wp\/v2\/posts"}],"about":[{"href":"https:\/\/www.noticiasradioreflejos.com.ar\/2021\/wp-json\/wp\/v2\/types\/post"}],"author":[{"embeddable":true,"href":"https:\/\/www.noticiasradioreflejos.com.ar\/2021\/wp-json\/wp\/v2\/users\/3"}],"replies":[{"embeddable":true,"href":"https:\/\/www.noticiasradioreflejos.com.ar\/2021\/wp-json\/wp\/v2\/comments?post=28172"}],"version-history":[{"count":0,"href":"https:\/\/www.noticiasradioreflejos.com.ar\/2021\/wp-json\/wp\/v2\/posts\/28172\/revisions"}],"wp:attachment":[{"href":"https:\/\/www.noticiasradioreflejos.com.ar\/2021\/wp-json\/wp\/v2\/media?parent=28172"}],"wp:term":[{"taxonomy":"category","embeddable":true,"href":"https:\/\/www.noticiasradioreflejos.com.ar\/2021\/wp-json\/wp\/v2\/categories?post=28172"},{"taxonomy":"post_tag","embeddable":true,"href":"https:\/\/www.noticiasradioreflejos.com.ar\/2021\/wp-json\/wp\/v2\/tags?post=28172"}],"curies":[{"name":"wp","href":"https:\/\/api.w.org\/{rel}","templated":true}]}}