{"id":28123,"date":"2019-01-12T00:32:34","date_gmt":"2019-01-12T03:32:34","guid":{"rendered":"http:\/\/www.noticiasradioreflejos.com.ar\/noticias\/?p=28123"},"modified":"2019-01-12T00:32:34","modified_gmt":"2019-01-12T03:32:34","slug":"accidentes-ofidicos","status":"publish","type":"post","link":"https:\/\/www.noticiasradioreflejos.com.ar\/2021\/accidentes-ofidicos\/","title":{"rendered":"Accidentes of\u00eddicos"},"content":{"rendered":"<p>Durante la temporada estival, en el sudoeste de Provincia de Buenos Aires, suelen aparecer diferentes especies de serpientes, por tal motivo, la Secretar\u00eda de Salud del Municipio de Tornquist, a trav\u00e9s de la Direcci\u00f3n de Bromatolog\u00eda y Zoonosis, y junto a la Universidad de Sur, bajo la C\u00e1tedra de Anatom\u00eda Comparada del Dpto de Biolog\u00eda, Bioqu\u00edmica y Farmacia, ponen en conocimiento de la poblaci\u00f3n diferentes acciones a llevar a cabo frente al registro de una mordedura:<!--more--><br \/>\n* No asustarse<br \/>\n* Tranquilizar a la v\u00edctima.<br \/>\n* Quitar todo lo que pueda ocasionar compresi\u00f3n (ropa, zapatos, anillos, relojes, etc.)<br \/>\n* En lo posible lavar la herida, con abundante agua.<br \/>\n* Fotografiar al animal, de ser posible, para retener las caracter\u00edsticas del mismo, para realizar una descripci\u00f3n adecuada en el centro m\u00e9dico.<br \/>\n* Si lo mat\u00f3 (con seguridad), llevarlo en un frasco al centro de atenci\u00f3n.<br \/>\n* Si la v\u00edctima tiene sed, permitirle tomar agua.<br \/>\nAdem\u00e1s se recomienda no intentar atrapar al ofidio a toda costa, y menos con la mano; no intentar soluciones caseras ni administrar medicamentos sin la indicaci\u00f3n correcta.<br \/>\nEs de suma importancia, que la mordedura de cualquiera de las especies de serpientes sea tratada en un centro asistencial, por tal motivo, dentro de nuestro distrito la persona debe acudir al Hospital Municipal \u201cDr. Alberto Castro\u201d, cito en calle Lavalle 365, Tel: 0291 4941020\/4940647\/4940667.<br \/>\n<a title=\"serpientes\" href=\"http:\/\/farm8.staticflickr.com\/7859\/39743641503_d097cd7145_z.jpg\" rel=\"\"><img loading=\"lazy\" decoding=\"async\" class=\"aligncenter\" title=\"serpientes\" src=\"http:\/\/farm8.staticflickr.com\/7859\/39743641503_d097cd7145_z.jpg\" alt=\"serpientes\" width=\"640\" height=\"418\" \/><\/a><br \/>\n<a title=\"serpientes23\" href=\"http:\/\/farm5.staticflickr.com\/4875\/32833699598_90c2623f2e_z.jpg\" rel=\"\"><img loading=\"lazy\" decoding=\"async\" class=\"aligncenter\" title=\"serpientes23\" src=\"http:\/\/farm5.staticflickr.com\/4875\/32833699598_90c2623f2e_z.jpg\" alt=\"serpientes23\" width=\"640\" height=\"415\" \/><\/a><\/p>\n","protected":false},"excerpt":{"rendered":"<p>Durante la temporada estival, en el sudoeste de Provincia de Buenos Aires, suelen aparecer diferentes especies de serpientes, por tal motivo, la Secretar\u00eda de Salud del Municipio de Tornquist, a trav\u00e9s de la Direcci\u00f3n de Bromatolog\u00eda y Zoonosis, y junto a la Universidad de Sur, bajo la C\u00e1tedra de Anatom\u00eda Comparada del Dpto de Biolog\u00eda, [&hellip;]<\/p>\n","protected":false},"author":3,"featured_media":0,"comment_status":"closed","ping_status":"open","sticky":false,"template":"","format":"standard","meta":{"footnotes":""},"categories":[26],"tags":[],"class_list":["post-28123","post","type-post","status-publish","format-standard","hentry","category-sociedad"],"yoast_head":"<!-- This site is optimized with the Yoast SEO plugin v25.9 - https:\/\/yoast.com\/wordpress\/plugins\/seo\/ -->\n<title>Accidentes of\u00eddicos - Noticias Radio Reflejos<\/title>\n<meta name=\"robots\" content=\"index, follow, max-snippet:-1, max-image-preview:large, max-video-preview:-1\" \/>\n<link rel=\"canonical\" href=\"https:\/\/www.noticiasradioreflejos.com.ar\/2021\/accidentes-ofidicos\/\" \/>\n<meta property=\"og:locale\" content=\"es_ES\" \/>\n<meta property=\"og:type\" content=\"article\" \/>\n<meta property=\"og:title\" content=\"Accidentes of\u00eddicos - Noticias Radio Reflejos\" \/>\n<meta property=\"og:description\" content=\"Durante la temporada estival, en el sudoeste de Provincia de Buenos Aires, suelen aparecer diferentes especies de serpientes, por tal motivo, la Secretar\u00eda de Salud del Municipio de Tornquist, a trav\u00e9s de la Direcci\u00f3n de Bromatolog\u00eda y Zoonosis, y junto a la Universidad de Sur, bajo la C\u00e1tedra de Anatom\u00eda Comparada del Dpto de Biolog\u00eda, [&hellip;]\" \/>\n<meta property=\"og:url\" content=\"https:\/\/www.noticiasradioreflejos.com.ar\/2021\/accidentes-ofidicos\/\" \/>\n<meta property=\"og:site_name\" content=\"Noticias Radio Reflejos\" \/>\n<meta property=\"article:published_time\" content=\"2019-01-12T03:32:34+00:00\" \/>\n<meta property=\"og:image\" content=\"http:\/\/farm8.staticflickr.com\/7859\/39743641503_d097cd7145_z.jpg\" \/>\n<meta name=\"author\" content=\"Arnaldo Botto\" \/>\n<meta name=\"twitter:card\" content=\"summary_large_image\" \/>\n<script type=\"application\/ld+json\" class=\"yoast-schema-graph\">{\"@context\":\"https:\/\/schema.org\",\"@graph\":[{\"@type\":\"WebPage\",\"@id\":\"https:\/\/www.noticiasradioreflejos.com.ar\/2021\/accidentes-ofidicos\/\",\"url\":\"https:\/\/www.noticiasradioreflejos.com.ar\/2021\/accidentes-ofidicos\/\",\"name\":\"Accidentes of\u00eddicos - Noticias Radio Reflejos\",\"isPartOf\":{\"@id\":\"https:\/\/www.noticiasradioreflejos.com.ar\/2021\/#website\"},\"primaryImageOfPage\":{\"@id\":\"https:\/\/www.noticiasradioreflejos.com.ar\/2021\/accidentes-ofidicos\/#primaryimage\"},\"image\":{\"@id\":\"https:\/\/www.noticiasradioreflejos.com.ar\/2021\/accidentes-ofidicos\/#primaryimage\"},\"thumbnailUrl\":\"http:\/\/farm8.staticflickr.com\/7859\/39743641503_d097cd7145_z.jpg\",\"datePublished\":\"2019-01-12T03:32:34+00:00\",\"author\":{\"@id\":\"https:\/\/www.noticiasradioreflejos.com.ar\/2021\/#\/schema\/person\/ad82545263dcc5ec0996818884fd5fb1\"},\"breadcrumb\":{\"@id\":\"https:\/\/www.noticiasradioreflejos.com.ar\/2021\/accidentes-ofidicos\/#breadcrumb\"},\"inLanguage\":\"es\",\"potentialAction\":[{\"@type\":\"ReadAction\",\"target\":[\"https:\/\/www.noticiasradioreflejos.com.ar\/2021\/accidentes-ofidicos\/\"]}]},{\"@type\":\"ImageObject\",\"inLanguage\":\"es\",\"@id\":\"https:\/\/www.noticiasradioreflejos.com.ar\/2021\/accidentes-ofidicos\/#primaryimage\",\"url\":\"http:\/\/farm8.staticflickr.com\/7859\/39743641503_d097cd7145_z.jpg\",\"contentUrl\":\"http:\/\/farm8.staticflickr.com\/7859\/39743641503_d097cd7145_z.jpg\"},{\"@type\":\"BreadcrumbList\",\"@id\":\"https:\/\/www.noticiasradioreflejos.com.ar\/2021\/accidentes-ofidicos\/#breadcrumb\",\"itemListElement\":[{\"@type\":\"ListItem\",\"position\":1,\"name\":\"Portada\",\"item\":\"https:\/\/www.noticiasradioreflejos.com.ar\/2021\/\"},{\"@type\":\"ListItem\",\"position\":2,\"name\":\"Accidentes of\u00eddicos\"}]},{\"@type\":\"WebSite\",\"@id\":\"https:\/\/www.noticiasradioreflejos.com.ar\/2021\/#website\",\"url\":\"https:\/\/www.noticiasradioreflejos.com.ar\/2021\/\",\"name\":\"Noticias Radio Reflejos\",\"description\":\"Las noticias de mi comarca\",\"potentialAction\":[{\"@type\":\"SearchAction\",\"target\":{\"@type\":\"EntryPoint\",\"urlTemplate\":\"https:\/\/www.noticiasradioreflejos.com.ar\/2021\/?s={search_term_string}\"},\"query-input\":{\"@type\":\"PropertyValueSpecification\",\"valueRequired\":true,\"valueName\":\"search_term_string\"}}],\"inLanguage\":\"es\"},{\"@type\":\"Person\",\"@id\":\"https:\/\/www.noticiasradioreflejos.com.ar\/2021\/#\/schema\/person\/ad82545263dcc5ec0996818884fd5fb1\",\"name\":\"Arnaldo Botto\",\"image\":{\"@type\":\"ImageObject\",\"inLanguage\":\"es\",\"@id\":\"https:\/\/www.noticiasradioreflejos.com.ar\/2021\/#\/schema\/person\/image\/\",\"url\":\"https:\/\/secure.gravatar.com\/avatar\/55cb5e37c1efa326397366e6974cb338056df65cb50e7d64d1cf314e87504837?s=96&d=mm&r=g\",\"contentUrl\":\"https:\/\/secure.gravatar.com\/avatar\/55cb5e37c1efa326397366e6974cb338056df65cb50e7d64d1cf314e87504837?s=96&d=mm&r=g\",\"caption\":\"Arnaldo Botto\"},\"url\":\"https:\/\/www.noticiasradioreflejos.com.ar\/2021\/author\/arnaldo\/\"}]}<\/script>\n<!-- \/ Yoast SEO plugin. -->","yoast_head_json":{"title":"Accidentes of\u00eddicos - Noticias Radio Reflejos","robots":{"index":"index","follow":"follow","max-snippet":"max-snippet:-1","max-image-preview":"max-image-preview:large","max-video-preview":"max-video-preview:-1"},"canonical":"https:\/\/www.noticiasradioreflejos.com.ar\/2021\/accidentes-ofidicos\/","og_locale":"es_ES","og_type":"article","og_title":"Accidentes of\u00eddicos - Noticias Radio Reflejos","og_description":"Durante la temporada estival, en el sudoeste de Provincia de Buenos Aires, suelen aparecer diferentes especies de serpientes, por tal motivo, la Secretar\u00eda de Salud del Municipio de Tornquist, a trav\u00e9s de la Direcci\u00f3n de Bromatolog\u00eda y Zoonosis, y junto a la Universidad de Sur, bajo la C\u00e1tedra de Anatom\u00eda Comparada del Dpto de Biolog\u00eda, [&hellip;]","og_url":"https:\/\/www.noticiasradioreflejos.com.ar\/2021\/accidentes-ofidicos\/","og_site_name":"Noticias Radio Reflejos","article_published_time":"2019-01-12T03:32:34+00:00","og_image":[{"url":"http:\/\/farm8.staticflickr.com\/7859\/39743641503_d097cd7145_z.jpg","type":"","width":"","height":""}],"author":"Arnaldo Botto","twitter_card":"summary_large_image","schema":{"@context":"https:\/\/schema.org","@graph":[{"@type":"WebPage","@id":"https:\/\/www.noticiasradioreflejos.com.ar\/2021\/accidentes-ofidicos\/","url":"https:\/\/www.noticiasradioreflejos.com.ar\/2021\/accidentes-ofidicos\/","name":"Accidentes of\u00eddicos - Noticias Radio Reflejos","isPartOf":{"@id":"https:\/\/www.noticiasradioreflejos.com.ar\/2021\/#website"},"primaryImageOfPage":{"@id":"https:\/\/www.noticiasradioreflejos.com.ar\/2021\/accidentes-ofidicos\/#primaryimage"},"image":{"@id":"https:\/\/www.noticiasradioreflejos.com.ar\/2021\/accidentes-ofidicos\/#primaryimage"},"thumbnailUrl":"http:\/\/farm8.staticflickr.com\/7859\/39743641503_d097cd7145_z.jpg","datePublished":"2019-01-12T03:32:34+00:00","author":{"@id":"https:\/\/www.noticiasradioreflejos.com.ar\/2021\/#\/schema\/person\/ad82545263dcc5ec0996818884fd5fb1"},"breadcrumb":{"@id":"https:\/\/www.noticiasradioreflejos.com.ar\/2021\/accidentes-ofidicos\/#breadcrumb"},"inLanguage":"es","potentialAction":[{"@type":"ReadAction","target":["https:\/\/www.noticiasradioreflejos.com.ar\/2021\/accidentes-ofidicos\/"]}]},{"@type":"ImageObject","inLanguage":"es","@id":"https:\/\/www.noticiasradioreflejos.com.ar\/2021\/accidentes-ofidicos\/#primaryimage","url":"http:\/\/farm8.staticflickr.com\/7859\/39743641503_d097cd7145_z.jpg","contentUrl":"http:\/\/farm8.staticflickr.com\/7859\/39743641503_d097cd7145_z.jpg"},{"@type":"BreadcrumbList","@id":"https:\/\/www.noticiasradioreflejos.com.ar\/2021\/accidentes-ofidicos\/#breadcrumb","itemListElement":[{"@type":"ListItem","position":1,"name":"Portada","item":"https:\/\/www.noticiasradioreflejos.com.ar\/2021\/"},{"@type":"ListItem","position":2,"name":"Accidentes of\u00eddicos"}]},{"@type":"WebSite","@id":"https:\/\/www.noticiasradioreflejos.com.ar\/2021\/#website","url":"https:\/\/www.noticiasradioreflejos.com.ar\/2021\/","name":"Noticias Radio Reflejos","description":"Las noticias de mi comarca","potentialAction":[{"@type":"SearchAction","target":{"@type":"EntryPoint","urlTemplate":"https:\/\/www.noticiasradioreflejos.com.ar\/2021\/?s={search_term_string}"},"query-input":{"@type":"PropertyValueSpecification","valueRequired":true,"valueName":"search_term_string"}}],"inLanguage":"es"},{"@type":"Person","@id":"https:\/\/www.noticiasradioreflejos.com.ar\/2021\/#\/schema\/person\/ad82545263dcc5ec0996818884fd5fb1","name":"Arnaldo Botto","image":{"@type":"ImageObject","inLanguage":"es","@id":"https:\/\/www.noticiasradioreflejos.com.ar\/2021\/#\/schema\/person\/image\/","url":"https:\/\/secure.gravatar.com\/avatar\/55cb5e37c1efa326397366e6974cb338056df65cb50e7d64d1cf314e87504837?s=96&d=mm&r=g","contentUrl":"https:\/\/secure.gravatar.com\/avatar\/55cb5e37c1efa326397366e6974cb338056df65cb50e7d64d1cf314e87504837?s=96&d=mm&r=g","caption":"Arnaldo Botto"},"url":"https:\/\/www.noticiasradioreflejos.com.ar\/2021\/author\/arnaldo\/"}]}},"_links":{"self":[{"href":"https:\/\/www.noticiasradioreflejos.com.ar\/2021\/wp-json\/wp\/v2\/posts\/28123","targetHints":{"allow":["GET"]}}],"collection":[{"href":"https:\/\/www.noticiasradioreflejos.com.ar\/2021\/wp-json\/wp\/v2\/posts"}],"about":[{"href":"https:\/\/www.noticiasradioreflejos.com.ar\/2021\/wp-json\/wp\/v2\/types\/post"}],"author":[{"embeddable":true,"href":"https:\/\/www.noticiasradioreflejos.com.ar\/2021\/wp-json\/wp\/v2\/users\/3"}],"replies":[{"embeddable":true,"href":"https:\/\/www.noticiasradioreflejos.com.ar\/2021\/wp-json\/wp\/v2\/comments?post=28123"}],"version-history":[{"count":0,"href":"https:\/\/www.noticiasradioreflejos.com.ar\/2021\/wp-json\/wp\/v2\/posts\/28123\/revisions"}],"wp:attachment":[{"href":"https:\/\/www.noticiasradioreflejos.com.ar\/2021\/wp-json\/wp\/v2\/media?parent=28123"}],"wp:term":[{"taxonomy":"category","embeddable":true,"href":"https:\/\/www.noticiasradioreflejos.com.ar\/2021\/wp-json\/wp\/v2\/categories?post=28123"},{"taxonomy":"post_tag","embeddable":true,"href":"https:\/\/www.noticiasradioreflejos.com.ar\/2021\/wp-json\/wp\/v2\/tags?post=28123"}],"curies":[{"name":"wp","href":"https:\/\/api.w.org\/{rel}","templated":true}]}}