{"id":28120,"date":"2019-01-12T00:19:00","date_gmt":"2019-01-12T03:19:00","guid":{"rendered":"http:\/\/www.noticiasradioreflejos.com.ar\/noticias\/?p=28120"},"modified":"2019-01-12T00:19:00","modified_gmt":"2019-01-12T03:19:00","slug":"tornquist-municipio-incorporo-una-nueva-retroexcavadora-para-caminos-rurales","status":"publish","type":"post","link":"https:\/\/www.noticiasradioreflejos.com.ar\/2021\/tornquist-municipio-incorporo-una-nueva-retroexcavadora-para-caminos-rurales\/","title":{"rendered":"Tornquist Municipio incorpor\u00f3 una nueva retroexcavadora para caminos rurales"},"content":{"rendered":"<p>En horas de la ma\u00f1ana, el intendente municipal Sergio Bordoni, hizo entrega de la llave de la nueva retroexcavadora New Holland Mod E215c, que se sumar\u00e1 al equipamiento de la Comisi\u00f3n Vial, para desarrollar tareas en caminos rurales.<!--more--><br \/>\nLa nueva unidad fue adquirida mediante la Licitaci\u00f3n P\u00fablica N\u00b006\/18, de la cu\u00e1l resulto ganadora la empresa COVEMA S.A.C.I.F.Y.A con un monto de $8.120.835.<br \/>\nEsta adquisici\u00f3n, mejora sustancialmente el trabajo que se viene realizando, porque permitir\u00e1 desarrollar las tareas con mayor rapidez gracias a la \u00faltima tecnolog\u00eda que posee la misma.<br \/>\nDurante la entrega, estuvieron presentes el Secretario de Gobierno Ezequiel Gabella; el Subsecretario de Servicios Urbanos H\u00e9ctor Mart\u00ednez; y por parte de la Comisi\u00f3n Vial, Walter Meneses; y Jorge Bergodne, quien ser\u00e1 el encargado de operar la nueva m\u00e1quina.<br \/>\n<a href=\"http:\/\/farm5.staticflickr.com\/4887\/46708498651_5fe4dc1360_z.jpg\" title=\"retroexcavadora4\" rel=\"\"><img loading=\"lazy\" decoding=\"async\" src=\"http:\/\/farm5.staticflickr.com\/4887\/46708498651_5fe4dc1360_z.jpg\" width=\"640\" height=\"426\" alt=\"retroexcavadora4\" title=\"retroexcavadora4\" class=\"aligncenter\"><\/a><br \/>\n<a href=\"http:\/\/farm8.staticflickr.com\/7807\/46708494221_6bec71ca8c_z.jpg\" title=\"retroexcavadora3\" rel=\"\"><img loading=\"lazy\" decoding=\"async\" src=\"http:\/\/farm8.staticflickr.com\/7807\/46708494221_6bec71ca8c_z.jpg\" width=\"640\" height=\"426\" alt=\"retroexcavadora3\" title=\"retroexcavadora3\" class=\"aligncenter\"><\/a><br \/>\n<a href=\"http:\/\/farm8.staticflickr.com\/7920\/32833553258_65205e6924_z.jpg\" title=\"retroexcavadora2\" rel=\"\"><img loading=\"lazy\" decoding=\"async\" src=\"http:\/\/farm8.staticflickr.com\/7920\/32833553258_65205e6924_z.jpg\" width=\"640\" height=\"426\" alt=\"retroexcavadora2\" title=\"retroexcavadora2\" class=\"aligncenter\"><\/a><\/p>\n","protected":false},"excerpt":{"rendered":"<p>En horas de la ma\u00f1ana, el intendente municipal Sergio Bordoni, hizo entrega de la llave de la nueva retroexcavadora New Holland Mod E215c, que se sumar\u00e1 al equipamiento de la Comisi\u00f3n Vial, para desarrollar tareas en caminos rurales.<\/p>\n","protected":false},"author":3,"featured_media":0,"comment_status":"closed","ping_status":"open","sticky":false,"template":"","format":"standard","meta":{"footnotes":""},"categories":[28],"tags":[],"class_list":["post-28120","post","type-post","status-publish","format-standard","hentry","category-municipales"],"yoast_head":"<!-- This site is optimized with the Yoast SEO plugin v25.9 - https:\/\/yoast.com\/wordpress\/plugins\/seo\/ -->\n<title>Tornquist Municipio incorpor\u00f3 una nueva retroexcavadora para caminos rurales - Noticias Radio Reflejos<\/title>\n<meta name=\"robots\" content=\"index, follow, max-snippet:-1, max-image-preview:large, max-video-preview:-1\" \/>\n<link rel=\"canonical\" href=\"https:\/\/www.noticiasradioreflejos.com.ar\/2021\/tornquist-municipio-incorporo-una-nueva-retroexcavadora-para-caminos-rurales\/\" \/>\n<meta property=\"og:locale\" content=\"es_ES\" \/>\n<meta property=\"og:type\" content=\"article\" \/>\n<meta property=\"og:title\" content=\"Tornquist Municipio incorpor\u00f3 una nueva retroexcavadora para caminos rurales - Noticias Radio Reflejos\" \/>\n<meta property=\"og:description\" content=\"En horas de la ma\u00f1ana, el intendente municipal Sergio Bordoni, hizo entrega de la llave de la nueva retroexcavadora New Holland Mod E215c, que se sumar\u00e1 al equipamiento de la Comisi\u00f3n Vial, para desarrollar tareas en caminos rurales.\" \/>\n<meta property=\"og:url\" content=\"https:\/\/www.noticiasradioreflejos.com.ar\/2021\/tornquist-municipio-incorporo-una-nueva-retroexcavadora-para-caminos-rurales\/\" \/>\n<meta property=\"og:site_name\" content=\"Noticias Radio Reflejos\" \/>\n<meta property=\"article:published_time\" content=\"2019-01-12T03:19:00+00:00\" \/>\n<meta property=\"og:image\" content=\"http:\/\/farm5.staticflickr.com\/4887\/46708498651_5fe4dc1360_z.jpg\" \/>\n<meta name=\"author\" content=\"Arnaldo Botto\" \/>\n<meta name=\"twitter:card\" content=\"summary_large_image\" \/>\n<script type=\"application\/ld+json\" class=\"yoast-schema-graph\">{\"@context\":\"https:\/\/schema.org\",\"@graph\":[{\"@type\":\"WebPage\",\"@id\":\"https:\/\/www.noticiasradioreflejos.com.ar\/2021\/tornquist-municipio-incorporo-una-nueva-retroexcavadora-para-caminos-rurales\/\",\"url\":\"https:\/\/www.noticiasradioreflejos.com.ar\/2021\/tornquist-municipio-incorporo-una-nueva-retroexcavadora-para-caminos-rurales\/\",\"name\":\"Tornquist Municipio incorpor\u00f3 una nueva retroexcavadora para caminos rurales - Noticias Radio Reflejos\",\"isPartOf\":{\"@id\":\"https:\/\/www.noticiasradioreflejos.com.ar\/2021\/#website\"},\"primaryImageOfPage\":{\"@id\":\"https:\/\/www.noticiasradioreflejos.com.ar\/2021\/tornquist-municipio-incorporo-una-nueva-retroexcavadora-para-caminos-rurales\/#primaryimage\"},\"image\":{\"@id\":\"https:\/\/www.noticiasradioreflejos.com.ar\/2021\/tornquist-municipio-incorporo-una-nueva-retroexcavadora-para-caminos-rurales\/#primaryimage\"},\"thumbnailUrl\":\"http:\/\/farm5.staticflickr.com\/4887\/46708498651_5fe4dc1360_z.jpg\",\"datePublished\":\"2019-01-12T03:19:00+00:00\",\"author\":{\"@id\":\"https:\/\/www.noticiasradioreflejos.com.ar\/2021\/#\/schema\/person\/ad82545263dcc5ec0996818884fd5fb1\"},\"breadcrumb\":{\"@id\":\"https:\/\/www.noticiasradioreflejos.com.ar\/2021\/tornquist-municipio-incorporo-una-nueva-retroexcavadora-para-caminos-rurales\/#breadcrumb\"},\"inLanguage\":\"es\",\"potentialAction\":[{\"@type\":\"ReadAction\",\"target\":[\"https:\/\/www.noticiasradioreflejos.com.ar\/2021\/tornquist-municipio-incorporo-una-nueva-retroexcavadora-para-caminos-rurales\/\"]}]},{\"@type\":\"ImageObject\",\"inLanguage\":\"es\",\"@id\":\"https:\/\/www.noticiasradioreflejos.com.ar\/2021\/tornquist-municipio-incorporo-una-nueva-retroexcavadora-para-caminos-rurales\/#primaryimage\",\"url\":\"http:\/\/farm5.staticflickr.com\/4887\/46708498651_5fe4dc1360_z.jpg\",\"contentUrl\":\"http:\/\/farm5.staticflickr.com\/4887\/46708498651_5fe4dc1360_z.jpg\"},{\"@type\":\"BreadcrumbList\",\"@id\":\"https:\/\/www.noticiasradioreflejos.com.ar\/2021\/tornquist-municipio-incorporo-una-nueva-retroexcavadora-para-caminos-rurales\/#breadcrumb\",\"itemListElement\":[{\"@type\":\"ListItem\",\"position\":1,\"name\":\"Portada\",\"item\":\"https:\/\/www.noticiasradioreflejos.com.ar\/2021\/\"},{\"@type\":\"ListItem\",\"position\":2,\"name\":\"Tornquist Municipio incorpor\u00f3 una nueva retroexcavadora para caminos rurales\"}]},{\"@type\":\"WebSite\",\"@id\":\"https:\/\/www.noticiasradioreflejos.com.ar\/2021\/#website\",\"url\":\"https:\/\/www.noticiasradioreflejos.com.ar\/2021\/\",\"name\":\"Noticias Radio Reflejos\",\"description\":\"Las noticias de mi comarca\",\"potentialAction\":[{\"@type\":\"SearchAction\",\"target\":{\"@type\":\"EntryPoint\",\"urlTemplate\":\"https:\/\/www.noticiasradioreflejos.com.ar\/2021\/?s={search_term_string}\"},\"query-input\":{\"@type\":\"PropertyValueSpecification\",\"valueRequired\":true,\"valueName\":\"search_term_string\"}}],\"inLanguage\":\"es\"},{\"@type\":\"Person\",\"@id\":\"https:\/\/www.noticiasradioreflejos.com.ar\/2021\/#\/schema\/person\/ad82545263dcc5ec0996818884fd5fb1\",\"name\":\"Arnaldo Botto\",\"image\":{\"@type\":\"ImageObject\",\"inLanguage\":\"es\",\"@id\":\"https:\/\/www.noticiasradioreflejos.com.ar\/2021\/#\/schema\/person\/image\/\",\"url\":\"https:\/\/secure.gravatar.com\/avatar\/55cb5e37c1efa326397366e6974cb338056df65cb50e7d64d1cf314e87504837?s=96&d=mm&r=g\",\"contentUrl\":\"https:\/\/secure.gravatar.com\/avatar\/55cb5e37c1efa326397366e6974cb338056df65cb50e7d64d1cf314e87504837?s=96&d=mm&r=g\",\"caption\":\"Arnaldo Botto\"},\"url\":\"https:\/\/www.noticiasradioreflejos.com.ar\/2021\/author\/arnaldo\/\"}]}<\/script>\n<!-- \/ Yoast SEO plugin. -->","yoast_head_json":{"title":"Tornquist Municipio incorpor\u00f3 una nueva retroexcavadora para caminos rurales - Noticias Radio Reflejos","robots":{"index":"index","follow":"follow","max-snippet":"max-snippet:-1","max-image-preview":"max-image-preview:large","max-video-preview":"max-video-preview:-1"},"canonical":"https:\/\/www.noticiasradioreflejos.com.ar\/2021\/tornquist-municipio-incorporo-una-nueva-retroexcavadora-para-caminos-rurales\/","og_locale":"es_ES","og_type":"article","og_title":"Tornquist Municipio incorpor\u00f3 una nueva retroexcavadora para caminos rurales - Noticias Radio Reflejos","og_description":"En horas de la ma\u00f1ana, el intendente municipal Sergio Bordoni, hizo entrega de la llave de la nueva retroexcavadora New Holland Mod E215c, que se sumar\u00e1 al equipamiento de la Comisi\u00f3n Vial, para desarrollar tareas en caminos rurales.","og_url":"https:\/\/www.noticiasradioreflejos.com.ar\/2021\/tornquist-municipio-incorporo-una-nueva-retroexcavadora-para-caminos-rurales\/","og_site_name":"Noticias Radio Reflejos","article_published_time":"2019-01-12T03:19:00+00:00","og_image":[{"url":"http:\/\/farm5.staticflickr.com\/4887\/46708498651_5fe4dc1360_z.jpg","type":"","width":"","height":""}],"author":"Arnaldo Botto","twitter_card":"summary_large_image","schema":{"@context":"https:\/\/schema.org","@graph":[{"@type":"WebPage","@id":"https:\/\/www.noticiasradioreflejos.com.ar\/2021\/tornquist-municipio-incorporo-una-nueva-retroexcavadora-para-caminos-rurales\/","url":"https:\/\/www.noticiasradioreflejos.com.ar\/2021\/tornquist-municipio-incorporo-una-nueva-retroexcavadora-para-caminos-rurales\/","name":"Tornquist Municipio incorpor\u00f3 una nueva retroexcavadora para caminos rurales - Noticias Radio Reflejos","isPartOf":{"@id":"https:\/\/www.noticiasradioreflejos.com.ar\/2021\/#website"},"primaryImageOfPage":{"@id":"https:\/\/www.noticiasradioreflejos.com.ar\/2021\/tornquist-municipio-incorporo-una-nueva-retroexcavadora-para-caminos-rurales\/#primaryimage"},"image":{"@id":"https:\/\/www.noticiasradioreflejos.com.ar\/2021\/tornquist-municipio-incorporo-una-nueva-retroexcavadora-para-caminos-rurales\/#primaryimage"},"thumbnailUrl":"http:\/\/farm5.staticflickr.com\/4887\/46708498651_5fe4dc1360_z.jpg","datePublished":"2019-01-12T03:19:00+00:00","author":{"@id":"https:\/\/www.noticiasradioreflejos.com.ar\/2021\/#\/schema\/person\/ad82545263dcc5ec0996818884fd5fb1"},"breadcrumb":{"@id":"https:\/\/www.noticiasradioreflejos.com.ar\/2021\/tornquist-municipio-incorporo-una-nueva-retroexcavadora-para-caminos-rurales\/#breadcrumb"},"inLanguage":"es","potentialAction":[{"@type":"ReadAction","target":["https:\/\/www.noticiasradioreflejos.com.ar\/2021\/tornquist-municipio-incorporo-una-nueva-retroexcavadora-para-caminos-rurales\/"]}]},{"@type":"ImageObject","inLanguage":"es","@id":"https:\/\/www.noticiasradioreflejos.com.ar\/2021\/tornquist-municipio-incorporo-una-nueva-retroexcavadora-para-caminos-rurales\/#primaryimage","url":"http:\/\/farm5.staticflickr.com\/4887\/46708498651_5fe4dc1360_z.jpg","contentUrl":"http:\/\/farm5.staticflickr.com\/4887\/46708498651_5fe4dc1360_z.jpg"},{"@type":"BreadcrumbList","@id":"https:\/\/www.noticiasradioreflejos.com.ar\/2021\/tornquist-municipio-incorporo-una-nueva-retroexcavadora-para-caminos-rurales\/#breadcrumb","itemListElement":[{"@type":"ListItem","position":1,"name":"Portada","item":"https:\/\/www.noticiasradioreflejos.com.ar\/2021\/"},{"@type":"ListItem","position":2,"name":"Tornquist Municipio incorpor\u00f3 una nueva retroexcavadora para caminos rurales"}]},{"@type":"WebSite","@id":"https:\/\/www.noticiasradioreflejos.com.ar\/2021\/#website","url":"https:\/\/www.noticiasradioreflejos.com.ar\/2021\/","name":"Noticias Radio Reflejos","description":"Las noticias de mi comarca","potentialAction":[{"@type":"SearchAction","target":{"@type":"EntryPoint","urlTemplate":"https:\/\/www.noticiasradioreflejos.com.ar\/2021\/?s={search_term_string}"},"query-input":{"@type":"PropertyValueSpecification","valueRequired":true,"valueName":"search_term_string"}}],"inLanguage":"es"},{"@type":"Person","@id":"https:\/\/www.noticiasradioreflejos.com.ar\/2021\/#\/schema\/person\/ad82545263dcc5ec0996818884fd5fb1","name":"Arnaldo Botto","image":{"@type":"ImageObject","inLanguage":"es","@id":"https:\/\/www.noticiasradioreflejos.com.ar\/2021\/#\/schema\/person\/image\/","url":"https:\/\/secure.gravatar.com\/avatar\/55cb5e37c1efa326397366e6974cb338056df65cb50e7d64d1cf314e87504837?s=96&d=mm&r=g","contentUrl":"https:\/\/secure.gravatar.com\/avatar\/55cb5e37c1efa326397366e6974cb338056df65cb50e7d64d1cf314e87504837?s=96&d=mm&r=g","caption":"Arnaldo Botto"},"url":"https:\/\/www.noticiasradioreflejos.com.ar\/2021\/author\/arnaldo\/"}]}},"_links":{"self":[{"href":"https:\/\/www.noticiasradioreflejos.com.ar\/2021\/wp-json\/wp\/v2\/posts\/28120","targetHints":{"allow":["GET"]}}],"collection":[{"href":"https:\/\/www.noticiasradioreflejos.com.ar\/2021\/wp-json\/wp\/v2\/posts"}],"about":[{"href":"https:\/\/www.noticiasradioreflejos.com.ar\/2021\/wp-json\/wp\/v2\/types\/post"}],"author":[{"embeddable":true,"href":"https:\/\/www.noticiasradioreflejos.com.ar\/2021\/wp-json\/wp\/v2\/users\/3"}],"replies":[{"embeddable":true,"href":"https:\/\/www.noticiasradioreflejos.com.ar\/2021\/wp-json\/wp\/v2\/comments?post=28120"}],"version-history":[{"count":0,"href":"https:\/\/www.noticiasradioreflejos.com.ar\/2021\/wp-json\/wp\/v2\/posts\/28120\/revisions"}],"wp:attachment":[{"href":"https:\/\/www.noticiasradioreflejos.com.ar\/2021\/wp-json\/wp\/v2\/media?parent=28120"}],"wp:term":[{"taxonomy":"category","embeddable":true,"href":"https:\/\/www.noticiasradioreflejos.com.ar\/2021\/wp-json\/wp\/v2\/categories?post=28120"},{"taxonomy":"post_tag","embeddable":true,"href":"https:\/\/www.noticiasradioreflejos.com.ar\/2021\/wp-json\/wp\/v2\/tags?post=28120"}],"curies":[{"name":"wp","href":"https:\/\/api.w.org\/{rel}","templated":true}]}}