{"id":28111,"date":"2019-01-12T00:02:46","date_gmt":"2019-01-12T03:02:46","guid":{"rendered":"http:\/\/www.noticiasradioreflejos.com.ar\/noticias\/?p=28111"},"modified":"2019-01-12T00:02:46","modified_gmt":"2019-01-12T03:02:46","slug":"aclaran-como-denunciar-al-dueno-de-un-terreno-sin-desmalezar","status":"publish","type":"post","link":"https:\/\/www.noticiasradioreflejos.com.ar\/2021\/aclaran-como-denunciar-al-dueno-de-un-terreno-sin-desmalezar\/","title":{"rendered":"Aclaran c\u00f3mo denunciar al due\u00f1o de un terreno sin desmalezar"},"content":{"rendered":"<p>La concejal de Cambiemos, Mar\u00eda Laura Biondini, explic\u00f3 esta ma\u00f1ana en LA BR\u00daJULA 24 d\u00f3nde se puede denunciar a aquellos privados que no cumplen con la limpieza de sus terrenos, o bien no desmalezan sus lotes, situaci\u00f3n que los exponen a posibles penalizaciones por parte de la comuna.<!--more--><br \/>\n\u00abCon la modificaci\u00f3n de la ordenanza que se realiz\u00f3 el a\u00f1o pasado, le brindamos al Ejecutivo herramientas para poder hacer algo m\u00e1s. Lo que falta es que el vecino entienda que el municipio no tiene que llegar a la instancia de intimar o multar. Hoy se carga el costo de la limpieza en el impuesto a aquel que no cumpla con el desmalezado\u00bb, mencion\u00f3 la autora del proyecto aprobado en 2018.<br \/>\n<a title=\"laura biondini\" href=\"http:\/\/farm8.staticflickr.com\/7852\/31766872127_a524bf8d5c_z.jpg\" rel=\"\"><img loading=\"lazy\" decoding=\"async\" class=\"aligncenter\" title=\"laura biondini\" src=\"http:\/\/farm8.staticflickr.com\/7852\/31766872127_a524bf8d5c_z.jpg\" alt=\"laura biondini\" width=\"640\" height=\"357\" \/><\/a><br \/>\nY resalt\u00f3 en el programa\u00a0<strong>\u00abTal Cual Es\u00bb<\/strong>: \u00abIncluso la comuna est\u00e1 facultada de contratar a una empresa para llevar adelante la tarea. Si alguien denuncia hoy, se le da el tiempo de unos d\u00edas al due\u00f1o para que ejecute la limpieza de su terreno. Otro de los puntos que se modific\u00f3 es que las multas eran irrisorias, por eso conven\u00eda acumularlas hasta una cancelaci\u00f3n total\u00bb.<br \/>\n\u00abSe le da la posibilidad a la persona con la intimaci\u00f3n, si a los diez d\u00edas no se limpi\u00f3 se genera una infracci\u00f3n, con intervenci\u00f3n del Juez de Faltas. Ese es el \u00faltimo recurso. La multa no puede ser nunca inferior a 10.400 pesos. Esto es partida por partida, sin tomar en cuenta si alguien es due\u00f1o de un macizo\u00bb, enfatiz\u00f3 Biondini en otro tramo de la entrevista radial.<br \/>\nPor \u00faltimo, puntualiz\u00f3 que \u00ablas denuncias pueden efectivizarse v\u00eda Web y alcanza con brindar el simple dato de la direcci\u00f3n a la cual se quiere intimar. Tambi\u00e9n se puede llamar al 4594000 (conmutador), interno 4807, donde se reciben los llamados espec\u00edficos en esta materia para hacer los relevamientos. O bien, al correo electr\u00f3nico:\u00a0<a href=\"mailto:inspeccionmantenimientourbano@gmail.com\" target=\"_blank\" rel=\"noopener noreferrer\" data-auth=\"NotApplicable\">inspeccionmantenimientourbano@gmail.com<\/a>\u00ab.<\/p>\n","protected":false},"excerpt":{"rendered":"<p>La concejal de Cambiemos, Mar\u00eda Laura Biondini, explic\u00f3 esta ma\u00f1ana en LA BR\u00daJULA 24 d\u00f3nde se puede denunciar a aquellos privados que no cumplen con la limpieza de sus terrenos, o bien no desmalezan sus lotes, situaci\u00f3n que los exponen a posibles penalizaciones por parte de la comuna.<\/p>\n","protected":false},"author":3,"featured_media":0,"comment_status":"closed","ping_status":"open","sticky":false,"template":"","format":"standard","meta":{"footnotes":""},"categories":[24],"tags":[],"class_list":["post-28111","post","type-post","status-publish","format-standard","hentry","category-politica"],"yoast_head":"<!-- This site is optimized with the Yoast SEO plugin v25.9 - https:\/\/yoast.com\/wordpress\/plugins\/seo\/ -->\n<title>Aclaran c\u00f3mo denunciar al due\u00f1o de un terreno sin desmalezar - Noticias Radio Reflejos<\/title>\n<meta name=\"robots\" content=\"index, follow, max-snippet:-1, max-image-preview:large, max-video-preview:-1\" \/>\n<link rel=\"canonical\" href=\"https:\/\/www.noticiasradioreflejos.com.ar\/2021\/aclaran-como-denunciar-al-dueno-de-un-terreno-sin-desmalezar\/\" \/>\n<meta property=\"og:locale\" content=\"es_ES\" \/>\n<meta property=\"og:type\" content=\"article\" \/>\n<meta property=\"og:title\" content=\"Aclaran c\u00f3mo denunciar al due\u00f1o de un terreno sin desmalezar - Noticias Radio Reflejos\" \/>\n<meta property=\"og:description\" content=\"La concejal de Cambiemos, Mar\u00eda Laura Biondini, explic\u00f3 esta ma\u00f1ana en LA BR\u00daJULA 24 d\u00f3nde se puede denunciar a aquellos privados que no cumplen con la limpieza de sus terrenos, o bien no desmalezan sus lotes, situaci\u00f3n que los exponen a posibles penalizaciones por parte de la comuna.\" \/>\n<meta property=\"og:url\" content=\"https:\/\/www.noticiasradioreflejos.com.ar\/2021\/aclaran-como-denunciar-al-dueno-de-un-terreno-sin-desmalezar\/\" \/>\n<meta property=\"og:site_name\" content=\"Noticias Radio Reflejos\" \/>\n<meta property=\"article:published_time\" content=\"2019-01-12T03:02:46+00:00\" \/>\n<meta property=\"og:image\" content=\"http:\/\/farm8.staticflickr.com\/7852\/31766872127_a524bf8d5c_z.jpg\" \/>\n<meta name=\"author\" content=\"Arnaldo Botto\" \/>\n<meta name=\"twitter:card\" content=\"summary_large_image\" \/>\n<script type=\"application\/ld+json\" class=\"yoast-schema-graph\">{\"@context\":\"https:\/\/schema.org\",\"@graph\":[{\"@type\":\"WebPage\",\"@id\":\"https:\/\/www.noticiasradioreflejos.com.ar\/2021\/aclaran-como-denunciar-al-dueno-de-un-terreno-sin-desmalezar\/\",\"url\":\"https:\/\/www.noticiasradioreflejos.com.ar\/2021\/aclaran-como-denunciar-al-dueno-de-un-terreno-sin-desmalezar\/\",\"name\":\"Aclaran c\u00f3mo denunciar al due\u00f1o de un terreno sin desmalezar - Noticias Radio Reflejos\",\"isPartOf\":{\"@id\":\"https:\/\/www.noticiasradioreflejos.com.ar\/2021\/#website\"},\"primaryImageOfPage\":{\"@id\":\"https:\/\/www.noticiasradioreflejos.com.ar\/2021\/aclaran-como-denunciar-al-dueno-de-un-terreno-sin-desmalezar\/#primaryimage\"},\"image\":{\"@id\":\"https:\/\/www.noticiasradioreflejos.com.ar\/2021\/aclaran-como-denunciar-al-dueno-de-un-terreno-sin-desmalezar\/#primaryimage\"},\"thumbnailUrl\":\"http:\/\/farm8.staticflickr.com\/7852\/31766872127_a524bf8d5c_z.jpg\",\"datePublished\":\"2019-01-12T03:02:46+00:00\",\"author\":{\"@id\":\"https:\/\/www.noticiasradioreflejos.com.ar\/2021\/#\/schema\/person\/ad82545263dcc5ec0996818884fd5fb1\"},\"breadcrumb\":{\"@id\":\"https:\/\/www.noticiasradioreflejos.com.ar\/2021\/aclaran-como-denunciar-al-dueno-de-un-terreno-sin-desmalezar\/#breadcrumb\"},\"inLanguage\":\"es\",\"potentialAction\":[{\"@type\":\"ReadAction\",\"target\":[\"https:\/\/www.noticiasradioreflejos.com.ar\/2021\/aclaran-como-denunciar-al-dueno-de-un-terreno-sin-desmalezar\/\"]}]},{\"@type\":\"ImageObject\",\"inLanguage\":\"es\",\"@id\":\"https:\/\/www.noticiasradioreflejos.com.ar\/2021\/aclaran-como-denunciar-al-dueno-de-un-terreno-sin-desmalezar\/#primaryimage\",\"url\":\"http:\/\/farm8.staticflickr.com\/7852\/31766872127_a524bf8d5c_z.jpg\",\"contentUrl\":\"http:\/\/farm8.staticflickr.com\/7852\/31766872127_a524bf8d5c_z.jpg\"},{\"@type\":\"BreadcrumbList\",\"@id\":\"https:\/\/www.noticiasradioreflejos.com.ar\/2021\/aclaran-como-denunciar-al-dueno-de-un-terreno-sin-desmalezar\/#breadcrumb\",\"itemListElement\":[{\"@type\":\"ListItem\",\"position\":1,\"name\":\"Portada\",\"item\":\"https:\/\/www.noticiasradioreflejos.com.ar\/2021\/\"},{\"@type\":\"ListItem\",\"position\":2,\"name\":\"Aclaran c\u00f3mo denunciar al due\u00f1o de un terreno sin desmalezar\"}]},{\"@type\":\"WebSite\",\"@id\":\"https:\/\/www.noticiasradioreflejos.com.ar\/2021\/#website\",\"url\":\"https:\/\/www.noticiasradioreflejos.com.ar\/2021\/\",\"name\":\"Noticias Radio Reflejos\",\"description\":\"Las noticias de mi comarca\",\"potentialAction\":[{\"@type\":\"SearchAction\",\"target\":{\"@type\":\"EntryPoint\",\"urlTemplate\":\"https:\/\/www.noticiasradioreflejos.com.ar\/2021\/?s={search_term_string}\"},\"query-input\":{\"@type\":\"PropertyValueSpecification\",\"valueRequired\":true,\"valueName\":\"search_term_string\"}}],\"inLanguage\":\"es\"},{\"@type\":\"Person\",\"@id\":\"https:\/\/www.noticiasradioreflejos.com.ar\/2021\/#\/schema\/person\/ad82545263dcc5ec0996818884fd5fb1\",\"name\":\"Arnaldo Botto\",\"image\":{\"@type\":\"ImageObject\",\"inLanguage\":\"es\",\"@id\":\"https:\/\/www.noticiasradioreflejos.com.ar\/2021\/#\/schema\/person\/image\/\",\"url\":\"https:\/\/secure.gravatar.com\/avatar\/55cb5e37c1efa326397366e6974cb338056df65cb50e7d64d1cf314e87504837?s=96&d=mm&r=g\",\"contentUrl\":\"https:\/\/secure.gravatar.com\/avatar\/55cb5e37c1efa326397366e6974cb338056df65cb50e7d64d1cf314e87504837?s=96&d=mm&r=g\",\"caption\":\"Arnaldo Botto\"},\"url\":\"https:\/\/www.noticiasradioreflejos.com.ar\/2021\/author\/arnaldo\/\"}]}<\/script>\n<!-- \/ Yoast SEO plugin. -->","yoast_head_json":{"title":"Aclaran c\u00f3mo denunciar al due\u00f1o de un terreno sin desmalezar - Noticias Radio Reflejos","robots":{"index":"index","follow":"follow","max-snippet":"max-snippet:-1","max-image-preview":"max-image-preview:large","max-video-preview":"max-video-preview:-1"},"canonical":"https:\/\/www.noticiasradioreflejos.com.ar\/2021\/aclaran-como-denunciar-al-dueno-de-un-terreno-sin-desmalezar\/","og_locale":"es_ES","og_type":"article","og_title":"Aclaran c\u00f3mo denunciar al due\u00f1o de un terreno sin desmalezar - Noticias Radio Reflejos","og_description":"La concejal de Cambiemos, Mar\u00eda Laura Biondini, explic\u00f3 esta ma\u00f1ana en LA BR\u00daJULA 24 d\u00f3nde se puede denunciar a aquellos privados que no cumplen con la limpieza de sus terrenos, o bien no desmalezan sus lotes, situaci\u00f3n que los exponen a posibles penalizaciones por parte de la comuna.","og_url":"https:\/\/www.noticiasradioreflejos.com.ar\/2021\/aclaran-como-denunciar-al-dueno-de-un-terreno-sin-desmalezar\/","og_site_name":"Noticias Radio Reflejos","article_published_time":"2019-01-12T03:02:46+00:00","og_image":[{"url":"http:\/\/farm8.staticflickr.com\/7852\/31766872127_a524bf8d5c_z.jpg","type":"","width":"","height":""}],"author":"Arnaldo Botto","twitter_card":"summary_large_image","schema":{"@context":"https:\/\/schema.org","@graph":[{"@type":"WebPage","@id":"https:\/\/www.noticiasradioreflejos.com.ar\/2021\/aclaran-como-denunciar-al-dueno-de-un-terreno-sin-desmalezar\/","url":"https:\/\/www.noticiasradioreflejos.com.ar\/2021\/aclaran-como-denunciar-al-dueno-de-un-terreno-sin-desmalezar\/","name":"Aclaran c\u00f3mo denunciar al due\u00f1o de un terreno sin desmalezar - Noticias Radio Reflejos","isPartOf":{"@id":"https:\/\/www.noticiasradioreflejos.com.ar\/2021\/#website"},"primaryImageOfPage":{"@id":"https:\/\/www.noticiasradioreflejos.com.ar\/2021\/aclaran-como-denunciar-al-dueno-de-un-terreno-sin-desmalezar\/#primaryimage"},"image":{"@id":"https:\/\/www.noticiasradioreflejos.com.ar\/2021\/aclaran-como-denunciar-al-dueno-de-un-terreno-sin-desmalezar\/#primaryimage"},"thumbnailUrl":"http:\/\/farm8.staticflickr.com\/7852\/31766872127_a524bf8d5c_z.jpg","datePublished":"2019-01-12T03:02:46+00:00","author":{"@id":"https:\/\/www.noticiasradioreflejos.com.ar\/2021\/#\/schema\/person\/ad82545263dcc5ec0996818884fd5fb1"},"breadcrumb":{"@id":"https:\/\/www.noticiasradioreflejos.com.ar\/2021\/aclaran-como-denunciar-al-dueno-de-un-terreno-sin-desmalezar\/#breadcrumb"},"inLanguage":"es","potentialAction":[{"@type":"ReadAction","target":["https:\/\/www.noticiasradioreflejos.com.ar\/2021\/aclaran-como-denunciar-al-dueno-de-un-terreno-sin-desmalezar\/"]}]},{"@type":"ImageObject","inLanguage":"es","@id":"https:\/\/www.noticiasradioreflejos.com.ar\/2021\/aclaran-como-denunciar-al-dueno-de-un-terreno-sin-desmalezar\/#primaryimage","url":"http:\/\/farm8.staticflickr.com\/7852\/31766872127_a524bf8d5c_z.jpg","contentUrl":"http:\/\/farm8.staticflickr.com\/7852\/31766872127_a524bf8d5c_z.jpg"},{"@type":"BreadcrumbList","@id":"https:\/\/www.noticiasradioreflejos.com.ar\/2021\/aclaran-como-denunciar-al-dueno-de-un-terreno-sin-desmalezar\/#breadcrumb","itemListElement":[{"@type":"ListItem","position":1,"name":"Portada","item":"https:\/\/www.noticiasradioreflejos.com.ar\/2021\/"},{"@type":"ListItem","position":2,"name":"Aclaran c\u00f3mo denunciar al due\u00f1o de un terreno sin desmalezar"}]},{"@type":"WebSite","@id":"https:\/\/www.noticiasradioreflejos.com.ar\/2021\/#website","url":"https:\/\/www.noticiasradioreflejos.com.ar\/2021\/","name":"Noticias Radio Reflejos","description":"Las noticias de mi comarca","potentialAction":[{"@type":"SearchAction","target":{"@type":"EntryPoint","urlTemplate":"https:\/\/www.noticiasradioreflejos.com.ar\/2021\/?s={search_term_string}"},"query-input":{"@type":"PropertyValueSpecification","valueRequired":true,"valueName":"search_term_string"}}],"inLanguage":"es"},{"@type":"Person","@id":"https:\/\/www.noticiasradioreflejos.com.ar\/2021\/#\/schema\/person\/ad82545263dcc5ec0996818884fd5fb1","name":"Arnaldo Botto","image":{"@type":"ImageObject","inLanguage":"es","@id":"https:\/\/www.noticiasradioreflejos.com.ar\/2021\/#\/schema\/person\/image\/","url":"https:\/\/secure.gravatar.com\/avatar\/55cb5e37c1efa326397366e6974cb338056df65cb50e7d64d1cf314e87504837?s=96&d=mm&r=g","contentUrl":"https:\/\/secure.gravatar.com\/avatar\/55cb5e37c1efa326397366e6974cb338056df65cb50e7d64d1cf314e87504837?s=96&d=mm&r=g","caption":"Arnaldo Botto"},"url":"https:\/\/www.noticiasradioreflejos.com.ar\/2021\/author\/arnaldo\/"}]}},"_links":{"self":[{"href":"https:\/\/www.noticiasradioreflejos.com.ar\/2021\/wp-json\/wp\/v2\/posts\/28111","targetHints":{"allow":["GET"]}}],"collection":[{"href":"https:\/\/www.noticiasradioreflejos.com.ar\/2021\/wp-json\/wp\/v2\/posts"}],"about":[{"href":"https:\/\/www.noticiasradioreflejos.com.ar\/2021\/wp-json\/wp\/v2\/types\/post"}],"author":[{"embeddable":true,"href":"https:\/\/www.noticiasradioreflejos.com.ar\/2021\/wp-json\/wp\/v2\/users\/3"}],"replies":[{"embeddable":true,"href":"https:\/\/www.noticiasradioreflejos.com.ar\/2021\/wp-json\/wp\/v2\/comments?post=28111"}],"version-history":[{"count":0,"href":"https:\/\/www.noticiasradioreflejos.com.ar\/2021\/wp-json\/wp\/v2\/posts\/28111\/revisions"}],"wp:attachment":[{"href":"https:\/\/www.noticiasradioreflejos.com.ar\/2021\/wp-json\/wp\/v2\/media?parent=28111"}],"wp:term":[{"taxonomy":"category","embeddable":true,"href":"https:\/\/www.noticiasradioreflejos.com.ar\/2021\/wp-json\/wp\/v2\/categories?post=28111"},{"taxonomy":"post_tag","embeddable":true,"href":"https:\/\/www.noticiasradioreflejos.com.ar\/2021\/wp-json\/wp\/v2\/tags?post=28111"}],"curies":[{"name":"wp","href":"https:\/\/api.w.org\/{rel}","templated":true}]}}