{"id":28108,"date":"2019-01-11T23:57:00","date_gmt":"2019-01-12T02:57:00","guid":{"rendered":"http:\/\/www.noticiasradioreflejos.com.ar\/noticias\/?p=28108"},"modified":"2019-01-11T23:57:00","modified_gmt":"2019-01-12T02:57:00","slug":"tres-picos-cuenta-con-un-nuevo-movil-policial","status":"publish","type":"post","link":"https:\/\/www.noticiasradioreflejos.com.ar\/2021\/tres-picos-cuenta-con-un-nuevo-movil-policial\/","title":{"rendered":"Tres Picos cuenta con un nuevo m\u00f3vil policial"},"content":{"rendered":"<p>Tornquist Municipio, a trav\u00e9s de la Secretaria de Seguridad, pone en conocimiento de la poblaci\u00f3n, que se ha restaurado un m\u00f3vil policial marca Toyota Hilux modelo 2015, que se ha destinado al Puesto de Vigilancia de Tres Picos.<!--more--><br \/>\nDe esta manera, la localidad cuenta con un veh\u00edculo puesto a nuevo para realizar las tareas de monitoreo y control, y continuar asegurando la tranquilidad de los vecinos.<br \/>\n<a href=\"http:\/\/farm8.staticflickr.com\/7819\/45793038685_8607bff24e_z.jpg\" title=\"movil nuevo3\" rel=\"\"><img loading=\"lazy\" decoding=\"async\" src=\"http:\/\/farm8.staticflickr.com\/7819\/45793038685_8607bff24e_z.jpg\" width=\"640\" height=\"480\" alt=\"movil nuevo3\" title=\"movil nuevo3\" class=\"aligncenter\"><\/a><br \/>\n<a href=\"http:\/\/farm5.staticflickr.com\/4827\/45793038885_9d220815e3_z.jpg\" title=\"movil nuevo2\" rel=\"\"><img loading=\"lazy\" decoding=\"async\" src=\"http:\/\/farm5.staticflickr.com\/4827\/45793038885_9d220815e3_z.jpg\" width=\"640\" height=\"346\" alt=\"movil nuevo2\" title=\"movil nuevo2\" class=\"aligncenter\"><\/a><\/p>\n","protected":false},"excerpt":{"rendered":"<p>Tornquist Municipio, a trav\u00e9s de la Secretaria de Seguridad, pone en conocimiento de la poblaci\u00f3n, que se ha restaurado un m\u00f3vil policial marca Toyota Hilux modelo 2015, que se ha destinado al Puesto de Vigilancia de Tres Picos.<\/p>\n","protected":false},"author":3,"featured_media":0,"comment_status":"closed","ping_status":"open","sticky":false,"template":"","format":"standard","meta":{"footnotes":""},"categories":[29],"tags":[],"class_list":["post-28108","post","type-post","status-publish","format-standard","hentry","category-policiales"],"yoast_head":"<!-- This site is optimized with the Yoast SEO plugin v25.9 - https:\/\/yoast.com\/wordpress\/plugins\/seo\/ -->\n<title>Tres Picos cuenta con un nuevo m\u00f3vil policial - Noticias Radio Reflejos<\/title>\n<meta name=\"robots\" content=\"index, follow, max-snippet:-1, max-image-preview:large, max-video-preview:-1\" \/>\n<link rel=\"canonical\" href=\"https:\/\/www.noticiasradioreflejos.com.ar\/2021\/tres-picos-cuenta-con-un-nuevo-movil-policial\/\" \/>\n<meta property=\"og:locale\" content=\"es_ES\" \/>\n<meta property=\"og:type\" content=\"article\" \/>\n<meta property=\"og:title\" content=\"Tres Picos cuenta con un nuevo m\u00f3vil policial - Noticias Radio Reflejos\" \/>\n<meta property=\"og:description\" content=\"Tornquist Municipio, a trav\u00e9s de la Secretaria de Seguridad, pone en conocimiento de la poblaci\u00f3n, que se ha restaurado un m\u00f3vil policial marca Toyota Hilux modelo 2015, que se ha destinado al Puesto de Vigilancia de Tres Picos.\" \/>\n<meta property=\"og:url\" content=\"https:\/\/www.noticiasradioreflejos.com.ar\/2021\/tres-picos-cuenta-con-un-nuevo-movil-policial\/\" \/>\n<meta property=\"og:site_name\" content=\"Noticias Radio Reflejos\" \/>\n<meta property=\"article:published_time\" content=\"2019-01-12T02:57:00+00:00\" \/>\n<meta property=\"og:image\" content=\"http:\/\/farm8.staticflickr.com\/7819\/45793038685_8607bff24e_z.jpg\" \/>\n<meta name=\"author\" content=\"Arnaldo Botto\" \/>\n<meta name=\"twitter:card\" content=\"summary_large_image\" \/>\n<script type=\"application\/ld+json\" class=\"yoast-schema-graph\">{\"@context\":\"https:\/\/schema.org\",\"@graph\":[{\"@type\":\"WebPage\",\"@id\":\"https:\/\/www.noticiasradioreflejos.com.ar\/2021\/tres-picos-cuenta-con-un-nuevo-movil-policial\/\",\"url\":\"https:\/\/www.noticiasradioreflejos.com.ar\/2021\/tres-picos-cuenta-con-un-nuevo-movil-policial\/\",\"name\":\"Tres Picos cuenta con un nuevo m\u00f3vil policial - Noticias Radio Reflejos\",\"isPartOf\":{\"@id\":\"https:\/\/www.noticiasradioreflejos.com.ar\/2021\/#website\"},\"primaryImageOfPage\":{\"@id\":\"https:\/\/www.noticiasradioreflejos.com.ar\/2021\/tres-picos-cuenta-con-un-nuevo-movil-policial\/#primaryimage\"},\"image\":{\"@id\":\"https:\/\/www.noticiasradioreflejos.com.ar\/2021\/tres-picos-cuenta-con-un-nuevo-movil-policial\/#primaryimage\"},\"thumbnailUrl\":\"http:\/\/farm8.staticflickr.com\/7819\/45793038685_8607bff24e_z.jpg\",\"datePublished\":\"2019-01-12T02:57:00+00:00\",\"author\":{\"@id\":\"https:\/\/www.noticiasradioreflejos.com.ar\/2021\/#\/schema\/person\/ad82545263dcc5ec0996818884fd5fb1\"},\"breadcrumb\":{\"@id\":\"https:\/\/www.noticiasradioreflejos.com.ar\/2021\/tres-picos-cuenta-con-un-nuevo-movil-policial\/#breadcrumb\"},\"inLanguage\":\"es\",\"potentialAction\":[{\"@type\":\"ReadAction\",\"target\":[\"https:\/\/www.noticiasradioreflejos.com.ar\/2021\/tres-picos-cuenta-con-un-nuevo-movil-policial\/\"]}]},{\"@type\":\"ImageObject\",\"inLanguage\":\"es\",\"@id\":\"https:\/\/www.noticiasradioreflejos.com.ar\/2021\/tres-picos-cuenta-con-un-nuevo-movil-policial\/#primaryimage\",\"url\":\"http:\/\/farm8.staticflickr.com\/7819\/45793038685_8607bff24e_z.jpg\",\"contentUrl\":\"http:\/\/farm8.staticflickr.com\/7819\/45793038685_8607bff24e_z.jpg\"},{\"@type\":\"BreadcrumbList\",\"@id\":\"https:\/\/www.noticiasradioreflejos.com.ar\/2021\/tres-picos-cuenta-con-un-nuevo-movil-policial\/#breadcrumb\",\"itemListElement\":[{\"@type\":\"ListItem\",\"position\":1,\"name\":\"Portada\",\"item\":\"https:\/\/www.noticiasradioreflejos.com.ar\/2021\/\"},{\"@type\":\"ListItem\",\"position\":2,\"name\":\"Tres Picos cuenta con un nuevo m\u00f3vil policial\"}]},{\"@type\":\"WebSite\",\"@id\":\"https:\/\/www.noticiasradioreflejos.com.ar\/2021\/#website\",\"url\":\"https:\/\/www.noticiasradioreflejos.com.ar\/2021\/\",\"name\":\"Noticias Radio Reflejos\",\"description\":\"Las noticias de mi comarca\",\"potentialAction\":[{\"@type\":\"SearchAction\",\"target\":{\"@type\":\"EntryPoint\",\"urlTemplate\":\"https:\/\/www.noticiasradioreflejos.com.ar\/2021\/?s={search_term_string}\"},\"query-input\":{\"@type\":\"PropertyValueSpecification\",\"valueRequired\":true,\"valueName\":\"search_term_string\"}}],\"inLanguage\":\"es\"},{\"@type\":\"Person\",\"@id\":\"https:\/\/www.noticiasradioreflejos.com.ar\/2021\/#\/schema\/person\/ad82545263dcc5ec0996818884fd5fb1\",\"name\":\"Arnaldo Botto\",\"image\":{\"@type\":\"ImageObject\",\"inLanguage\":\"es\",\"@id\":\"https:\/\/www.noticiasradioreflejos.com.ar\/2021\/#\/schema\/person\/image\/\",\"url\":\"https:\/\/secure.gravatar.com\/avatar\/55cb5e37c1efa326397366e6974cb338056df65cb50e7d64d1cf314e87504837?s=96&d=mm&r=g\",\"contentUrl\":\"https:\/\/secure.gravatar.com\/avatar\/55cb5e37c1efa326397366e6974cb338056df65cb50e7d64d1cf314e87504837?s=96&d=mm&r=g\",\"caption\":\"Arnaldo Botto\"},\"url\":\"https:\/\/www.noticiasradioreflejos.com.ar\/2021\/author\/arnaldo\/\"}]}<\/script>\n<!-- \/ Yoast SEO plugin. -->","yoast_head_json":{"title":"Tres Picos cuenta con un nuevo m\u00f3vil policial - Noticias Radio Reflejos","robots":{"index":"index","follow":"follow","max-snippet":"max-snippet:-1","max-image-preview":"max-image-preview:large","max-video-preview":"max-video-preview:-1"},"canonical":"https:\/\/www.noticiasradioreflejos.com.ar\/2021\/tres-picos-cuenta-con-un-nuevo-movil-policial\/","og_locale":"es_ES","og_type":"article","og_title":"Tres Picos cuenta con un nuevo m\u00f3vil policial - Noticias Radio Reflejos","og_description":"Tornquist Municipio, a trav\u00e9s de la Secretaria de Seguridad, pone en conocimiento de la poblaci\u00f3n, que se ha restaurado un m\u00f3vil policial marca Toyota Hilux modelo 2015, que se ha destinado al Puesto de Vigilancia de Tres Picos.","og_url":"https:\/\/www.noticiasradioreflejos.com.ar\/2021\/tres-picos-cuenta-con-un-nuevo-movil-policial\/","og_site_name":"Noticias Radio Reflejos","article_published_time":"2019-01-12T02:57:00+00:00","og_image":[{"url":"http:\/\/farm8.staticflickr.com\/7819\/45793038685_8607bff24e_z.jpg","type":"","width":"","height":""}],"author":"Arnaldo Botto","twitter_card":"summary_large_image","schema":{"@context":"https:\/\/schema.org","@graph":[{"@type":"WebPage","@id":"https:\/\/www.noticiasradioreflejos.com.ar\/2021\/tres-picos-cuenta-con-un-nuevo-movil-policial\/","url":"https:\/\/www.noticiasradioreflejos.com.ar\/2021\/tres-picos-cuenta-con-un-nuevo-movil-policial\/","name":"Tres Picos cuenta con un nuevo m\u00f3vil policial - Noticias Radio Reflejos","isPartOf":{"@id":"https:\/\/www.noticiasradioreflejos.com.ar\/2021\/#website"},"primaryImageOfPage":{"@id":"https:\/\/www.noticiasradioreflejos.com.ar\/2021\/tres-picos-cuenta-con-un-nuevo-movil-policial\/#primaryimage"},"image":{"@id":"https:\/\/www.noticiasradioreflejos.com.ar\/2021\/tres-picos-cuenta-con-un-nuevo-movil-policial\/#primaryimage"},"thumbnailUrl":"http:\/\/farm8.staticflickr.com\/7819\/45793038685_8607bff24e_z.jpg","datePublished":"2019-01-12T02:57:00+00:00","author":{"@id":"https:\/\/www.noticiasradioreflejos.com.ar\/2021\/#\/schema\/person\/ad82545263dcc5ec0996818884fd5fb1"},"breadcrumb":{"@id":"https:\/\/www.noticiasradioreflejos.com.ar\/2021\/tres-picos-cuenta-con-un-nuevo-movil-policial\/#breadcrumb"},"inLanguage":"es","potentialAction":[{"@type":"ReadAction","target":["https:\/\/www.noticiasradioreflejos.com.ar\/2021\/tres-picos-cuenta-con-un-nuevo-movil-policial\/"]}]},{"@type":"ImageObject","inLanguage":"es","@id":"https:\/\/www.noticiasradioreflejos.com.ar\/2021\/tres-picos-cuenta-con-un-nuevo-movil-policial\/#primaryimage","url":"http:\/\/farm8.staticflickr.com\/7819\/45793038685_8607bff24e_z.jpg","contentUrl":"http:\/\/farm8.staticflickr.com\/7819\/45793038685_8607bff24e_z.jpg"},{"@type":"BreadcrumbList","@id":"https:\/\/www.noticiasradioreflejos.com.ar\/2021\/tres-picos-cuenta-con-un-nuevo-movil-policial\/#breadcrumb","itemListElement":[{"@type":"ListItem","position":1,"name":"Portada","item":"https:\/\/www.noticiasradioreflejos.com.ar\/2021\/"},{"@type":"ListItem","position":2,"name":"Tres Picos cuenta con un nuevo m\u00f3vil policial"}]},{"@type":"WebSite","@id":"https:\/\/www.noticiasradioreflejos.com.ar\/2021\/#website","url":"https:\/\/www.noticiasradioreflejos.com.ar\/2021\/","name":"Noticias Radio Reflejos","description":"Las noticias de mi comarca","potentialAction":[{"@type":"SearchAction","target":{"@type":"EntryPoint","urlTemplate":"https:\/\/www.noticiasradioreflejos.com.ar\/2021\/?s={search_term_string}"},"query-input":{"@type":"PropertyValueSpecification","valueRequired":true,"valueName":"search_term_string"}}],"inLanguage":"es"},{"@type":"Person","@id":"https:\/\/www.noticiasradioreflejos.com.ar\/2021\/#\/schema\/person\/ad82545263dcc5ec0996818884fd5fb1","name":"Arnaldo Botto","image":{"@type":"ImageObject","inLanguage":"es","@id":"https:\/\/www.noticiasradioreflejos.com.ar\/2021\/#\/schema\/person\/image\/","url":"https:\/\/secure.gravatar.com\/avatar\/55cb5e37c1efa326397366e6974cb338056df65cb50e7d64d1cf314e87504837?s=96&d=mm&r=g","contentUrl":"https:\/\/secure.gravatar.com\/avatar\/55cb5e37c1efa326397366e6974cb338056df65cb50e7d64d1cf314e87504837?s=96&d=mm&r=g","caption":"Arnaldo Botto"},"url":"https:\/\/www.noticiasradioreflejos.com.ar\/2021\/author\/arnaldo\/"}]}},"_links":{"self":[{"href":"https:\/\/www.noticiasradioreflejos.com.ar\/2021\/wp-json\/wp\/v2\/posts\/28108","targetHints":{"allow":["GET"]}}],"collection":[{"href":"https:\/\/www.noticiasradioreflejos.com.ar\/2021\/wp-json\/wp\/v2\/posts"}],"about":[{"href":"https:\/\/www.noticiasradioreflejos.com.ar\/2021\/wp-json\/wp\/v2\/types\/post"}],"author":[{"embeddable":true,"href":"https:\/\/www.noticiasradioreflejos.com.ar\/2021\/wp-json\/wp\/v2\/users\/3"}],"replies":[{"embeddable":true,"href":"https:\/\/www.noticiasradioreflejos.com.ar\/2021\/wp-json\/wp\/v2\/comments?post=28108"}],"version-history":[{"count":0,"href":"https:\/\/www.noticiasradioreflejos.com.ar\/2021\/wp-json\/wp\/v2\/posts\/28108\/revisions"}],"wp:attachment":[{"href":"https:\/\/www.noticiasradioreflejos.com.ar\/2021\/wp-json\/wp\/v2\/media?parent=28108"}],"wp:term":[{"taxonomy":"category","embeddable":true,"href":"https:\/\/www.noticiasradioreflejos.com.ar\/2021\/wp-json\/wp\/v2\/categories?post=28108"},{"taxonomy":"post_tag","embeddable":true,"href":"https:\/\/www.noticiasradioreflejos.com.ar\/2021\/wp-json\/wp\/v2\/tags?post=28108"}],"curies":[{"name":"wp","href":"https:\/\/api.w.org\/{rel}","templated":true}]}}