{"id":281,"date":"2016-08-31T13:44:10","date_gmt":"2016-08-31T13:44:10","guid":{"rendered":"http:\/\/noticiasradioreflejos.com.ar\/noticias\/?p=281"},"modified":"2016-08-31T13:44:10","modified_gmt":"2016-08-31T13:44:10","slug":"el-escritor-serrano-patricio-eleisegui-convocado-por-diputados-para-hablar-de-agroquimicos","status":"publish","type":"post","link":"https:\/\/www.noticiasradioreflejos.com.ar\/2021\/el-escritor-serrano-patricio-eleisegui-convocado-por-diputados-para-hablar-de-agroquimicos\/","title":{"rendered":"El escritor serrano Patricio Eleisegui convocado por Diputados para hablar de agroquimicos"},"content":{"rendered":"<p><img loading=\"lazy\" decoding=\"async\" class=\"size-full wp-image-282 alignleft\" src=\"http:\/\/noticiasradioreflejos.com.ar\/noticias\/wp-content\/uploads\/2016\/08\/multimedia.grande.aca60233f3492680.7061746f5f6772616e64652e6a7067.jpg\" alt=\"multimedia.grande.aca60233f3492680.7061746f5f6772616e64652e6a7067\" width=\"530\" height=\"442\" \/>Patricio Eleisegui, periodista y escritor, experto en tema agroqu\u00edmicos que\u00a0vivi\u00f3 su ni\u00f1ez y estudi\u00f3 en Sierra de la Ventana; \u00a0estuvo hace unas semanas en Trenque Lauquen en donde particip\u00f3 del 7mo. Encuentro de Pueblos Fumigados fue convocado para disertar en la C\u00e1mara de Diputados de la Naci\u00f3n en el marco del debate de una nueva ley que regule la utilizaci\u00f3n y aplicaci\u00f3n de los mencionados productos.<br \/>\nEleisegui es\u00a0un ac\u00e9rrimo defensor del medio ambiente y la salud, y tiene en su haber una gran obra de investigaci\u00f3n period\u00edstica como lo es el libro \u00abEnvenenados\u00bb que se forj\u00f3 como el primer libro en esta rama de la literatura del pa\u00eds. Ha sido convocado por medios de otros pa\u00edses para ser gu\u00eda a la la hora de abordar estas cuestiones y conoce muy bien el tema y sus actores. Ahora, y acertadamente, ha sido convocado para abordar el tema ante la clase dirigente.<!--more--><br \/>\nPor ello, el pr\u00f3ximo martes 6 de septiembre va\u00a0a disertar en la C\u00e1mara de Diputados de la Naci\u00f3n, \u00abcon motivo de la inminente discusi\u00f3n de un proyecto de ley -a consensuar entre todos los bloques- para la regulaci\u00f3n del uso de agroqu\u00edmicos en la Argentina\u00bb, manifest\u00f3 en primera instancia a trav\u00e9s de la red social, Facebook.<br \/>\nLuego indic\u00f3 que \u00abde avanzar, ser\u00e1 el primer marco con alcance nacional\u00bb y a\u00f1adi\u00f3:\u00a0\u00abDurante la \u00faltima semana concret\u00e9 una reuni\u00f3n con asesores de la C\u00e1mara, en la que me efectuaron distintas consultas sobre la problem\u00e1tica, los aspectos clave a discutir, y ya tengo la invitaci\u00f3n formal para el 6. Mi participaci\u00f3n est\u00e1 confirmada para ese d\u00eda entre las 10 y las 13 horas\u00bb.<br \/>\nPor otra parte hizo extensiva una invitaci\u00f3n a todos aquellos que quieran acompa\u00f1arlo: \u00abLa actividad es abierta por lo que agradecer\u00e9 se acerquen si el tiempo y el destino los coloca cerca. De las exposiciones tambi\u00e9n tomar\u00e1n parte los patrones del modelo (CASAFE, AAPRESID, y el Gobierno) y tambi\u00e9n la Red de Acci\u00f3n en Plaguicidas y sus Alternativas para Am\u00e9rica Latina (RAP-AL) y la Red Universitaria de Ambiente y Salud (REDUAS) \u2013 M\u00e9dicos de Pueblos Fumigados. Referencia del lugar: Sala I piso 2\u00b0 anexo \u201cA\u201d de la Honorable C\u00e1mara de Diputados de la Naci\u00f3n, Av. Rivadavia 1841, Capital Federal\u00bb.<br \/>\nY concluy\u00f3 fiel a su estilo: \u00abSaldremos a cruzar espadas. Vengan, que los necesitamos a todos\u00bb.<br \/>\n<strong>Fuente Diario Lider<\/strong><\/p>\n","protected":false},"excerpt":{"rendered":"<p>Patricio Eleisegui, periodista y escritor, experto en tema agroqu\u00edmicos que\u00a0vivi\u00f3 su ni\u00f1ez y estudi\u00f3 en Sierra de la Ventana; \u00a0estuvo hace unas semanas en Trenque Lauquen en donde particip\u00f3 del 7mo. Encuentro de Pueblos Fumigados fue convocado para disertar en la C\u00e1mara de Diputados de la Naci\u00f3n en el marco del debate de una nueva [&hellip;]<\/p>\n","protected":false},"author":3,"featured_media":0,"comment_status":"closed","ping_status":"open","sticky":false,"template":"","format":"standard","meta":{"footnotes":""},"categories":[24],"tags":[],"class_list":["post-281","post","type-post","status-publish","format-standard","hentry","category-politica"],"yoast_head":"<!-- This site is optimized with the Yoast SEO plugin v25.9 - https:\/\/yoast.com\/wordpress\/plugins\/seo\/ -->\n<title>El escritor serrano Patricio Eleisegui convocado por Diputados para hablar de agroquimicos - Noticias Radio Reflejos<\/title>\n<meta name=\"robots\" content=\"index, follow, max-snippet:-1, max-image-preview:large, max-video-preview:-1\" \/>\n<link rel=\"canonical\" href=\"https:\/\/www.noticiasradioreflejos.com.ar\/2021\/el-escritor-serrano-patricio-eleisegui-convocado-por-diputados-para-hablar-de-agroquimicos\/\" \/>\n<meta property=\"og:locale\" content=\"es_ES\" \/>\n<meta property=\"og:type\" content=\"article\" \/>\n<meta property=\"og:title\" content=\"El escritor serrano Patricio Eleisegui convocado por Diputados para hablar de agroquimicos - Noticias Radio Reflejos\" \/>\n<meta property=\"og:description\" content=\"Patricio Eleisegui, periodista y escritor, experto en tema agroqu\u00edmicos que\u00a0vivi\u00f3 su ni\u00f1ez y estudi\u00f3 en Sierra de la Ventana; \u00a0estuvo hace unas semanas en Trenque Lauquen en donde particip\u00f3 del 7mo. Encuentro de Pueblos Fumigados fue convocado para disertar en la C\u00e1mara de Diputados de la Naci\u00f3n en el marco del debate de una nueva [&hellip;]\" \/>\n<meta property=\"og:url\" content=\"https:\/\/www.noticiasradioreflejos.com.ar\/2021\/el-escritor-serrano-patricio-eleisegui-convocado-por-diputados-para-hablar-de-agroquimicos\/\" \/>\n<meta property=\"og:site_name\" content=\"Noticias Radio Reflejos\" \/>\n<meta property=\"article:published_time\" content=\"2016-08-31T13:44:10+00:00\" \/>\n<meta property=\"og:image\" content=\"https:\/\/www.noticiasradioreflejos.com.ar\/2021\/wp-content\/uploads\/2021\/07\/logosol300x200.png\" \/>\n\t<meta property=\"og:image:width\" content=\"300\" \/>\n\t<meta property=\"og:image:height\" content=\"200\" \/>\n\t<meta property=\"og:image:type\" content=\"image\/png\" \/>\n<meta name=\"author\" content=\"Arnaldo Botto\" \/>\n<meta name=\"twitter:card\" content=\"summary_large_image\" \/>\n<script type=\"application\/ld+json\" class=\"yoast-schema-graph\">{\"@context\":\"https:\/\/schema.org\",\"@graph\":[{\"@type\":\"WebPage\",\"@id\":\"https:\/\/www.noticiasradioreflejos.com.ar\/2021\/el-escritor-serrano-patricio-eleisegui-convocado-por-diputados-para-hablar-de-agroquimicos\/\",\"url\":\"https:\/\/www.noticiasradioreflejos.com.ar\/2021\/el-escritor-serrano-patricio-eleisegui-convocado-por-diputados-para-hablar-de-agroquimicos\/\",\"name\":\"El escritor serrano Patricio Eleisegui convocado por Diputados para hablar de agroquimicos - Noticias Radio Reflejos\",\"isPartOf\":{\"@id\":\"https:\/\/www.noticiasradioreflejos.com.ar\/2021\/#website\"},\"primaryImageOfPage\":{\"@id\":\"https:\/\/www.noticiasradioreflejos.com.ar\/2021\/el-escritor-serrano-patricio-eleisegui-convocado-por-diputados-para-hablar-de-agroquimicos\/#primaryimage\"},\"image\":{\"@id\":\"https:\/\/www.noticiasradioreflejos.com.ar\/2021\/el-escritor-serrano-patricio-eleisegui-convocado-por-diputados-para-hablar-de-agroquimicos\/#primaryimage\"},\"thumbnailUrl\":\"http:\/\/noticiasradioreflejos.com.ar\/noticias\/wp-content\/uploads\/2016\/08\/multimedia.grande.aca60233f3492680.7061746f5f6772616e64652e6a7067.jpg\",\"datePublished\":\"2016-08-31T13:44:10+00:00\",\"author\":{\"@id\":\"https:\/\/www.noticiasradioreflejos.com.ar\/2021\/#\/schema\/person\/ad82545263dcc5ec0996818884fd5fb1\"},\"breadcrumb\":{\"@id\":\"https:\/\/www.noticiasradioreflejos.com.ar\/2021\/el-escritor-serrano-patricio-eleisegui-convocado-por-diputados-para-hablar-de-agroquimicos\/#breadcrumb\"},\"inLanguage\":\"es\",\"potentialAction\":[{\"@type\":\"ReadAction\",\"target\":[\"https:\/\/www.noticiasradioreflejos.com.ar\/2021\/el-escritor-serrano-patricio-eleisegui-convocado-por-diputados-para-hablar-de-agroquimicos\/\"]}]},{\"@type\":\"ImageObject\",\"inLanguage\":\"es\",\"@id\":\"https:\/\/www.noticiasradioreflejos.com.ar\/2021\/el-escritor-serrano-patricio-eleisegui-convocado-por-diputados-para-hablar-de-agroquimicos\/#primaryimage\",\"url\":\"http:\/\/noticiasradioreflejos.com.ar\/noticias\/wp-content\/uploads\/2016\/08\/multimedia.grande.aca60233f3492680.7061746f5f6772616e64652e6a7067.jpg\",\"contentUrl\":\"http:\/\/noticiasradioreflejos.com.ar\/noticias\/wp-content\/uploads\/2016\/08\/multimedia.grande.aca60233f3492680.7061746f5f6772616e64652e6a7067.jpg\"},{\"@type\":\"BreadcrumbList\",\"@id\":\"https:\/\/www.noticiasradioreflejos.com.ar\/2021\/el-escritor-serrano-patricio-eleisegui-convocado-por-diputados-para-hablar-de-agroquimicos\/#breadcrumb\",\"itemListElement\":[{\"@type\":\"ListItem\",\"position\":1,\"name\":\"Portada\",\"item\":\"https:\/\/www.noticiasradioreflejos.com.ar\/2021\/\"},{\"@type\":\"ListItem\",\"position\":2,\"name\":\"El escritor serrano Patricio Eleisegui convocado por Diputados para hablar de agroquimicos\"}]},{\"@type\":\"WebSite\",\"@id\":\"https:\/\/www.noticiasradioreflejos.com.ar\/2021\/#website\",\"url\":\"https:\/\/www.noticiasradioreflejos.com.ar\/2021\/\",\"name\":\"Noticias Radio Reflejos\",\"description\":\"Las noticias de mi comarca\",\"potentialAction\":[{\"@type\":\"SearchAction\",\"target\":{\"@type\":\"EntryPoint\",\"urlTemplate\":\"https:\/\/www.noticiasradioreflejos.com.ar\/2021\/?s={search_term_string}\"},\"query-input\":{\"@type\":\"PropertyValueSpecification\",\"valueRequired\":true,\"valueName\":\"search_term_string\"}}],\"inLanguage\":\"es\"},{\"@type\":\"Person\",\"@id\":\"https:\/\/www.noticiasradioreflejos.com.ar\/2021\/#\/schema\/person\/ad82545263dcc5ec0996818884fd5fb1\",\"name\":\"Arnaldo Botto\",\"image\":{\"@type\":\"ImageObject\",\"inLanguage\":\"es\",\"@id\":\"https:\/\/www.noticiasradioreflejos.com.ar\/2021\/#\/schema\/person\/image\/\",\"url\":\"https:\/\/secure.gravatar.com\/avatar\/55cb5e37c1efa326397366e6974cb338056df65cb50e7d64d1cf314e87504837?s=96&d=mm&r=g\",\"contentUrl\":\"https:\/\/secure.gravatar.com\/avatar\/55cb5e37c1efa326397366e6974cb338056df65cb50e7d64d1cf314e87504837?s=96&d=mm&r=g\",\"caption\":\"Arnaldo Botto\"},\"url\":\"https:\/\/www.noticiasradioreflejos.com.ar\/2021\/author\/arnaldo\/\"}]}<\/script>\n<!-- \/ Yoast SEO plugin. -->","yoast_head_json":{"title":"El escritor serrano Patricio Eleisegui convocado por Diputados para hablar de agroquimicos - Noticias Radio Reflejos","robots":{"index":"index","follow":"follow","max-snippet":"max-snippet:-1","max-image-preview":"max-image-preview:large","max-video-preview":"max-video-preview:-1"},"canonical":"https:\/\/www.noticiasradioreflejos.com.ar\/2021\/el-escritor-serrano-patricio-eleisegui-convocado-por-diputados-para-hablar-de-agroquimicos\/","og_locale":"es_ES","og_type":"article","og_title":"El escritor serrano Patricio Eleisegui convocado por Diputados para hablar de agroquimicos - Noticias Radio Reflejos","og_description":"Patricio Eleisegui, periodista y escritor, experto en tema agroqu\u00edmicos que\u00a0vivi\u00f3 su ni\u00f1ez y estudi\u00f3 en Sierra de la Ventana; \u00a0estuvo hace unas semanas en Trenque Lauquen en donde particip\u00f3 del 7mo. Encuentro de Pueblos Fumigados fue convocado para disertar en la C\u00e1mara de Diputados de la Naci\u00f3n en el marco del debate de una nueva [&hellip;]","og_url":"https:\/\/www.noticiasradioreflejos.com.ar\/2021\/el-escritor-serrano-patricio-eleisegui-convocado-por-diputados-para-hablar-de-agroquimicos\/","og_site_name":"Noticias Radio Reflejos","article_published_time":"2016-08-31T13:44:10+00:00","og_image":[{"width":300,"height":200,"url":"https:\/\/www.noticiasradioreflejos.com.ar\/2021\/wp-content\/uploads\/2021\/07\/logosol300x200.png","type":"image\/png"}],"author":"Arnaldo Botto","twitter_card":"summary_large_image","schema":{"@context":"https:\/\/schema.org","@graph":[{"@type":"WebPage","@id":"https:\/\/www.noticiasradioreflejos.com.ar\/2021\/el-escritor-serrano-patricio-eleisegui-convocado-por-diputados-para-hablar-de-agroquimicos\/","url":"https:\/\/www.noticiasradioreflejos.com.ar\/2021\/el-escritor-serrano-patricio-eleisegui-convocado-por-diputados-para-hablar-de-agroquimicos\/","name":"El escritor serrano Patricio Eleisegui convocado por Diputados para hablar de agroquimicos - Noticias Radio Reflejos","isPartOf":{"@id":"https:\/\/www.noticiasradioreflejos.com.ar\/2021\/#website"},"primaryImageOfPage":{"@id":"https:\/\/www.noticiasradioreflejos.com.ar\/2021\/el-escritor-serrano-patricio-eleisegui-convocado-por-diputados-para-hablar-de-agroquimicos\/#primaryimage"},"image":{"@id":"https:\/\/www.noticiasradioreflejos.com.ar\/2021\/el-escritor-serrano-patricio-eleisegui-convocado-por-diputados-para-hablar-de-agroquimicos\/#primaryimage"},"thumbnailUrl":"http:\/\/noticiasradioreflejos.com.ar\/noticias\/wp-content\/uploads\/2016\/08\/multimedia.grande.aca60233f3492680.7061746f5f6772616e64652e6a7067.jpg","datePublished":"2016-08-31T13:44:10+00:00","author":{"@id":"https:\/\/www.noticiasradioreflejos.com.ar\/2021\/#\/schema\/person\/ad82545263dcc5ec0996818884fd5fb1"},"breadcrumb":{"@id":"https:\/\/www.noticiasradioreflejos.com.ar\/2021\/el-escritor-serrano-patricio-eleisegui-convocado-por-diputados-para-hablar-de-agroquimicos\/#breadcrumb"},"inLanguage":"es","potentialAction":[{"@type":"ReadAction","target":["https:\/\/www.noticiasradioreflejos.com.ar\/2021\/el-escritor-serrano-patricio-eleisegui-convocado-por-diputados-para-hablar-de-agroquimicos\/"]}]},{"@type":"ImageObject","inLanguage":"es","@id":"https:\/\/www.noticiasradioreflejos.com.ar\/2021\/el-escritor-serrano-patricio-eleisegui-convocado-por-diputados-para-hablar-de-agroquimicos\/#primaryimage","url":"http:\/\/noticiasradioreflejos.com.ar\/noticias\/wp-content\/uploads\/2016\/08\/multimedia.grande.aca60233f3492680.7061746f5f6772616e64652e6a7067.jpg","contentUrl":"http:\/\/noticiasradioreflejos.com.ar\/noticias\/wp-content\/uploads\/2016\/08\/multimedia.grande.aca60233f3492680.7061746f5f6772616e64652e6a7067.jpg"},{"@type":"BreadcrumbList","@id":"https:\/\/www.noticiasradioreflejos.com.ar\/2021\/el-escritor-serrano-patricio-eleisegui-convocado-por-diputados-para-hablar-de-agroquimicos\/#breadcrumb","itemListElement":[{"@type":"ListItem","position":1,"name":"Portada","item":"https:\/\/www.noticiasradioreflejos.com.ar\/2021\/"},{"@type":"ListItem","position":2,"name":"El escritor serrano Patricio Eleisegui convocado por Diputados para hablar de agroquimicos"}]},{"@type":"WebSite","@id":"https:\/\/www.noticiasradioreflejos.com.ar\/2021\/#website","url":"https:\/\/www.noticiasradioreflejos.com.ar\/2021\/","name":"Noticias Radio Reflejos","description":"Las noticias de mi comarca","potentialAction":[{"@type":"SearchAction","target":{"@type":"EntryPoint","urlTemplate":"https:\/\/www.noticiasradioreflejos.com.ar\/2021\/?s={search_term_string}"},"query-input":{"@type":"PropertyValueSpecification","valueRequired":true,"valueName":"search_term_string"}}],"inLanguage":"es"},{"@type":"Person","@id":"https:\/\/www.noticiasradioreflejos.com.ar\/2021\/#\/schema\/person\/ad82545263dcc5ec0996818884fd5fb1","name":"Arnaldo Botto","image":{"@type":"ImageObject","inLanguage":"es","@id":"https:\/\/www.noticiasradioreflejos.com.ar\/2021\/#\/schema\/person\/image\/","url":"https:\/\/secure.gravatar.com\/avatar\/55cb5e37c1efa326397366e6974cb338056df65cb50e7d64d1cf314e87504837?s=96&d=mm&r=g","contentUrl":"https:\/\/secure.gravatar.com\/avatar\/55cb5e37c1efa326397366e6974cb338056df65cb50e7d64d1cf314e87504837?s=96&d=mm&r=g","caption":"Arnaldo Botto"},"url":"https:\/\/www.noticiasradioreflejos.com.ar\/2021\/author\/arnaldo\/"}]}},"_links":{"self":[{"href":"https:\/\/www.noticiasradioreflejos.com.ar\/2021\/wp-json\/wp\/v2\/posts\/281","targetHints":{"allow":["GET"]}}],"collection":[{"href":"https:\/\/www.noticiasradioreflejos.com.ar\/2021\/wp-json\/wp\/v2\/posts"}],"about":[{"href":"https:\/\/www.noticiasradioreflejos.com.ar\/2021\/wp-json\/wp\/v2\/types\/post"}],"author":[{"embeddable":true,"href":"https:\/\/www.noticiasradioreflejos.com.ar\/2021\/wp-json\/wp\/v2\/users\/3"}],"replies":[{"embeddable":true,"href":"https:\/\/www.noticiasradioreflejos.com.ar\/2021\/wp-json\/wp\/v2\/comments?post=281"}],"version-history":[{"count":0,"href":"https:\/\/www.noticiasradioreflejos.com.ar\/2021\/wp-json\/wp\/v2\/posts\/281\/revisions"}],"wp:attachment":[{"href":"https:\/\/www.noticiasradioreflejos.com.ar\/2021\/wp-json\/wp\/v2\/media?parent=281"}],"wp:term":[{"taxonomy":"category","embeddable":true,"href":"https:\/\/www.noticiasradioreflejos.com.ar\/2021\/wp-json\/wp\/v2\/categories?post=281"},{"taxonomy":"post_tag","embeddable":true,"href":"https:\/\/www.noticiasradioreflejos.com.ar\/2021\/wp-json\/wp\/v2\/tags?post=281"}],"curies":[{"name":"wp","href":"https:\/\/api.w.org\/{rel}","templated":true}]}}