{"id":28083,"date":"2019-01-10T23:49:36","date_gmt":"2019-01-11T02:49:36","guid":{"rendered":"http:\/\/www.noticiasradioreflejos.com.ar\/noticias\/?p=28083"},"modified":"2019-01-10T23:49:36","modified_gmt":"2019-01-11T02:49:36","slug":"monotributo-el-21-de-enero-vence-el-plazo-para-realizar-la-recategorizacion","status":"publish","type":"post","link":"https:\/\/www.noticiasradioreflejos.com.ar\/2021\/monotributo-el-21-de-enero-vence-el-plazo-para-realizar-la-recategorizacion\/","title":{"rendered":"Monotributo: El 21 de Enero vence el plazo para realizar la recategorizaci\u00f3n"},"content":{"rendered":"<p>* Puede hacerse desde la aplicaci\u00f3n m\u00f3vil o desde la web<br \/>\n* Es obligatoria para quienes hayan cambiado sus par\u00e1metros de categorizaci\u00f3n<br \/>\nLa Administraci\u00f3n Federal de Ingresos P\u00fablicos (AFIP) recuerda que el pr\u00f3ximo 21 de enero vence el plazo para realizar la recategorizaci\u00f3n de categor\u00eda y el pago mensual.<!--more--><br \/>\nLa operaci\u00f3n se puede hacer desde la p\u00e1gina <a href=\"http:\/\/www.monotributo.afip.gob.ar\">www.monotributo.afip.gob.ar<\/a> o desde la aplicaci\u00f3n m\u00f3vil \u00abMi Monotributo\u00bb disponible para: * iOS <a href=\"https:\/\/itunes.apple.com\/us\/app\/monotributo\/id1206482281?mt=8\">https:\/\/itunes.apple.com\/us\/app\/monotributo\/id1206482281?mt=8<\/a><br \/>\n* Android <a href=\"https:\/\/play.google.com\/store\/apps\/details?id=ar.gob.afip.mobile.android.contribuyentes.monotributo&amp;hl=es&amp;pcampaignid=MKT-Other-global-all-co-prtnr-py-PartBadge-Mar2515-1\">https:\/\/play.google.com\/store\/apps\/details?id=ar.gob.afip.mobile.android.contribuyentes.monotributo&amp;hl=es&amp;pcampaignid=MKT-Other-global-all-co-prtnr-py-PartBadge-Mar2515-1<\/a><br \/>\nLa recategorizaci\u00f3n es obligatoria para quienes hayan aumentado o disminuido algunos de sus par\u00e1metros de categorizaci\u00f3n como ser facturaci\u00f3n, consumos el\u00e9ctrico, o superficie, entre otros.<br \/>\nPara realizar la confirmaci\u00f3n se necesita tener la Clave Fiscal nivel de seguridad 2 o superior.<br \/>\nCabe recordar que desde enero rigen los nuevos valores tanto los aportes mensuales a cargo de los contribuyentes como los montos de facturaci\u00f3n m\u00e1xima.<br \/>\nEl monto a pagar es en base a la variaci\u00f3n que haya mostrado la Remuneraci\u00f3n Imponible Promedio de los Trabajadores Estables (Ripte)<br \/>\nPara la recategorizaci\u00f3n los monotributistas deber\u00e1n calcular los ingresos acumulados y la energ\u00eda el\u00e9ctrica utilizada en los 12 meses anteriores, as\u00ed como la superficie afectada.<br \/>\nSi los par\u00e1metros son superiores o inferiores a su categor\u00eda actual deber\u00e1 recategorizarse.<br \/>\nEl valor de la nueva categor\u00eda lo pagar\u00e1n con la cuota de febrero.<br \/>\n\u00bfC\u00f3mo realizar la recategorizaci\u00f3n?<br \/>\nAc\u00e1 se puede ver un tutorial sobre c\u00f3mo hacer la recategorizaci\u00f3n &gt; <a href=\"https:\/\/www.youtube.com\/watch?v=1aFJNbgobLs\">https:\/\/www.youtube.com\/watch?v=1aFJNbgobLs<\/a><br \/>\n1. Ingresando con clave fiscal al portal de Monotributo <a href=\"https:\/\/monotributo.afip.gob.ar\/Public\/Ayuda\/Index.aspx\">https:\/\/monotributo.afip.gob.ar\/Public\/Ayuda\/Index.aspx<\/a><br \/>\n2. Seleccionar la opci\u00f3n \u00abVer mi categor\u00eda &#8211; Recategorizarme\u00bb en la tarjeta \u00abMi Categor\u00eda &#8211; Recategorizaci\u00f3n\u00bb.<br \/>\n3. Seleccionar la opci\u00f3n \u00abContinuar recategorizaci\u00f3n\u00bb.<br \/>\n4. Indicar la opci\u00f3n \u00abImprimir credencial\u00bb.<br \/>\n5. Completar el formulario de Declaraci\u00f3n Jurada 184, informando los nuevos par\u00e1metros.<br \/>\n6. El sistema emitir\u00e1 el F.184 como comprobante de la recategorizaci\u00f3n realizada y la nueva Credencial de Pago.<br \/>\nSi no transcurrieron 12 meses desde el inicio de actividad \u00bfc\u00f3mo se debe de realizar el c\u00e1lculo a los efectos de la recategorizaci\u00f3n?<br \/>\nSi pasaron 6 meses completos o m\u00e1s desde el inicio de actividades al momento de la recategorizaci\u00f3n, se deber\u00e1n anualizar los par\u00e1metros para la recategorizaci\u00f3n.<br \/>\nEs decir, sumando los ingresos del semestre y dividirlos por 6 meses, luego multiplicar por 12.<br \/>\nDe no haber transcurrido seis meses completos, se mantendr\u00e1 la categorizaci\u00f3n inicial hasta el momento de la primera recategorizaci\u00f3n<\/p>\n","protected":false},"excerpt":{"rendered":"<p>* Puede hacerse desde la aplicaci\u00f3n m\u00f3vil o desde la web * Es obligatoria para quienes hayan cambiado sus par\u00e1metros de categorizaci\u00f3n La Administraci\u00f3n Federal de Ingresos P\u00fablicos (AFIP) recuerda que el pr\u00f3ximo 21 de enero vence el plazo para realizar la recategorizaci\u00f3n de categor\u00eda y el pago mensual.<\/p>\n","protected":false},"author":3,"featured_media":0,"comment_status":"closed","ping_status":"open","sticky":false,"template":"","format":"standard","meta":{"footnotes":""},"categories":[36],"tags":[],"class_list":["post-28083","post","type-post","status-publish","format-standard","hentry","category-economia"],"yoast_head":"<!-- This site is optimized with the Yoast SEO plugin v25.9 - https:\/\/yoast.com\/wordpress\/plugins\/seo\/ -->\n<title>Monotributo: El 21 de Enero vence el plazo para realizar la recategorizaci\u00f3n - Noticias Radio Reflejos<\/title>\n<meta name=\"robots\" content=\"index, follow, max-snippet:-1, max-image-preview:large, max-video-preview:-1\" \/>\n<link rel=\"canonical\" href=\"https:\/\/www.noticiasradioreflejos.com.ar\/2021\/monotributo-el-21-de-enero-vence-el-plazo-para-realizar-la-recategorizacion\/\" \/>\n<meta property=\"og:locale\" content=\"es_ES\" \/>\n<meta property=\"og:type\" content=\"article\" \/>\n<meta property=\"og:title\" content=\"Monotributo: El 21 de Enero vence el plazo para realizar la recategorizaci\u00f3n - Noticias Radio Reflejos\" \/>\n<meta property=\"og:description\" content=\"* Puede hacerse desde la aplicaci\u00f3n m\u00f3vil o desde la web * Es obligatoria para quienes hayan cambiado sus par\u00e1metros de categorizaci\u00f3n La Administraci\u00f3n Federal de Ingresos P\u00fablicos (AFIP) recuerda que el pr\u00f3ximo 21 de enero vence el plazo para realizar la recategorizaci\u00f3n de categor\u00eda y el pago mensual.\" \/>\n<meta property=\"og:url\" content=\"https:\/\/www.noticiasradioreflejos.com.ar\/2021\/monotributo-el-21-de-enero-vence-el-plazo-para-realizar-la-recategorizacion\/\" \/>\n<meta property=\"og:site_name\" content=\"Noticias Radio Reflejos\" \/>\n<meta property=\"article:published_time\" content=\"2019-01-11T02:49:36+00:00\" \/>\n<meta property=\"og:image\" content=\"https:\/\/www.noticiasradioreflejos.com.ar\/2021\/wp-content\/uploads\/2021\/07\/logosol300x200.png\" \/>\n\t<meta property=\"og:image:width\" content=\"300\" \/>\n\t<meta property=\"og:image:height\" content=\"200\" \/>\n\t<meta property=\"og:image:type\" content=\"image\/png\" \/>\n<meta name=\"author\" content=\"Arnaldo Botto\" \/>\n<meta name=\"twitter:card\" content=\"summary_large_image\" \/>\n<script type=\"application\/ld+json\" class=\"yoast-schema-graph\">{\"@context\":\"https:\/\/schema.org\",\"@graph\":[{\"@type\":\"WebPage\",\"@id\":\"https:\/\/www.noticiasradioreflejos.com.ar\/2021\/monotributo-el-21-de-enero-vence-el-plazo-para-realizar-la-recategorizacion\/\",\"url\":\"https:\/\/www.noticiasradioreflejos.com.ar\/2021\/monotributo-el-21-de-enero-vence-el-plazo-para-realizar-la-recategorizacion\/\",\"name\":\"Monotributo: El 21 de Enero vence el plazo para realizar la recategorizaci\u00f3n - Noticias Radio Reflejos\",\"isPartOf\":{\"@id\":\"https:\/\/www.noticiasradioreflejos.com.ar\/2021\/#website\"},\"datePublished\":\"2019-01-11T02:49:36+00:00\",\"author\":{\"@id\":\"https:\/\/www.noticiasradioreflejos.com.ar\/2021\/#\/schema\/person\/ad82545263dcc5ec0996818884fd5fb1\"},\"breadcrumb\":{\"@id\":\"https:\/\/www.noticiasradioreflejos.com.ar\/2021\/monotributo-el-21-de-enero-vence-el-plazo-para-realizar-la-recategorizacion\/#breadcrumb\"},\"inLanguage\":\"es\",\"potentialAction\":[{\"@type\":\"ReadAction\",\"target\":[\"https:\/\/www.noticiasradioreflejos.com.ar\/2021\/monotributo-el-21-de-enero-vence-el-plazo-para-realizar-la-recategorizacion\/\"]}]},{\"@type\":\"BreadcrumbList\",\"@id\":\"https:\/\/www.noticiasradioreflejos.com.ar\/2021\/monotributo-el-21-de-enero-vence-el-plazo-para-realizar-la-recategorizacion\/#breadcrumb\",\"itemListElement\":[{\"@type\":\"ListItem\",\"position\":1,\"name\":\"Portada\",\"item\":\"https:\/\/www.noticiasradioreflejos.com.ar\/2021\/\"},{\"@type\":\"ListItem\",\"position\":2,\"name\":\"Monotributo: El 21 de Enero vence el plazo para realizar la recategorizaci\u00f3n\"}]},{\"@type\":\"WebSite\",\"@id\":\"https:\/\/www.noticiasradioreflejos.com.ar\/2021\/#website\",\"url\":\"https:\/\/www.noticiasradioreflejos.com.ar\/2021\/\",\"name\":\"Noticias Radio Reflejos\",\"description\":\"Las noticias de mi comarca\",\"potentialAction\":[{\"@type\":\"SearchAction\",\"target\":{\"@type\":\"EntryPoint\",\"urlTemplate\":\"https:\/\/www.noticiasradioreflejos.com.ar\/2021\/?s={search_term_string}\"},\"query-input\":{\"@type\":\"PropertyValueSpecification\",\"valueRequired\":true,\"valueName\":\"search_term_string\"}}],\"inLanguage\":\"es\"},{\"@type\":\"Person\",\"@id\":\"https:\/\/www.noticiasradioreflejos.com.ar\/2021\/#\/schema\/person\/ad82545263dcc5ec0996818884fd5fb1\",\"name\":\"Arnaldo Botto\",\"image\":{\"@type\":\"ImageObject\",\"inLanguage\":\"es\",\"@id\":\"https:\/\/www.noticiasradioreflejos.com.ar\/2021\/#\/schema\/person\/image\/\",\"url\":\"https:\/\/secure.gravatar.com\/avatar\/55cb5e37c1efa326397366e6974cb338056df65cb50e7d64d1cf314e87504837?s=96&d=mm&r=g\",\"contentUrl\":\"https:\/\/secure.gravatar.com\/avatar\/55cb5e37c1efa326397366e6974cb338056df65cb50e7d64d1cf314e87504837?s=96&d=mm&r=g\",\"caption\":\"Arnaldo Botto\"},\"url\":\"https:\/\/www.noticiasradioreflejos.com.ar\/2021\/author\/arnaldo\/\"}]}<\/script>\n<!-- \/ Yoast SEO plugin. -->","yoast_head_json":{"title":"Monotributo: El 21 de Enero vence el plazo para realizar la recategorizaci\u00f3n - Noticias Radio Reflejos","robots":{"index":"index","follow":"follow","max-snippet":"max-snippet:-1","max-image-preview":"max-image-preview:large","max-video-preview":"max-video-preview:-1"},"canonical":"https:\/\/www.noticiasradioreflejos.com.ar\/2021\/monotributo-el-21-de-enero-vence-el-plazo-para-realizar-la-recategorizacion\/","og_locale":"es_ES","og_type":"article","og_title":"Monotributo: El 21 de Enero vence el plazo para realizar la recategorizaci\u00f3n - Noticias Radio Reflejos","og_description":"* Puede hacerse desde la aplicaci\u00f3n m\u00f3vil o desde la web * Es obligatoria para quienes hayan cambiado sus par\u00e1metros de categorizaci\u00f3n La Administraci\u00f3n Federal de Ingresos P\u00fablicos (AFIP) recuerda que el pr\u00f3ximo 21 de enero vence el plazo para realizar la recategorizaci\u00f3n de categor\u00eda y el pago mensual.","og_url":"https:\/\/www.noticiasradioreflejos.com.ar\/2021\/monotributo-el-21-de-enero-vence-el-plazo-para-realizar-la-recategorizacion\/","og_site_name":"Noticias Radio Reflejos","article_published_time":"2019-01-11T02:49:36+00:00","og_image":[{"width":300,"height":200,"url":"https:\/\/www.noticiasradioreflejos.com.ar\/2021\/wp-content\/uploads\/2021\/07\/logosol300x200.png","type":"image\/png"}],"author":"Arnaldo Botto","twitter_card":"summary_large_image","schema":{"@context":"https:\/\/schema.org","@graph":[{"@type":"WebPage","@id":"https:\/\/www.noticiasradioreflejos.com.ar\/2021\/monotributo-el-21-de-enero-vence-el-plazo-para-realizar-la-recategorizacion\/","url":"https:\/\/www.noticiasradioreflejos.com.ar\/2021\/monotributo-el-21-de-enero-vence-el-plazo-para-realizar-la-recategorizacion\/","name":"Monotributo: El 21 de Enero vence el plazo para realizar la recategorizaci\u00f3n - Noticias Radio Reflejos","isPartOf":{"@id":"https:\/\/www.noticiasradioreflejos.com.ar\/2021\/#website"},"datePublished":"2019-01-11T02:49:36+00:00","author":{"@id":"https:\/\/www.noticiasradioreflejos.com.ar\/2021\/#\/schema\/person\/ad82545263dcc5ec0996818884fd5fb1"},"breadcrumb":{"@id":"https:\/\/www.noticiasradioreflejos.com.ar\/2021\/monotributo-el-21-de-enero-vence-el-plazo-para-realizar-la-recategorizacion\/#breadcrumb"},"inLanguage":"es","potentialAction":[{"@type":"ReadAction","target":["https:\/\/www.noticiasradioreflejos.com.ar\/2021\/monotributo-el-21-de-enero-vence-el-plazo-para-realizar-la-recategorizacion\/"]}]},{"@type":"BreadcrumbList","@id":"https:\/\/www.noticiasradioreflejos.com.ar\/2021\/monotributo-el-21-de-enero-vence-el-plazo-para-realizar-la-recategorizacion\/#breadcrumb","itemListElement":[{"@type":"ListItem","position":1,"name":"Portada","item":"https:\/\/www.noticiasradioreflejos.com.ar\/2021\/"},{"@type":"ListItem","position":2,"name":"Monotributo: El 21 de Enero vence el plazo para realizar la recategorizaci\u00f3n"}]},{"@type":"WebSite","@id":"https:\/\/www.noticiasradioreflejos.com.ar\/2021\/#website","url":"https:\/\/www.noticiasradioreflejos.com.ar\/2021\/","name":"Noticias Radio Reflejos","description":"Las noticias de mi comarca","potentialAction":[{"@type":"SearchAction","target":{"@type":"EntryPoint","urlTemplate":"https:\/\/www.noticiasradioreflejos.com.ar\/2021\/?s={search_term_string}"},"query-input":{"@type":"PropertyValueSpecification","valueRequired":true,"valueName":"search_term_string"}}],"inLanguage":"es"},{"@type":"Person","@id":"https:\/\/www.noticiasradioreflejos.com.ar\/2021\/#\/schema\/person\/ad82545263dcc5ec0996818884fd5fb1","name":"Arnaldo Botto","image":{"@type":"ImageObject","inLanguage":"es","@id":"https:\/\/www.noticiasradioreflejos.com.ar\/2021\/#\/schema\/person\/image\/","url":"https:\/\/secure.gravatar.com\/avatar\/55cb5e37c1efa326397366e6974cb338056df65cb50e7d64d1cf314e87504837?s=96&d=mm&r=g","contentUrl":"https:\/\/secure.gravatar.com\/avatar\/55cb5e37c1efa326397366e6974cb338056df65cb50e7d64d1cf314e87504837?s=96&d=mm&r=g","caption":"Arnaldo Botto"},"url":"https:\/\/www.noticiasradioreflejos.com.ar\/2021\/author\/arnaldo\/"}]}},"_links":{"self":[{"href":"https:\/\/www.noticiasradioreflejos.com.ar\/2021\/wp-json\/wp\/v2\/posts\/28083","targetHints":{"allow":["GET"]}}],"collection":[{"href":"https:\/\/www.noticiasradioreflejos.com.ar\/2021\/wp-json\/wp\/v2\/posts"}],"about":[{"href":"https:\/\/www.noticiasradioreflejos.com.ar\/2021\/wp-json\/wp\/v2\/types\/post"}],"author":[{"embeddable":true,"href":"https:\/\/www.noticiasradioreflejos.com.ar\/2021\/wp-json\/wp\/v2\/users\/3"}],"replies":[{"embeddable":true,"href":"https:\/\/www.noticiasradioreflejos.com.ar\/2021\/wp-json\/wp\/v2\/comments?post=28083"}],"version-history":[{"count":0,"href":"https:\/\/www.noticiasradioreflejos.com.ar\/2021\/wp-json\/wp\/v2\/posts\/28083\/revisions"}],"wp:attachment":[{"href":"https:\/\/www.noticiasradioreflejos.com.ar\/2021\/wp-json\/wp\/v2\/media?parent=28083"}],"wp:term":[{"taxonomy":"category","embeddable":true,"href":"https:\/\/www.noticiasradioreflejos.com.ar\/2021\/wp-json\/wp\/v2\/categories?post=28083"},{"taxonomy":"post_tag","embeddable":true,"href":"https:\/\/www.noticiasradioreflejos.com.ar\/2021\/wp-json\/wp\/v2\/tags?post=28083"}],"curies":[{"name":"wp","href":"https:\/\/api.w.org\/{rel}","templated":true}]}}