{"id":28068,"date":"2019-01-10T13:22:20","date_gmt":"2019-01-10T16:22:20","guid":{"rendered":"http:\/\/www.noticiasradioreflejos.com.ar\/noticias\/?p=28068"},"modified":"2019-01-10T13:22:20","modified_gmt":"2019-01-10T16:22:20","slug":"el-viejo-mercado-de-saldungaray-un-emprendimiento-laboral-social-y-productivo","status":"publish","type":"post","link":"https:\/\/www.noticiasradioreflejos.com.ar\/2021\/el-viejo-mercado-de-saldungaray-un-emprendimiento-laboral-social-y-productivo\/","title":{"rendered":"&quot;El Viejo Mercado de Saldungaray&quot; un emprendimiento laboral, social y productivo."},"content":{"rendered":"<p><a title=\"WhatsApp Image 2019-01-08 at 11.09.15\" href=\"http:\/\/farm8.staticflickr.com\/7817\/39725668293_db6fbd4603.jpg\" rel=\"\"><img loading=\"lazy\" decoding=\"async\" class=\"alignleft\" style=\"float: left;\" title=\"WhatsApp Image 2019-01-08 at 11.09.15\" src=\"http:\/\/farm8.staticflickr.com\/7817\/39725668293_db6fbd4603.jpg\" alt=\"WhatsApp Image 2019-01-08 at 11.09.15\" width=\"281\" height=\"500\" \/><\/a>Siete familias de la comarca elaboran productos artesanales en el restaurado edificio, que construy\u00f3 el Ing. Arq. Francisco Salamone, y hoy es su medio de vida. Panificados, encurtidos, dulces y licores forman la lista que se vende al p\u00fablico local y que ofrece una alternativa de sabor local a los visitantes.<!--more--><br \/>\nDesde octubre del a\u00f1o pasado, Diego Ciava es el Coordinador de este lugar que pertenece al Municipio de Tornquist, que ejerce los controles sanitarios y bromatol\u00f3gicos, apoyando la labor de quienes aprovechan este espacio para sus elaboraciones artesanales.<br \/>\nDiego explica c\u00f3mo trabajan y los resultados de este emprendimiento, del cual 7 familias logran los ingresos necesarios para una vida digna.<br \/>\n<a title=\"WhatsApp Image 2019-01-08 at 10.53.00 (1)\" href=\"http:\/\/farm5.staticflickr.com\/4814\/39725668573_6328b06104.jpg\" rel=\"\"><img loading=\"lazy\" decoding=\"async\" class=\"alignleft\" style=\"float: left;\" title=\"WhatsApp Image 2019-01-08 at 10.53.00 (1)\" src=\"http:\/\/farm5.staticflickr.com\/4814\/39725668573_6328b06104.jpg\" alt=\"WhatsApp Image 2019-01-08 at 10.53.00 (1)\" width=\"500\" height=\"354\" \/><\/a>Con todas las medidas de higiene, el resguardo de salubridad y maquinarias que les permiten una mayor producci\u00f3n y eficiencia, los trabajadores asisten en diferentes turnos y horarios para su labor. Todo sale con la etiqueta del \u00abViejo Mercado de Saldungaray\u00bb y los detalles de sus elaboradores en el r\u00f3tulo trasero, nos explica Diego con entusiasmo apuntando que hay mucho trabajo para este 2019 asegurando por parte del Ministerio de Naci\u00f3n y el Municipio la continuidad del Proyecto.<br \/>\n\u00abSe hacen unos ricos alfajores de maizena de yerba mate espectaculares, son verdes, porque hace el mate cocido digamos, usa eso, lo deja reducir , en vez de usar agua el medio liquido es ese. Hay que reinventar\u00bb.<br \/>\n\u00abDesde el primero de Octubre yo soy el coordinador de tareas y esto es un proyecto que depende de naci\u00f3n, se utilizan las instalaciones del mercado municipal, pero el proyecto depende de naci\u00f3n, donde se subsidia la harina, el az\u00facar y el aceite, tres materias primas, el lugar sirve solamente para hacer panificados, si no se trabaja con harina, no esta habilitado para productos c\u00e1rnicos, porque muchos me hab\u00edan preguntado si se pod\u00eda hacer escabeches de vizcacha, carpincho, jabal\u00ed, y no, c\u00e1rnico nada, no solamente por el manejo, sino porque no hay una c\u00e1mara de fr\u00edo acorde, si tenemos que guardar un volumen de carne grande, no tenemos lugar, tambi\u00e9n por las contaminaciones cruzadas y todo lo que tiene que ver con la manipulaci\u00f3n de alimentos, por el momento tenemos que reforzar esas actividades, esto depende de naci\u00f3n y la persona que va a trabajar ah\u00ed tiene todo eso a mano para hacer sus productos, en el caso de los pan dulces ya sea chips de chocolate, fruta, levadura, todas esas cosas, tiene que comprarla el elaborador, despu\u00e9s esta el local de venta, donde se exponen todos los productos para comprar, y a su vez cada elaborador tiene su clientela, salen a repartir y tienen que hacerse ellos su propio camino digamos, el local de venta esta abierto al publico, por el momento no se hacen visitas guiadas, si bien hay puertas intermedias que tienen mosquiteros, para controlar la mosca, con eso se controla\u00bb.<br \/>\n\u00abEn este momento viven 7 familias de esto, la marca es (\u00abEl viejo mercado de Saldungaray\u00bb), atr\u00e1s o al dorso se pone la rotulaci\u00f3n, el numero de rotulo y el numero de habilitaci\u00f3n del producto correspondiente de cada persona, con la marca propia de cada uno\u00bb.<br \/>\n\u00abHay entusiasmo y este proyecto continua, hay buena proyecci\u00f3n, hay que hacer trabajo, hay que trabajar y mirar para adelante\u00bb.<br \/>\nNOTA COMPLETA:<br \/>\n<iframe loading=\"lazy\" src=\"https:\/\/w.soundcloud.com\/player\/?url=https%3A\/\/api.soundcloud.com\/tracks\/556884012&amp;color=%23ff5500&amp;auto_play=false&amp;hide_related=false&amp;show_comments=true&amp;show_user=true&amp;show_reposts=false&amp;show_teaser=true\" width=\"100%\" height=\"166\" frameborder=\"no\" scrolling=\"no\"><\/iframe><br \/>\n<a title=\"WhatsApp Image 2019-01-08 at 11.09.05\" href=\"http:\/\/farm8.staticflickr.com\/7888\/45775341525_7884fe3ba6_z.jpg\" rel=\"\"><img loading=\"lazy\" decoding=\"async\" class=\"aligncenter\" title=\"WhatsApp Image 2019-01-08 at 11.09.05\" src=\"http:\/\/farm8.staticflickr.com\/7888\/45775341525_7884fe3ba6_z.jpg\" alt=\"WhatsApp Image 2019-01-08 at 11.09.05\" width=\"360\" height=\"640\" \/><\/a><\/p>\n","protected":false},"excerpt":{"rendered":"<p>Siete familias de la comarca elaboran productos artesanales en el restaurado edificio, que construy\u00f3 el Ing. Arq. Francisco Salamone, y hoy es su medio de vida. Panificados, encurtidos, dulces y licores forman la lista que se vende al p\u00fablico local y que ofrece una alternativa de sabor local a los visitantes.<\/p>\n","protected":false},"author":3,"featured_media":0,"comment_status":"closed","ping_status":"open","sticky":false,"template":"","format":"standard","meta":{"footnotes":""},"categories":[26],"tags":[],"class_list":["post-28068","post","type-post","status-publish","format-standard","hentry","category-sociedad"],"yoast_head":"<!-- This site is optimized with the Yoast SEO plugin v25.9 - https:\/\/yoast.com\/wordpress\/plugins\/seo\/ -->\n<title>&quot;El Viejo Mercado de Saldungaray&quot; un emprendimiento laboral, social y productivo. - Noticias Radio Reflejos<\/title>\n<meta name=\"robots\" content=\"index, follow, max-snippet:-1, max-image-preview:large, max-video-preview:-1\" \/>\n<link rel=\"canonical\" href=\"https:\/\/www.noticiasradioreflejos.com.ar\/2021\/el-viejo-mercado-de-saldungaray-un-emprendimiento-laboral-social-y-productivo\/\" \/>\n<meta property=\"og:locale\" content=\"es_ES\" \/>\n<meta property=\"og:type\" content=\"article\" \/>\n<meta property=\"og:title\" content=\"&quot;El Viejo Mercado de Saldungaray&quot; un emprendimiento laboral, social y productivo. - Noticias Radio Reflejos\" \/>\n<meta property=\"og:description\" content=\"Siete familias de la comarca elaboran productos artesanales en el restaurado edificio, que construy\u00f3 el Ing. Arq. Francisco Salamone, y hoy es su medio de vida. Panificados, encurtidos, dulces y licores forman la lista que se vende al p\u00fablico local y que ofrece una alternativa de sabor local a los visitantes.\" \/>\n<meta property=\"og:url\" content=\"https:\/\/www.noticiasradioreflejos.com.ar\/2021\/el-viejo-mercado-de-saldungaray-un-emprendimiento-laboral-social-y-productivo\/\" \/>\n<meta property=\"og:site_name\" content=\"Noticias Radio Reflejos\" \/>\n<meta property=\"article:published_time\" content=\"2019-01-10T16:22:20+00:00\" \/>\n<meta property=\"og:image\" content=\"http:\/\/farm8.staticflickr.com\/7817\/39725668293_db6fbd4603.jpg\" \/>\n<meta name=\"author\" content=\"Arnaldo Botto\" \/>\n<meta name=\"twitter:card\" content=\"summary_large_image\" \/>\n<script type=\"application\/ld+json\" class=\"yoast-schema-graph\">{\"@context\":\"https:\/\/schema.org\",\"@graph\":[{\"@type\":\"WebPage\",\"@id\":\"https:\/\/www.noticiasradioreflejos.com.ar\/2021\/el-viejo-mercado-de-saldungaray-un-emprendimiento-laboral-social-y-productivo\/\",\"url\":\"https:\/\/www.noticiasradioreflejos.com.ar\/2021\/el-viejo-mercado-de-saldungaray-un-emprendimiento-laboral-social-y-productivo\/\",\"name\":\"&quot;El Viejo Mercado de Saldungaray&quot; un emprendimiento laboral, social y productivo. - Noticias Radio Reflejos\",\"isPartOf\":{\"@id\":\"https:\/\/www.noticiasradioreflejos.com.ar\/2021\/#website\"},\"primaryImageOfPage\":{\"@id\":\"https:\/\/www.noticiasradioreflejos.com.ar\/2021\/el-viejo-mercado-de-saldungaray-un-emprendimiento-laboral-social-y-productivo\/#primaryimage\"},\"image\":{\"@id\":\"https:\/\/www.noticiasradioreflejos.com.ar\/2021\/el-viejo-mercado-de-saldungaray-un-emprendimiento-laboral-social-y-productivo\/#primaryimage\"},\"thumbnailUrl\":\"http:\/\/farm8.staticflickr.com\/7817\/39725668293_db6fbd4603.jpg\",\"datePublished\":\"2019-01-10T16:22:20+00:00\",\"author\":{\"@id\":\"https:\/\/www.noticiasradioreflejos.com.ar\/2021\/#\/schema\/person\/ad82545263dcc5ec0996818884fd5fb1\"},\"breadcrumb\":{\"@id\":\"https:\/\/www.noticiasradioreflejos.com.ar\/2021\/el-viejo-mercado-de-saldungaray-un-emprendimiento-laboral-social-y-productivo\/#breadcrumb\"},\"inLanguage\":\"es\",\"potentialAction\":[{\"@type\":\"ReadAction\",\"target\":[\"https:\/\/www.noticiasradioreflejos.com.ar\/2021\/el-viejo-mercado-de-saldungaray-un-emprendimiento-laboral-social-y-productivo\/\"]}]},{\"@type\":\"ImageObject\",\"inLanguage\":\"es\",\"@id\":\"https:\/\/www.noticiasradioreflejos.com.ar\/2021\/el-viejo-mercado-de-saldungaray-un-emprendimiento-laboral-social-y-productivo\/#primaryimage\",\"url\":\"http:\/\/farm8.staticflickr.com\/7817\/39725668293_db6fbd4603.jpg\",\"contentUrl\":\"http:\/\/farm8.staticflickr.com\/7817\/39725668293_db6fbd4603.jpg\"},{\"@type\":\"BreadcrumbList\",\"@id\":\"https:\/\/www.noticiasradioreflejos.com.ar\/2021\/el-viejo-mercado-de-saldungaray-un-emprendimiento-laboral-social-y-productivo\/#breadcrumb\",\"itemListElement\":[{\"@type\":\"ListItem\",\"position\":1,\"name\":\"Portada\",\"item\":\"https:\/\/www.noticiasradioreflejos.com.ar\/2021\/\"},{\"@type\":\"ListItem\",\"position\":2,\"name\":\"&quot;El Viejo Mercado de Saldungaray&quot; un emprendimiento laboral, social y productivo.\"}]},{\"@type\":\"WebSite\",\"@id\":\"https:\/\/www.noticiasradioreflejos.com.ar\/2021\/#website\",\"url\":\"https:\/\/www.noticiasradioreflejos.com.ar\/2021\/\",\"name\":\"Noticias Radio Reflejos\",\"description\":\"Las noticias de mi comarca\",\"potentialAction\":[{\"@type\":\"SearchAction\",\"target\":{\"@type\":\"EntryPoint\",\"urlTemplate\":\"https:\/\/www.noticiasradioreflejos.com.ar\/2021\/?s={search_term_string}\"},\"query-input\":{\"@type\":\"PropertyValueSpecification\",\"valueRequired\":true,\"valueName\":\"search_term_string\"}}],\"inLanguage\":\"es\"},{\"@type\":\"Person\",\"@id\":\"https:\/\/www.noticiasradioreflejos.com.ar\/2021\/#\/schema\/person\/ad82545263dcc5ec0996818884fd5fb1\",\"name\":\"Arnaldo Botto\",\"image\":{\"@type\":\"ImageObject\",\"inLanguage\":\"es\",\"@id\":\"https:\/\/www.noticiasradioreflejos.com.ar\/2021\/#\/schema\/person\/image\/\",\"url\":\"https:\/\/secure.gravatar.com\/avatar\/55cb5e37c1efa326397366e6974cb338056df65cb50e7d64d1cf314e87504837?s=96&d=mm&r=g\",\"contentUrl\":\"https:\/\/secure.gravatar.com\/avatar\/55cb5e37c1efa326397366e6974cb338056df65cb50e7d64d1cf314e87504837?s=96&d=mm&r=g\",\"caption\":\"Arnaldo Botto\"},\"url\":\"https:\/\/www.noticiasradioreflejos.com.ar\/2021\/author\/arnaldo\/\"}]}<\/script>\n<!-- \/ Yoast SEO plugin. -->","yoast_head_json":{"title":"&quot;El Viejo Mercado de Saldungaray&quot; un emprendimiento laboral, social y productivo. - Noticias Radio Reflejos","robots":{"index":"index","follow":"follow","max-snippet":"max-snippet:-1","max-image-preview":"max-image-preview:large","max-video-preview":"max-video-preview:-1"},"canonical":"https:\/\/www.noticiasradioreflejos.com.ar\/2021\/el-viejo-mercado-de-saldungaray-un-emprendimiento-laboral-social-y-productivo\/","og_locale":"es_ES","og_type":"article","og_title":"&quot;El Viejo Mercado de Saldungaray&quot; un emprendimiento laboral, social y productivo. - Noticias Radio Reflejos","og_description":"Siete familias de la comarca elaboran productos artesanales en el restaurado edificio, que construy\u00f3 el Ing. Arq. Francisco Salamone, y hoy es su medio de vida. Panificados, encurtidos, dulces y licores forman la lista que se vende al p\u00fablico local y que ofrece una alternativa de sabor local a los visitantes.","og_url":"https:\/\/www.noticiasradioreflejos.com.ar\/2021\/el-viejo-mercado-de-saldungaray-un-emprendimiento-laboral-social-y-productivo\/","og_site_name":"Noticias Radio Reflejos","article_published_time":"2019-01-10T16:22:20+00:00","og_image":[{"url":"http:\/\/farm8.staticflickr.com\/7817\/39725668293_db6fbd4603.jpg","type":"","width":"","height":""}],"author":"Arnaldo Botto","twitter_card":"summary_large_image","schema":{"@context":"https:\/\/schema.org","@graph":[{"@type":"WebPage","@id":"https:\/\/www.noticiasradioreflejos.com.ar\/2021\/el-viejo-mercado-de-saldungaray-un-emprendimiento-laboral-social-y-productivo\/","url":"https:\/\/www.noticiasradioreflejos.com.ar\/2021\/el-viejo-mercado-de-saldungaray-un-emprendimiento-laboral-social-y-productivo\/","name":"&quot;El Viejo Mercado de Saldungaray&quot; un emprendimiento laboral, social y productivo. - Noticias Radio Reflejos","isPartOf":{"@id":"https:\/\/www.noticiasradioreflejos.com.ar\/2021\/#website"},"primaryImageOfPage":{"@id":"https:\/\/www.noticiasradioreflejos.com.ar\/2021\/el-viejo-mercado-de-saldungaray-un-emprendimiento-laboral-social-y-productivo\/#primaryimage"},"image":{"@id":"https:\/\/www.noticiasradioreflejos.com.ar\/2021\/el-viejo-mercado-de-saldungaray-un-emprendimiento-laboral-social-y-productivo\/#primaryimage"},"thumbnailUrl":"http:\/\/farm8.staticflickr.com\/7817\/39725668293_db6fbd4603.jpg","datePublished":"2019-01-10T16:22:20+00:00","author":{"@id":"https:\/\/www.noticiasradioreflejos.com.ar\/2021\/#\/schema\/person\/ad82545263dcc5ec0996818884fd5fb1"},"breadcrumb":{"@id":"https:\/\/www.noticiasradioreflejos.com.ar\/2021\/el-viejo-mercado-de-saldungaray-un-emprendimiento-laboral-social-y-productivo\/#breadcrumb"},"inLanguage":"es","potentialAction":[{"@type":"ReadAction","target":["https:\/\/www.noticiasradioreflejos.com.ar\/2021\/el-viejo-mercado-de-saldungaray-un-emprendimiento-laboral-social-y-productivo\/"]}]},{"@type":"ImageObject","inLanguage":"es","@id":"https:\/\/www.noticiasradioreflejos.com.ar\/2021\/el-viejo-mercado-de-saldungaray-un-emprendimiento-laboral-social-y-productivo\/#primaryimage","url":"http:\/\/farm8.staticflickr.com\/7817\/39725668293_db6fbd4603.jpg","contentUrl":"http:\/\/farm8.staticflickr.com\/7817\/39725668293_db6fbd4603.jpg"},{"@type":"BreadcrumbList","@id":"https:\/\/www.noticiasradioreflejos.com.ar\/2021\/el-viejo-mercado-de-saldungaray-un-emprendimiento-laboral-social-y-productivo\/#breadcrumb","itemListElement":[{"@type":"ListItem","position":1,"name":"Portada","item":"https:\/\/www.noticiasradioreflejos.com.ar\/2021\/"},{"@type":"ListItem","position":2,"name":"&quot;El Viejo Mercado de Saldungaray&quot; un emprendimiento laboral, social y productivo."}]},{"@type":"WebSite","@id":"https:\/\/www.noticiasradioreflejos.com.ar\/2021\/#website","url":"https:\/\/www.noticiasradioreflejos.com.ar\/2021\/","name":"Noticias Radio Reflejos","description":"Las noticias de mi comarca","potentialAction":[{"@type":"SearchAction","target":{"@type":"EntryPoint","urlTemplate":"https:\/\/www.noticiasradioreflejos.com.ar\/2021\/?s={search_term_string}"},"query-input":{"@type":"PropertyValueSpecification","valueRequired":true,"valueName":"search_term_string"}}],"inLanguage":"es"},{"@type":"Person","@id":"https:\/\/www.noticiasradioreflejos.com.ar\/2021\/#\/schema\/person\/ad82545263dcc5ec0996818884fd5fb1","name":"Arnaldo Botto","image":{"@type":"ImageObject","inLanguage":"es","@id":"https:\/\/www.noticiasradioreflejos.com.ar\/2021\/#\/schema\/person\/image\/","url":"https:\/\/secure.gravatar.com\/avatar\/55cb5e37c1efa326397366e6974cb338056df65cb50e7d64d1cf314e87504837?s=96&d=mm&r=g","contentUrl":"https:\/\/secure.gravatar.com\/avatar\/55cb5e37c1efa326397366e6974cb338056df65cb50e7d64d1cf314e87504837?s=96&d=mm&r=g","caption":"Arnaldo Botto"},"url":"https:\/\/www.noticiasradioreflejos.com.ar\/2021\/author\/arnaldo\/"}]}},"_links":{"self":[{"href":"https:\/\/www.noticiasradioreflejos.com.ar\/2021\/wp-json\/wp\/v2\/posts\/28068","targetHints":{"allow":["GET"]}}],"collection":[{"href":"https:\/\/www.noticiasradioreflejos.com.ar\/2021\/wp-json\/wp\/v2\/posts"}],"about":[{"href":"https:\/\/www.noticiasradioreflejos.com.ar\/2021\/wp-json\/wp\/v2\/types\/post"}],"author":[{"embeddable":true,"href":"https:\/\/www.noticiasradioreflejos.com.ar\/2021\/wp-json\/wp\/v2\/users\/3"}],"replies":[{"embeddable":true,"href":"https:\/\/www.noticiasradioreflejos.com.ar\/2021\/wp-json\/wp\/v2\/comments?post=28068"}],"version-history":[{"count":0,"href":"https:\/\/www.noticiasradioreflejos.com.ar\/2021\/wp-json\/wp\/v2\/posts\/28068\/revisions"}],"wp:attachment":[{"href":"https:\/\/www.noticiasradioreflejos.com.ar\/2021\/wp-json\/wp\/v2\/media?parent=28068"}],"wp:term":[{"taxonomy":"category","embeddable":true,"href":"https:\/\/www.noticiasradioreflejos.com.ar\/2021\/wp-json\/wp\/v2\/categories?post=28068"},{"taxonomy":"post_tag","embeddable":true,"href":"https:\/\/www.noticiasradioreflejos.com.ar\/2021\/wp-json\/wp\/v2\/tags?post=28068"}],"curies":[{"name":"wp","href":"https:\/\/api.w.org\/{rel}","templated":true}]}}