{"id":28050,"date":"2019-01-10T11:52:46","date_gmt":"2019-01-10T14:52:46","guid":{"rendered":"http:\/\/www.noticiasradioreflejos.com.ar\/noticias\/?p=28050"},"modified":"2019-01-10T11:52:46","modified_gmt":"2019-01-10T14:52:46","slug":"la-sorpresa-de-la-fiesta-de-reyes-magos-se-llama-vocal-show","status":"publish","type":"post","link":"https:\/\/www.noticiasradioreflejos.com.ar\/2021\/la-sorpresa-de-la-fiesta-de-reyes-magos-se-llama-vocal-show\/","title":{"rendered":"La sorpresa de la Fiesta de Reyes Magos se llama Vocal Show."},"content":{"rendered":"<p><a title=\"49693405_219171598991139_6908542809301581824_n\" href=\"http:\/\/farm5.staticflickr.com\/4836\/46689202331_3336e5ae40.jpg\" rel=\"\"><img loading=\"lazy\" decoding=\"async\" class=\"alignleft\" style=\"float: left;\" title=\"49693405_219171598991139_6908542809301581824_n\" src=\"http:\/\/farm5.staticflickr.com\/4836\/46689202331_3336e5ae40.jpg\" alt=\"49693405_219171598991139_6908542809301581824_n\" width=\"500\" height=\"375\" \/><\/a>Llegaron junto a los Reyes Magos en la gran Fiesta que organiz\u00f3 Sierra de la Ventana en este 2019. Para algunos la m\u00fasica que acompa\u00f1\u00f3 el show de fuegos artificiales, proven\u00eda de una grabaci\u00f3n, la mirada de la gente estaba en el cielo serrano primero, luego con Melchor, Gaspar y Baltasar, pero en cuanto la vista pasaba por el escenario, se descubre la verdad; un tr\u00edo vocal estaba acompa\u00f1ando el momento cumbre del festejo, ellos se llaman <strong>Vocal Show <\/strong>y cautivaron con su repertorio.<br \/>\nHoy charlamos con<strong> Luc\u00eda Blasco<\/strong>, que junto a<strong> Stephanie Malbert y Franco Del Moro<\/strong> conforman este grupo que maravill\u00f3 al numeroso p\u00fablico que asisti\u00f3 a la fiesta.<!--more--><br \/>\nLuc\u00eda nos cuenta c\u00f3mo empez\u00f3 la carrera profesional de cada integrante del grupo, destacando que todos fueron alumnos de <strong>Armando Livani<\/strong>, un reconocido maestro vocal de nuestra comarca y la regi\u00f3n, con qui\u00e9n siguen recibiendo el apoyo necesario para su carrera.<br \/>\nFueron convocados por el Intendente Sergio Bordoni, qui\u00e9n ya los hab\u00eda contratado en una fiesta para la localidad de Tres Picos, y para la 55\u00b0 Fiesta de Reyes Magos, quedaron como n\u00famero sorpresa, compartiendo el escenario del Centro Cultural con Florinda, Pi\u00f1on Fijo, La Nueva Luna del Chino y Kaiser Carabela.<br \/>\nBlasco nos describe c\u00f3mo se integr\u00f3 el grupo, los ensayos y como se repartir\u00e1n esta temporada en diferentes espect\u00e1culos en toda la regi\u00f3n.<br \/>\n\u00abArmando es un maestro tremendo, es excelente y si, por suerte nosotros somos sus alumnos, es un orgullo que nos haya ense\u00f1ado y poder plasmar lo que \u00e9l nos ense\u00f1\u00f3, porque creo que ah\u00ed esta lo que uno ve, que tan buen maestro puede llegar a ser\u00bb.<br \/>\n\u00abNosotros nos conocimos en un show de Armando como grupo, cada uno cantando individual, paralelamente con Stephanie cantamos hace mas o menos 15 a\u00f1os, juntas, en bandas, despu\u00e9s nos reunimos, nos separamos, ella estuvo viviendo en Espa\u00f1a, en el tiempo que ella viv\u00eda all\u00e1, yo estuve haciendo un par de shows en Buenos Aires, y hace dos o tres a\u00f1os dimos en un show de alumnos, con Franco, que tambi\u00e9n hab\u00eda estado viviendo en Espa\u00f1a, cantando all\u00e1, que se vino para Bah\u00eda Blanca, empez\u00f3 a estudiar con el mismo maestro y dijimos que lindas voces, que linda voz, yo por ah\u00ed tengo muchos casamientos y Stephanie cuando volvi\u00f3 a la Argentina me estuvo haciendo de doble, porque no me daban las manos con los eventos, y luego en un momento nos empezaron a llamar a las dos juntas, y dijimos (bueno, vamos a empezar el grupo de nuevo), por tercera vez en nuestra vida, y cuando apareci\u00f3 Franco nos miramos y nos dijimos (porque no le decimos de cantar cada tanto alg\u00fan tema), cantaba muy lindo, nos ca\u00eda bien, y ah\u00ed fue cuando empezamos a incorporarlo lentamente, una vez que lo incorporamos una o dos fechas, fue cuando nos surgieron un mont\u00f3n de eventos con Franco. Vocal Show esta hace 2 a\u00f1os y medio\u00bb.<br \/>\n\u00abLa elecci\u00f3n de repertorio pasa por mi, los chicos van sugiriendo y yo voy armando con respecto a que en determinada parte puede ir mas lento, para que no sea aburrido tampoco porque, si bien en lo que fue la bajada de reyes llevamos temas mas emocionantes que otra cosa, en la primer parte del show que era la bajada de reyes, tratamos de que no se junten muchos temas lentos, para pasar por distintos estilos, hacer boleros pero no aburrir, meter alg\u00fan tango, la idea es que sea bien variado y que si es un evento familiar toda la familia pueda disfrutar del espect\u00e1culo\u00bb.<br \/>\n\u00abEstamos super contentos, y esperamos que se vuelva a repetir todo, obviamente nos encantar\u00eda volver a estar en el 2020, vamos a cruzar los dedos para que se pueda dar. Dejame agradecerle a todos los medios que nos est\u00e1n dando una mano para poder recordar que estuvimos ah\u00ed, poder contarles lo que hacemos, para nosotros es much\u00edsimo, es una mano enorme\u00bb.<br \/>\nNOTA COMPLETA:<br \/>\n<iframe loading=\"lazy\" src=\"https:\/\/w.soundcloud.com\/player\/?url=https%3A\/\/api.soundcloud.com\/tracks\/556853391&amp;color=%23ff5500&amp;auto_play=false&amp;hide_related=false&amp;show_comments=true&amp;show_user=true&amp;show_reposts=false&amp;show_teaser=true\" width=\"100%\" height=\"166\" frameborder=\"no\" scrolling=\"no\"><\/iframe><\/p>\n<div class=\"jeg_video_container jeg_video_content\"><iframe loading=\"lazy\" title=\"VOCAL SHOWS en la Fiesta Provincial de Reyes Magos en Sierra de la Ventana\" width=\"500\" height=\"281\" src=\"https:\/\/www.youtube.com\/embed\/WwmvNpdMj60?feature=oembed\" frameborder=\"0\" allow=\"accelerometer; autoplay; clipboard-write; encrypted-media; gyroscope; picture-in-picture; web-share\" referrerpolicy=\"strict-origin-when-cross-origin\" allowfullscreen><\/iframe><\/div>\n<p><a title=\"imagen\" href=\"http:\/\/farm8.staticflickr.com\/7826\/45964527914_5a40867dec_z.jpg\" rel=\"\"><img loading=\"lazy\" decoding=\"async\" class=\"aligncenter\" title=\"imagen\" src=\"http:\/\/farm8.staticflickr.com\/7826\/45964527914_5a40867dec_z.jpg\" alt=\"imagen\" width=\"640\" height=\"341\" \/><\/a><\/p>\n","protected":false},"excerpt":{"rendered":"<p>Llegaron junto a los Reyes Magos en la gran Fiesta que organiz\u00f3 Sierra de la Ventana en este 2019. Para algunos la m\u00fasica que acompa\u00f1\u00f3 el show de fuegos artificiales, proven\u00eda de una grabaci\u00f3n, la mirada de la gente estaba en el cielo serrano primero, luego con Melchor, Gaspar y Baltasar, pero en cuanto la [&hellip;]<\/p>\n","protected":false},"author":3,"featured_media":0,"comment_status":"closed","ping_status":"open","sticky":false,"template":"","format":"standard","meta":{"footnotes":""},"categories":[35],"tags":[],"class_list":["post-28050","post","type-post","status-publish","format-standard","hentry","category-cultura"],"yoast_head":"<!-- This site is optimized with the Yoast SEO plugin v25.9 - https:\/\/yoast.com\/wordpress\/plugins\/seo\/ -->\n<title>La sorpresa de la Fiesta de Reyes Magos se llama Vocal Show. - Noticias Radio Reflejos<\/title>\n<meta name=\"robots\" content=\"index, follow, max-snippet:-1, max-image-preview:large, max-video-preview:-1\" \/>\n<link rel=\"canonical\" href=\"https:\/\/www.noticiasradioreflejos.com.ar\/2021\/la-sorpresa-de-la-fiesta-de-reyes-magos-se-llama-vocal-show\/\" \/>\n<meta property=\"og:locale\" content=\"es_ES\" \/>\n<meta property=\"og:type\" content=\"article\" \/>\n<meta property=\"og:title\" content=\"La sorpresa de la Fiesta de Reyes Magos se llama Vocal Show. - Noticias Radio Reflejos\" \/>\n<meta property=\"og:description\" content=\"Llegaron junto a los Reyes Magos en la gran Fiesta que organiz\u00f3 Sierra de la Ventana en este 2019. Para algunos la m\u00fasica que acompa\u00f1\u00f3 el show de fuegos artificiales, proven\u00eda de una grabaci\u00f3n, la mirada de la gente estaba en el cielo serrano primero, luego con Melchor, Gaspar y Baltasar, pero en cuanto la [&hellip;]\" \/>\n<meta property=\"og:url\" content=\"https:\/\/www.noticiasradioreflejos.com.ar\/2021\/la-sorpresa-de-la-fiesta-de-reyes-magos-se-llama-vocal-show\/\" \/>\n<meta property=\"og:site_name\" content=\"Noticias Radio Reflejos\" \/>\n<meta property=\"article:published_time\" content=\"2019-01-10T14:52:46+00:00\" \/>\n<meta property=\"og:image\" content=\"http:\/\/farm5.staticflickr.com\/4836\/46689202331_3336e5ae40.jpg\" \/>\n<meta name=\"author\" content=\"Arnaldo Botto\" \/>\n<meta name=\"twitter:card\" content=\"summary_large_image\" \/>\n<script type=\"application\/ld+json\" class=\"yoast-schema-graph\">{\"@context\":\"https:\/\/schema.org\",\"@graph\":[{\"@type\":\"WebPage\",\"@id\":\"https:\/\/www.noticiasradioreflejos.com.ar\/2021\/la-sorpresa-de-la-fiesta-de-reyes-magos-se-llama-vocal-show\/\",\"url\":\"https:\/\/www.noticiasradioreflejos.com.ar\/2021\/la-sorpresa-de-la-fiesta-de-reyes-magos-se-llama-vocal-show\/\",\"name\":\"La sorpresa de la Fiesta de Reyes Magos se llama Vocal Show. - Noticias Radio Reflejos\",\"isPartOf\":{\"@id\":\"https:\/\/www.noticiasradioreflejos.com.ar\/2021\/#website\"},\"primaryImageOfPage\":{\"@id\":\"https:\/\/www.noticiasradioreflejos.com.ar\/2021\/la-sorpresa-de-la-fiesta-de-reyes-magos-se-llama-vocal-show\/#primaryimage\"},\"image\":{\"@id\":\"https:\/\/www.noticiasradioreflejos.com.ar\/2021\/la-sorpresa-de-la-fiesta-de-reyes-magos-se-llama-vocal-show\/#primaryimage\"},\"thumbnailUrl\":\"http:\/\/farm5.staticflickr.com\/4836\/46689202331_3336e5ae40.jpg\",\"datePublished\":\"2019-01-10T14:52:46+00:00\",\"author\":{\"@id\":\"https:\/\/www.noticiasradioreflejos.com.ar\/2021\/#\/schema\/person\/ad82545263dcc5ec0996818884fd5fb1\"},\"breadcrumb\":{\"@id\":\"https:\/\/www.noticiasradioreflejos.com.ar\/2021\/la-sorpresa-de-la-fiesta-de-reyes-magos-se-llama-vocal-show\/#breadcrumb\"},\"inLanguage\":\"es\",\"potentialAction\":[{\"@type\":\"ReadAction\",\"target\":[\"https:\/\/www.noticiasradioreflejos.com.ar\/2021\/la-sorpresa-de-la-fiesta-de-reyes-magos-se-llama-vocal-show\/\"]}]},{\"@type\":\"ImageObject\",\"inLanguage\":\"es\",\"@id\":\"https:\/\/www.noticiasradioreflejos.com.ar\/2021\/la-sorpresa-de-la-fiesta-de-reyes-magos-se-llama-vocal-show\/#primaryimage\",\"url\":\"http:\/\/farm5.staticflickr.com\/4836\/46689202331_3336e5ae40.jpg\",\"contentUrl\":\"http:\/\/farm5.staticflickr.com\/4836\/46689202331_3336e5ae40.jpg\"},{\"@type\":\"BreadcrumbList\",\"@id\":\"https:\/\/www.noticiasradioreflejos.com.ar\/2021\/la-sorpresa-de-la-fiesta-de-reyes-magos-se-llama-vocal-show\/#breadcrumb\",\"itemListElement\":[{\"@type\":\"ListItem\",\"position\":1,\"name\":\"Portada\",\"item\":\"https:\/\/www.noticiasradioreflejos.com.ar\/2021\/\"},{\"@type\":\"ListItem\",\"position\":2,\"name\":\"La sorpresa de la Fiesta de Reyes Magos se llama Vocal Show.\"}]},{\"@type\":\"WebSite\",\"@id\":\"https:\/\/www.noticiasradioreflejos.com.ar\/2021\/#website\",\"url\":\"https:\/\/www.noticiasradioreflejos.com.ar\/2021\/\",\"name\":\"Noticias Radio Reflejos\",\"description\":\"Las noticias de mi comarca\",\"potentialAction\":[{\"@type\":\"SearchAction\",\"target\":{\"@type\":\"EntryPoint\",\"urlTemplate\":\"https:\/\/www.noticiasradioreflejos.com.ar\/2021\/?s={search_term_string}\"},\"query-input\":{\"@type\":\"PropertyValueSpecification\",\"valueRequired\":true,\"valueName\":\"search_term_string\"}}],\"inLanguage\":\"es\"},{\"@type\":\"Person\",\"@id\":\"https:\/\/www.noticiasradioreflejos.com.ar\/2021\/#\/schema\/person\/ad82545263dcc5ec0996818884fd5fb1\",\"name\":\"Arnaldo Botto\",\"image\":{\"@type\":\"ImageObject\",\"inLanguage\":\"es\",\"@id\":\"https:\/\/www.noticiasradioreflejos.com.ar\/2021\/#\/schema\/person\/image\/\",\"url\":\"https:\/\/secure.gravatar.com\/avatar\/55cb5e37c1efa326397366e6974cb338056df65cb50e7d64d1cf314e87504837?s=96&d=mm&r=g\",\"contentUrl\":\"https:\/\/secure.gravatar.com\/avatar\/55cb5e37c1efa326397366e6974cb338056df65cb50e7d64d1cf314e87504837?s=96&d=mm&r=g\",\"caption\":\"Arnaldo Botto\"},\"url\":\"https:\/\/www.noticiasradioreflejos.com.ar\/2021\/author\/arnaldo\/\"}]}<\/script>\n<!-- \/ Yoast SEO plugin. -->","yoast_head_json":{"title":"La sorpresa de la Fiesta de Reyes Magos se llama Vocal Show. - Noticias Radio Reflejos","robots":{"index":"index","follow":"follow","max-snippet":"max-snippet:-1","max-image-preview":"max-image-preview:large","max-video-preview":"max-video-preview:-1"},"canonical":"https:\/\/www.noticiasradioreflejos.com.ar\/2021\/la-sorpresa-de-la-fiesta-de-reyes-magos-se-llama-vocal-show\/","og_locale":"es_ES","og_type":"article","og_title":"La sorpresa de la Fiesta de Reyes Magos se llama Vocal Show. - Noticias Radio Reflejos","og_description":"Llegaron junto a los Reyes Magos en la gran Fiesta que organiz\u00f3 Sierra de la Ventana en este 2019. Para algunos la m\u00fasica que acompa\u00f1\u00f3 el show de fuegos artificiales, proven\u00eda de una grabaci\u00f3n, la mirada de la gente estaba en el cielo serrano primero, luego con Melchor, Gaspar y Baltasar, pero en cuanto la [&hellip;]","og_url":"https:\/\/www.noticiasradioreflejos.com.ar\/2021\/la-sorpresa-de-la-fiesta-de-reyes-magos-se-llama-vocal-show\/","og_site_name":"Noticias Radio Reflejos","article_published_time":"2019-01-10T14:52:46+00:00","og_image":[{"url":"http:\/\/farm5.staticflickr.com\/4836\/46689202331_3336e5ae40.jpg","type":"","width":"","height":""}],"author":"Arnaldo Botto","twitter_card":"summary_large_image","schema":{"@context":"https:\/\/schema.org","@graph":[{"@type":"WebPage","@id":"https:\/\/www.noticiasradioreflejos.com.ar\/2021\/la-sorpresa-de-la-fiesta-de-reyes-magos-se-llama-vocal-show\/","url":"https:\/\/www.noticiasradioreflejos.com.ar\/2021\/la-sorpresa-de-la-fiesta-de-reyes-magos-se-llama-vocal-show\/","name":"La sorpresa de la Fiesta de Reyes Magos se llama Vocal Show. - Noticias Radio Reflejos","isPartOf":{"@id":"https:\/\/www.noticiasradioreflejos.com.ar\/2021\/#website"},"primaryImageOfPage":{"@id":"https:\/\/www.noticiasradioreflejos.com.ar\/2021\/la-sorpresa-de-la-fiesta-de-reyes-magos-se-llama-vocal-show\/#primaryimage"},"image":{"@id":"https:\/\/www.noticiasradioreflejos.com.ar\/2021\/la-sorpresa-de-la-fiesta-de-reyes-magos-se-llama-vocal-show\/#primaryimage"},"thumbnailUrl":"http:\/\/farm5.staticflickr.com\/4836\/46689202331_3336e5ae40.jpg","datePublished":"2019-01-10T14:52:46+00:00","author":{"@id":"https:\/\/www.noticiasradioreflejos.com.ar\/2021\/#\/schema\/person\/ad82545263dcc5ec0996818884fd5fb1"},"breadcrumb":{"@id":"https:\/\/www.noticiasradioreflejos.com.ar\/2021\/la-sorpresa-de-la-fiesta-de-reyes-magos-se-llama-vocal-show\/#breadcrumb"},"inLanguage":"es","potentialAction":[{"@type":"ReadAction","target":["https:\/\/www.noticiasradioreflejos.com.ar\/2021\/la-sorpresa-de-la-fiesta-de-reyes-magos-se-llama-vocal-show\/"]}]},{"@type":"ImageObject","inLanguage":"es","@id":"https:\/\/www.noticiasradioreflejos.com.ar\/2021\/la-sorpresa-de-la-fiesta-de-reyes-magos-se-llama-vocal-show\/#primaryimage","url":"http:\/\/farm5.staticflickr.com\/4836\/46689202331_3336e5ae40.jpg","contentUrl":"http:\/\/farm5.staticflickr.com\/4836\/46689202331_3336e5ae40.jpg"},{"@type":"BreadcrumbList","@id":"https:\/\/www.noticiasradioreflejos.com.ar\/2021\/la-sorpresa-de-la-fiesta-de-reyes-magos-se-llama-vocal-show\/#breadcrumb","itemListElement":[{"@type":"ListItem","position":1,"name":"Portada","item":"https:\/\/www.noticiasradioreflejos.com.ar\/2021\/"},{"@type":"ListItem","position":2,"name":"La sorpresa de la Fiesta de Reyes Magos se llama Vocal Show."}]},{"@type":"WebSite","@id":"https:\/\/www.noticiasradioreflejos.com.ar\/2021\/#website","url":"https:\/\/www.noticiasradioreflejos.com.ar\/2021\/","name":"Noticias Radio Reflejos","description":"Las noticias de mi comarca","potentialAction":[{"@type":"SearchAction","target":{"@type":"EntryPoint","urlTemplate":"https:\/\/www.noticiasradioreflejos.com.ar\/2021\/?s={search_term_string}"},"query-input":{"@type":"PropertyValueSpecification","valueRequired":true,"valueName":"search_term_string"}}],"inLanguage":"es"},{"@type":"Person","@id":"https:\/\/www.noticiasradioreflejos.com.ar\/2021\/#\/schema\/person\/ad82545263dcc5ec0996818884fd5fb1","name":"Arnaldo Botto","image":{"@type":"ImageObject","inLanguage":"es","@id":"https:\/\/www.noticiasradioreflejos.com.ar\/2021\/#\/schema\/person\/image\/","url":"https:\/\/secure.gravatar.com\/avatar\/55cb5e37c1efa326397366e6974cb338056df65cb50e7d64d1cf314e87504837?s=96&d=mm&r=g","contentUrl":"https:\/\/secure.gravatar.com\/avatar\/55cb5e37c1efa326397366e6974cb338056df65cb50e7d64d1cf314e87504837?s=96&d=mm&r=g","caption":"Arnaldo Botto"},"url":"https:\/\/www.noticiasradioreflejos.com.ar\/2021\/author\/arnaldo\/"}]}},"_links":{"self":[{"href":"https:\/\/www.noticiasradioreflejos.com.ar\/2021\/wp-json\/wp\/v2\/posts\/28050","targetHints":{"allow":["GET"]}}],"collection":[{"href":"https:\/\/www.noticiasradioreflejos.com.ar\/2021\/wp-json\/wp\/v2\/posts"}],"about":[{"href":"https:\/\/www.noticiasradioreflejos.com.ar\/2021\/wp-json\/wp\/v2\/types\/post"}],"author":[{"embeddable":true,"href":"https:\/\/www.noticiasradioreflejos.com.ar\/2021\/wp-json\/wp\/v2\/users\/3"}],"replies":[{"embeddable":true,"href":"https:\/\/www.noticiasradioreflejos.com.ar\/2021\/wp-json\/wp\/v2\/comments?post=28050"}],"version-history":[{"count":0,"href":"https:\/\/www.noticiasradioreflejos.com.ar\/2021\/wp-json\/wp\/v2\/posts\/28050\/revisions"}],"wp:attachment":[{"href":"https:\/\/www.noticiasradioreflejos.com.ar\/2021\/wp-json\/wp\/v2\/media?parent=28050"}],"wp:term":[{"taxonomy":"category","embeddable":true,"href":"https:\/\/www.noticiasradioreflejos.com.ar\/2021\/wp-json\/wp\/v2\/categories?post=28050"},{"taxonomy":"post_tag","embeddable":true,"href":"https:\/\/www.noticiasradioreflejos.com.ar\/2021\/wp-json\/wp\/v2\/tags?post=28050"}],"curies":[{"name":"wp","href":"https:\/\/api.w.org\/{rel}","templated":true}]}}