{"id":28028,"date":"2019-01-10T07:56:15","date_gmt":"2019-01-10T10:56:15","guid":{"rendered":"http:\/\/www.noticiasradioreflejos.com.ar\/noticias\/?p=28028"},"modified":"2019-01-10T07:56:15","modified_gmt":"2019-01-10T10:56:15","slug":"ruta-76-vecinos-de-suarez-y-tornquist-informan-sobre-cartas-documento-enviadas-a-funcionarios","status":"publish","type":"post","link":"https:\/\/www.noticiasradioreflejos.com.ar\/2021\/ruta-76-vecinos-de-suarez-y-tornquist-informan-sobre-cartas-documento-enviadas-a-funcionarios\/","title":{"rendered":"Ruta 76: Vecinos de Su\u00e1rez y Tornquist informan sobre cartas documento enviadas a funcionarios"},"content":{"rendered":"<p>Comunicado del Frente Popular, Unidad Ciudadana y Agrupaci\u00f3n Milla Cura.<!--more--><br \/>\nLOS VECINOS DE CORONEL SUAREZ Y TORNQUIST INFORMAN QUE AL DIA 8 DE ENERO DE 2019 HAN SIDO RECEPCIONADAS LAS CARTAS DOCUMENTO ENVIADAS AL ADMINISTRADOR PROVINCIAL DE VIALIDAD Y AL MINISTRO DE INFRAESTRUCTURA Y SERVICIOS PUBLICOS DE LA PROVINCIA DE BUENOS AIRES ENVIADAS CON MOTIVO DEL ESTADO CALAMITOSO DE LA RUTA PROVINCIAL 76, EN PARTICULAR ENTRE EL CRUCE SAN ELOY Y LA LOCALIDAD DE TORNQUIST.<br \/>\nA TODO LO EXP\u00d9ESTO Y SEG\u00daN ORDENAN LAS NORMAS DE PROCEDIMIENTO ADMINISTRATIVO ESPERAREMOS HASTA EL 23 DE ENERO DEL CORRIENTE A\u00d1O UNA RESPUESTA A LAS MISMAS.<br \/>\nOJAL\u00c1 LAS AUTORIDADES QUE RECIBIERON LAS CARTAS Y LOS RESPONSABLES POLITICOS DE LOS GOBIERNOS PROVINCIALES Y MUNICIPALES ATIENDAN ESTAS SITUACIONES Y ASUMIENDO SUS RESPONSABILIDADES DEN UNA RESPUESTA ANTES DE LOS PLAZOS QUE LES OTORGA LA LEY, DADO QUE LAS NECESIDADES DE LOS CIUDADANOS DE ESTA REGI\u00d3N AS\u00cd LO AMERITAN Y DEMANDAN.<br \/>\nMIENTRAS AGUARDAMOS UNA RESPUESTA ENVIAREMOS ESTAS ACCIONES A LOS LEGISLADORES PROVINCIALES DE LA SEXTA SECCI\u00d3N ELECTORAL DE LA PROVINCIA Y A LOS CONCEJALES DEL CORONEL SUAREZ Y TORNQUIST.<br \/>\nClaudio Masson. 291-6490788. Sierra dela Ventana. FP 2502 Unidad Ciudadana Tornquist.<br \/>\nSilvia Zaballa. 291-6430402. Villa Arcadia. FP 2502 Unidad Ciudadana. Coronel Suarez.<br \/>\nDar\u00edo G\u00f3mez. 2926-461810. Agrupaci\u00f3n Milla Cura. Coronel Suarez.<\/p>\n","protected":false},"excerpt":{"rendered":"<p>Comunicado del Frente Popular, Unidad Ciudadana y Agrupaci\u00f3n Milla Cura.<\/p>\n","protected":false},"author":3,"featured_media":0,"comment_status":"closed","ping_status":"open","sticky":false,"template":"","format":"standard","meta":{"footnotes":""},"categories":[24],"tags":[],"class_list":["post-28028","post","type-post","status-publish","format-standard","hentry","category-politica"],"yoast_head":"<!-- This site is optimized with the Yoast SEO plugin v25.9 - https:\/\/yoast.com\/wordpress\/plugins\/seo\/ -->\n<title>Ruta 76: Vecinos de Su\u00e1rez y Tornquist informan sobre cartas documento enviadas a funcionarios - Noticias Radio Reflejos<\/title>\n<meta name=\"robots\" content=\"index, follow, max-snippet:-1, max-image-preview:large, max-video-preview:-1\" \/>\n<link rel=\"canonical\" href=\"https:\/\/www.noticiasradioreflejos.com.ar\/2021\/ruta-76-vecinos-de-suarez-y-tornquist-informan-sobre-cartas-documento-enviadas-a-funcionarios\/\" \/>\n<meta property=\"og:locale\" content=\"es_ES\" \/>\n<meta property=\"og:type\" content=\"article\" \/>\n<meta property=\"og:title\" content=\"Ruta 76: Vecinos de Su\u00e1rez y Tornquist informan sobre cartas documento enviadas a funcionarios - Noticias Radio Reflejos\" \/>\n<meta property=\"og:description\" content=\"Comunicado del Frente Popular, Unidad Ciudadana y Agrupaci\u00f3n Milla Cura.\" \/>\n<meta property=\"og:url\" content=\"https:\/\/www.noticiasradioreflejos.com.ar\/2021\/ruta-76-vecinos-de-suarez-y-tornquist-informan-sobre-cartas-documento-enviadas-a-funcionarios\/\" \/>\n<meta property=\"og:site_name\" content=\"Noticias Radio Reflejos\" \/>\n<meta property=\"article:published_time\" content=\"2019-01-10T10:56:15+00:00\" \/>\n<meta property=\"og:image\" content=\"https:\/\/www.noticiasradioreflejos.com.ar\/2021\/wp-content\/uploads\/2021\/07\/logosol300x200.png\" \/>\n\t<meta property=\"og:image:width\" content=\"300\" \/>\n\t<meta property=\"og:image:height\" content=\"200\" \/>\n\t<meta property=\"og:image:type\" content=\"image\/png\" \/>\n<meta name=\"author\" content=\"Arnaldo Botto\" \/>\n<meta name=\"twitter:card\" content=\"summary_large_image\" \/>\n<script type=\"application\/ld+json\" class=\"yoast-schema-graph\">{\"@context\":\"https:\/\/schema.org\",\"@graph\":[{\"@type\":\"WebPage\",\"@id\":\"https:\/\/www.noticiasradioreflejos.com.ar\/2021\/ruta-76-vecinos-de-suarez-y-tornquist-informan-sobre-cartas-documento-enviadas-a-funcionarios\/\",\"url\":\"https:\/\/www.noticiasradioreflejos.com.ar\/2021\/ruta-76-vecinos-de-suarez-y-tornquist-informan-sobre-cartas-documento-enviadas-a-funcionarios\/\",\"name\":\"Ruta 76: Vecinos de Su\u00e1rez y Tornquist informan sobre cartas documento enviadas a funcionarios - Noticias Radio Reflejos\",\"isPartOf\":{\"@id\":\"https:\/\/www.noticiasradioreflejos.com.ar\/2021\/#website\"},\"datePublished\":\"2019-01-10T10:56:15+00:00\",\"author\":{\"@id\":\"https:\/\/www.noticiasradioreflejos.com.ar\/2021\/#\/schema\/person\/ad82545263dcc5ec0996818884fd5fb1\"},\"breadcrumb\":{\"@id\":\"https:\/\/www.noticiasradioreflejos.com.ar\/2021\/ruta-76-vecinos-de-suarez-y-tornquist-informan-sobre-cartas-documento-enviadas-a-funcionarios\/#breadcrumb\"},\"inLanguage\":\"es\",\"potentialAction\":[{\"@type\":\"ReadAction\",\"target\":[\"https:\/\/www.noticiasradioreflejos.com.ar\/2021\/ruta-76-vecinos-de-suarez-y-tornquist-informan-sobre-cartas-documento-enviadas-a-funcionarios\/\"]}]},{\"@type\":\"BreadcrumbList\",\"@id\":\"https:\/\/www.noticiasradioreflejos.com.ar\/2021\/ruta-76-vecinos-de-suarez-y-tornquist-informan-sobre-cartas-documento-enviadas-a-funcionarios\/#breadcrumb\",\"itemListElement\":[{\"@type\":\"ListItem\",\"position\":1,\"name\":\"Portada\",\"item\":\"https:\/\/www.noticiasradioreflejos.com.ar\/2021\/\"},{\"@type\":\"ListItem\",\"position\":2,\"name\":\"Ruta 76: Vecinos de Su\u00e1rez y Tornquist informan sobre cartas documento enviadas a funcionarios\"}]},{\"@type\":\"WebSite\",\"@id\":\"https:\/\/www.noticiasradioreflejos.com.ar\/2021\/#website\",\"url\":\"https:\/\/www.noticiasradioreflejos.com.ar\/2021\/\",\"name\":\"Noticias Radio Reflejos\",\"description\":\"Las noticias de mi comarca\",\"potentialAction\":[{\"@type\":\"SearchAction\",\"target\":{\"@type\":\"EntryPoint\",\"urlTemplate\":\"https:\/\/www.noticiasradioreflejos.com.ar\/2021\/?s={search_term_string}\"},\"query-input\":{\"@type\":\"PropertyValueSpecification\",\"valueRequired\":true,\"valueName\":\"search_term_string\"}}],\"inLanguage\":\"es\"},{\"@type\":\"Person\",\"@id\":\"https:\/\/www.noticiasradioreflejos.com.ar\/2021\/#\/schema\/person\/ad82545263dcc5ec0996818884fd5fb1\",\"name\":\"Arnaldo Botto\",\"image\":{\"@type\":\"ImageObject\",\"inLanguage\":\"es\",\"@id\":\"https:\/\/www.noticiasradioreflejos.com.ar\/2021\/#\/schema\/person\/image\/\",\"url\":\"https:\/\/secure.gravatar.com\/avatar\/55cb5e37c1efa326397366e6974cb338056df65cb50e7d64d1cf314e87504837?s=96&d=mm&r=g\",\"contentUrl\":\"https:\/\/secure.gravatar.com\/avatar\/55cb5e37c1efa326397366e6974cb338056df65cb50e7d64d1cf314e87504837?s=96&d=mm&r=g\",\"caption\":\"Arnaldo Botto\"},\"url\":\"https:\/\/www.noticiasradioreflejos.com.ar\/2021\/author\/arnaldo\/\"}]}<\/script>\n<!-- \/ Yoast SEO plugin. -->","yoast_head_json":{"title":"Ruta 76: Vecinos de Su\u00e1rez y Tornquist informan sobre cartas documento enviadas a funcionarios - Noticias Radio Reflejos","robots":{"index":"index","follow":"follow","max-snippet":"max-snippet:-1","max-image-preview":"max-image-preview:large","max-video-preview":"max-video-preview:-1"},"canonical":"https:\/\/www.noticiasradioreflejos.com.ar\/2021\/ruta-76-vecinos-de-suarez-y-tornquist-informan-sobre-cartas-documento-enviadas-a-funcionarios\/","og_locale":"es_ES","og_type":"article","og_title":"Ruta 76: Vecinos de Su\u00e1rez y Tornquist informan sobre cartas documento enviadas a funcionarios - Noticias Radio Reflejos","og_description":"Comunicado del Frente Popular, Unidad Ciudadana y Agrupaci\u00f3n Milla Cura.","og_url":"https:\/\/www.noticiasradioreflejos.com.ar\/2021\/ruta-76-vecinos-de-suarez-y-tornquist-informan-sobre-cartas-documento-enviadas-a-funcionarios\/","og_site_name":"Noticias Radio Reflejos","article_published_time":"2019-01-10T10:56:15+00:00","og_image":[{"width":300,"height":200,"url":"https:\/\/www.noticiasradioreflejos.com.ar\/2021\/wp-content\/uploads\/2021\/07\/logosol300x200.png","type":"image\/png"}],"author":"Arnaldo Botto","twitter_card":"summary_large_image","schema":{"@context":"https:\/\/schema.org","@graph":[{"@type":"WebPage","@id":"https:\/\/www.noticiasradioreflejos.com.ar\/2021\/ruta-76-vecinos-de-suarez-y-tornquist-informan-sobre-cartas-documento-enviadas-a-funcionarios\/","url":"https:\/\/www.noticiasradioreflejos.com.ar\/2021\/ruta-76-vecinos-de-suarez-y-tornquist-informan-sobre-cartas-documento-enviadas-a-funcionarios\/","name":"Ruta 76: Vecinos de Su\u00e1rez y Tornquist informan sobre cartas documento enviadas a funcionarios - Noticias Radio Reflejos","isPartOf":{"@id":"https:\/\/www.noticiasradioreflejos.com.ar\/2021\/#website"},"datePublished":"2019-01-10T10:56:15+00:00","author":{"@id":"https:\/\/www.noticiasradioreflejos.com.ar\/2021\/#\/schema\/person\/ad82545263dcc5ec0996818884fd5fb1"},"breadcrumb":{"@id":"https:\/\/www.noticiasradioreflejos.com.ar\/2021\/ruta-76-vecinos-de-suarez-y-tornquist-informan-sobre-cartas-documento-enviadas-a-funcionarios\/#breadcrumb"},"inLanguage":"es","potentialAction":[{"@type":"ReadAction","target":["https:\/\/www.noticiasradioreflejos.com.ar\/2021\/ruta-76-vecinos-de-suarez-y-tornquist-informan-sobre-cartas-documento-enviadas-a-funcionarios\/"]}]},{"@type":"BreadcrumbList","@id":"https:\/\/www.noticiasradioreflejos.com.ar\/2021\/ruta-76-vecinos-de-suarez-y-tornquist-informan-sobre-cartas-documento-enviadas-a-funcionarios\/#breadcrumb","itemListElement":[{"@type":"ListItem","position":1,"name":"Portada","item":"https:\/\/www.noticiasradioreflejos.com.ar\/2021\/"},{"@type":"ListItem","position":2,"name":"Ruta 76: Vecinos de Su\u00e1rez y Tornquist informan sobre cartas documento enviadas a funcionarios"}]},{"@type":"WebSite","@id":"https:\/\/www.noticiasradioreflejos.com.ar\/2021\/#website","url":"https:\/\/www.noticiasradioreflejos.com.ar\/2021\/","name":"Noticias Radio Reflejos","description":"Las noticias de mi comarca","potentialAction":[{"@type":"SearchAction","target":{"@type":"EntryPoint","urlTemplate":"https:\/\/www.noticiasradioreflejos.com.ar\/2021\/?s={search_term_string}"},"query-input":{"@type":"PropertyValueSpecification","valueRequired":true,"valueName":"search_term_string"}}],"inLanguage":"es"},{"@type":"Person","@id":"https:\/\/www.noticiasradioreflejos.com.ar\/2021\/#\/schema\/person\/ad82545263dcc5ec0996818884fd5fb1","name":"Arnaldo Botto","image":{"@type":"ImageObject","inLanguage":"es","@id":"https:\/\/www.noticiasradioreflejos.com.ar\/2021\/#\/schema\/person\/image\/","url":"https:\/\/secure.gravatar.com\/avatar\/55cb5e37c1efa326397366e6974cb338056df65cb50e7d64d1cf314e87504837?s=96&d=mm&r=g","contentUrl":"https:\/\/secure.gravatar.com\/avatar\/55cb5e37c1efa326397366e6974cb338056df65cb50e7d64d1cf314e87504837?s=96&d=mm&r=g","caption":"Arnaldo Botto"},"url":"https:\/\/www.noticiasradioreflejos.com.ar\/2021\/author\/arnaldo\/"}]}},"_links":{"self":[{"href":"https:\/\/www.noticiasradioreflejos.com.ar\/2021\/wp-json\/wp\/v2\/posts\/28028","targetHints":{"allow":["GET"]}}],"collection":[{"href":"https:\/\/www.noticiasradioreflejos.com.ar\/2021\/wp-json\/wp\/v2\/posts"}],"about":[{"href":"https:\/\/www.noticiasradioreflejos.com.ar\/2021\/wp-json\/wp\/v2\/types\/post"}],"author":[{"embeddable":true,"href":"https:\/\/www.noticiasradioreflejos.com.ar\/2021\/wp-json\/wp\/v2\/users\/3"}],"replies":[{"embeddable":true,"href":"https:\/\/www.noticiasradioreflejos.com.ar\/2021\/wp-json\/wp\/v2\/comments?post=28028"}],"version-history":[{"count":0,"href":"https:\/\/www.noticiasradioreflejos.com.ar\/2021\/wp-json\/wp\/v2\/posts\/28028\/revisions"}],"wp:attachment":[{"href":"https:\/\/www.noticiasradioreflejos.com.ar\/2021\/wp-json\/wp\/v2\/media?parent=28028"}],"wp:term":[{"taxonomy":"category","embeddable":true,"href":"https:\/\/www.noticiasradioreflejos.com.ar\/2021\/wp-json\/wp\/v2\/categories?post=28028"},{"taxonomy":"post_tag","embeddable":true,"href":"https:\/\/www.noticiasradioreflejos.com.ar\/2021\/wp-json\/wp\/v2\/tags?post=28028"}],"curies":[{"name":"wp","href":"https:\/\/api.w.org\/{rel}","templated":true}]}}