{"id":28022,"date":"2019-01-10T07:48:13","date_gmt":"2019-01-10T10:48:13","guid":{"rendered":"http:\/\/www.noticiasradioreflejos.com.ar\/noticias\/?p=28022"},"modified":"2019-01-10T07:48:13","modified_gmt":"2019-01-10T10:48:13","slug":"colorado-el-12-fue-la-primera-bola-en-el-casino-de-sierra-de-la-ventana","status":"publish","type":"post","link":"https:\/\/www.noticiasradioreflejos.com.ar\/2021\/colorado-el-12-fue-la-primera-bola-en-el-casino-de-sierra-de-la-ventana\/","title":{"rendered":"Colorado el 12 fue la primera bola en el Casino de Sierra de la Ventana"},"content":{"rendered":"<p>Al acto de lanzamiento de la primer bola de la temporada en el Casino de Sierra de la Ventana, estuvo a cargo del intendente Sergio Bordoni, a las 22.30 hs de este mi\u00e9rcoles salio Colorado el 12.<!--more--><br \/>\nLa bola fue lanzada por el Intendente Municipal, Sergio Bordoni, quien estuvo acompa\u00f1ado por el Jefe de Juegos de Casinos de la Provincia, Jorge Skoczdopole; el Jefe del Casino, Dar\u00edo Ruav; el gerente del Hotel Provincial, Guilleremo Beck; y el presidente de la Asociaci\u00f3n de Empleados de Casino, Daniel M\u00e9ndez.<br \/>\nAdem\u00e1s, estuvieron presentes el Delegado Municipal de Sierra, Hugo Polvara; la Secretaria de Turismo, Susana Dos Santos; autoridades policiales y representantes de entidades, entre otros.<br \/>\n<strong>Un poco de historia<\/strong><br \/>\nEn 2019 se cumplen 29 a\u00f1os de la inauguraci\u00f3n del Casino de Sierra de la Ventana, en las viejas instalaciones del Hotel Provincial. El 3 de mayo de 1990, la por entonces Intendente Municipal, Mar\u00eda Luisa Kugler de Morteo, fue la encargada de arrojar la primera bola de la temporada que fue Negro el 31.<br \/>\nRecientemente en los \u00faltimos a\u00f1os, por ejemplo en 2011 cuando se dej\u00f3 inaugurado el nuevo edificio el 11 de marzo, sali\u00f3 colorado 21.<br \/>\nEn la gesti\u00f3n del actual Intendente Municipal Sergio Bordoni, el 11 de enero de 2016, no hubo autoridades provinciales presentes en esa ocasi\u00f3n. El jefe comunal, arroj\u00f3 alrededor de la hora 22.15 la primera bola v\u00e1lida para todas las mesas.<br \/>\nUn dato: Este s\u00e1bado 5 de enero en Mar del Plata, la primera bola correpsondi\u00f3 al n\u00famero 12.<br \/>\nAcompa\u00f1aron a Bordoni ese d\u00eda Gerorgina Siebenhar por entonces a cargo de la Secretar\u00eda de Turismo y el Director de Deportes Sebasti\u00e1n Bassi. Un tiro con fuerza moderada se clav\u00f3 en el casillero Negro el 31 \u201cLa Luz\u201d.<br \/>\nUn a\u00f1o mas tarde el 9 de enero de 2017 ,El Intendente Sergio Bordoni acompa\u00f1ado por el Jefe de Departamento del Casino de Sierra de la Ventana Daniel Solis. La Secretaria de Turismo Susana Dos Santos, el gerente del Hotel Provincial Guillermo Beck y el delegado Hugo Polvara, presentes entre otras autoridades.<br \/>\nLa bola m\u00e1gica v\u00e1lida para todas las mesas se arroj\u00f3 en la oficial N\u00ba 2 y precisamente cay\u00f3 en \u00abNegro el 2\u00bb-El Ni\u00f1o.<br \/>\nPor \u00faltimo el 9 de enero de 2018, el acto estuvo a cargo por ausencia del Intendente del Secretario de Gobierno y Hacienda, Ezequiel Gabella.<br \/>\nEl n\u00famero 0 result\u00f3 ser la primera bolilla del lanzamiento oficial de la temporada del Casino de Sierra de la Ventana.<br \/>\nDe la ceremonia participaron algunas autoridades y funcionarios, adem\u00e1s el Jefe de Juegos de Casinos de la Provincia, Jorge Skoczdopole; el gerente del Hotel Provincial de Sierra de la Ventana, Guillermo Beck. Tambi\u00e9n estuvieron presentes Hugo Polvara, el Comisario Gonzalo Sandoval de Sierra de la Ventana y el Director de Turismo Martin Olhaberry, representantes de la Asociaci\u00f3n de Empleados de Casinos Nacionales y autoridades del casino de la localidad serrana, entre otros.<br \/>\n<a href=\"http:\/\/www.noticiasradioreflejos.com.ar\/noticias\/wp-content\/uploads\/2019\/01\/imagen-1.jpg\"><img loading=\"lazy\" decoding=\"async\" class=\"aligncenter size-large wp-image-28024\" src=\"http:\/\/www.noticiasradioreflejos.com.ar\/noticias\/wp-content\/uploads\/2019\/01\/imagen-1.jpg\" alt=\"imagen (1)\" width=\"800\" height=\"532\" \/><\/a><br \/>\n<a href=\"http:\/\/www.noticiasradioreflejos.com.ar\/noticias\/wp-content\/uploads\/2019\/01\/imagen.jpg\"><img loading=\"lazy\" decoding=\"async\" class=\"aligncenter size-large wp-image-28025\" src=\"http:\/\/www.noticiasradioreflejos.com.ar\/noticias\/wp-content\/uploads\/2019\/01\/imagen.jpg\" alt=\"imagen\" width=\"800\" height=\"532\" \/><\/a><br \/>\n<strong>Fuente Noticias Tornquist.<\/strong><\/p>\n","protected":false},"excerpt":{"rendered":"<p>Al acto de lanzamiento de la primer bola de la temporada en el Casino de Sierra de la Ventana, estuvo a cargo del intendente Sergio Bordoni, a las 22.30 hs de este mi\u00e9rcoles salio Colorado el 12.<\/p>\n","protected":false},"author":3,"featured_media":0,"comment_status":"closed","ping_status":"open","sticky":false,"template":"","format":"standard","meta":{"footnotes":""},"categories":[33],"tags":[],"class_list":["post-28022","post","type-post","status-publish","format-standard","hentry","category-turismo"],"yoast_head":"<!-- This site is optimized with the Yoast SEO plugin v25.9 - https:\/\/yoast.com\/wordpress\/plugins\/seo\/ -->\n<title>Colorado el 12 fue la primera bola en el Casino de Sierra de la Ventana - Noticias Radio Reflejos<\/title>\n<meta name=\"robots\" content=\"index, follow, max-snippet:-1, max-image-preview:large, max-video-preview:-1\" \/>\n<link rel=\"canonical\" href=\"https:\/\/www.noticiasradioreflejos.com.ar\/2021\/colorado-el-12-fue-la-primera-bola-en-el-casino-de-sierra-de-la-ventana\/\" \/>\n<meta property=\"og:locale\" content=\"es_ES\" \/>\n<meta property=\"og:type\" content=\"article\" \/>\n<meta property=\"og:title\" content=\"Colorado el 12 fue la primera bola en el Casino de Sierra de la Ventana - Noticias Radio Reflejos\" \/>\n<meta property=\"og:description\" content=\"Al acto de lanzamiento de la primer bola de la temporada en el Casino de Sierra de la Ventana, estuvo a cargo del intendente Sergio Bordoni, a las 22.30 hs de este mi\u00e9rcoles salio Colorado el 12.\" \/>\n<meta property=\"og:url\" content=\"https:\/\/www.noticiasradioreflejos.com.ar\/2021\/colorado-el-12-fue-la-primera-bola-en-el-casino-de-sierra-de-la-ventana\/\" \/>\n<meta property=\"og:site_name\" content=\"Noticias Radio Reflejos\" \/>\n<meta property=\"article:published_time\" content=\"2019-01-10T10:48:13+00:00\" \/>\n<meta property=\"og:image\" content=\"https:\/\/www.noticiasradioreflejos.com.ar\/2021\/wp-content\/uploads\/2021\/07\/logosol300x200.png\" \/>\n\t<meta property=\"og:image:width\" content=\"300\" \/>\n\t<meta property=\"og:image:height\" content=\"200\" \/>\n\t<meta property=\"og:image:type\" content=\"image\/png\" \/>\n<meta name=\"author\" content=\"Arnaldo Botto\" \/>\n<meta name=\"twitter:card\" content=\"summary_large_image\" \/>\n<script type=\"application\/ld+json\" class=\"yoast-schema-graph\">{\"@context\":\"https:\/\/schema.org\",\"@graph\":[{\"@type\":\"WebPage\",\"@id\":\"https:\/\/www.noticiasradioreflejos.com.ar\/2021\/colorado-el-12-fue-la-primera-bola-en-el-casino-de-sierra-de-la-ventana\/\",\"url\":\"https:\/\/www.noticiasradioreflejos.com.ar\/2021\/colorado-el-12-fue-la-primera-bola-en-el-casino-de-sierra-de-la-ventana\/\",\"name\":\"Colorado el 12 fue la primera bola en el Casino de Sierra de la Ventana - Noticias Radio Reflejos\",\"isPartOf\":{\"@id\":\"https:\/\/www.noticiasradioreflejos.com.ar\/2021\/#website\"},\"primaryImageOfPage\":{\"@id\":\"https:\/\/www.noticiasradioreflejos.com.ar\/2021\/colorado-el-12-fue-la-primera-bola-en-el-casino-de-sierra-de-la-ventana\/#primaryimage\"},\"image\":{\"@id\":\"https:\/\/www.noticiasradioreflejos.com.ar\/2021\/colorado-el-12-fue-la-primera-bola-en-el-casino-de-sierra-de-la-ventana\/#primaryimage\"},\"thumbnailUrl\":\"http:\/\/www.noticiasradioreflejos.com.ar\/noticias\/wp-content\/uploads\/2019\/01\/imagen-1.jpg\",\"datePublished\":\"2019-01-10T10:48:13+00:00\",\"author\":{\"@id\":\"https:\/\/www.noticiasradioreflejos.com.ar\/2021\/#\/schema\/person\/ad82545263dcc5ec0996818884fd5fb1\"},\"breadcrumb\":{\"@id\":\"https:\/\/www.noticiasradioreflejos.com.ar\/2021\/colorado-el-12-fue-la-primera-bola-en-el-casino-de-sierra-de-la-ventana\/#breadcrumb\"},\"inLanguage\":\"es\",\"potentialAction\":[{\"@type\":\"ReadAction\",\"target\":[\"https:\/\/www.noticiasradioreflejos.com.ar\/2021\/colorado-el-12-fue-la-primera-bola-en-el-casino-de-sierra-de-la-ventana\/\"]}]},{\"@type\":\"ImageObject\",\"inLanguage\":\"es\",\"@id\":\"https:\/\/www.noticiasradioreflejos.com.ar\/2021\/colorado-el-12-fue-la-primera-bola-en-el-casino-de-sierra-de-la-ventana\/#primaryimage\",\"url\":\"http:\/\/www.noticiasradioreflejos.com.ar\/noticias\/wp-content\/uploads\/2019\/01\/imagen-1.jpg\",\"contentUrl\":\"http:\/\/www.noticiasradioreflejos.com.ar\/noticias\/wp-content\/uploads\/2019\/01\/imagen-1.jpg\"},{\"@type\":\"BreadcrumbList\",\"@id\":\"https:\/\/www.noticiasradioreflejos.com.ar\/2021\/colorado-el-12-fue-la-primera-bola-en-el-casino-de-sierra-de-la-ventana\/#breadcrumb\",\"itemListElement\":[{\"@type\":\"ListItem\",\"position\":1,\"name\":\"Portada\",\"item\":\"https:\/\/www.noticiasradioreflejos.com.ar\/2021\/\"},{\"@type\":\"ListItem\",\"position\":2,\"name\":\"Colorado el 12 fue la primera bola en el Casino de Sierra de la Ventana\"}]},{\"@type\":\"WebSite\",\"@id\":\"https:\/\/www.noticiasradioreflejos.com.ar\/2021\/#website\",\"url\":\"https:\/\/www.noticiasradioreflejos.com.ar\/2021\/\",\"name\":\"Noticias Radio Reflejos\",\"description\":\"Las noticias de mi comarca\",\"potentialAction\":[{\"@type\":\"SearchAction\",\"target\":{\"@type\":\"EntryPoint\",\"urlTemplate\":\"https:\/\/www.noticiasradioreflejos.com.ar\/2021\/?s={search_term_string}\"},\"query-input\":{\"@type\":\"PropertyValueSpecification\",\"valueRequired\":true,\"valueName\":\"search_term_string\"}}],\"inLanguage\":\"es\"},{\"@type\":\"Person\",\"@id\":\"https:\/\/www.noticiasradioreflejos.com.ar\/2021\/#\/schema\/person\/ad82545263dcc5ec0996818884fd5fb1\",\"name\":\"Arnaldo Botto\",\"image\":{\"@type\":\"ImageObject\",\"inLanguage\":\"es\",\"@id\":\"https:\/\/www.noticiasradioreflejos.com.ar\/2021\/#\/schema\/person\/image\/\",\"url\":\"https:\/\/secure.gravatar.com\/avatar\/55cb5e37c1efa326397366e6974cb338056df65cb50e7d64d1cf314e87504837?s=96&d=mm&r=g\",\"contentUrl\":\"https:\/\/secure.gravatar.com\/avatar\/55cb5e37c1efa326397366e6974cb338056df65cb50e7d64d1cf314e87504837?s=96&d=mm&r=g\",\"caption\":\"Arnaldo Botto\"},\"url\":\"https:\/\/www.noticiasradioreflejos.com.ar\/2021\/author\/arnaldo\/\"}]}<\/script>\n<!-- \/ Yoast SEO plugin. -->","yoast_head_json":{"title":"Colorado el 12 fue la primera bola en el Casino de Sierra de la Ventana - Noticias Radio Reflejos","robots":{"index":"index","follow":"follow","max-snippet":"max-snippet:-1","max-image-preview":"max-image-preview:large","max-video-preview":"max-video-preview:-1"},"canonical":"https:\/\/www.noticiasradioreflejos.com.ar\/2021\/colorado-el-12-fue-la-primera-bola-en-el-casino-de-sierra-de-la-ventana\/","og_locale":"es_ES","og_type":"article","og_title":"Colorado el 12 fue la primera bola en el Casino de Sierra de la Ventana - Noticias Radio Reflejos","og_description":"Al acto de lanzamiento de la primer bola de la temporada en el Casino de Sierra de la Ventana, estuvo a cargo del intendente Sergio Bordoni, a las 22.30 hs de este mi\u00e9rcoles salio Colorado el 12.","og_url":"https:\/\/www.noticiasradioreflejos.com.ar\/2021\/colorado-el-12-fue-la-primera-bola-en-el-casino-de-sierra-de-la-ventana\/","og_site_name":"Noticias Radio Reflejos","article_published_time":"2019-01-10T10:48:13+00:00","og_image":[{"width":300,"height":200,"url":"https:\/\/www.noticiasradioreflejos.com.ar\/2021\/wp-content\/uploads\/2021\/07\/logosol300x200.png","type":"image\/png"}],"author":"Arnaldo Botto","twitter_card":"summary_large_image","schema":{"@context":"https:\/\/schema.org","@graph":[{"@type":"WebPage","@id":"https:\/\/www.noticiasradioreflejos.com.ar\/2021\/colorado-el-12-fue-la-primera-bola-en-el-casino-de-sierra-de-la-ventana\/","url":"https:\/\/www.noticiasradioreflejos.com.ar\/2021\/colorado-el-12-fue-la-primera-bola-en-el-casino-de-sierra-de-la-ventana\/","name":"Colorado el 12 fue la primera bola en el Casino de Sierra de la Ventana - Noticias Radio Reflejos","isPartOf":{"@id":"https:\/\/www.noticiasradioreflejos.com.ar\/2021\/#website"},"primaryImageOfPage":{"@id":"https:\/\/www.noticiasradioreflejos.com.ar\/2021\/colorado-el-12-fue-la-primera-bola-en-el-casino-de-sierra-de-la-ventana\/#primaryimage"},"image":{"@id":"https:\/\/www.noticiasradioreflejos.com.ar\/2021\/colorado-el-12-fue-la-primera-bola-en-el-casino-de-sierra-de-la-ventana\/#primaryimage"},"thumbnailUrl":"http:\/\/www.noticiasradioreflejos.com.ar\/noticias\/wp-content\/uploads\/2019\/01\/imagen-1.jpg","datePublished":"2019-01-10T10:48:13+00:00","author":{"@id":"https:\/\/www.noticiasradioreflejos.com.ar\/2021\/#\/schema\/person\/ad82545263dcc5ec0996818884fd5fb1"},"breadcrumb":{"@id":"https:\/\/www.noticiasradioreflejos.com.ar\/2021\/colorado-el-12-fue-la-primera-bola-en-el-casino-de-sierra-de-la-ventana\/#breadcrumb"},"inLanguage":"es","potentialAction":[{"@type":"ReadAction","target":["https:\/\/www.noticiasradioreflejos.com.ar\/2021\/colorado-el-12-fue-la-primera-bola-en-el-casino-de-sierra-de-la-ventana\/"]}]},{"@type":"ImageObject","inLanguage":"es","@id":"https:\/\/www.noticiasradioreflejos.com.ar\/2021\/colorado-el-12-fue-la-primera-bola-en-el-casino-de-sierra-de-la-ventana\/#primaryimage","url":"http:\/\/www.noticiasradioreflejos.com.ar\/noticias\/wp-content\/uploads\/2019\/01\/imagen-1.jpg","contentUrl":"http:\/\/www.noticiasradioreflejos.com.ar\/noticias\/wp-content\/uploads\/2019\/01\/imagen-1.jpg"},{"@type":"BreadcrumbList","@id":"https:\/\/www.noticiasradioreflejos.com.ar\/2021\/colorado-el-12-fue-la-primera-bola-en-el-casino-de-sierra-de-la-ventana\/#breadcrumb","itemListElement":[{"@type":"ListItem","position":1,"name":"Portada","item":"https:\/\/www.noticiasradioreflejos.com.ar\/2021\/"},{"@type":"ListItem","position":2,"name":"Colorado el 12 fue la primera bola en el Casino de Sierra de la Ventana"}]},{"@type":"WebSite","@id":"https:\/\/www.noticiasradioreflejos.com.ar\/2021\/#website","url":"https:\/\/www.noticiasradioreflejos.com.ar\/2021\/","name":"Noticias Radio Reflejos","description":"Las noticias de mi comarca","potentialAction":[{"@type":"SearchAction","target":{"@type":"EntryPoint","urlTemplate":"https:\/\/www.noticiasradioreflejos.com.ar\/2021\/?s={search_term_string}"},"query-input":{"@type":"PropertyValueSpecification","valueRequired":true,"valueName":"search_term_string"}}],"inLanguage":"es"},{"@type":"Person","@id":"https:\/\/www.noticiasradioreflejos.com.ar\/2021\/#\/schema\/person\/ad82545263dcc5ec0996818884fd5fb1","name":"Arnaldo Botto","image":{"@type":"ImageObject","inLanguage":"es","@id":"https:\/\/www.noticiasradioreflejos.com.ar\/2021\/#\/schema\/person\/image\/","url":"https:\/\/secure.gravatar.com\/avatar\/55cb5e37c1efa326397366e6974cb338056df65cb50e7d64d1cf314e87504837?s=96&d=mm&r=g","contentUrl":"https:\/\/secure.gravatar.com\/avatar\/55cb5e37c1efa326397366e6974cb338056df65cb50e7d64d1cf314e87504837?s=96&d=mm&r=g","caption":"Arnaldo Botto"},"url":"https:\/\/www.noticiasradioreflejos.com.ar\/2021\/author\/arnaldo\/"}]}},"_links":{"self":[{"href":"https:\/\/www.noticiasradioreflejos.com.ar\/2021\/wp-json\/wp\/v2\/posts\/28022","targetHints":{"allow":["GET"]}}],"collection":[{"href":"https:\/\/www.noticiasradioreflejos.com.ar\/2021\/wp-json\/wp\/v2\/posts"}],"about":[{"href":"https:\/\/www.noticiasradioreflejos.com.ar\/2021\/wp-json\/wp\/v2\/types\/post"}],"author":[{"embeddable":true,"href":"https:\/\/www.noticiasradioreflejos.com.ar\/2021\/wp-json\/wp\/v2\/users\/3"}],"replies":[{"embeddable":true,"href":"https:\/\/www.noticiasradioreflejos.com.ar\/2021\/wp-json\/wp\/v2\/comments?post=28022"}],"version-history":[{"count":0,"href":"https:\/\/www.noticiasradioreflejos.com.ar\/2021\/wp-json\/wp\/v2\/posts\/28022\/revisions"}],"wp:attachment":[{"href":"https:\/\/www.noticiasradioreflejos.com.ar\/2021\/wp-json\/wp\/v2\/media?parent=28022"}],"wp:term":[{"taxonomy":"category","embeddable":true,"href":"https:\/\/www.noticiasradioreflejos.com.ar\/2021\/wp-json\/wp\/v2\/categories?post=28022"},{"taxonomy":"post_tag","embeddable":true,"href":"https:\/\/www.noticiasradioreflejos.com.ar\/2021\/wp-json\/wp\/v2\/tags?post=28022"}],"curies":[{"name":"wp","href":"https:\/\/api.w.org\/{rel}","templated":true}]}}