{"id":27994,"date":"2019-01-09T10:49:35","date_gmt":"2019-01-09T13:49:35","guid":{"rendered":"http:\/\/www.noticiasradioreflejos.com.ar\/noticias\/?p=27994"},"modified":"2019-01-09T10:49:35","modified_gmt":"2019-01-09T13:49:35","slug":"florinda-un-personaje-musical-de-la-comarca","status":"publish","type":"post","link":"https:\/\/www.noticiasradioreflejos.com.ar\/2021\/florinda-un-personaje-musical-de-la-comarca\/","title":{"rendered":"&quot;Florinda&quot; un personaje musical de la comarca"},"content":{"rendered":"<p><a href=\"http:\/\/www.noticiasradioreflejos.com.ar\/noticias\/wp-content\/uploads\/2019\/01\/WhatsApp-Image-2019-01-09-at-10.22.07.jpeg\"><img loading=\"lazy\" decoding=\"async\" class=\"alignleft size-medium wp-image-27996\" src=\"http:\/\/www.noticiasradioreflejos.com.ar\/noticias\/wp-content\/uploads\/2019\/01\/WhatsApp-Image-2019-01-09-at-10.22.07-300x300.jpeg\" alt=\"WhatsApp Image 2019-01-09 at 10.22.07\" width=\"300\" height=\"300\" \/><\/a>Maira Esquivel interpreta un personaje de su creaci\u00f3n, \u00abFlorinda\u00bb, realiz\u00f3 varias actuaciones en Saldungaray y Sierra de la Ventana, pero el s\u00e1bado tuvo la gran oportunidad actuando en la previa de \u00abPi\u00f1\u00f3n Fijo\u00bb, durante la Fiesta Provincial de Reyes Magos. El temporal no le permiti\u00f3 brindar m\u00e1s que 20 minutos de lo que ten\u00eda preparado.<br \/>\nEsta ma\u00f1ana, hablamos con Maira para conocer su historia con el personaje musical que interpreta y en que se basa su actuaci\u00f3n.<!--more--><br \/>\nDe manera autodidacta y con el apoyo de una maestra de canto, \u00abFlorinda\u00bb interpreta canciones de pel\u00edculas de Disney, con el apoyo de una pantalla detr\u00e1s, donde un video con 7 momentos de esos cl\u00e1sicos del cine infantil, visten la propuesta musical.<br \/>\nEl nombre de \u00abFlorinda\u00bb se le ocurri\u00f3 a Mayra al conocer a un vecino de Sierra de la Ventana que se llama Florindo Reyes, \u00abCuando lo conoc\u00ed vi una luz muy especial en Florindo, y eso me llev\u00f3 a llamar as\u00ed al personaje\u00bb asegur\u00f3 Maira.<br \/>\n<iframe loading=\"lazy\" src=\"https:\/\/w.soundcloud.com\/player\/?url=https%3A\/\/api.soundcloud.com\/tracks\/556337892&amp;color=%23ff5500&amp;auto_play=false&amp;hide_related=false&amp;show_comments=true&amp;show_user=true&amp;show_reposts=false&amp;show_teaser=true\" width=\"100%\" height=\"166\" frameborder=\"no\" scrolling=\"no\"><\/iframe><br \/>\n<iframe loading=\"lazy\" src=\"https:\/\/www.youtube.com\/embed\/siStcA7vfgE\" width=\"560\" height=\"315\" frameborder=\"0\" allowfullscreen=\"allowfullscreen\"><\/iframe><\/p>\n","protected":false},"excerpt":{"rendered":"<p>Maira Esquivel interpreta un personaje de su creaci\u00f3n, \u00abFlorinda\u00bb, realiz\u00f3 varias actuaciones en Saldungaray y Sierra de la Ventana, pero el s\u00e1bado tuvo la gran oportunidad actuando en la previa de \u00abPi\u00f1\u00f3n Fijo\u00bb, durante la Fiesta Provincial de Reyes Magos. El temporal no le permiti\u00f3 brindar m\u00e1s que 20 minutos de lo que ten\u00eda preparado. [&hellip;]<\/p>\n","protected":false},"author":3,"featured_media":0,"comment_status":"closed","ping_status":"open","sticky":false,"template":"","format":"standard","meta":{"footnotes":""},"categories":[35],"tags":[],"class_list":["post-27994","post","type-post","status-publish","format-standard","hentry","category-cultura"],"yoast_head":"<!-- This site is optimized with the Yoast SEO plugin v25.9 - https:\/\/yoast.com\/wordpress\/plugins\/seo\/ -->\n<title>&quot;Florinda&quot; un personaje musical de la comarca - Noticias Radio Reflejos<\/title>\n<meta name=\"robots\" content=\"index, follow, max-snippet:-1, max-image-preview:large, max-video-preview:-1\" \/>\n<link rel=\"canonical\" href=\"https:\/\/www.noticiasradioreflejos.com.ar\/2021\/florinda-un-personaje-musical-de-la-comarca\/\" \/>\n<meta property=\"og:locale\" content=\"es_ES\" \/>\n<meta property=\"og:type\" content=\"article\" \/>\n<meta property=\"og:title\" content=\"&quot;Florinda&quot; un personaje musical de la comarca - Noticias Radio Reflejos\" \/>\n<meta property=\"og:description\" content=\"Maira Esquivel interpreta un personaje de su creaci\u00f3n, \u00abFlorinda\u00bb, realiz\u00f3 varias actuaciones en Saldungaray y Sierra de la Ventana, pero el s\u00e1bado tuvo la gran oportunidad actuando en la previa de \u00abPi\u00f1\u00f3n Fijo\u00bb, durante la Fiesta Provincial de Reyes Magos. El temporal no le permiti\u00f3 brindar m\u00e1s que 20 minutos de lo que ten\u00eda preparado. [&hellip;]\" \/>\n<meta property=\"og:url\" content=\"https:\/\/www.noticiasradioreflejos.com.ar\/2021\/florinda-un-personaje-musical-de-la-comarca\/\" \/>\n<meta property=\"og:site_name\" content=\"Noticias Radio Reflejos\" \/>\n<meta property=\"article:published_time\" content=\"2019-01-09T13:49:35+00:00\" \/>\n<meta property=\"og:image\" content=\"https:\/\/www.noticiasradioreflejos.com.ar\/2021\/wp-content\/uploads\/2021\/07\/logosol300x200.png\" \/>\n\t<meta property=\"og:image:width\" content=\"300\" \/>\n\t<meta property=\"og:image:height\" content=\"200\" \/>\n\t<meta property=\"og:image:type\" content=\"image\/png\" \/>\n<meta name=\"author\" content=\"Arnaldo Botto\" \/>\n<meta name=\"twitter:card\" content=\"summary_large_image\" \/>\n<script type=\"application\/ld+json\" class=\"yoast-schema-graph\">{\"@context\":\"https:\/\/schema.org\",\"@graph\":[{\"@type\":\"WebPage\",\"@id\":\"https:\/\/www.noticiasradioreflejos.com.ar\/2021\/florinda-un-personaje-musical-de-la-comarca\/\",\"url\":\"https:\/\/www.noticiasradioreflejos.com.ar\/2021\/florinda-un-personaje-musical-de-la-comarca\/\",\"name\":\"&quot;Florinda&quot; un personaje musical de la comarca - Noticias Radio Reflejos\",\"isPartOf\":{\"@id\":\"https:\/\/www.noticiasradioreflejos.com.ar\/2021\/#website\"},\"primaryImageOfPage\":{\"@id\":\"https:\/\/www.noticiasradioreflejos.com.ar\/2021\/florinda-un-personaje-musical-de-la-comarca\/#primaryimage\"},\"image\":{\"@id\":\"https:\/\/www.noticiasradioreflejos.com.ar\/2021\/florinda-un-personaje-musical-de-la-comarca\/#primaryimage\"},\"thumbnailUrl\":\"http:\/\/www.noticiasradioreflejos.com.ar\/noticias\/wp-content\/uploads\/2019\/01\/WhatsApp-Image-2019-01-09-at-10.22.07-300x300.jpeg\",\"datePublished\":\"2019-01-09T13:49:35+00:00\",\"author\":{\"@id\":\"https:\/\/www.noticiasradioreflejos.com.ar\/2021\/#\/schema\/person\/ad82545263dcc5ec0996818884fd5fb1\"},\"breadcrumb\":{\"@id\":\"https:\/\/www.noticiasradioreflejos.com.ar\/2021\/florinda-un-personaje-musical-de-la-comarca\/#breadcrumb\"},\"inLanguage\":\"es\",\"potentialAction\":[{\"@type\":\"ReadAction\",\"target\":[\"https:\/\/www.noticiasradioreflejos.com.ar\/2021\/florinda-un-personaje-musical-de-la-comarca\/\"]}]},{\"@type\":\"ImageObject\",\"inLanguage\":\"es\",\"@id\":\"https:\/\/www.noticiasradioreflejos.com.ar\/2021\/florinda-un-personaje-musical-de-la-comarca\/#primaryimage\",\"url\":\"http:\/\/www.noticiasradioreflejos.com.ar\/noticias\/wp-content\/uploads\/2019\/01\/WhatsApp-Image-2019-01-09-at-10.22.07-300x300.jpeg\",\"contentUrl\":\"http:\/\/www.noticiasradioreflejos.com.ar\/noticias\/wp-content\/uploads\/2019\/01\/WhatsApp-Image-2019-01-09-at-10.22.07-300x300.jpeg\"},{\"@type\":\"BreadcrumbList\",\"@id\":\"https:\/\/www.noticiasradioreflejos.com.ar\/2021\/florinda-un-personaje-musical-de-la-comarca\/#breadcrumb\",\"itemListElement\":[{\"@type\":\"ListItem\",\"position\":1,\"name\":\"Portada\",\"item\":\"https:\/\/www.noticiasradioreflejos.com.ar\/2021\/\"},{\"@type\":\"ListItem\",\"position\":2,\"name\":\"&quot;Florinda&quot; un personaje musical de la comarca\"}]},{\"@type\":\"WebSite\",\"@id\":\"https:\/\/www.noticiasradioreflejos.com.ar\/2021\/#website\",\"url\":\"https:\/\/www.noticiasradioreflejos.com.ar\/2021\/\",\"name\":\"Noticias Radio Reflejos\",\"description\":\"Las noticias de mi comarca\",\"potentialAction\":[{\"@type\":\"SearchAction\",\"target\":{\"@type\":\"EntryPoint\",\"urlTemplate\":\"https:\/\/www.noticiasradioreflejos.com.ar\/2021\/?s={search_term_string}\"},\"query-input\":{\"@type\":\"PropertyValueSpecification\",\"valueRequired\":true,\"valueName\":\"search_term_string\"}}],\"inLanguage\":\"es\"},{\"@type\":\"Person\",\"@id\":\"https:\/\/www.noticiasradioreflejos.com.ar\/2021\/#\/schema\/person\/ad82545263dcc5ec0996818884fd5fb1\",\"name\":\"Arnaldo Botto\",\"image\":{\"@type\":\"ImageObject\",\"inLanguage\":\"es\",\"@id\":\"https:\/\/www.noticiasradioreflejos.com.ar\/2021\/#\/schema\/person\/image\/\",\"url\":\"https:\/\/secure.gravatar.com\/avatar\/55cb5e37c1efa326397366e6974cb338056df65cb50e7d64d1cf314e87504837?s=96&d=mm&r=g\",\"contentUrl\":\"https:\/\/secure.gravatar.com\/avatar\/55cb5e37c1efa326397366e6974cb338056df65cb50e7d64d1cf314e87504837?s=96&d=mm&r=g\",\"caption\":\"Arnaldo Botto\"},\"url\":\"https:\/\/www.noticiasradioreflejos.com.ar\/2021\/author\/arnaldo\/\"}]}<\/script>\n<!-- \/ Yoast SEO plugin. -->","yoast_head_json":{"title":"&quot;Florinda&quot; un personaje musical de la comarca - Noticias Radio Reflejos","robots":{"index":"index","follow":"follow","max-snippet":"max-snippet:-1","max-image-preview":"max-image-preview:large","max-video-preview":"max-video-preview:-1"},"canonical":"https:\/\/www.noticiasradioreflejos.com.ar\/2021\/florinda-un-personaje-musical-de-la-comarca\/","og_locale":"es_ES","og_type":"article","og_title":"&quot;Florinda&quot; un personaje musical de la comarca - Noticias Radio Reflejos","og_description":"Maira Esquivel interpreta un personaje de su creaci\u00f3n, \u00abFlorinda\u00bb, realiz\u00f3 varias actuaciones en Saldungaray y Sierra de la Ventana, pero el s\u00e1bado tuvo la gran oportunidad actuando en la previa de \u00abPi\u00f1\u00f3n Fijo\u00bb, durante la Fiesta Provincial de Reyes Magos. El temporal no le permiti\u00f3 brindar m\u00e1s que 20 minutos de lo que ten\u00eda preparado. [&hellip;]","og_url":"https:\/\/www.noticiasradioreflejos.com.ar\/2021\/florinda-un-personaje-musical-de-la-comarca\/","og_site_name":"Noticias Radio Reflejos","article_published_time":"2019-01-09T13:49:35+00:00","og_image":[{"width":300,"height":200,"url":"https:\/\/www.noticiasradioreflejos.com.ar\/2021\/wp-content\/uploads\/2021\/07\/logosol300x200.png","type":"image\/png"}],"author":"Arnaldo Botto","twitter_card":"summary_large_image","schema":{"@context":"https:\/\/schema.org","@graph":[{"@type":"WebPage","@id":"https:\/\/www.noticiasradioreflejos.com.ar\/2021\/florinda-un-personaje-musical-de-la-comarca\/","url":"https:\/\/www.noticiasradioreflejos.com.ar\/2021\/florinda-un-personaje-musical-de-la-comarca\/","name":"&quot;Florinda&quot; un personaje musical de la comarca - Noticias Radio Reflejos","isPartOf":{"@id":"https:\/\/www.noticiasradioreflejos.com.ar\/2021\/#website"},"primaryImageOfPage":{"@id":"https:\/\/www.noticiasradioreflejos.com.ar\/2021\/florinda-un-personaje-musical-de-la-comarca\/#primaryimage"},"image":{"@id":"https:\/\/www.noticiasradioreflejos.com.ar\/2021\/florinda-un-personaje-musical-de-la-comarca\/#primaryimage"},"thumbnailUrl":"http:\/\/www.noticiasradioreflejos.com.ar\/noticias\/wp-content\/uploads\/2019\/01\/WhatsApp-Image-2019-01-09-at-10.22.07-300x300.jpeg","datePublished":"2019-01-09T13:49:35+00:00","author":{"@id":"https:\/\/www.noticiasradioreflejos.com.ar\/2021\/#\/schema\/person\/ad82545263dcc5ec0996818884fd5fb1"},"breadcrumb":{"@id":"https:\/\/www.noticiasradioreflejos.com.ar\/2021\/florinda-un-personaje-musical-de-la-comarca\/#breadcrumb"},"inLanguage":"es","potentialAction":[{"@type":"ReadAction","target":["https:\/\/www.noticiasradioreflejos.com.ar\/2021\/florinda-un-personaje-musical-de-la-comarca\/"]}]},{"@type":"ImageObject","inLanguage":"es","@id":"https:\/\/www.noticiasradioreflejos.com.ar\/2021\/florinda-un-personaje-musical-de-la-comarca\/#primaryimage","url":"http:\/\/www.noticiasradioreflejos.com.ar\/noticias\/wp-content\/uploads\/2019\/01\/WhatsApp-Image-2019-01-09-at-10.22.07-300x300.jpeg","contentUrl":"http:\/\/www.noticiasradioreflejos.com.ar\/noticias\/wp-content\/uploads\/2019\/01\/WhatsApp-Image-2019-01-09-at-10.22.07-300x300.jpeg"},{"@type":"BreadcrumbList","@id":"https:\/\/www.noticiasradioreflejos.com.ar\/2021\/florinda-un-personaje-musical-de-la-comarca\/#breadcrumb","itemListElement":[{"@type":"ListItem","position":1,"name":"Portada","item":"https:\/\/www.noticiasradioreflejos.com.ar\/2021\/"},{"@type":"ListItem","position":2,"name":"&quot;Florinda&quot; un personaje musical de la comarca"}]},{"@type":"WebSite","@id":"https:\/\/www.noticiasradioreflejos.com.ar\/2021\/#website","url":"https:\/\/www.noticiasradioreflejos.com.ar\/2021\/","name":"Noticias Radio Reflejos","description":"Las noticias de mi comarca","potentialAction":[{"@type":"SearchAction","target":{"@type":"EntryPoint","urlTemplate":"https:\/\/www.noticiasradioreflejos.com.ar\/2021\/?s={search_term_string}"},"query-input":{"@type":"PropertyValueSpecification","valueRequired":true,"valueName":"search_term_string"}}],"inLanguage":"es"},{"@type":"Person","@id":"https:\/\/www.noticiasradioreflejos.com.ar\/2021\/#\/schema\/person\/ad82545263dcc5ec0996818884fd5fb1","name":"Arnaldo Botto","image":{"@type":"ImageObject","inLanguage":"es","@id":"https:\/\/www.noticiasradioreflejos.com.ar\/2021\/#\/schema\/person\/image\/","url":"https:\/\/secure.gravatar.com\/avatar\/55cb5e37c1efa326397366e6974cb338056df65cb50e7d64d1cf314e87504837?s=96&d=mm&r=g","contentUrl":"https:\/\/secure.gravatar.com\/avatar\/55cb5e37c1efa326397366e6974cb338056df65cb50e7d64d1cf314e87504837?s=96&d=mm&r=g","caption":"Arnaldo Botto"},"url":"https:\/\/www.noticiasradioreflejos.com.ar\/2021\/author\/arnaldo\/"}]}},"_links":{"self":[{"href":"https:\/\/www.noticiasradioreflejos.com.ar\/2021\/wp-json\/wp\/v2\/posts\/27994","targetHints":{"allow":["GET"]}}],"collection":[{"href":"https:\/\/www.noticiasradioreflejos.com.ar\/2021\/wp-json\/wp\/v2\/posts"}],"about":[{"href":"https:\/\/www.noticiasradioreflejos.com.ar\/2021\/wp-json\/wp\/v2\/types\/post"}],"author":[{"embeddable":true,"href":"https:\/\/www.noticiasradioreflejos.com.ar\/2021\/wp-json\/wp\/v2\/users\/3"}],"replies":[{"embeddable":true,"href":"https:\/\/www.noticiasradioreflejos.com.ar\/2021\/wp-json\/wp\/v2\/comments?post=27994"}],"version-history":[{"count":0,"href":"https:\/\/www.noticiasradioreflejos.com.ar\/2021\/wp-json\/wp\/v2\/posts\/27994\/revisions"}],"wp:attachment":[{"href":"https:\/\/www.noticiasradioreflejos.com.ar\/2021\/wp-json\/wp\/v2\/media?parent=27994"}],"wp:term":[{"taxonomy":"category","embeddable":true,"href":"https:\/\/www.noticiasradioreflejos.com.ar\/2021\/wp-json\/wp\/v2\/categories?post=27994"},{"taxonomy":"post_tag","embeddable":true,"href":"https:\/\/www.noticiasradioreflejos.com.ar\/2021\/wp-json\/wp\/v2\/tags?post=27994"}],"curies":[{"name":"wp","href":"https:\/\/api.w.org\/{rel}","templated":true}]}}