{"id":27967,"date":"2019-01-08T13:12:16","date_gmt":"2019-01-08T16:12:16","guid":{"rendered":"http:\/\/www.noticiasradioreflejos.com.ar\/noticias\/?p=27967"},"modified":"2019-01-08T13:12:16","modified_gmt":"2019-01-08T16:12:16","slug":"el-la-que-la-gente-de-sierra-entienda-sera-la-fiesta-mas-grande-del-pais","status":"publish","type":"post","link":"https:\/\/www.noticiasradioreflejos.com.ar\/2021\/el-la-que-la-gente-de-sierra-entienda-sera-la-fiesta-mas-grande-del-pais\/","title":{"rendered":"&quot;Que la gente de Sierra entienda, ser\u00e1 la fiesta m\u00e1s grande del pa\u00eds&quot;. Sergio Dominguez"},"content":{"rendered":"<p><a title=\"imagen (5)\" href=\"http:\/\/farm5.staticflickr.com\/4879\/31688804067_627a736908.jpg\" rel=\"\"><img loading=\"lazy\" decoding=\"async\" class=\"alignleft\" style=\"float: left;\" title=\"imagen (5)\" src=\"http:\/\/farm5.staticflickr.com\/4879\/31688804067_627a736908.jpg\" alt=\"imagen (5)\" width=\"500\" height=\"333\" \/><\/a>A un par de d\u00edas de la realizaci\u00f3n de la <strong>55\u00b0 Fiesta de Reyes Magos de Sierra de la Ventana<\/strong>, Charlamos con <strong>\u00abSergio Teko Dominguez<\/strong>, Presidente de la Asoc. de Bomberos Voluntarios de la localidad y motor fundamental de la organizaci\u00f3n del evento que a\u00f1o tras a\u00f1o, avanza convocando multitudes de todo el pa\u00eds.<!--more--><br \/>\nCon voz ronca y medida, que demostraba el esfuerzo que demand\u00f3 estar en la organizaci\u00f3n, Teko nos dec\u00eda: \u00abno se hace nada improvisado, todo lo que se genera, se charla, se mide en el predio y se planifica\u00bb, describiendo como, con el paso del tiempo se fue ajustando cada detalle para brindar mayor comodidad y atenci\u00f3n a los visitantes.<br \/>\nTras hacer un relevamiento de las muchas variantes que fu\u00e9 teniendo esta gran fiesta regional, que ha ido creciendo en forma casi desmedida, donde las estimaciones mas optimistas, van quedando cortas a\u00f1o, tras a\u00f1o.<br \/>\nC\u00f3mo sentenciado lo que se puede esperar para el a\u00f1o pr\u00f3ximo, Dominguez indic\u00f3: \u00abHay que trabajar todo el a\u00f1o para mucho m\u00e1s\u00bb.<br \/>\nTambi\u00e9n reconoci\u00f3 falencias admitiendo,\u00bbSierra de la Ventana no est\u00e1 preparado para esta afluencia de gente,hay que saber comprender y tener paciencia, con el tr\u00e1nsito, con la falta de mercader\u00edas, etc\u00bb<br \/>\n\u00abBomberos siempre se encarg\u00f3 de esa parte, de esa log\u00edstica\u00bb, refiri\u00e9ndose al momento de recibir a los reyes y acompa\u00f1arlos hasta el pesebre. \u00abDe todo lo que es iluminaci\u00f3n en el cerro, la bajada tradicional desde las sierras, llegar con los reyes hasta el predio, o hasta la Avenida Roca fundamentalmente que se hac\u00eda ah\u00ed, y bueno toda esa log\u00edstica siempre fue de los bomberos, junto a la entrega de los juguetes, esta vez hace 3 a\u00f1os que cuando la comisi\u00f3n que estaba a cargo de eso dio un peque\u00f1o pasito al costado en una reuni\u00f3n que se hizo en el cuartel, est\u00e1bamos en ese momento con Maria Romero en la comisi\u00f3n, yo estaba como tesorero, le dije (Mira Maria, nosotros no queremos ser los responsables de que esto no se haga mas), y arrancamos con esta hermosa locura de hacernos cargo de semejante evento que bajo ning\u00fan punto de vista pensamos que iba a llegar a donde llego\u00bb.<br \/>\n\u00abEsto lleva much\u00edsima cantidad de tiempo, esta fiesta que se armo este a\u00f1o, la empezamos a armar el mismo 21 de Septiembre, ese mismo d\u00eda en el predio ya se estaba llamando gente para ver que se pod\u00eda organizar porque tenia los puestos de comida y los foodtrucks en el mismo lugar donde se empiezan a comprometer para el pr\u00f3ximo evento\u00bb.<br \/>\nRespecto a las criticas, Teko cont\u00f3, \u00abYo soy una persona, sinceramente te digo con el coraz\u00f3n, no le presto mucha atenci\u00f3n a las criticas de las redes sociales, si soy muy respetuoso y escucho a todo el mundo cuando se acerca y habla desde lo personal, cuando nos podemos sentar a consensuar, a discutir, se ha acercado gente a hablarme sobre los estacionamientos, sobre la molestia que genera que le ocupen la calle porque por ah\u00ed quisieran estacionar en ciertos lugares y tienen el frente de la casa ocupado y yo trato de explicarles que la cantidad de gente que viene es imposible regularla, nosotros estamos generando eventos que no hab\u00edan existido en la historia de Sierra de la Ventana, siempre tratamos de traer artistas de primer nivel nacional como lo tuvimos ahora con Pi\u00f1\u00f3n Fijo, con la gente de La Nueva Luna, con Martin Rojas, como estuvo Pier en la fiesta de la primavera, como estuvo La Mississippi y eso indudablemente lleva a que una localidad en la cual nosotros vivimos y amamos, porque yo hago esto porque amo a Sierra, porque mi familia esta ac\u00e1, hay cosas que va a ser muy dif\u00edcil de tratar de controlar, yo quiero aclarar que esto no se hace de manera improvisada, tenemos much\u00edsimas reuniones, con cada uno de los responsables de las \u00e1reas, nosotros invitamos a la gente de transito, a la gente de polic\u00eda, al secretario de seguridad, esta el intendente en el medio, Susana Dos Santos que esta en turismo, todo lo que se genera o se arma en el predio se consens\u00faa se charla, se planea, se va al lugar, se mide, de que manera conviene ubicar tal cosa, la entrega de juguetes, como ubicar el escenario, se trabajo much\u00edsimo en la parte el\u00e9ctrica, en la parte de agua, y todos los a\u00f1os se trabaja pero no alcanza, porque cuando uno piensa que el a\u00f1o pasado hab\u00eda 20 mil personas en el predio, este a\u00f1o llegaron 40 mil o mas, entonces hay que trabajar el a\u00f1o que viene para 40 mil o mas, quiz\u00e1 vengan 60 mil personas, entonces Sierra de la Ventana todav\u00eda no esta preparada, ni desde lo comercial, ni de la parte de restaurantes, tenemos que ser muy solidarios, y muy tranquilos, para colaborar, porque esto no se hace todos los d\u00edas\u00bb.<br \/>\nSe despidi\u00f3 finalmente agradeciendo al municipio y a la gente de Sierra de la Ventana, invitando a que se acerquen a colaborar.<br \/>\nNOTA COMPLETA:<br \/>\n<iframe loading=\"lazy\" src=\"https:\/\/w.soundcloud.com\/player\/?url=https%3A\/\/api.soundcloud.com\/tracks\/555872349&amp;color=%23ff5500&amp;auto_play=false&amp;hide_related=false&amp;show_comments=true&amp;show_user=true&amp;show_reposts=false&amp;show_teaser=true\" width=\"100%\" height=\"166\" frameborder=\"no\" scrolling=\"no\"><\/iframe><\/p>\n","protected":false},"excerpt":{"rendered":"<p>A un par de d\u00edas de la realizaci\u00f3n de la 55\u00b0 Fiesta de Reyes Magos de Sierra de la Ventana, Charlamos con \u00abSergio Teko Dominguez, Presidente de la Asoc. de Bomberos Voluntarios de la localidad y motor fundamental de la organizaci\u00f3n del evento que a\u00f1o tras a\u00f1o, avanza convocando multitudes de todo el pa\u00eds.<\/p>\n","protected":false},"author":3,"featured_media":0,"comment_status":"closed","ping_status":"open","sticky":false,"template":"","format":"standard","meta":{"footnotes":""},"categories":[26],"tags":[],"class_list":["post-27967","post","type-post","status-publish","format-standard","hentry","category-sociedad"],"yoast_head":"<!-- This site is optimized with the Yoast SEO plugin v25.9 - https:\/\/yoast.com\/wordpress\/plugins\/seo\/ -->\n<title>&quot;Que la gente de Sierra entienda, ser\u00e1 la fiesta m\u00e1s grande del pa\u00eds&quot;. Sergio Dominguez - Noticias Radio Reflejos<\/title>\n<meta name=\"robots\" content=\"index, follow, max-snippet:-1, max-image-preview:large, max-video-preview:-1\" \/>\n<link rel=\"canonical\" href=\"https:\/\/www.noticiasradioreflejos.com.ar\/2021\/el-la-que-la-gente-de-sierra-entienda-sera-la-fiesta-mas-grande-del-pais\/\" \/>\n<meta property=\"og:locale\" content=\"es_ES\" \/>\n<meta property=\"og:type\" content=\"article\" \/>\n<meta property=\"og:title\" content=\"&quot;Que la gente de Sierra entienda, ser\u00e1 la fiesta m\u00e1s grande del pa\u00eds&quot;. Sergio Dominguez - Noticias Radio Reflejos\" \/>\n<meta property=\"og:description\" content=\"A un par de d\u00edas de la realizaci\u00f3n de la 55\u00b0 Fiesta de Reyes Magos de Sierra de la Ventana, Charlamos con \u00abSergio Teko Dominguez, Presidente de la Asoc. de Bomberos Voluntarios de la localidad y motor fundamental de la organizaci\u00f3n del evento que a\u00f1o tras a\u00f1o, avanza convocando multitudes de todo el pa\u00eds.\" \/>\n<meta property=\"og:url\" content=\"https:\/\/www.noticiasradioreflejos.com.ar\/2021\/el-la-que-la-gente-de-sierra-entienda-sera-la-fiesta-mas-grande-del-pais\/\" \/>\n<meta property=\"og:site_name\" content=\"Noticias Radio Reflejos\" \/>\n<meta property=\"article:published_time\" content=\"2019-01-08T16:12:16+00:00\" \/>\n<meta property=\"og:image\" content=\"http:\/\/farm5.staticflickr.com\/4879\/31688804067_627a736908.jpg\" \/>\n<meta name=\"author\" content=\"Arnaldo Botto\" \/>\n<meta name=\"twitter:card\" content=\"summary_large_image\" \/>\n<script type=\"application\/ld+json\" class=\"yoast-schema-graph\">{\"@context\":\"https:\/\/schema.org\",\"@graph\":[{\"@type\":\"WebPage\",\"@id\":\"https:\/\/www.noticiasradioreflejos.com.ar\/2021\/el-la-que-la-gente-de-sierra-entienda-sera-la-fiesta-mas-grande-del-pais\/\",\"url\":\"https:\/\/www.noticiasradioreflejos.com.ar\/2021\/el-la-que-la-gente-de-sierra-entienda-sera-la-fiesta-mas-grande-del-pais\/\",\"name\":\"&quot;Que la gente de Sierra entienda, ser\u00e1 la fiesta m\u00e1s grande del pa\u00eds&quot;. Sergio Dominguez - Noticias Radio Reflejos\",\"isPartOf\":{\"@id\":\"https:\/\/www.noticiasradioreflejos.com.ar\/2021\/#website\"},\"primaryImageOfPage\":{\"@id\":\"https:\/\/www.noticiasradioreflejos.com.ar\/2021\/el-la-que-la-gente-de-sierra-entienda-sera-la-fiesta-mas-grande-del-pais\/#primaryimage\"},\"image\":{\"@id\":\"https:\/\/www.noticiasradioreflejos.com.ar\/2021\/el-la-que-la-gente-de-sierra-entienda-sera-la-fiesta-mas-grande-del-pais\/#primaryimage\"},\"thumbnailUrl\":\"http:\/\/farm5.staticflickr.com\/4879\/31688804067_627a736908.jpg\",\"datePublished\":\"2019-01-08T16:12:16+00:00\",\"author\":{\"@id\":\"https:\/\/www.noticiasradioreflejos.com.ar\/2021\/#\/schema\/person\/ad82545263dcc5ec0996818884fd5fb1\"},\"breadcrumb\":{\"@id\":\"https:\/\/www.noticiasradioreflejos.com.ar\/2021\/el-la-que-la-gente-de-sierra-entienda-sera-la-fiesta-mas-grande-del-pais\/#breadcrumb\"},\"inLanguage\":\"es\",\"potentialAction\":[{\"@type\":\"ReadAction\",\"target\":[\"https:\/\/www.noticiasradioreflejos.com.ar\/2021\/el-la-que-la-gente-de-sierra-entienda-sera-la-fiesta-mas-grande-del-pais\/\"]}]},{\"@type\":\"ImageObject\",\"inLanguage\":\"es\",\"@id\":\"https:\/\/www.noticiasradioreflejos.com.ar\/2021\/el-la-que-la-gente-de-sierra-entienda-sera-la-fiesta-mas-grande-del-pais\/#primaryimage\",\"url\":\"http:\/\/farm5.staticflickr.com\/4879\/31688804067_627a736908.jpg\",\"contentUrl\":\"http:\/\/farm5.staticflickr.com\/4879\/31688804067_627a736908.jpg\"},{\"@type\":\"BreadcrumbList\",\"@id\":\"https:\/\/www.noticiasradioreflejos.com.ar\/2021\/el-la-que-la-gente-de-sierra-entienda-sera-la-fiesta-mas-grande-del-pais\/#breadcrumb\",\"itemListElement\":[{\"@type\":\"ListItem\",\"position\":1,\"name\":\"Portada\",\"item\":\"https:\/\/www.noticiasradioreflejos.com.ar\/2021\/\"},{\"@type\":\"ListItem\",\"position\":2,\"name\":\"&quot;Que la gente de Sierra entienda, ser\u00e1 la fiesta m\u00e1s grande del pa\u00eds&quot;. Sergio Dominguez\"}]},{\"@type\":\"WebSite\",\"@id\":\"https:\/\/www.noticiasradioreflejos.com.ar\/2021\/#website\",\"url\":\"https:\/\/www.noticiasradioreflejos.com.ar\/2021\/\",\"name\":\"Noticias Radio Reflejos\",\"description\":\"Las noticias de mi comarca\",\"potentialAction\":[{\"@type\":\"SearchAction\",\"target\":{\"@type\":\"EntryPoint\",\"urlTemplate\":\"https:\/\/www.noticiasradioreflejos.com.ar\/2021\/?s={search_term_string}\"},\"query-input\":{\"@type\":\"PropertyValueSpecification\",\"valueRequired\":true,\"valueName\":\"search_term_string\"}}],\"inLanguage\":\"es\"},{\"@type\":\"Person\",\"@id\":\"https:\/\/www.noticiasradioreflejos.com.ar\/2021\/#\/schema\/person\/ad82545263dcc5ec0996818884fd5fb1\",\"name\":\"Arnaldo Botto\",\"image\":{\"@type\":\"ImageObject\",\"inLanguage\":\"es\",\"@id\":\"https:\/\/www.noticiasradioreflejos.com.ar\/2021\/#\/schema\/person\/image\/\",\"url\":\"https:\/\/secure.gravatar.com\/avatar\/55cb5e37c1efa326397366e6974cb338056df65cb50e7d64d1cf314e87504837?s=96&d=mm&r=g\",\"contentUrl\":\"https:\/\/secure.gravatar.com\/avatar\/55cb5e37c1efa326397366e6974cb338056df65cb50e7d64d1cf314e87504837?s=96&d=mm&r=g\",\"caption\":\"Arnaldo Botto\"},\"url\":\"https:\/\/www.noticiasradioreflejos.com.ar\/2021\/author\/arnaldo\/\"}]}<\/script>\n<!-- \/ Yoast SEO plugin. -->","yoast_head_json":{"title":"&quot;Que la gente de Sierra entienda, ser\u00e1 la fiesta m\u00e1s grande del pa\u00eds&quot;. Sergio Dominguez - Noticias Radio Reflejos","robots":{"index":"index","follow":"follow","max-snippet":"max-snippet:-1","max-image-preview":"max-image-preview:large","max-video-preview":"max-video-preview:-1"},"canonical":"https:\/\/www.noticiasradioreflejos.com.ar\/2021\/el-la-que-la-gente-de-sierra-entienda-sera-la-fiesta-mas-grande-del-pais\/","og_locale":"es_ES","og_type":"article","og_title":"&quot;Que la gente de Sierra entienda, ser\u00e1 la fiesta m\u00e1s grande del pa\u00eds&quot;. Sergio Dominguez - Noticias Radio Reflejos","og_description":"A un par de d\u00edas de la realizaci\u00f3n de la 55\u00b0 Fiesta de Reyes Magos de Sierra de la Ventana, Charlamos con \u00abSergio Teko Dominguez, Presidente de la Asoc. de Bomberos Voluntarios de la localidad y motor fundamental de la organizaci\u00f3n del evento que a\u00f1o tras a\u00f1o, avanza convocando multitudes de todo el pa\u00eds.","og_url":"https:\/\/www.noticiasradioreflejos.com.ar\/2021\/el-la-que-la-gente-de-sierra-entienda-sera-la-fiesta-mas-grande-del-pais\/","og_site_name":"Noticias Radio Reflejos","article_published_time":"2019-01-08T16:12:16+00:00","og_image":[{"url":"http:\/\/farm5.staticflickr.com\/4879\/31688804067_627a736908.jpg","type":"","width":"","height":""}],"author":"Arnaldo Botto","twitter_card":"summary_large_image","schema":{"@context":"https:\/\/schema.org","@graph":[{"@type":"WebPage","@id":"https:\/\/www.noticiasradioreflejos.com.ar\/2021\/el-la-que-la-gente-de-sierra-entienda-sera-la-fiesta-mas-grande-del-pais\/","url":"https:\/\/www.noticiasradioreflejos.com.ar\/2021\/el-la-que-la-gente-de-sierra-entienda-sera-la-fiesta-mas-grande-del-pais\/","name":"&quot;Que la gente de Sierra entienda, ser\u00e1 la fiesta m\u00e1s grande del pa\u00eds&quot;. Sergio Dominguez - Noticias Radio Reflejos","isPartOf":{"@id":"https:\/\/www.noticiasradioreflejos.com.ar\/2021\/#website"},"primaryImageOfPage":{"@id":"https:\/\/www.noticiasradioreflejos.com.ar\/2021\/el-la-que-la-gente-de-sierra-entienda-sera-la-fiesta-mas-grande-del-pais\/#primaryimage"},"image":{"@id":"https:\/\/www.noticiasradioreflejos.com.ar\/2021\/el-la-que-la-gente-de-sierra-entienda-sera-la-fiesta-mas-grande-del-pais\/#primaryimage"},"thumbnailUrl":"http:\/\/farm5.staticflickr.com\/4879\/31688804067_627a736908.jpg","datePublished":"2019-01-08T16:12:16+00:00","author":{"@id":"https:\/\/www.noticiasradioreflejos.com.ar\/2021\/#\/schema\/person\/ad82545263dcc5ec0996818884fd5fb1"},"breadcrumb":{"@id":"https:\/\/www.noticiasradioreflejos.com.ar\/2021\/el-la-que-la-gente-de-sierra-entienda-sera-la-fiesta-mas-grande-del-pais\/#breadcrumb"},"inLanguage":"es","potentialAction":[{"@type":"ReadAction","target":["https:\/\/www.noticiasradioreflejos.com.ar\/2021\/el-la-que-la-gente-de-sierra-entienda-sera-la-fiesta-mas-grande-del-pais\/"]}]},{"@type":"ImageObject","inLanguage":"es","@id":"https:\/\/www.noticiasradioreflejos.com.ar\/2021\/el-la-que-la-gente-de-sierra-entienda-sera-la-fiesta-mas-grande-del-pais\/#primaryimage","url":"http:\/\/farm5.staticflickr.com\/4879\/31688804067_627a736908.jpg","contentUrl":"http:\/\/farm5.staticflickr.com\/4879\/31688804067_627a736908.jpg"},{"@type":"BreadcrumbList","@id":"https:\/\/www.noticiasradioreflejos.com.ar\/2021\/el-la-que-la-gente-de-sierra-entienda-sera-la-fiesta-mas-grande-del-pais\/#breadcrumb","itemListElement":[{"@type":"ListItem","position":1,"name":"Portada","item":"https:\/\/www.noticiasradioreflejos.com.ar\/2021\/"},{"@type":"ListItem","position":2,"name":"&quot;Que la gente de Sierra entienda, ser\u00e1 la fiesta m\u00e1s grande del pa\u00eds&quot;. Sergio Dominguez"}]},{"@type":"WebSite","@id":"https:\/\/www.noticiasradioreflejos.com.ar\/2021\/#website","url":"https:\/\/www.noticiasradioreflejos.com.ar\/2021\/","name":"Noticias Radio Reflejos","description":"Las noticias de mi comarca","potentialAction":[{"@type":"SearchAction","target":{"@type":"EntryPoint","urlTemplate":"https:\/\/www.noticiasradioreflejos.com.ar\/2021\/?s={search_term_string}"},"query-input":{"@type":"PropertyValueSpecification","valueRequired":true,"valueName":"search_term_string"}}],"inLanguage":"es"},{"@type":"Person","@id":"https:\/\/www.noticiasradioreflejos.com.ar\/2021\/#\/schema\/person\/ad82545263dcc5ec0996818884fd5fb1","name":"Arnaldo Botto","image":{"@type":"ImageObject","inLanguage":"es","@id":"https:\/\/www.noticiasradioreflejos.com.ar\/2021\/#\/schema\/person\/image\/","url":"https:\/\/secure.gravatar.com\/avatar\/55cb5e37c1efa326397366e6974cb338056df65cb50e7d64d1cf314e87504837?s=96&d=mm&r=g","contentUrl":"https:\/\/secure.gravatar.com\/avatar\/55cb5e37c1efa326397366e6974cb338056df65cb50e7d64d1cf314e87504837?s=96&d=mm&r=g","caption":"Arnaldo Botto"},"url":"https:\/\/www.noticiasradioreflejos.com.ar\/2021\/author\/arnaldo\/"}]}},"_links":{"self":[{"href":"https:\/\/www.noticiasradioreflejos.com.ar\/2021\/wp-json\/wp\/v2\/posts\/27967","targetHints":{"allow":["GET"]}}],"collection":[{"href":"https:\/\/www.noticiasradioreflejos.com.ar\/2021\/wp-json\/wp\/v2\/posts"}],"about":[{"href":"https:\/\/www.noticiasradioreflejos.com.ar\/2021\/wp-json\/wp\/v2\/types\/post"}],"author":[{"embeddable":true,"href":"https:\/\/www.noticiasradioreflejos.com.ar\/2021\/wp-json\/wp\/v2\/users\/3"}],"replies":[{"embeddable":true,"href":"https:\/\/www.noticiasradioreflejos.com.ar\/2021\/wp-json\/wp\/v2\/comments?post=27967"}],"version-history":[{"count":0,"href":"https:\/\/www.noticiasradioreflejos.com.ar\/2021\/wp-json\/wp\/v2\/posts\/27967\/revisions"}],"wp:attachment":[{"href":"https:\/\/www.noticiasradioreflejos.com.ar\/2021\/wp-json\/wp\/v2\/media?parent=27967"}],"wp:term":[{"taxonomy":"category","embeddable":true,"href":"https:\/\/www.noticiasradioreflejos.com.ar\/2021\/wp-json\/wp\/v2\/categories?post=27967"},{"taxonomy":"post_tag","embeddable":true,"href":"https:\/\/www.noticiasradioreflejos.com.ar\/2021\/wp-json\/wp\/v2\/tags?post=27967"}],"curies":[{"name":"wp","href":"https:\/\/api.w.org\/{rel}","templated":true}]}}