{"id":27951,"date":"2019-01-08T12:13:06","date_gmt":"2019-01-08T15:13:06","guid":{"rendered":"http:\/\/www.noticiasradioreflejos.com.ar\/noticias\/?p=27951"},"modified":"2019-01-08T12:13:06","modified_gmt":"2019-01-08T15:13:06","slug":"parador-namaste-en-el-dique-san-bernardo-abrio-sus-puertas","status":"publish","type":"post","link":"https:\/\/www.noticiasradioreflejos.com.ar\/2021\/parador-namaste-en-el-dique-san-bernardo-abrio-sus-puertas\/","title":{"rendered":"&quot;Parador Namaste&quot;, en el Dique San Bernardo abri\u00f3 sus puertas"},"content":{"rendered":"<p>La tarde nos regalaba un espect\u00e1culo asombroso, en el remanso del r\u00edo San Bernardo, donde los atardeceres tienen otro color, se puede ver al majestuoso sol esconderse entre las monta\u00f1as, para darle lugar al manto oscuro de la noche. Y all\u00ed uno puede encontrar en ese entorno una variedad infinita de colores, que en su conjunci\u00f3n con el agua hace que todo parezca en una sinfon\u00eda doble de la naturaleza, donde se mezclan los sentimientos. Este pasado fin de semana muchas familias se congregaron a la espera de los tan ansiados Reyes Magos, y en esa recorrida nos sorprendi\u00f3 ver las instalaciones del viejo parador Dique San Bernardo, con sus puertas abiertas.<!--more--><br \/>\nEntrevistamos entonces a Valeria, Nicolas, y Gabriel quienes emprendieron en esta \u00e9poca un tanto dif\u00edcil, reabrir algo que llevaba a\u00f1os cerrado, entre mates y charla, a la sombra del santuario, entre el vuelo de las golondrinas, y bandadas de cardenales, nos contaron que vieron en su llegada a la comarca, hace casi dos a\u00f1os, la posibilidad de poner en funcionamiento ese lugar, un sue\u00f1o que ven\u00edan gestando desde hace muchos a\u00f1os, y Gabriel nos dec\u00eda, \u00abDesde chico que vengo a este lugar, y en mis vacaciones familiares disfrut\u00e1bamos del dique, y de todo el bosque recorriendolo de punta a punta, y siempre tuve el anhelo de alg\u00fan d\u00eda poder pertenecer a este lugar, amante de la naturaleza, pudimos poco a poco con el correr del tiempo instalarnos definitivamente aqu\u00ed, y gracias a la gesti\u00f3n de la Sociedad de Fomento del barrio San Bernardo, la cual nos pidi\u00f3 presentar un proyecto que fue seleccionado de entre 4 m\u00e1s presentados, fuimos elegidos por la comisi\u00f3n de dicha sociedad. Mas all\u00e1 de darle vida al lugar, que se hallaba en un estado de abandono total, victima del vandalismo ya que se hab\u00edan sustra\u00eddo hasta las ventanas, los sanitarios de los ba\u00f1os, las ca\u00f1er\u00edas, decidimos apostar a este proyecto. En Octubre del a\u00f1o pasado, nos dieron el ok y nos convocaron a reuni\u00f3n, junto a toda la comisi\u00f3n, y emprendimos en tiempo record y con mucho sacrificio personal, apostando al 100 por 100, la reconstrucci\u00f3n del local y los sanitarios, poniendo en funcionamiento la proveeduria, el mantenimiento del predio, ba\u00f1os y el cuidado de todo el balneario\u00bb.<br \/>\nEn cuanto al nombre de fantas\u00eda, \u00abDecidimos Namaste, que significa (te reverencio a ti) o (me inclino ante ti), y es la forma m\u00e1s digna de saludo de un ser humano a otro. Muchas veces y de la mano de mi abuela camine este lugar, y juntas nos vimos llevando a cabo esta gran empresa, que era darle vida a algo que se supon\u00eda extinto, muchas noches pasamos so\u00f1ando este proyecto, el cual un d\u00eda se hizo realidad, y hoy se lo dedico a ella, que me dejo hace dos semanas, sin poder verlo terminado, pero s\u00e9 que desde alg\u00fan lugar esta completamente feliz. Siempre estuve convencida, de que si tenes un sue\u00f1o visualizalo, hacelo tuyo, esforzate, tene fe y te aseguro que se har\u00e1 realidad, ning\u00fan sue\u00f1o es inalcanzable, si te lo propones con el coraz\u00f3n. Y en base al sacrificio, pudimos alcanzar el objetivo, si bien ten\u00edamos apenas dos meses para llevarlo a cabo, enfrentamos el desaf\u00edo para poder abrir en el inicio de la temporada, hoy Namaste es una bendici\u00f3n para mi, despu\u00e9s de la gran perdida, que sufr\u00ed, poner toda la garra y buena onda ah\u00ed, me ayudo mucho\u00bb, Cont\u00f3 Valeria<br \/>\n\u00abVimos a mi hijo Nicolas con el potencial, y las ganas de sumarse a nosotros, se radic\u00f3 apenas iniciamos el proyecto, y comenz\u00f3 a trabajar a la par, poniendo su juventud y sus deseos de hacer un cambio radical en su vida, apostando a un futuro mejor. Dispuesto a asentarse en la comarca, va a ser quien viva en la casa que posee el parador, y cuide del mismo. Estos dos meses fueron intensos y si bien no llegamos a concluir la puesta en marcha de los fogones, abrimos el 5 de Enero, ofreci\u00e9ndole al turista los servicios de cantina y ba\u00f1os, y en los pr\u00f3ximos d\u00edas ya estar\u00e1n dispersos en el sector del balneario fogones. Bregamos a todos, el cuidado del bosque, el mantenimiento del mismo en cuanto a limpieza, y el cuidado del fuego. Recorremos cada hora el sector, insistiendo en la limpieza y recordando que esta prohibido encender fuego en lugar no asignado, ya que un solo descuido provocar\u00eda la destrucci\u00f3n de ese recurso natural\u00bb. Cont\u00f3 Gabriel<br \/>\n\u00abMuchas veces la desidia de algunas personas se ve plasmada en la basura que se junta, ya que si bien existen tachos de basura, con sus respectivas bolsas, algunas personas hacen caso omiso a algo que seria natural de llevarse la basura y tirarla en el lugar adecuado, por eso, insistimos tanto en el mantenimiento. Nos tomamos el trabajo de ir a cada grupo familiar y ofrecerles una bolsa de residuos para que depositen all\u00ed la basura, y aconsejamos preservar el lugar. Mas all\u00e1 de la puesta en marcha del parador, dentro del proyecto insistimos en darle al lugar un entorno cultural, con actividades que se desarrollaran durante el trascurso del a\u00f1o, como sociedad de fomento abierta a la comunidad. Proyecto que se ira publicando en el trascurso del tiempo, invitamos a todos a que visiten el parador y aceptamos criticas constructivas, agradecemos profundamente la confianza de toda la comisi\u00f3n de la Sociedad de Fomento de Barrio San Bernardo, por escuchar nuestra propuesta, a la cual se le suma tambi\u00e9n el tema de la seguridad, involucrando y comprometiendo a la subestaci\u00f3n de polic\u00eda comunal de Sierra de la Ventana, a tener mayor presencia y rondines, tambi\u00e9n agradecemos al delegado municipal Hugo Polvara por mostrarse dispuesto a darnos una mano dentro de las posibilidades que le permitan los recursos con que cuenta. Si bien a\u00fan no inauguramos formalmente ya que queremos contar con los fogones, se har\u00e1 la apertura y se invitar\u00e1 ese d\u00eda a la comunidad y a las autoridades para hacerse presentes, y juntos festejar la apertura del Parador Namaste\u00bb.<br \/>\nY as\u00ed mientras el sol se esconde detr\u00e1s del cerro, desgusto el ultimo mate y me despido de estos chicos, quienes contin\u00faan con sus tareas de mantenimiento, y atenci\u00f3n al publico, me voy feliz de saber que Sierra de la Ventana, vuelve a tener otro atractivo tur\u00edstico, tanto para los locales, como para los for\u00e1neos, seguro de que nada esta perdido y que entre todos podemos sacar este pa\u00eds adelante.<br \/>\n<a title=\"namaste2\" href=\"http:\/\/farm8.staticflickr.com\/7864\/46611238882_dcde11360f_z.jpg\" rel=\"\"><img loading=\"lazy\" decoding=\"async\" class=\"aligncenter\" title=\"namaste2\" src=\"http:\/\/farm8.staticflickr.com\/7864\/46611238882_dcde11360f_z.jpg\" alt=\"namaste2\" width=\"640\" height=\"480\" \/><\/a><br \/>\n<a title=\"namaste3\" href=\"http:\/\/farm8.staticflickr.com\/7924\/31722091517_a5a2d8a3f5_z.jpg\" rel=\"\"><img loading=\"lazy\" decoding=\"async\" class=\"aligncenter\" title=\"namaste3\" src=\"http:\/\/farm8.staticflickr.com\/7924\/31722091517_a5a2d8a3f5_z.jpg\" alt=\"namaste3\" width=\"640\" height=\"480\" \/><\/a><br \/>\n<a title=\"namaste4\" href=\"http:\/\/farm5.staticflickr.com\/4803\/46611238552_6af3dcbf15_z.jpg\" rel=\"\"><img loading=\"lazy\" decoding=\"async\" class=\"aligncenter\" title=\"namaste4\" src=\"http:\/\/farm5.staticflickr.com\/4803\/46611238552_6af3dcbf15_z.jpg\" alt=\"namaste4\" width=\"640\" height=\"480\" \/><\/a><br \/>\n<a title=\"namaste5\" href=\"http:\/\/farm8.staticflickr.com\/7886\/32789003348_f746b69104_z.jpg\" rel=\"\"><img loading=\"lazy\" decoding=\"async\" class=\"aligncenter\" title=\"namaste5\" src=\"http:\/\/farm8.staticflickr.com\/7886\/32789003348_f746b69104_z.jpg\" alt=\"namaste5\" width=\"640\" height=\"480\" \/><\/a><br \/>\n<a title=\"namaste6\" href=\"http:\/\/farm5.staticflickr.com\/4817\/46611237472_d890f04e32_z.jpg\" rel=\"\"><img loading=\"lazy\" decoding=\"async\" class=\"aligncenter\" title=\"namaste6\" src=\"http:\/\/farm5.staticflickr.com\/4817\/46611237472_d890f04e32_z.jpg\" alt=\"namaste6\" width=\"640\" height=\"480\" \/><\/a><br \/>\n<a title=\"namaste7\" href=\"http:\/\/farm5.staticflickr.com\/4827\/31722090467_08ff9d2f46_z.jpg\" rel=\"\"><img loading=\"lazy\" decoding=\"async\" class=\"aligncenter\" title=\"namaste7\" src=\"http:\/\/farm5.staticflickr.com\/4827\/31722090467_08ff9d2f46_z.jpg\" alt=\"namaste7\" width=\"640\" height=\"480\" \/><\/a><br \/>\n<a title=\"namaste8\" href=\"http:\/\/farm8.staticflickr.com\/7805\/32789002398_3422dc7962_z.jpg\" rel=\"\"><img loading=\"lazy\" decoding=\"async\" class=\"aligncenter\" title=\"namaste8\" src=\"http:\/\/farm8.staticflickr.com\/7805\/32789002398_3422dc7962_z.jpg\" alt=\"namaste8\" width=\"640\" height=\"640\" \/><\/a><\/p>\n","protected":false},"excerpt":{"rendered":"<p>La tarde nos regalaba un espect\u00e1culo asombroso, en el remanso del r\u00edo San Bernardo, donde los atardeceres tienen otro color, se puede ver al majestuoso sol esconderse entre las monta\u00f1as, para darle lugar al manto oscuro de la noche. Y all\u00ed uno puede encontrar en ese entorno una variedad infinita de colores, que en su [&hellip;]<\/p>\n","protected":false},"author":3,"featured_media":0,"comment_status":"closed","ping_status":"open","sticky":false,"template":"","format":"standard","meta":{"footnotes":""},"categories":[26],"tags":[],"class_list":["post-27951","post","type-post","status-publish","format-standard","hentry","category-sociedad"],"yoast_head":"<!-- This site is optimized with the Yoast SEO plugin v25.9 - https:\/\/yoast.com\/wordpress\/plugins\/seo\/ -->\n<title>&quot;Parador Namaste&quot;, en el Dique San Bernardo abri\u00f3 sus puertas - Noticias Radio Reflejos<\/title>\n<meta name=\"robots\" content=\"index, follow, max-snippet:-1, max-image-preview:large, max-video-preview:-1\" \/>\n<link rel=\"canonical\" href=\"https:\/\/www.noticiasradioreflejos.com.ar\/2021\/parador-namaste-en-el-dique-san-bernardo-abrio-sus-puertas\/\" \/>\n<meta property=\"og:locale\" content=\"es_ES\" \/>\n<meta property=\"og:type\" content=\"article\" \/>\n<meta property=\"og:title\" content=\"&quot;Parador Namaste&quot;, en el Dique San Bernardo abri\u00f3 sus puertas - Noticias Radio Reflejos\" \/>\n<meta property=\"og:description\" content=\"La tarde nos regalaba un espect\u00e1culo asombroso, en el remanso del r\u00edo San Bernardo, donde los atardeceres tienen otro color, se puede ver al majestuoso sol esconderse entre las monta\u00f1as, para darle lugar al manto oscuro de la noche. Y all\u00ed uno puede encontrar en ese entorno una variedad infinita de colores, que en su [&hellip;]\" \/>\n<meta property=\"og:url\" content=\"https:\/\/www.noticiasradioreflejos.com.ar\/2021\/parador-namaste-en-el-dique-san-bernardo-abrio-sus-puertas\/\" \/>\n<meta property=\"og:site_name\" content=\"Noticias Radio Reflejos\" \/>\n<meta property=\"article:published_time\" content=\"2019-01-08T15:13:06+00:00\" \/>\n<meta property=\"og:image\" content=\"http:\/\/farm8.staticflickr.com\/7864\/46611238882_dcde11360f_z.jpg\" \/>\n<meta name=\"author\" content=\"Arnaldo Botto\" \/>\n<meta name=\"twitter:card\" content=\"summary_large_image\" \/>\n<script type=\"application\/ld+json\" class=\"yoast-schema-graph\">{\"@context\":\"https:\/\/schema.org\",\"@graph\":[{\"@type\":\"WebPage\",\"@id\":\"https:\/\/www.noticiasradioreflejos.com.ar\/2021\/parador-namaste-en-el-dique-san-bernardo-abrio-sus-puertas\/\",\"url\":\"https:\/\/www.noticiasradioreflejos.com.ar\/2021\/parador-namaste-en-el-dique-san-bernardo-abrio-sus-puertas\/\",\"name\":\"&quot;Parador Namaste&quot;, en el Dique San Bernardo abri\u00f3 sus puertas - Noticias Radio Reflejos\",\"isPartOf\":{\"@id\":\"https:\/\/www.noticiasradioreflejos.com.ar\/2021\/#website\"},\"primaryImageOfPage\":{\"@id\":\"https:\/\/www.noticiasradioreflejos.com.ar\/2021\/parador-namaste-en-el-dique-san-bernardo-abrio-sus-puertas\/#primaryimage\"},\"image\":{\"@id\":\"https:\/\/www.noticiasradioreflejos.com.ar\/2021\/parador-namaste-en-el-dique-san-bernardo-abrio-sus-puertas\/#primaryimage\"},\"thumbnailUrl\":\"http:\/\/farm8.staticflickr.com\/7864\/46611238882_dcde11360f_z.jpg\",\"datePublished\":\"2019-01-08T15:13:06+00:00\",\"author\":{\"@id\":\"https:\/\/www.noticiasradioreflejos.com.ar\/2021\/#\/schema\/person\/ad82545263dcc5ec0996818884fd5fb1\"},\"breadcrumb\":{\"@id\":\"https:\/\/www.noticiasradioreflejos.com.ar\/2021\/parador-namaste-en-el-dique-san-bernardo-abrio-sus-puertas\/#breadcrumb\"},\"inLanguage\":\"es\",\"potentialAction\":[{\"@type\":\"ReadAction\",\"target\":[\"https:\/\/www.noticiasradioreflejos.com.ar\/2021\/parador-namaste-en-el-dique-san-bernardo-abrio-sus-puertas\/\"]}]},{\"@type\":\"ImageObject\",\"inLanguage\":\"es\",\"@id\":\"https:\/\/www.noticiasradioreflejos.com.ar\/2021\/parador-namaste-en-el-dique-san-bernardo-abrio-sus-puertas\/#primaryimage\",\"url\":\"http:\/\/farm8.staticflickr.com\/7864\/46611238882_dcde11360f_z.jpg\",\"contentUrl\":\"http:\/\/farm8.staticflickr.com\/7864\/46611238882_dcde11360f_z.jpg\"},{\"@type\":\"BreadcrumbList\",\"@id\":\"https:\/\/www.noticiasradioreflejos.com.ar\/2021\/parador-namaste-en-el-dique-san-bernardo-abrio-sus-puertas\/#breadcrumb\",\"itemListElement\":[{\"@type\":\"ListItem\",\"position\":1,\"name\":\"Portada\",\"item\":\"https:\/\/www.noticiasradioreflejos.com.ar\/2021\/\"},{\"@type\":\"ListItem\",\"position\":2,\"name\":\"&quot;Parador Namaste&quot;, en el Dique San Bernardo abri\u00f3 sus puertas\"}]},{\"@type\":\"WebSite\",\"@id\":\"https:\/\/www.noticiasradioreflejos.com.ar\/2021\/#website\",\"url\":\"https:\/\/www.noticiasradioreflejos.com.ar\/2021\/\",\"name\":\"Noticias Radio Reflejos\",\"description\":\"Las noticias de mi comarca\",\"potentialAction\":[{\"@type\":\"SearchAction\",\"target\":{\"@type\":\"EntryPoint\",\"urlTemplate\":\"https:\/\/www.noticiasradioreflejos.com.ar\/2021\/?s={search_term_string}\"},\"query-input\":{\"@type\":\"PropertyValueSpecification\",\"valueRequired\":true,\"valueName\":\"search_term_string\"}}],\"inLanguage\":\"es\"},{\"@type\":\"Person\",\"@id\":\"https:\/\/www.noticiasradioreflejos.com.ar\/2021\/#\/schema\/person\/ad82545263dcc5ec0996818884fd5fb1\",\"name\":\"Arnaldo Botto\",\"image\":{\"@type\":\"ImageObject\",\"inLanguage\":\"es\",\"@id\":\"https:\/\/www.noticiasradioreflejos.com.ar\/2021\/#\/schema\/person\/image\/\",\"url\":\"https:\/\/secure.gravatar.com\/avatar\/55cb5e37c1efa326397366e6974cb338056df65cb50e7d64d1cf314e87504837?s=96&d=mm&r=g\",\"contentUrl\":\"https:\/\/secure.gravatar.com\/avatar\/55cb5e37c1efa326397366e6974cb338056df65cb50e7d64d1cf314e87504837?s=96&d=mm&r=g\",\"caption\":\"Arnaldo Botto\"},\"url\":\"https:\/\/www.noticiasradioreflejos.com.ar\/2021\/author\/arnaldo\/\"}]}<\/script>\n<!-- \/ Yoast SEO plugin. -->","yoast_head_json":{"title":"&quot;Parador Namaste&quot;, en el Dique San Bernardo abri\u00f3 sus puertas - Noticias Radio Reflejos","robots":{"index":"index","follow":"follow","max-snippet":"max-snippet:-1","max-image-preview":"max-image-preview:large","max-video-preview":"max-video-preview:-1"},"canonical":"https:\/\/www.noticiasradioreflejos.com.ar\/2021\/parador-namaste-en-el-dique-san-bernardo-abrio-sus-puertas\/","og_locale":"es_ES","og_type":"article","og_title":"&quot;Parador Namaste&quot;, en el Dique San Bernardo abri\u00f3 sus puertas - Noticias Radio Reflejos","og_description":"La tarde nos regalaba un espect\u00e1culo asombroso, en el remanso del r\u00edo San Bernardo, donde los atardeceres tienen otro color, se puede ver al majestuoso sol esconderse entre las monta\u00f1as, para darle lugar al manto oscuro de la noche. Y all\u00ed uno puede encontrar en ese entorno una variedad infinita de colores, que en su [&hellip;]","og_url":"https:\/\/www.noticiasradioreflejos.com.ar\/2021\/parador-namaste-en-el-dique-san-bernardo-abrio-sus-puertas\/","og_site_name":"Noticias Radio Reflejos","article_published_time":"2019-01-08T15:13:06+00:00","og_image":[{"url":"http:\/\/farm8.staticflickr.com\/7864\/46611238882_dcde11360f_z.jpg","type":"","width":"","height":""}],"author":"Arnaldo Botto","twitter_card":"summary_large_image","schema":{"@context":"https:\/\/schema.org","@graph":[{"@type":"WebPage","@id":"https:\/\/www.noticiasradioreflejos.com.ar\/2021\/parador-namaste-en-el-dique-san-bernardo-abrio-sus-puertas\/","url":"https:\/\/www.noticiasradioreflejos.com.ar\/2021\/parador-namaste-en-el-dique-san-bernardo-abrio-sus-puertas\/","name":"&quot;Parador Namaste&quot;, en el Dique San Bernardo abri\u00f3 sus puertas - Noticias Radio Reflejos","isPartOf":{"@id":"https:\/\/www.noticiasradioreflejos.com.ar\/2021\/#website"},"primaryImageOfPage":{"@id":"https:\/\/www.noticiasradioreflejos.com.ar\/2021\/parador-namaste-en-el-dique-san-bernardo-abrio-sus-puertas\/#primaryimage"},"image":{"@id":"https:\/\/www.noticiasradioreflejos.com.ar\/2021\/parador-namaste-en-el-dique-san-bernardo-abrio-sus-puertas\/#primaryimage"},"thumbnailUrl":"http:\/\/farm8.staticflickr.com\/7864\/46611238882_dcde11360f_z.jpg","datePublished":"2019-01-08T15:13:06+00:00","author":{"@id":"https:\/\/www.noticiasradioreflejos.com.ar\/2021\/#\/schema\/person\/ad82545263dcc5ec0996818884fd5fb1"},"breadcrumb":{"@id":"https:\/\/www.noticiasradioreflejos.com.ar\/2021\/parador-namaste-en-el-dique-san-bernardo-abrio-sus-puertas\/#breadcrumb"},"inLanguage":"es","potentialAction":[{"@type":"ReadAction","target":["https:\/\/www.noticiasradioreflejos.com.ar\/2021\/parador-namaste-en-el-dique-san-bernardo-abrio-sus-puertas\/"]}]},{"@type":"ImageObject","inLanguage":"es","@id":"https:\/\/www.noticiasradioreflejos.com.ar\/2021\/parador-namaste-en-el-dique-san-bernardo-abrio-sus-puertas\/#primaryimage","url":"http:\/\/farm8.staticflickr.com\/7864\/46611238882_dcde11360f_z.jpg","contentUrl":"http:\/\/farm8.staticflickr.com\/7864\/46611238882_dcde11360f_z.jpg"},{"@type":"BreadcrumbList","@id":"https:\/\/www.noticiasradioreflejos.com.ar\/2021\/parador-namaste-en-el-dique-san-bernardo-abrio-sus-puertas\/#breadcrumb","itemListElement":[{"@type":"ListItem","position":1,"name":"Portada","item":"https:\/\/www.noticiasradioreflejos.com.ar\/2021\/"},{"@type":"ListItem","position":2,"name":"&quot;Parador Namaste&quot;, en el Dique San Bernardo abri\u00f3 sus puertas"}]},{"@type":"WebSite","@id":"https:\/\/www.noticiasradioreflejos.com.ar\/2021\/#website","url":"https:\/\/www.noticiasradioreflejos.com.ar\/2021\/","name":"Noticias Radio Reflejos","description":"Las noticias de mi comarca","potentialAction":[{"@type":"SearchAction","target":{"@type":"EntryPoint","urlTemplate":"https:\/\/www.noticiasradioreflejos.com.ar\/2021\/?s={search_term_string}"},"query-input":{"@type":"PropertyValueSpecification","valueRequired":true,"valueName":"search_term_string"}}],"inLanguage":"es"},{"@type":"Person","@id":"https:\/\/www.noticiasradioreflejos.com.ar\/2021\/#\/schema\/person\/ad82545263dcc5ec0996818884fd5fb1","name":"Arnaldo Botto","image":{"@type":"ImageObject","inLanguage":"es","@id":"https:\/\/www.noticiasradioreflejos.com.ar\/2021\/#\/schema\/person\/image\/","url":"https:\/\/secure.gravatar.com\/avatar\/55cb5e37c1efa326397366e6974cb338056df65cb50e7d64d1cf314e87504837?s=96&d=mm&r=g","contentUrl":"https:\/\/secure.gravatar.com\/avatar\/55cb5e37c1efa326397366e6974cb338056df65cb50e7d64d1cf314e87504837?s=96&d=mm&r=g","caption":"Arnaldo Botto"},"url":"https:\/\/www.noticiasradioreflejos.com.ar\/2021\/author\/arnaldo\/"}]}},"_links":{"self":[{"href":"https:\/\/www.noticiasradioreflejos.com.ar\/2021\/wp-json\/wp\/v2\/posts\/27951","targetHints":{"allow":["GET"]}}],"collection":[{"href":"https:\/\/www.noticiasradioreflejos.com.ar\/2021\/wp-json\/wp\/v2\/posts"}],"about":[{"href":"https:\/\/www.noticiasradioreflejos.com.ar\/2021\/wp-json\/wp\/v2\/types\/post"}],"author":[{"embeddable":true,"href":"https:\/\/www.noticiasradioreflejos.com.ar\/2021\/wp-json\/wp\/v2\/users\/3"}],"replies":[{"embeddable":true,"href":"https:\/\/www.noticiasradioreflejos.com.ar\/2021\/wp-json\/wp\/v2\/comments?post=27951"}],"version-history":[{"count":0,"href":"https:\/\/www.noticiasradioreflejos.com.ar\/2021\/wp-json\/wp\/v2\/posts\/27951\/revisions"}],"wp:attachment":[{"href":"https:\/\/www.noticiasradioreflejos.com.ar\/2021\/wp-json\/wp\/v2\/media?parent=27951"}],"wp:term":[{"taxonomy":"category","embeddable":true,"href":"https:\/\/www.noticiasradioreflejos.com.ar\/2021\/wp-json\/wp\/v2\/categories?post=27951"},{"taxonomy":"post_tag","embeddable":true,"href":"https:\/\/www.noticiasradioreflejos.com.ar\/2021\/wp-json\/wp\/v2\/tags?post=27951"}],"curies":[{"name":"wp","href":"https:\/\/api.w.org\/{rel}","templated":true}]}}