{"id":27941,"date":"2019-01-08T08:07:17","date_gmt":"2019-01-08T11:07:17","guid":{"rendered":"http:\/\/www.noticiasradioreflejos.com.ar\/noticias\/?p=27941"},"modified":"2019-01-08T08:07:17","modified_gmt":"2019-01-08T11:07:17","slug":"cine-en-la-macedonio","status":"publish","type":"post","link":"https:\/\/www.noticiasradioreflejos.com.ar\/2021\/cine-en-la-macedonio\/","title":{"rendered":"Cine en la Macedonio"},"content":{"rendered":"<p><a title=\"49530438_392594794635248_4634336211362643968_n\" href=\"http:\/\/farm8.staticflickr.com\/7926\/39696102153_3029bfd177.jpg\" rel=\"\"><img loading=\"lazy\" decoding=\"async\" class=\"alignleft\" style=\"float: left;\" title=\"49530438_392594794635248_4634336211362643968_n\" src=\"http:\/\/farm8.staticflickr.com\/7926\/39696102153_3029bfd177.jpg\" alt=\"49530438_392594794635248_4634336211362643968_n\" width=\"353\" height=\"500\" \/><\/a>La biblioteca popular Macedonio Fernandez de Villa Ventana invita a participar de su amplia variedad de propuestas.<!--more--><br \/>\nLUNES 7, 14, 21, y 28<br \/>\n19 hs.<br \/>\nAIKIDO Instructor Pablo Pintos<br \/>\nMARTES 8, 15, 22, y 29<br \/>\n19 hs<br \/>\nCINE INFANTIL ver cartelera en fb.<br \/>\n21 hs.<br \/>\nZUMBA Instructora Natalia Molina<br \/>\nMI\u00c9RCOLES 9<br \/>\n16 hs.<br \/>\nBETO CALETTI MISHKA ADAMS \/ TALLER<br \/>\nTaller de acompa\u00f1amiento de canciones para guitarra y otros instrumentos. $200, descuento para socios y anticipadas. 21 hs.<br \/>\nBETO CALETTI MISHKA ADAMS \/ CONCIERTO<br \/>\nM\u00fasica(s) del mundo en concierto, cierre de gira patag\u00f3nica.<br \/>\nCantina riquisima!<br \/>\nJUEVES 10, 24 y 31<br \/>\n17.30 hs. Clases de Danza Folkl\u00f3rica. Coordina Ana Sciacio 19 hs.<br \/>\nENCUENTRO DE LECTURAS Y DEBATE<br \/>\nnovelas cortas y cuentos, cl\u00e1sicos y contempor\u00e1neos.<br \/>\nCoordina Daniel Fuster. Gratis<br \/>\n21 hs.<br \/>\nZUMBA Instructora Natalia Molina<br \/>\nVIERNES 11<br \/>\n19 hs.<br \/>\nCHARLA TALLER<br \/>\nEl escritor autobiogr\u00e1co. Coordina Virginia Haurie. Gratis<br \/>\nS\u00c1BADO 12<br \/>\n21 hs.<br \/>\nF\u00c1BRICA DE M\u00daSICA<br \/>\nJam de improvisaci\u00f3n, todos los estilos, tra\u00e9 tu instrumento<br \/>\nCantina Riqu\u00edsima!<br \/>\nDOMINGO 13<br \/>\n19 hs.<br \/>\nEL MORENASO, Charla y M\u00fasica<br \/>\nCoordina Diego Pizano. Gratis<br \/>\nLUNES 14<br \/>\n10.30 hs.<br \/>\nCUENTOS DEL AROMO<br \/>\nLibros al aire libre, para ni\u00f1as y ni\u00f1os<br \/>\nCoordina Roberta Iannamico<br \/>\nColaboraci\u00f3n voluntaria a benecio de la Bilbioteca<br \/>\nMI\u00c9RCOLES 16<br \/>\n10.30 hs.<br \/>\nSIESTA STORIES AND GAMES<br \/>\nTALLER DE LITERATURA E INGLES<br \/>\nrimas, trabalenguas, creacion de personajes,<br \/>\nhistorias en spanenglish a partir de 7 a\u00f1os<br \/>\nCoordina Carla Allende. Colaboraci\u00f3n $100<br \/>\n17.30 hs.<br \/>\nTALLER DE LITERATURA E INGL\u00c9S<br \/>\npersonas j\u00f3venes y adultas<br \/>\nCoordina Carla Allende. Colaboraci\u00f3n $100<br \/>\nJUEVES 17<br \/>\n17 hs.<br \/>\nCUMPLE DE LA BIBLIO<br \/>\nFIESTA DE CUMPLE 17!!!!<br \/>\nTorta, Pi\u00f1ata, papa caliente, b\u00fasqueda del tesoro, juegos, SHOW DE KOSTURERAS<br \/>\nVIERNES 18 , SABADO 19 Y DOMINGO 20<br \/>\nFIESTA DE LAS GOLONDRINAS!<br \/>\nLa cantina de la biblio se luce en la plaza!<br \/>\nLUNES 21<br \/>\n17 hs.<br \/>\nTALLER DE ORIGAMI<br \/>\nCoordina Isabel Garmendia. Colaboraci\u00f3n $100<br \/>\n21 hs.<br \/>\nPRESENTACION LIBRO:<br \/>\nALIMENTACI\u00d3N ADAPTATIVA NATURAL, de Ariel Casanova<br \/>\ninformaci\u00f3n clave para comer saludable y sentirse a<br \/>\ngusto a la hora de sentarse a la mesa.<br \/>\nMI\u00c9RCOLES 23<br \/>\n19.30 hs.<br \/>\nCUENTOS CANSADOS<br \/>\nLecturas y juegos de expresi\u00f3n corporal para ni\u00f1as y ni\u00f1os<br \/>\na partir de 5 a\u00f1os. Coordina Amalia Bernat, Mar\u00eda Salas<br \/>\nColaboraci\u00f3n voluntaria a Benecio de la Bilbioteca<br \/>\nVIERNES 25 \/01<br \/>\n19.30 hs.<br \/>\nFRIGO, MUESTRA DE FOTOPERIODISMO<br \/>\nInaguraci\u00f3n de la muestra de Antonella Peloroso<br \/>\nS\u00c1BADO 26<br \/>\n21 HS.<br \/>\nMACE DO\u00d1A<br \/>\nLAS DESBANDADAS<br \/>\nLIBERBANDAS<br \/>\nm\u00fasica, poes\u00eda, artes visuales, Cantina Riquisima!<br \/>\nMI\u00c9RCOLES 30<br \/>\n18 hs.<br \/>\nTALLER DE FOTO + DISE\u00d1O<br \/>\nTe ense\u00f1amos a mejorar tus im\u00e1genes.<br \/>\nCoordina Antonella Pelorosso y Micaela Labrador.<br \/>\nColaboraci\u00f3n $100<br \/>\n<strong>MAS INFO<\/strong><br \/>\nFB MACEDONIOFERNANDEZ<br \/>\nbpmacedonio@hotmail.com<br \/>\n0291\/4910334<br \/>\nPillahuinco y Churrinche Villa Ventana<\/p>\n","protected":false},"excerpt":{"rendered":"<p>La biblioteca popular Macedonio Fernandez de Villa Ventana invita a participar de su amplia variedad de propuestas.<\/p>\n","protected":false},"author":3,"featured_media":0,"comment_status":"closed","ping_status":"open","sticky":false,"template":"","format":"standard","meta":{"footnotes":""},"categories":[35],"tags":[],"class_list":["post-27941","post","type-post","status-publish","format-standard","hentry","category-cultura"],"yoast_head":"<!-- This site is optimized with the Yoast SEO plugin v25.9 - https:\/\/yoast.com\/wordpress\/plugins\/seo\/ -->\n<title>Cine en la Macedonio - Noticias Radio Reflejos<\/title>\n<meta name=\"robots\" content=\"index, follow, max-snippet:-1, max-image-preview:large, max-video-preview:-1\" \/>\n<link rel=\"canonical\" href=\"https:\/\/www.noticiasradioreflejos.com.ar\/2021\/cine-en-la-macedonio\/\" \/>\n<meta property=\"og:locale\" content=\"es_ES\" \/>\n<meta property=\"og:type\" content=\"article\" \/>\n<meta property=\"og:title\" content=\"Cine en la Macedonio - Noticias Radio Reflejos\" \/>\n<meta property=\"og:description\" content=\"La biblioteca popular Macedonio Fernandez de Villa Ventana invita a participar de su amplia variedad de propuestas.\" \/>\n<meta property=\"og:url\" content=\"https:\/\/www.noticiasradioreflejos.com.ar\/2021\/cine-en-la-macedonio\/\" \/>\n<meta property=\"og:site_name\" content=\"Noticias Radio Reflejos\" \/>\n<meta property=\"article:published_time\" content=\"2019-01-08T11:07:17+00:00\" \/>\n<meta property=\"og:image\" content=\"http:\/\/farm8.staticflickr.com\/7926\/39696102153_3029bfd177.jpg\" \/>\n<meta name=\"author\" content=\"Arnaldo Botto\" \/>\n<meta name=\"twitter:card\" content=\"summary_large_image\" \/>\n<script type=\"application\/ld+json\" class=\"yoast-schema-graph\">{\"@context\":\"https:\/\/schema.org\",\"@graph\":[{\"@type\":\"WebPage\",\"@id\":\"https:\/\/www.noticiasradioreflejos.com.ar\/2021\/cine-en-la-macedonio\/\",\"url\":\"https:\/\/www.noticiasradioreflejos.com.ar\/2021\/cine-en-la-macedonio\/\",\"name\":\"Cine en la Macedonio - Noticias Radio Reflejos\",\"isPartOf\":{\"@id\":\"https:\/\/www.noticiasradioreflejos.com.ar\/2021\/#website\"},\"primaryImageOfPage\":{\"@id\":\"https:\/\/www.noticiasradioreflejos.com.ar\/2021\/cine-en-la-macedonio\/#primaryimage\"},\"image\":{\"@id\":\"https:\/\/www.noticiasradioreflejos.com.ar\/2021\/cine-en-la-macedonio\/#primaryimage\"},\"thumbnailUrl\":\"http:\/\/farm8.staticflickr.com\/7926\/39696102153_3029bfd177.jpg\",\"datePublished\":\"2019-01-08T11:07:17+00:00\",\"author\":{\"@id\":\"https:\/\/www.noticiasradioreflejos.com.ar\/2021\/#\/schema\/person\/ad82545263dcc5ec0996818884fd5fb1\"},\"breadcrumb\":{\"@id\":\"https:\/\/www.noticiasradioreflejos.com.ar\/2021\/cine-en-la-macedonio\/#breadcrumb\"},\"inLanguage\":\"es\",\"potentialAction\":[{\"@type\":\"ReadAction\",\"target\":[\"https:\/\/www.noticiasradioreflejos.com.ar\/2021\/cine-en-la-macedonio\/\"]}]},{\"@type\":\"ImageObject\",\"inLanguage\":\"es\",\"@id\":\"https:\/\/www.noticiasradioreflejos.com.ar\/2021\/cine-en-la-macedonio\/#primaryimage\",\"url\":\"http:\/\/farm8.staticflickr.com\/7926\/39696102153_3029bfd177.jpg\",\"contentUrl\":\"http:\/\/farm8.staticflickr.com\/7926\/39696102153_3029bfd177.jpg\"},{\"@type\":\"BreadcrumbList\",\"@id\":\"https:\/\/www.noticiasradioreflejos.com.ar\/2021\/cine-en-la-macedonio\/#breadcrumb\",\"itemListElement\":[{\"@type\":\"ListItem\",\"position\":1,\"name\":\"Portada\",\"item\":\"https:\/\/www.noticiasradioreflejos.com.ar\/2021\/\"},{\"@type\":\"ListItem\",\"position\":2,\"name\":\"Cine en la Macedonio\"}]},{\"@type\":\"WebSite\",\"@id\":\"https:\/\/www.noticiasradioreflejos.com.ar\/2021\/#website\",\"url\":\"https:\/\/www.noticiasradioreflejos.com.ar\/2021\/\",\"name\":\"Noticias Radio Reflejos\",\"description\":\"Las noticias de mi comarca\",\"potentialAction\":[{\"@type\":\"SearchAction\",\"target\":{\"@type\":\"EntryPoint\",\"urlTemplate\":\"https:\/\/www.noticiasradioreflejos.com.ar\/2021\/?s={search_term_string}\"},\"query-input\":{\"@type\":\"PropertyValueSpecification\",\"valueRequired\":true,\"valueName\":\"search_term_string\"}}],\"inLanguage\":\"es\"},{\"@type\":\"Person\",\"@id\":\"https:\/\/www.noticiasradioreflejos.com.ar\/2021\/#\/schema\/person\/ad82545263dcc5ec0996818884fd5fb1\",\"name\":\"Arnaldo Botto\",\"image\":{\"@type\":\"ImageObject\",\"inLanguage\":\"es\",\"@id\":\"https:\/\/www.noticiasradioreflejos.com.ar\/2021\/#\/schema\/person\/image\/\",\"url\":\"https:\/\/secure.gravatar.com\/avatar\/55cb5e37c1efa326397366e6974cb338056df65cb50e7d64d1cf314e87504837?s=96&d=mm&r=g\",\"contentUrl\":\"https:\/\/secure.gravatar.com\/avatar\/55cb5e37c1efa326397366e6974cb338056df65cb50e7d64d1cf314e87504837?s=96&d=mm&r=g\",\"caption\":\"Arnaldo Botto\"},\"url\":\"https:\/\/www.noticiasradioreflejos.com.ar\/2021\/author\/arnaldo\/\"}]}<\/script>\n<!-- \/ Yoast SEO plugin. -->","yoast_head_json":{"title":"Cine en la Macedonio - Noticias Radio Reflejos","robots":{"index":"index","follow":"follow","max-snippet":"max-snippet:-1","max-image-preview":"max-image-preview:large","max-video-preview":"max-video-preview:-1"},"canonical":"https:\/\/www.noticiasradioreflejos.com.ar\/2021\/cine-en-la-macedonio\/","og_locale":"es_ES","og_type":"article","og_title":"Cine en la Macedonio - Noticias Radio Reflejos","og_description":"La biblioteca popular Macedonio Fernandez de Villa Ventana invita a participar de su amplia variedad de propuestas.","og_url":"https:\/\/www.noticiasradioreflejos.com.ar\/2021\/cine-en-la-macedonio\/","og_site_name":"Noticias Radio Reflejos","article_published_time":"2019-01-08T11:07:17+00:00","og_image":[{"url":"http:\/\/farm8.staticflickr.com\/7926\/39696102153_3029bfd177.jpg","type":"","width":"","height":""}],"author":"Arnaldo Botto","twitter_card":"summary_large_image","schema":{"@context":"https:\/\/schema.org","@graph":[{"@type":"WebPage","@id":"https:\/\/www.noticiasradioreflejos.com.ar\/2021\/cine-en-la-macedonio\/","url":"https:\/\/www.noticiasradioreflejos.com.ar\/2021\/cine-en-la-macedonio\/","name":"Cine en la Macedonio - Noticias Radio Reflejos","isPartOf":{"@id":"https:\/\/www.noticiasradioreflejos.com.ar\/2021\/#website"},"primaryImageOfPage":{"@id":"https:\/\/www.noticiasradioreflejos.com.ar\/2021\/cine-en-la-macedonio\/#primaryimage"},"image":{"@id":"https:\/\/www.noticiasradioreflejos.com.ar\/2021\/cine-en-la-macedonio\/#primaryimage"},"thumbnailUrl":"http:\/\/farm8.staticflickr.com\/7926\/39696102153_3029bfd177.jpg","datePublished":"2019-01-08T11:07:17+00:00","author":{"@id":"https:\/\/www.noticiasradioreflejos.com.ar\/2021\/#\/schema\/person\/ad82545263dcc5ec0996818884fd5fb1"},"breadcrumb":{"@id":"https:\/\/www.noticiasradioreflejos.com.ar\/2021\/cine-en-la-macedonio\/#breadcrumb"},"inLanguage":"es","potentialAction":[{"@type":"ReadAction","target":["https:\/\/www.noticiasradioreflejos.com.ar\/2021\/cine-en-la-macedonio\/"]}]},{"@type":"ImageObject","inLanguage":"es","@id":"https:\/\/www.noticiasradioreflejos.com.ar\/2021\/cine-en-la-macedonio\/#primaryimage","url":"http:\/\/farm8.staticflickr.com\/7926\/39696102153_3029bfd177.jpg","contentUrl":"http:\/\/farm8.staticflickr.com\/7926\/39696102153_3029bfd177.jpg"},{"@type":"BreadcrumbList","@id":"https:\/\/www.noticiasradioreflejos.com.ar\/2021\/cine-en-la-macedonio\/#breadcrumb","itemListElement":[{"@type":"ListItem","position":1,"name":"Portada","item":"https:\/\/www.noticiasradioreflejos.com.ar\/2021\/"},{"@type":"ListItem","position":2,"name":"Cine en la Macedonio"}]},{"@type":"WebSite","@id":"https:\/\/www.noticiasradioreflejos.com.ar\/2021\/#website","url":"https:\/\/www.noticiasradioreflejos.com.ar\/2021\/","name":"Noticias Radio Reflejos","description":"Las noticias de mi comarca","potentialAction":[{"@type":"SearchAction","target":{"@type":"EntryPoint","urlTemplate":"https:\/\/www.noticiasradioreflejos.com.ar\/2021\/?s={search_term_string}"},"query-input":{"@type":"PropertyValueSpecification","valueRequired":true,"valueName":"search_term_string"}}],"inLanguage":"es"},{"@type":"Person","@id":"https:\/\/www.noticiasradioreflejos.com.ar\/2021\/#\/schema\/person\/ad82545263dcc5ec0996818884fd5fb1","name":"Arnaldo Botto","image":{"@type":"ImageObject","inLanguage":"es","@id":"https:\/\/www.noticiasradioreflejos.com.ar\/2021\/#\/schema\/person\/image\/","url":"https:\/\/secure.gravatar.com\/avatar\/55cb5e37c1efa326397366e6974cb338056df65cb50e7d64d1cf314e87504837?s=96&d=mm&r=g","contentUrl":"https:\/\/secure.gravatar.com\/avatar\/55cb5e37c1efa326397366e6974cb338056df65cb50e7d64d1cf314e87504837?s=96&d=mm&r=g","caption":"Arnaldo Botto"},"url":"https:\/\/www.noticiasradioreflejos.com.ar\/2021\/author\/arnaldo\/"}]}},"_links":{"self":[{"href":"https:\/\/www.noticiasradioreflejos.com.ar\/2021\/wp-json\/wp\/v2\/posts\/27941","targetHints":{"allow":["GET"]}}],"collection":[{"href":"https:\/\/www.noticiasradioreflejos.com.ar\/2021\/wp-json\/wp\/v2\/posts"}],"about":[{"href":"https:\/\/www.noticiasradioreflejos.com.ar\/2021\/wp-json\/wp\/v2\/types\/post"}],"author":[{"embeddable":true,"href":"https:\/\/www.noticiasradioreflejos.com.ar\/2021\/wp-json\/wp\/v2\/users\/3"}],"replies":[{"embeddable":true,"href":"https:\/\/www.noticiasradioreflejos.com.ar\/2021\/wp-json\/wp\/v2\/comments?post=27941"}],"version-history":[{"count":0,"href":"https:\/\/www.noticiasradioreflejos.com.ar\/2021\/wp-json\/wp\/v2\/posts\/27941\/revisions"}],"wp:attachment":[{"href":"https:\/\/www.noticiasradioreflejos.com.ar\/2021\/wp-json\/wp\/v2\/media?parent=27941"}],"wp:term":[{"taxonomy":"category","embeddable":true,"href":"https:\/\/www.noticiasradioreflejos.com.ar\/2021\/wp-json\/wp\/v2\/categories?post=27941"},{"taxonomy":"post_tag","embeddable":true,"href":"https:\/\/www.noticiasradioreflejos.com.ar\/2021\/wp-json\/wp\/v2\/tags?post=27941"}],"curies":[{"name":"wp","href":"https:\/\/api.w.org\/{rel}","templated":true}]}}