{"id":27935,"date":"2019-01-08T11:18:12","date_gmt":"2019-01-08T14:18:12","guid":{"rendered":"http:\/\/www.noticiasradioreflejos.com.ar\/noticias\/?p=27935"},"modified":"2025-05-30T15:05:12","modified_gmt":"2025-05-30T18:05:12","slug":"a-111-anos-de-su-fundacion-recordamos-a-gil-quinto-malaspina-y-su-obra-en-sierra-de-la-ventana","status":"publish","type":"post","link":"https:\/\/www.noticiasradioreflejos.com.ar\/2021\/a-111-anos-de-su-fundacion-recordamos-a-gil-quinto-malaspina-y-su-obra-en-sierra-de-la-ventana\/","title":{"rendered":"A 111 a\u00f1os de la  fundaci\u00f3n de Sierra de la Ventana., recordamos a Gil Quinto Malaspina y su obra."},"content":{"rendered":"<p>El nombre de Gil Quinto Malaspina es irreconocible en Sierra de la Ventana, pero su obra ha servido a todas las generaciones que habitaron esta localidad durante sus 111 a\u00f1os. Don\u00f3 las tierras donde se edific\u00f3 la unidad Sanitaria, don\u00f3 los materiales para la construcci\u00f3n de la primer escuela y de la actual comisar\u00eda, construy\u00f3 la primer panader\u00eda, Carnicer\u00eda, la peluquer\u00eda y el Hotel Belvedere, todos sobre la Actual Avenida Roca.<!--more--><\/p>\n<p><a title=\"IMG_20190108_185323917_HDR\" href=\"http:\/\/farm5.staticflickr.com\/4866\/31747655747_11ce6684b6.jpg\" rel=\"\"><img loading=\"lazy\" decoding=\"async\" class=\"alignleft\" style=\"float: left;\" title=\"IMG_20190108_185323917_HDR\" src=\"http:\/\/farm5.staticflickr.com\/4866\/31747655747_11ce6684b6.jpg\" alt=\"IMG_20190108_185323917_HDR\" width=\"500\" height=\"281\" \/><\/a>Durante el a\u00f1o 2007 el Honorable Concejo Deliberante aprob\u00f3 la ordenanza N\u00ba 1880\/07 lo cual cambiaba el nombre de la Av. Roca por el de Gil Quinto Malaspina. Nunca se puso en vigencia y mediante otra ordenanza aprobada por mayor\u00eda se derog\u00f3 y Malaspina sigue sin un justo reconocimiento.<\/p>\n<p>&nbsp;<\/p>\n<p>Muchas veces,\u00a0durante\u00a0los actos\u00a0p\u00fablicos\u00a0en nuestra localidad,\u00a0escuchamos\u00a0nombres repetidos de personas que durante su paso por Sierra de la Ventana, realizaron trabajos por la comunidad o por caso; solamente su labor dentro de instituciones que se fueron afirmando y hoy se muestran s\u00f3lidas sin recordar a esos an\u00f3nimos del bien com\u00fan.<br \/>\nHomenajear a un \u00abFundador\u00bb, muchas veces es insuficiente, considerando que intereses van detr\u00e1s de los visionarios que con destacado esfuerzo econ\u00f3mico y tambi\u00e9n familiar para lograr sus objetivos, pasaron m\u00e1s de una penuria durante sus vidas.<br \/>\nM\u00e1s tarde, llegaron otros que\u00a0aceptando\u00a0el desaf\u00edo, construyeron la historia del pueblo, y hoy son casi olvidados o desconocidos, hasta por los habitantes m\u00e1s antiguos del pueblo.<\/p>\n<p>&nbsp;<\/p>\n<p><a href=\"https:\/\/www.noticiasradioreflejos.com.ar\/2021\/a-111-anos-de-su-fundacion-recordamos-a-gil-quinto-malaspina-y-su-obra-en-sierra-de-la-ventana\/hotel-sierra-2\/\" rel=\"attachment wp-att-119485\"><img loading=\"lazy\" decoding=\"async\" class=\"aligncenter size-full wp-image-119485\" src=\"https:\/\/www.noticiasradioreflejos.com.ar\/2021\/wp-content\/uploads\/2019\/01\/HOTEL-SIERRA.jpg\" alt=\"\" width=\"1266\" height=\"755\" srcset=\"https:\/\/www.noticiasradioreflejos.com.ar\/2021\/wp-content\/uploads\/2019\/01\/HOTEL-SIERRA.jpg 1266w, https:\/\/www.noticiasradioreflejos.com.ar\/2021\/wp-content\/uploads\/2019\/01\/HOTEL-SIERRA-300x179.jpg 300w, https:\/\/www.noticiasradioreflejos.com.ar\/2021\/wp-content\/uploads\/2019\/01\/HOTEL-SIERRA-1024x611.jpg 1024w, https:\/\/www.noticiasradioreflejos.com.ar\/2021\/wp-content\/uploads\/2019\/01\/HOTEL-SIERRA-768x458.jpg 768w, https:\/\/www.noticiasradioreflejos.com.ar\/2021\/wp-content\/uploads\/2019\/01\/HOTEL-SIERRA-750x447.jpg 750w, https:\/\/www.noticiasradioreflejos.com.ar\/2021\/wp-content\/uploads\/2019\/01\/HOTEL-SIERRA-1140x680.jpg 1140w\" sizes=\"auto, (max-width: 1266px) 100vw, 1266px\" \/><\/a><br \/>\nPero tambi\u00e9n es un desaf\u00edo, por parte de quienes formamos la opini\u00f3n de nuestra gente, hacer que la\u00a0historia\u00a0tenga sus aut\u00e9nticos homenajeados, y por siempre recordarlos.<br \/>\nBasta tal vez con alguna calle que lleve su nombre, plazoleta o\u00a0monumento; pero el machacar de la radio, puede lo que el bronce tal vez no logre; por eso aqu\u00ed estamos, recordando a un hombre, que si\u00a0bien\u00a0hizo su \u00abAm\u00e9rica\u00bb sobre estas tierras; tambi\u00e9n dej\u00f3 su impronta de trabajador y visionario.<br \/>\nPero adem\u00e1s dentro de sus logros econ\u00f3micos puso algo para la comunidad, y hoy a d\u00e9cadas de esas importantes donaciones que permiten tener a\u00a0instituciones necesarias para la vida, la salud y el desarrollo de la localidad, es indispensable conocer la verdad sobre su\u00a0historia\u00a0y lo que fu\u00e9 lo que puso que merece recordarlo por siempre.<br \/>\n<b><i><\/i><\/b><\/p>\n<p><a href=\"https:\/\/www.noticiasradioreflejos.com.ar\/2021\/a-111-anos-de-su-fundacion-recordamos-a-gil-quinto-malaspina-y-su-obra-en-sierra-de-la-ventana\/gil-quinto-malaspina\/\" rel=\"attachment wp-att-119483\"><img loading=\"lazy\" decoding=\"async\" class=\"aligncenter size-full wp-image-119483\" src=\"https:\/\/www.noticiasradioreflejos.com.ar\/2021\/wp-content\/uploads\/2019\/01\/gIL-QUINTO-MALASPINA.jpg\" alt=\"\" width=\"1140\" height=\"942\" srcset=\"https:\/\/www.noticiasradioreflejos.com.ar\/2021\/wp-content\/uploads\/2019\/01\/gIL-QUINTO-MALASPINA.jpg 1140w, https:\/\/www.noticiasradioreflejos.com.ar\/2021\/wp-content\/uploads\/2019\/01\/gIL-QUINTO-MALASPINA-300x248.jpg 300w, https:\/\/www.noticiasradioreflejos.com.ar\/2021\/wp-content\/uploads\/2019\/01\/gIL-QUINTO-MALASPINA-1024x846.jpg 1024w, https:\/\/www.noticiasradioreflejos.com.ar\/2021\/wp-content\/uploads\/2019\/01\/gIL-QUINTO-MALASPINA-768x635.jpg 768w, https:\/\/www.noticiasradioreflejos.com.ar\/2021\/wp-content\/uploads\/2019\/01\/gIL-QUINTO-MALASPINA-750x620.jpg 750w\" sizes=\"auto, (max-width: 1140px) 100vw, 1140px\" \/><\/a><\/p>\n<p><b><i>Gil Quinto Malaspina<\/i><\/b><b><i><br \/>\n<\/i><\/b>Naci\u00f3 el 11 de Abril de 1903 en la localidad de 9 de julio, Provincia de Buenos Aires.<br \/>\nJunto a su familia se radica en la d\u00e9cada de 20 y se instalan en el antiguo Hotel Golf.<br \/>\nEn 1932 se casa con Leila Domenichelli, permaneciendo juntos hasta el \u00faltimo d\u00eda. Con ella tuvieron tres hijos: Nydia, Alicia y Alberto.<br \/>\nComienza a desarrollar su actividad comercial en el Almac\u00e9n \u00abLas Sierras\u00bb; y en la d\u00e9cada del 30 junto a su padre construyen el Hotel Belvedere y otras propiedades.<br \/>\nA fines de 1939 y comienzos del 40; independizado de su padre, construye el\u00a0Almac\u00e9n\u00a0de Ramos Generales con representaci\u00f3n como agente oficial de YPF, adem\u00e1s de contar con una filial del Banco Naci\u00f3n y venta de materiales de construcci\u00f3n.<br \/>\nPara 1944 construye la primer panader\u00eda con horno a le\u00f1a y colabora ya desde hac\u00eda a\u00f1os atr\u00e1s en la construcci\u00f3n de la Escuela primaria donando todos los materiales para su construcci\u00f3n.<br \/>\nDe igual manera, dona el terreno donde construir\u00e1 mas tarde la Unidad Sanitaria local, impulsando adem\u00e1s la coanstrucci\u00f3n de la primer peluquer\u00eda y carnicer\u00eda.<br \/>\nTodas estas actividades comerciales, Hotel Golf, Hotel Belvedere, Almac\u00e9n de Ramos Generales, panader\u00eda, carnicer\u00eda, peluquer\u00eda y salita de primeros auxilios se desarrollaron sobre la actual Av. Roca, que algunas cambiadas un poco con el paso del tiempo, hoy dan testimonio aut\u00e9ntico a la obra de Malaspina en la Comarca de Sierra de la Ventana.<br \/>\nPor inconvenientes de salud, se traslad\u00f3\u00a0posteriormente\u00a0a Mar del Plata, donde continu\u00f3 su labor hotelera.<br \/>\nFalleci\u00f3 el 31 de Julio de 1996, y sus cenizas fueron esparcidas en el Cerro Ceferino durante el a\u00f1o 2006 tal cual\u00a0fue\u00a0su voluntad. La de permanecer por siempre en Sierra de la Ventana.<\/p>\n<div class=\"separator\"><a href=\"http:\/\/1.bp.blogspot.com\/-P2eTeu-ic8Y\/UQZfcR-VIhI\/AAAAAAAAW_w\/TshnjOsFEMY\/s1600\/img025.jpg\"><img loading=\"lazy\" decoding=\"async\" src=\"http:\/\/1.bp.blogspot.com\/-P2eTeu-ic8Y\/UQZfcR-VIhI\/AAAAAAAAW_w\/TshnjOsFEMY\/s320\/img025.jpg\" width=\"243\" height=\"320\" border=\"0\" \/><\/a><a href=\"http:\/\/1.bp.blogspot.com\/-Z6wO82v2-KA\/UQZfdIkuGyI\/AAAAAAAAW_8\/gtWGTFK-4DY\/s1600\/img026.jpg\"><img loading=\"lazy\" decoding=\"async\" src=\"http:\/\/1.bp.blogspot.com\/-Z6wO82v2-KA\/UQZfdIkuGyI\/AAAAAAAAW_8\/gtWGTFK-4DY\/s320\/img026.jpg\" width=\"267\" height=\"320\" border=\"0\" \/><\/a><a href=\"http:\/\/3.bp.blogspot.com\/-38cpwvquVZE\/UQZfc3I5t6I\/AAAAAAAAW_4\/ICx11M-Mm0w\/s1600\/img029.jpg\"><img loading=\"lazy\" decoding=\"async\" src=\"http:\/\/3.bp.blogspot.com\/-38cpwvquVZE\/UQZfc3I5t6I\/AAAAAAAAW_4\/ICx11M-Mm0w\/s320\/img029.jpg\" width=\"320\" height=\"192\" border=\"0\" \/><\/a><a href=\"http:\/\/3.bp.blogspot.com\/-ICYAOrnwYsI\/UQZffw1BePI\/AAAAAAAAXAM\/v-VUgjJsdn8\/s1600\/img033.jpg\"><img loading=\"lazy\" decoding=\"async\" src=\"http:\/\/3.bp.blogspot.com\/-ICYAOrnwYsI\/UQZffw1BePI\/AAAAAAAAXAM\/v-VUgjJsdn8\/s320\/img033.jpg\" width=\"239\" height=\"320\" border=\"0\" \/><\/a><a href=\"http:\/\/3.bp.blogspot.com\/-5pqgGWyE5W0\/UQZfopZofZI\/AAAAAAAAXAo\/fsB4kaivxhQ\/s1600\/img035.jpg\"><img loading=\"lazy\" decoding=\"async\" src=\"http:\/\/3.bp.blogspot.com\/-5pqgGWyE5W0\/UQZfopZofZI\/AAAAAAAAXAo\/fsB4kaivxhQ\/s400\/img035.jpg\" width=\"165\" height=\"400\" border=\"0\" \/><\/a><a href=\"http:\/\/4.bp.blogspot.com\/-QzDFZyGgBHg\/UQZforDmy9I\/AAAAAAAAXAs\/SOcHCBifty4\/s1600\/img037.jpg\"><img loading=\"lazy\" decoding=\"async\" src=\"http:\/\/4.bp.blogspot.com\/-QzDFZyGgBHg\/UQZforDmy9I\/AAAAAAAAXAs\/SOcHCBifty4\/s400\/img037.jpg\" width=\"400\" height=\"386\" border=\"0\" \/><\/a><\/div>\n<p>Durante el a\u00f1o 2007 el Honorable Concejo Deliberante aprob\u00f3 la ordenanza N\u00ba 1880\/07 lo cual cambiaba el nombre de la Av. Roca por el de Gil Quinto Malaspina.<br \/>\n<a title=\"IMG_20190108_185356117_HDR\" href=\"http:\/\/farm5.staticflickr.com\/4911\/31747649667_cf76310b2f.jpg\" rel=\"\"><img loading=\"lazy\" decoding=\"async\" class=\"alignleft\" style=\"float: left;\" title=\"IMG_20190108_185356117_HDR\" src=\"http:\/\/farm5.staticflickr.com\/4911\/31747649667_cf76310b2f.jpg\" alt=\"IMG_20190108_185356117_HDR\" width=\"345\" height=\"500\" \/><\/a>Ver Ordenanza: <a href=\"https:\/\/es.scribd.com\/doc\/122589994\/1880-07-Calle-Roca-S-V-1-doc#fullscreen\"><strong>Aqu\u00ed<\/strong><\/a><br \/>\nSin embargo unos meses despu\u00e9s, lleg\u00f3 el debate al recinto legislativo local y otra ordenanza aprobada en mayor\u00eda derog\u00f3 la N\u00b01880\/07<br \/>\nDentro de sus considerandos reza:<br \/>\n&#8211; Que son muchas las personas oriundas e hijos del pueblo, merecedores de tal distinci\u00f3n;<br \/>\n&#8211; Que la Ordenanza N\u00ba 1880\/07 est\u00e1 aprobada desde el 02\/06\/07 y fue enviada d\u00e1ndose a conocer a los comerciantes y habitantes de la misma a mediados de octubre;<br \/>\n&#8211; Que se deja constancia que de ninguna manera se oponen a que alguna calle rinda el justo homenaje a un pionero de la talla del Sr. Quinto Gil Malaspina;<br \/>\nQue al aproximarse el centenario de nuestra localidad y habiendo tantas calles nuevas, ellas eleven el nombre de distintas familias pioneras y personas, que habitaron y habitan sus descendientes aqu\u00ed, honrarlos como lo merecen.<br \/>\nVer Derogaci\u00f3n: <a href=\"https:\/\/es.scribd.com\/document\/397038873\/1918-07-Derogacion-Ordenanzas-1811-06-y-1880-07\"><strong>Aqu\u00ed<\/strong><\/a><\/p>\n<div class=\"post-body entry-content\"><\/div>\n<div class=\"post-body entry-content\">Varios medios se hicieron eco de esta disposici\u00f3n legislativa, sin embargo el 17 de enero del 2008 cuando Sierra de la Ventana cumpl\u00eda sus 100 a\u00f1os durante los festejos se lo ignor\u00f3 totalmente y la ejecuci\u00f3n de la Ordenanza qued\u00f3 en el olvido.<br \/>\nA continuaci\u00f3n nota publicada por <strong>Patricio Eleisegui en \u00abR\u00edos de Roca y Madera\u00bb<\/strong>, donde hace referencia a las notas del <strong>Diario La Nueva Provincia<\/strong> de ese a\u00f1o.<\/div>\n<p>En una de mis acostumbradas traves\u00edas por la web, y mientras me pon\u00eda a tono con las \u00faltimas novedades period\u00edsticas del pueblo, me top\u00e9 con\u00a0<a href=\"http:\/\/www.lanueva.com\/edicion_impresa\/nota\/nc\/24\/10\/2007\/7ao063.html\">un art\u00edculo de La Nueva Provincia<\/a>\u00a0muy interesante sobre Sierra de la Ventana.<br \/>\nLa nota, bastante escueta para variar, daba cuenta de la nueva se\u00f1alizaci\u00f3n de la avenida Julio Argentino Roca, que acaba de ser rebautizada con el nombre de Gil Quinto Malaspina.<br \/>\nM\u00e1s all\u00e1 de la alegr\u00eda por suprimir toda referencia a Roca, genocida comprobado, (todav\u00eda me parece incre\u00edble que existan calles con su nombre y se lo siga se\u00f1alando como un h\u00e9roe por haber masacrado a miles de ind\u00edgenas) me parecieron dignos del aplauso los argumentos por los cuales la mencionada avenida pas\u00f3 a tener otro nombre.<br \/>\n\u201cLa imposici\u00f3n del nombre de Gil Quinto Malaspina a la avenida responde -seg\u00fan la ordenanza aprobada por el Concejo Deliberante de Tornquist- \u2018a la necesidad de otorgar un merecido reconocimiento a aquellas personas que supieron valorar y comprometerse con nuestra regi\u00f3n\u2019\u201d, publica el matutino.<br \/>\n\u201cEl se\u00f1or Gil Quinto Malaspina fue uno de los primeros colonos en la localidad de Sierra de la Ventana, y uno de los primeros empresarios m\u00e1s importantes del lugar, debido a que construy\u00f3 el Hotel Belvedere, e instal\u00f3 una despensa de ramos generales con el \u00fanico servidor de nafta y la primera panader\u00eda con horno\u201d, agrega.<\/p>\n<div>Por otro lado, y seg\u00fan La Nueva Provincia, Gil Quinto Malaspina cedi\u00f3 a la comuna las tierras en las que \u201cse construy\u00f3 la sala de primeros auxilios, y en su momento efectu\u00f3 una gran donaci\u00f3n de materiales para la escuela primaria\u201d.<br \/>\nEste reconocimiento a uno de los primeros pobladores de Sierra de la Ventana, a mi criterio, deber\u00eda ser un ejemplo continuado. Principalmente, por lo significativo de los aportes que han hecho a la historia viva del pueblo. Aportes que, sin dudas, forman parte del camino personal de cada uno de los que somos hijos \u2013por nacimiento o adopci\u00f3n\u2013 de la localidad.<br \/>\nPrueba de ello fue recordar que la primera vez que fui a Sierra de la Ventana, de vacaciones y antes de que mi familia decidiera radicarse all\u00ed, nuestra vivienda ocasional fue una caba\u00f1a llamada Malaspina&#8230;<br \/>\nRememorar que luego, a los 10 a\u00f1os y en compa\u00f1\u00eda de mi gran amigo de la infancia, Emiliano Fern\u00e1ndez, tom\u00e1bamos clases de ingl\u00e9s en el Belvedere (que para m\u00ed se escribe con \u201cB\u201d y no como publica el diario bahiense). El mismo lugar que luego dio lugar a uno y mil boliches bailables.<br \/>\nY que mi hermana menor, Mar\u00eda Sol, naci\u00f3 en esa sala de primeros auxilios que se levant\u00f3 sobre las tierras cedidas por Malaspina. Sala en la que trabaj\u00f3 mi mam\u00e1, enfermera de pura cepa. A la vuelta de la escuela primaria en la que pas\u00e9 la mejor infancia posible.<\/div>\n<div><\/div>\n<div>Estoy seguro que Gil Quinto Malaspina nunca imagin\u00f3 lo que le deparaba el tiempo&#8230;<\/div>\n<div><\/div>\n<div><\/div>\n<div><\/div>\n<div><\/div>\n","protected":false},"excerpt":{"rendered":"<p>El nombre de Gil Quinto Malaspina es irreconocible en Sierra de la Ventana, pero su obra ha servido a todas las generaciones que habitaron esta localidad durante sus 111 a\u00f1os. Don\u00f3 las tierras donde se edific\u00f3 la unidad Sanitaria, don\u00f3 los materiales para la construcci\u00f3n de la primer escuela y de la actual comisar\u00eda, construy\u00f3 [&hellip;]<\/p>\n","protected":false},"author":3,"featured_media":119480,"comment_status":"closed","ping_status":"closed","sticky":false,"template":"","format":"standard","meta":{"footnotes":""},"categories":[26],"tags":[],"class_list":["post-27935","post","type-post","status-publish","format-standard","has-post-thumbnail","hentry","category-sociedad"],"yoast_head":"<!-- This site is optimized with the Yoast SEO plugin v25.9 - https:\/\/yoast.com\/wordpress\/plugins\/seo\/ -->\n<title>A 111 a\u00f1os de la fundaci\u00f3n de Sierra de la Ventana., recordamos a Gil Quinto Malaspina y su obra. - Noticias Radio Reflejos<\/title>\n<meta name=\"robots\" content=\"index, follow, max-snippet:-1, max-image-preview:large, max-video-preview:-1\" \/>\n<link rel=\"canonical\" href=\"https:\/\/www.noticiasradioreflejos.com.ar\/2021\/a-111-anos-de-su-fundacion-recordamos-a-gil-quinto-malaspina-y-su-obra-en-sierra-de-la-ventana\/\" \/>\n<meta property=\"og:locale\" content=\"es_ES\" \/>\n<meta property=\"og:type\" content=\"article\" \/>\n<meta property=\"og:title\" content=\"A 111 a\u00f1os de la fundaci\u00f3n de Sierra de la Ventana., recordamos a Gil Quinto Malaspina y su obra. - Noticias Radio Reflejos\" \/>\n<meta property=\"og:description\" content=\"El nombre de Gil Quinto Malaspina es irreconocible en Sierra de la Ventana, pero su obra ha servido a todas las generaciones que habitaron esta localidad durante sus 111 a\u00f1os. Don\u00f3 las tierras donde se edific\u00f3 la unidad Sanitaria, don\u00f3 los materiales para la construcci\u00f3n de la primer escuela y de la actual comisar\u00eda, construy\u00f3 [&hellip;]\" \/>\n<meta property=\"og:url\" content=\"https:\/\/www.noticiasradioreflejos.com.ar\/2021\/a-111-anos-de-su-fundacion-recordamos-a-gil-quinto-malaspina-y-su-obra-en-sierra-de-la-ventana\/\" \/>\n<meta property=\"og:site_name\" content=\"Noticias Radio Reflejos\" \/>\n<meta property=\"article:published_time\" content=\"2019-01-08T14:18:12+00:00\" \/>\n<meta property=\"article:modified_time\" content=\"2025-05-30T18:05:12+00:00\" \/>\n<meta property=\"og:image\" content=\"https:\/\/www.noticiasradioreflejos.com.ar\/2021\/wp-content\/uploads\/2019\/01\/laesquina-amplida-scaled.jpg\" \/>\n\t<meta property=\"og:image:width\" content=\"2560\" \/>\n\t<meta property=\"og:image:height\" content=\"1821\" \/>\n\t<meta property=\"og:image:type\" content=\"image\/jpeg\" \/>\n<meta name=\"author\" content=\"Arnaldo Botto\" \/>\n<meta name=\"twitter:card\" content=\"summary_large_image\" \/>\n<script type=\"application\/ld+json\" class=\"yoast-schema-graph\">{\"@context\":\"https:\/\/schema.org\",\"@graph\":[{\"@type\":\"WebPage\",\"@id\":\"https:\/\/www.noticiasradioreflejos.com.ar\/2021\/a-111-anos-de-su-fundacion-recordamos-a-gil-quinto-malaspina-y-su-obra-en-sierra-de-la-ventana\/\",\"url\":\"https:\/\/www.noticiasradioreflejos.com.ar\/2021\/a-111-anos-de-su-fundacion-recordamos-a-gil-quinto-malaspina-y-su-obra-en-sierra-de-la-ventana\/\",\"name\":\"A 111 a\u00f1os de la fundaci\u00f3n de Sierra de la Ventana., recordamos a Gil Quinto Malaspina y su obra. - Noticias Radio Reflejos\",\"isPartOf\":{\"@id\":\"https:\/\/www.noticiasradioreflejos.com.ar\/2021\/#website\"},\"primaryImageOfPage\":{\"@id\":\"https:\/\/www.noticiasradioreflejos.com.ar\/2021\/a-111-anos-de-su-fundacion-recordamos-a-gil-quinto-malaspina-y-su-obra-en-sierra-de-la-ventana\/#primaryimage\"},\"image\":{\"@id\":\"https:\/\/www.noticiasradioreflejos.com.ar\/2021\/a-111-anos-de-su-fundacion-recordamos-a-gil-quinto-malaspina-y-su-obra-en-sierra-de-la-ventana\/#primaryimage\"},\"thumbnailUrl\":\"https:\/\/www.noticiasradioreflejos.com.ar\/2021\/wp-content\/uploads\/2019\/01\/laesquina-amplida-scaled.jpg\",\"datePublished\":\"2019-01-08T14:18:12+00:00\",\"dateModified\":\"2025-05-30T18:05:12+00:00\",\"author\":{\"@id\":\"https:\/\/www.noticiasradioreflejos.com.ar\/2021\/#\/schema\/person\/ad82545263dcc5ec0996818884fd5fb1\"},\"breadcrumb\":{\"@id\":\"https:\/\/www.noticiasradioreflejos.com.ar\/2021\/a-111-anos-de-su-fundacion-recordamos-a-gil-quinto-malaspina-y-su-obra-en-sierra-de-la-ventana\/#breadcrumb\"},\"inLanguage\":\"es\",\"potentialAction\":[{\"@type\":\"ReadAction\",\"target\":[\"https:\/\/www.noticiasradioreflejos.com.ar\/2021\/a-111-anos-de-su-fundacion-recordamos-a-gil-quinto-malaspina-y-su-obra-en-sierra-de-la-ventana\/\"]}]},{\"@type\":\"ImageObject\",\"inLanguage\":\"es\",\"@id\":\"https:\/\/www.noticiasradioreflejos.com.ar\/2021\/a-111-anos-de-su-fundacion-recordamos-a-gil-quinto-malaspina-y-su-obra-en-sierra-de-la-ventana\/#primaryimage\",\"url\":\"https:\/\/www.noticiasradioreflejos.com.ar\/2021\/wp-content\/uploads\/2019\/01\/laesquina-amplida-scaled.jpg\",\"contentUrl\":\"https:\/\/www.noticiasradioreflejos.com.ar\/2021\/wp-content\/uploads\/2019\/01\/laesquina-amplida-scaled.jpg\",\"width\":2560,\"height\":1821},{\"@type\":\"BreadcrumbList\",\"@id\":\"https:\/\/www.noticiasradioreflejos.com.ar\/2021\/a-111-anos-de-su-fundacion-recordamos-a-gil-quinto-malaspina-y-su-obra-en-sierra-de-la-ventana\/#breadcrumb\",\"itemListElement\":[{\"@type\":\"ListItem\",\"position\":1,\"name\":\"Portada\",\"item\":\"https:\/\/www.noticiasradioreflejos.com.ar\/2021\/\"},{\"@type\":\"ListItem\",\"position\":2,\"name\":\"A 111 a\u00f1os de la fundaci\u00f3n de Sierra de la Ventana., recordamos a Gil Quinto Malaspina y su obra.\"}]},{\"@type\":\"WebSite\",\"@id\":\"https:\/\/www.noticiasradioreflejos.com.ar\/2021\/#website\",\"url\":\"https:\/\/www.noticiasradioreflejos.com.ar\/2021\/\",\"name\":\"Noticias Radio Reflejos\",\"description\":\"Las noticias de mi comarca\",\"potentialAction\":[{\"@type\":\"SearchAction\",\"target\":{\"@type\":\"EntryPoint\",\"urlTemplate\":\"https:\/\/www.noticiasradioreflejos.com.ar\/2021\/?s={search_term_string}\"},\"query-input\":{\"@type\":\"PropertyValueSpecification\",\"valueRequired\":true,\"valueName\":\"search_term_string\"}}],\"inLanguage\":\"es\"},{\"@type\":\"Person\",\"@id\":\"https:\/\/www.noticiasradioreflejos.com.ar\/2021\/#\/schema\/person\/ad82545263dcc5ec0996818884fd5fb1\",\"name\":\"Arnaldo Botto\",\"image\":{\"@type\":\"ImageObject\",\"inLanguage\":\"es\",\"@id\":\"https:\/\/www.noticiasradioreflejos.com.ar\/2021\/#\/schema\/person\/image\/\",\"url\":\"https:\/\/secure.gravatar.com\/avatar\/55cb5e37c1efa326397366e6974cb338056df65cb50e7d64d1cf314e87504837?s=96&d=mm&r=g\",\"contentUrl\":\"https:\/\/secure.gravatar.com\/avatar\/55cb5e37c1efa326397366e6974cb338056df65cb50e7d64d1cf314e87504837?s=96&d=mm&r=g\",\"caption\":\"Arnaldo Botto\"},\"url\":\"https:\/\/www.noticiasradioreflejos.com.ar\/2021\/author\/arnaldo\/\"}]}<\/script>\n<!-- \/ Yoast SEO plugin. -->","yoast_head_json":{"title":"A 111 a\u00f1os de la fundaci\u00f3n de Sierra de la Ventana., recordamos a Gil Quinto Malaspina y su obra. - Noticias Radio Reflejos","robots":{"index":"index","follow":"follow","max-snippet":"max-snippet:-1","max-image-preview":"max-image-preview:large","max-video-preview":"max-video-preview:-1"},"canonical":"https:\/\/www.noticiasradioreflejos.com.ar\/2021\/a-111-anos-de-su-fundacion-recordamos-a-gil-quinto-malaspina-y-su-obra-en-sierra-de-la-ventana\/","og_locale":"es_ES","og_type":"article","og_title":"A 111 a\u00f1os de la fundaci\u00f3n de Sierra de la Ventana., recordamos a Gil Quinto Malaspina y su obra. - Noticias Radio Reflejos","og_description":"El nombre de Gil Quinto Malaspina es irreconocible en Sierra de la Ventana, pero su obra ha servido a todas las generaciones que habitaron esta localidad durante sus 111 a\u00f1os. Don\u00f3 las tierras donde se edific\u00f3 la unidad Sanitaria, don\u00f3 los materiales para la construcci\u00f3n de la primer escuela y de la actual comisar\u00eda, construy\u00f3 [&hellip;]","og_url":"https:\/\/www.noticiasradioreflejos.com.ar\/2021\/a-111-anos-de-su-fundacion-recordamos-a-gil-quinto-malaspina-y-su-obra-en-sierra-de-la-ventana\/","og_site_name":"Noticias Radio Reflejos","article_published_time":"2019-01-08T14:18:12+00:00","article_modified_time":"2025-05-30T18:05:12+00:00","og_image":[{"width":2560,"height":1821,"url":"https:\/\/www.noticiasradioreflejos.com.ar\/2021\/wp-content\/uploads\/2019\/01\/laesquina-amplida-scaled.jpg","type":"image\/jpeg"}],"author":"Arnaldo Botto","twitter_card":"summary_large_image","schema":{"@context":"https:\/\/schema.org","@graph":[{"@type":"WebPage","@id":"https:\/\/www.noticiasradioreflejos.com.ar\/2021\/a-111-anos-de-su-fundacion-recordamos-a-gil-quinto-malaspina-y-su-obra-en-sierra-de-la-ventana\/","url":"https:\/\/www.noticiasradioreflejos.com.ar\/2021\/a-111-anos-de-su-fundacion-recordamos-a-gil-quinto-malaspina-y-su-obra-en-sierra-de-la-ventana\/","name":"A 111 a\u00f1os de la fundaci\u00f3n de Sierra de la Ventana., recordamos a Gil Quinto Malaspina y su obra. - Noticias Radio Reflejos","isPartOf":{"@id":"https:\/\/www.noticiasradioreflejos.com.ar\/2021\/#website"},"primaryImageOfPage":{"@id":"https:\/\/www.noticiasradioreflejos.com.ar\/2021\/a-111-anos-de-su-fundacion-recordamos-a-gil-quinto-malaspina-y-su-obra-en-sierra-de-la-ventana\/#primaryimage"},"image":{"@id":"https:\/\/www.noticiasradioreflejos.com.ar\/2021\/a-111-anos-de-su-fundacion-recordamos-a-gil-quinto-malaspina-y-su-obra-en-sierra-de-la-ventana\/#primaryimage"},"thumbnailUrl":"https:\/\/www.noticiasradioreflejos.com.ar\/2021\/wp-content\/uploads\/2019\/01\/laesquina-amplida-scaled.jpg","datePublished":"2019-01-08T14:18:12+00:00","dateModified":"2025-05-30T18:05:12+00:00","author":{"@id":"https:\/\/www.noticiasradioreflejos.com.ar\/2021\/#\/schema\/person\/ad82545263dcc5ec0996818884fd5fb1"},"breadcrumb":{"@id":"https:\/\/www.noticiasradioreflejos.com.ar\/2021\/a-111-anos-de-su-fundacion-recordamos-a-gil-quinto-malaspina-y-su-obra-en-sierra-de-la-ventana\/#breadcrumb"},"inLanguage":"es","potentialAction":[{"@type":"ReadAction","target":["https:\/\/www.noticiasradioreflejos.com.ar\/2021\/a-111-anos-de-su-fundacion-recordamos-a-gil-quinto-malaspina-y-su-obra-en-sierra-de-la-ventana\/"]}]},{"@type":"ImageObject","inLanguage":"es","@id":"https:\/\/www.noticiasradioreflejos.com.ar\/2021\/a-111-anos-de-su-fundacion-recordamos-a-gil-quinto-malaspina-y-su-obra-en-sierra-de-la-ventana\/#primaryimage","url":"https:\/\/www.noticiasradioreflejos.com.ar\/2021\/wp-content\/uploads\/2019\/01\/laesquina-amplida-scaled.jpg","contentUrl":"https:\/\/www.noticiasradioreflejos.com.ar\/2021\/wp-content\/uploads\/2019\/01\/laesquina-amplida-scaled.jpg","width":2560,"height":1821},{"@type":"BreadcrumbList","@id":"https:\/\/www.noticiasradioreflejos.com.ar\/2021\/a-111-anos-de-su-fundacion-recordamos-a-gil-quinto-malaspina-y-su-obra-en-sierra-de-la-ventana\/#breadcrumb","itemListElement":[{"@type":"ListItem","position":1,"name":"Portada","item":"https:\/\/www.noticiasradioreflejos.com.ar\/2021\/"},{"@type":"ListItem","position":2,"name":"A 111 a\u00f1os de la fundaci\u00f3n de Sierra de la Ventana., recordamos a Gil Quinto Malaspina y su obra."}]},{"@type":"WebSite","@id":"https:\/\/www.noticiasradioreflejos.com.ar\/2021\/#website","url":"https:\/\/www.noticiasradioreflejos.com.ar\/2021\/","name":"Noticias Radio Reflejos","description":"Las noticias de mi comarca","potentialAction":[{"@type":"SearchAction","target":{"@type":"EntryPoint","urlTemplate":"https:\/\/www.noticiasradioreflejos.com.ar\/2021\/?s={search_term_string}"},"query-input":{"@type":"PropertyValueSpecification","valueRequired":true,"valueName":"search_term_string"}}],"inLanguage":"es"},{"@type":"Person","@id":"https:\/\/www.noticiasradioreflejos.com.ar\/2021\/#\/schema\/person\/ad82545263dcc5ec0996818884fd5fb1","name":"Arnaldo Botto","image":{"@type":"ImageObject","inLanguage":"es","@id":"https:\/\/www.noticiasradioreflejos.com.ar\/2021\/#\/schema\/person\/image\/","url":"https:\/\/secure.gravatar.com\/avatar\/55cb5e37c1efa326397366e6974cb338056df65cb50e7d64d1cf314e87504837?s=96&d=mm&r=g","contentUrl":"https:\/\/secure.gravatar.com\/avatar\/55cb5e37c1efa326397366e6974cb338056df65cb50e7d64d1cf314e87504837?s=96&d=mm&r=g","caption":"Arnaldo Botto"},"url":"https:\/\/www.noticiasradioreflejos.com.ar\/2021\/author\/arnaldo\/"}]}},"_links":{"self":[{"href":"https:\/\/www.noticiasradioreflejos.com.ar\/2021\/wp-json\/wp\/v2\/posts\/27935","targetHints":{"allow":["GET"]}}],"collection":[{"href":"https:\/\/www.noticiasradioreflejos.com.ar\/2021\/wp-json\/wp\/v2\/posts"}],"about":[{"href":"https:\/\/www.noticiasradioreflejos.com.ar\/2021\/wp-json\/wp\/v2\/types\/post"}],"author":[{"embeddable":true,"href":"https:\/\/www.noticiasradioreflejos.com.ar\/2021\/wp-json\/wp\/v2\/users\/3"}],"replies":[{"embeddable":true,"href":"https:\/\/www.noticiasradioreflejos.com.ar\/2021\/wp-json\/wp\/v2\/comments?post=27935"}],"version-history":[{"count":2,"href":"https:\/\/www.noticiasradioreflejos.com.ar\/2021\/wp-json\/wp\/v2\/posts\/27935\/revisions"}],"predecessor-version":[{"id":119489,"href":"https:\/\/www.noticiasradioreflejos.com.ar\/2021\/wp-json\/wp\/v2\/posts\/27935\/revisions\/119489"}],"wp:featuredmedia":[{"embeddable":true,"href":"https:\/\/www.noticiasradioreflejos.com.ar\/2021\/wp-json\/wp\/v2\/media\/119480"}],"wp:attachment":[{"href":"https:\/\/www.noticiasradioreflejos.com.ar\/2021\/wp-json\/wp\/v2\/media?parent=27935"}],"wp:term":[{"taxonomy":"category","embeddable":true,"href":"https:\/\/www.noticiasradioreflejos.com.ar\/2021\/wp-json\/wp\/v2\/categories?post=27935"},{"taxonomy":"post_tag","embeddable":true,"href":"https:\/\/www.noticiasradioreflejos.com.ar\/2021\/wp-json\/wp\/v2\/tags?post=27935"}],"curies":[{"name":"wp","href":"https:\/\/api.w.org\/{rel}","templated":true}]}}