{"id":2775,"date":"2016-10-25T18:25:43","date_gmt":"2016-10-25T18:25:43","guid":{"rendered":"http:\/\/noticiasradioreflejos.com.ar\/noticias\/?p=2775"},"modified":"2016-10-25T18:25:43","modified_gmt":"2016-10-25T18:25:43","slug":"vidal-aseguro-que-la-reforma-del-servicio-penitenciario-no-es-una-purga","status":"publish","type":"post","link":"https:\/\/www.noticiasradioreflejos.com.ar\/2021\/vidal-aseguro-que-la-reforma-del-servicio-penitenciario-no-es-una-purga\/","title":{"rendered":"Vidal asegur\u00f3 que la reforma del Servicio Penitenciario \u201cno es una purga\u201d"},"content":{"rendered":"<p>La gobernadora de la provincia de Buenos Aires, Mar\u00eda Eugenia Vidal, afirm\u00f3 hoy que el proyecto de ley de reforma del Servicio Penitenciario, que ser\u00e1 enviado a la Legislatura para su tratamiento, persigue \u201cun camino que vuelva a proteger a la sociedad\u201d<!--more--><br \/>\nDurante el anuncio realizado en la Casa de Gobierno provincial, Vidal estuvo acompa\u00f1ada por el ministro de Justicia, Gustavo Ferrari, quien asever\u00f3 que \u201cse reemplaza una ley de la Dictadura para procurar democratizar el Servicio Penitenciario y cambiar toda la estructura de funcionamiento con transparencia y control pol\u00edtico\u201d\u00a0con \u201cuna mirada desde los Derechos Humanos\u201d.<\/p>\n","protected":false},"excerpt":{"rendered":"<p>La gobernadora de la provincia de Buenos Aires, Mar\u00eda Eugenia Vidal, afirm\u00f3 hoy que el proyecto de ley de reforma del Servicio Penitenciario, que ser\u00e1 enviado a la Legislatura para su tratamiento, persigue \u201cun camino que vuelva a proteger a la sociedad\u201d<\/p>\n","protected":false},"author":3,"featured_media":0,"comment_status":"closed","ping_status":"open","sticky":false,"template":"","format":"standard","meta":{"footnotes":""},"categories":[24],"tags":[],"class_list":["post-2775","post","type-post","status-publish","format-standard","hentry","category-politica"],"yoast_head":"<!-- This site is optimized with the Yoast SEO plugin v25.9 - https:\/\/yoast.com\/wordpress\/plugins\/seo\/ -->\n<title>Vidal asegur\u00f3 que la reforma del Servicio Penitenciario \u201cno es una purga\u201d - Noticias Radio Reflejos<\/title>\n<meta name=\"robots\" content=\"index, follow, max-snippet:-1, max-image-preview:large, max-video-preview:-1\" \/>\n<link rel=\"canonical\" href=\"https:\/\/www.noticiasradioreflejos.com.ar\/2021\/vidal-aseguro-que-la-reforma-del-servicio-penitenciario-no-es-una-purga\/\" \/>\n<meta property=\"og:locale\" content=\"es_ES\" \/>\n<meta property=\"og:type\" content=\"article\" \/>\n<meta property=\"og:title\" content=\"Vidal asegur\u00f3 que la reforma del Servicio Penitenciario \u201cno es una purga\u201d - Noticias Radio Reflejos\" \/>\n<meta property=\"og:description\" content=\"La gobernadora de la provincia de Buenos Aires, Mar\u00eda Eugenia Vidal, afirm\u00f3 hoy que el proyecto de ley de reforma del Servicio Penitenciario, que ser\u00e1 enviado a la Legislatura para su tratamiento, persigue \u201cun camino que vuelva a proteger a la sociedad\u201d\" \/>\n<meta property=\"og:url\" content=\"https:\/\/www.noticiasradioreflejos.com.ar\/2021\/vidal-aseguro-que-la-reforma-del-servicio-penitenciario-no-es-una-purga\/\" \/>\n<meta property=\"og:site_name\" content=\"Noticias Radio Reflejos\" \/>\n<meta property=\"article:published_time\" content=\"2016-10-25T18:25:43+00:00\" \/>\n<meta property=\"og:image\" content=\"https:\/\/www.noticiasradioreflejos.com.ar\/2021\/wp-content\/uploads\/2021\/07\/logosol300x200.png\" \/>\n\t<meta property=\"og:image:width\" content=\"300\" \/>\n\t<meta property=\"og:image:height\" content=\"200\" \/>\n\t<meta property=\"og:image:type\" content=\"image\/png\" \/>\n<meta name=\"author\" content=\"Arnaldo Botto\" \/>\n<meta name=\"twitter:card\" content=\"summary_large_image\" \/>\n<script type=\"application\/ld+json\" class=\"yoast-schema-graph\">{\"@context\":\"https:\/\/schema.org\",\"@graph\":[{\"@type\":\"WebPage\",\"@id\":\"https:\/\/www.noticiasradioreflejos.com.ar\/2021\/vidal-aseguro-que-la-reforma-del-servicio-penitenciario-no-es-una-purga\/\",\"url\":\"https:\/\/www.noticiasradioreflejos.com.ar\/2021\/vidal-aseguro-que-la-reforma-del-servicio-penitenciario-no-es-una-purga\/\",\"name\":\"Vidal asegur\u00f3 que la reforma del Servicio Penitenciario \u201cno es una purga\u201d - Noticias Radio Reflejos\",\"isPartOf\":{\"@id\":\"https:\/\/www.noticiasradioreflejos.com.ar\/2021\/#website\"},\"datePublished\":\"2016-10-25T18:25:43+00:00\",\"author\":{\"@id\":\"https:\/\/www.noticiasradioreflejos.com.ar\/2021\/#\/schema\/person\/ad82545263dcc5ec0996818884fd5fb1\"},\"breadcrumb\":{\"@id\":\"https:\/\/www.noticiasradioreflejos.com.ar\/2021\/vidal-aseguro-que-la-reforma-del-servicio-penitenciario-no-es-una-purga\/#breadcrumb\"},\"inLanguage\":\"es\",\"potentialAction\":[{\"@type\":\"ReadAction\",\"target\":[\"https:\/\/www.noticiasradioreflejos.com.ar\/2021\/vidal-aseguro-que-la-reforma-del-servicio-penitenciario-no-es-una-purga\/\"]}]},{\"@type\":\"BreadcrumbList\",\"@id\":\"https:\/\/www.noticiasradioreflejos.com.ar\/2021\/vidal-aseguro-que-la-reforma-del-servicio-penitenciario-no-es-una-purga\/#breadcrumb\",\"itemListElement\":[{\"@type\":\"ListItem\",\"position\":1,\"name\":\"Portada\",\"item\":\"https:\/\/www.noticiasradioreflejos.com.ar\/2021\/\"},{\"@type\":\"ListItem\",\"position\":2,\"name\":\"Vidal asegur\u00f3 que la reforma del Servicio Penitenciario \u201cno es una purga\u201d\"}]},{\"@type\":\"WebSite\",\"@id\":\"https:\/\/www.noticiasradioreflejos.com.ar\/2021\/#website\",\"url\":\"https:\/\/www.noticiasradioreflejos.com.ar\/2021\/\",\"name\":\"Noticias Radio Reflejos\",\"description\":\"Las noticias de mi comarca\",\"potentialAction\":[{\"@type\":\"SearchAction\",\"target\":{\"@type\":\"EntryPoint\",\"urlTemplate\":\"https:\/\/www.noticiasradioreflejos.com.ar\/2021\/?s={search_term_string}\"},\"query-input\":{\"@type\":\"PropertyValueSpecification\",\"valueRequired\":true,\"valueName\":\"search_term_string\"}}],\"inLanguage\":\"es\"},{\"@type\":\"Person\",\"@id\":\"https:\/\/www.noticiasradioreflejos.com.ar\/2021\/#\/schema\/person\/ad82545263dcc5ec0996818884fd5fb1\",\"name\":\"Arnaldo Botto\",\"image\":{\"@type\":\"ImageObject\",\"inLanguage\":\"es\",\"@id\":\"https:\/\/www.noticiasradioreflejos.com.ar\/2021\/#\/schema\/person\/image\/\",\"url\":\"https:\/\/secure.gravatar.com\/avatar\/55cb5e37c1efa326397366e6974cb338056df65cb50e7d64d1cf314e87504837?s=96&d=mm&r=g\",\"contentUrl\":\"https:\/\/secure.gravatar.com\/avatar\/55cb5e37c1efa326397366e6974cb338056df65cb50e7d64d1cf314e87504837?s=96&d=mm&r=g\",\"caption\":\"Arnaldo Botto\"},\"url\":\"https:\/\/www.noticiasradioreflejos.com.ar\/2021\/author\/arnaldo\/\"}]}<\/script>\n<!-- \/ Yoast SEO plugin. -->","yoast_head_json":{"title":"Vidal asegur\u00f3 que la reforma del Servicio Penitenciario \u201cno es una purga\u201d - Noticias Radio Reflejos","robots":{"index":"index","follow":"follow","max-snippet":"max-snippet:-1","max-image-preview":"max-image-preview:large","max-video-preview":"max-video-preview:-1"},"canonical":"https:\/\/www.noticiasradioreflejos.com.ar\/2021\/vidal-aseguro-que-la-reforma-del-servicio-penitenciario-no-es-una-purga\/","og_locale":"es_ES","og_type":"article","og_title":"Vidal asegur\u00f3 que la reforma del Servicio Penitenciario \u201cno es una purga\u201d - Noticias Radio Reflejos","og_description":"La gobernadora de la provincia de Buenos Aires, Mar\u00eda Eugenia Vidal, afirm\u00f3 hoy que el proyecto de ley de reforma del Servicio Penitenciario, que ser\u00e1 enviado a la Legislatura para su tratamiento, persigue \u201cun camino que vuelva a proteger a la sociedad\u201d","og_url":"https:\/\/www.noticiasradioreflejos.com.ar\/2021\/vidal-aseguro-que-la-reforma-del-servicio-penitenciario-no-es-una-purga\/","og_site_name":"Noticias Radio Reflejos","article_published_time":"2016-10-25T18:25:43+00:00","og_image":[{"width":300,"height":200,"url":"https:\/\/www.noticiasradioreflejos.com.ar\/2021\/wp-content\/uploads\/2021\/07\/logosol300x200.png","type":"image\/png"}],"author":"Arnaldo Botto","twitter_card":"summary_large_image","schema":{"@context":"https:\/\/schema.org","@graph":[{"@type":"WebPage","@id":"https:\/\/www.noticiasradioreflejos.com.ar\/2021\/vidal-aseguro-que-la-reforma-del-servicio-penitenciario-no-es-una-purga\/","url":"https:\/\/www.noticiasradioreflejos.com.ar\/2021\/vidal-aseguro-que-la-reforma-del-servicio-penitenciario-no-es-una-purga\/","name":"Vidal asegur\u00f3 que la reforma del Servicio Penitenciario \u201cno es una purga\u201d - Noticias Radio Reflejos","isPartOf":{"@id":"https:\/\/www.noticiasradioreflejos.com.ar\/2021\/#website"},"datePublished":"2016-10-25T18:25:43+00:00","author":{"@id":"https:\/\/www.noticiasradioreflejos.com.ar\/2021\/#\/schema\/person\/ad82545263dcc5ec0996818884fd5fb1"},"breadcrumb":{"@id":"https:\/\/www.noticiasradioreflejos.com.ar\/2021\/vidal-aseguro-que-la-reforma-del-servicio-penitenciario-no-es-una-purga\/#breadcrumb"},"inLanguage":"es","potentialAction":[{"@type":"ReadAction","target":["https:\/\/www.noticiasradioreflejos.com.ar\/2021\/vidal-aseguro-que-la-reforma-del-servicio-penitenciario-no-es-una-purga\/"]}]},{"@type":"BreadcrumbList","@id":"https:\/\/www.noticiasradioreflejos.com.ar\/2021\/vidal-aseguro-que-la-reforma-del-servicio-penitenciario-no-es-una-purga\/#breadcrumb","itemListElement":[{"@type":"ListItem","position":1,"name":"Portada","item":"https:\/\/www.noticiasradioreflejos.com.ar\/2021\/"},{"@type":"ListItem","position":2,"name":"Vidal asegur\u00f3 que la reforma del Servicio Penitenciario \u201cno es una purga\u201d"}]},{"@type":"WebSite","@id":"https:\/\/www.noticiasradioreflejos.com.ar\/2021\/#website","url":"https:\/\/www.noticiasradioreflejos.com.ar\/2021\/","name":"Noticias Radio Reflejos","description":"Las noticias de mi comarca","potentialAction":[{"@type":"SearchAction","target":{"@type":"EntryPoint","urlTemplate":"https:\/\/www.noticiasradioreflejos.com.ar\/2021\/?s={search_term_string}"},"query-input":{"@type":"PropertyValueSpecification","valueRequired":true,"valueName":"search_term_string"}}],"inLanguage":"es"},{"@type":"Person","@id":"https:\/\/www.noticiasradioreflejos.com.ar\/2021\/#\/schema\/person\/ad82545263dcc5ec0996818884fd5fb1","name":"Arnaldo Botto","image":{"@type":"ImageObject","inLanguage":"es","@id":"https:\/\/www.noticiasradioreflejos.com.ar\/2021\/#\/schema\/person\/image\/","url":"https:\/\/secure.gravatar.com\/avatar\/55cb5e37c1efa326397366e6974cb338056df65cb50e7d64d1cf314e87504837?s=96&d=mm&r=g","contentUrl":"https:\/\/secure.gravatar.com\/avatar\/55cb5e37c1efa326397366e6974cb338056df65cb50e7d64d1cf314e87504837?s=96&d=mm&r=g","caption":"Arnaldo Botto"},"url":"https:\/\/www.noticiasradioreflejos.com.ar\/2021\/author\/arnaldo\/"}]}},"_links":{"self":[{"href":"https:\/\/www.noticiasradioreflejos.com.ar\/2021\/wp-json\/wp\/v2\/posts\/2775","targetHints":{"allow":["GET"]}}],"collection":[{"href":"https:\/\/www.noticiasradioreflejos.com.ar\/2021\/wp-json\/wp\/v2\/posts"}],"about":[{"href":"https:\/\/www.noticiasradioreflejos.com.ar\/2021\/wp-json\/wp\/v2\/types\/post"}],"author":[{"embeddable":true,"href":"https:\/\/www.noticiasradioreflejos.com.ar\/2021\/wp-json\/wp\/v2\/users\/3"}],"replies":[{"embeddable":true,"href":"https:\/\/www.noticiasradioreflejos.com.ar\/2021\/wp-json\/wp\/v2\/comments?post=2775"}],"version-history":[{"count":0,"href":"https:\/\/www.noticiasradioreflejos.com.ar\/2021\/wp-json\/wp\/v2\/posts\/2775\/revisions"}],"wp:attachment":[{"href":"https:\/\/www.noticiasradioreflejos.com.ar\/2021\/wp-json\/wp\/v2\/media?parent=2775"}],"wp:term":[{"taxonomy":"category","embeddable":true,"href":"https:\/\/www.noticiasradioreflejos.com.ar\/2021\/wp-json\/wp\/v2\/categories?post=2775"},{"taxonomy":"post_tag","embeddable":true,"href":"https:\/\/www.noticiasradioreflejos.com.ar\/2021\/wp-json\/wp\/v2\/tags?post=2775"}],"curies":[{"name":"wp","href":"https:\/\/api.w.org\/{rel}","templated":true}]}}