{"id":2772,"date":"2016-10-25T18:07:41","date_gmt":"2016-10-25T18:07:41","guid":{"rendered":"http:\/\/noticiasradioreflejos.com.ar\/noticias\/?p=2772"},"modified":"2016-10-25T18:07:41","modified_gmt":"2016-10-25T18:07:41","slug":"el-29-de-octubre-fiesta-de-disfraces-en-la-sociedad-de-fomento","status":"publish","type":"post","link":"https:\/\/www.noticiasradioreflejos.com.ar\/2021\/el-29-de-octubre-fiesta-de-disfraces-en-la-sociedad-de-fomento\/","title":{"rendered":"El 29 de octubre &quot;Fiesta de disfraces&quot; en la Sociedad de Fomento"},"content":{"rendered":"<p>Aprovechando que a fin de mes es Halloween, realizaremos en Villa Ventana una fiesta para toda la familia.<!--more--><br \/>\nA partir de las 21:30 en nuestro salon, disfrazate y ven\u00ed a divertirte con nosotros! Con panchos y barra, te esperamos para comer, tomar algo y bailar.<br \/>\nLa entrada tendr\u00e1 un valor de $50 para los mayores, y de $25 para los menores. Una vez mas, todo lo que recaudemos de la fiesta, ser\u00e1 destinado a la futura cancha de usos multiples.<br \/>\nLa decoraci\u00f3n del Sal\u00f3n estar\u00e1 a cargo de las decoradoras \u00abLuNaticas\u00bb, y el Dj ser\u00e1 \u00abSymbiosis\u00bb, todos nuevos emprendimientos de Villa Ventana.<br \/>\n\u00a1CONSEGUI TU ENTRADA! &#8211; Piuque-Lom Artesanias (Cruz del Sur e\/Canario y Hornero) &#8211; Imago Minimercado (Cruz del Sur e\/Zorzal y Canario) &#8211; El Arca (Churrinche y Curamalal) O por telefono:<br \/>\nNico (0291) 154733561<br \/>\nYami (0291) 154731745<br \/>\n<a title=\"IMG-20161025-WA0010\" href=\"http:\/\/farm6.staticflickr.com\/5588\/30447186922_68df5ef464_z.jpg\" rel=\"\"><img loading=\"lazy\" decoding=\"async\" class=\"aligncenter\" title=\"IMG-20161025-WA0010\" src=\"http:\/\/farm6.staticflickr.com\/5588\/30447186922_68df5ef464_z.jpg\" alt=\"IMG-20161025-WA0010\" width=\"552\" height=\"315\" \/><\/a><\/p>\n","protected":false},"excerpt":{"rendered":"<p>Aprovechando que a fin de mes es Halloween, realizaremos en Villa Ventana una fiesta para toda la familia.<\/p>\n","protected":false},"author":3,"featured_media":0,"comment_status":"closed","ping_status":"open","sticky":false,"template":"","format":"standard","meta":{"footnotes":""},"categories":[26],"tags":[],"class_list":["post-2772","post","type-post","status-publish","format-standard","hentry","category-sociedad"],"yoast_head":"<!-- This site is optimized with the Yoast SEO plugin v25.9 - https:\/\/yoast.com\/wordpress\/plugins\/seo\/ -->\n<title>El 29 de octubre &quot;Fiesta de disfraces&quot; en la Sociedad de Fomento - Noticias Radio Reflejos<\/title>\n<meta name=\"robots\" content=\"index, follow, max-snippet:-1, max-image-preview:large, max-video-preview:-1\" \/>\n<link rel=\"canonical\" href=\"https:\/\/www.noticiasradioreflejos.com.ar\/2021\/el-29-de-octubre-fiesta-de-disfraces-en-la-sociedad-de-fomento\/\" \/>\n<meta property=\"og:locale\" content=\"es_ES\" \/>\n<meta property=\"og:type\" content=\"article\" \/>\n<meta property=\"og:title\" content=\"El 29 de octubre &quot;Fiesta de disfraces&quot; en la Sociedad de Fomento - Noticias Radio Reflejos\" \/>\n<meta property=\"og:description\" content=\"Aprovechando que a fin de mes es Halloween, realizaremos en Villa Ventana una fiesta para toda la familia.\" \/>\n<meta property=\"og:url\" content=\"https:\/\/www.noticiasradioreflejos.com.ar\/2021\/el-29-de-octubre-fiesta-de-disfraces-en-la-sociedad-de-fomento\/\" \/>\n<meta property=\"og:site_name\" content=\"Noticias Radio Reflejos\" \/>\n<meta property=\"article:published_time\" content=\"2016-10-25T18:07:41+00:00\" \/>\n<meta property=\"og:image\" content=\"http:\/\/farm6.staticflickr.com\/5588\/30447186922_68df5ef464_z.jpg\" \/>\n<meta name=\"author\" content=\"Arnaldo Botto\" \/>\n<meta name=\"twitter:card\" content=\"summary_large_image\" \/>\n<script type=\"application\/ld+json\" class=\"yoast-schema-graph\">{\"@context\":\"https:\/\/schema.org\",\"@graph\":[{\"@type\":\"WebPage\",\"@id\":\"https:\/\/www.noticiasradioreflejos.com.ar\/2021\/el-29-de-octubre-fiesta-de-disfraces-en-la-sociedad-de-fomento\/\",\"url\":\"https:\/\/www.noticiasradioreflejos.com.ar\/2021\/el-29-de-octubre-fiesta-de-disfraces-en-la-sociedad-de-fomento\/\",\"name\":\"El 29 de octubre &quot;Fiesta de disfraces&quot; en la Sociedad de Fomento - Noticias Radio Reflejos\",\"isPartOf\":{\"@id\":\"https:\/\/www.noticiasradioreflejos.com.ar\/2021\/#website\"},\"primaryImageOfPage\":{\"@id\":\"https:\/\/www.noticiasradioreflejos.com.ar\/2021\/el-29-de-octubre-fiesta-de-disfraces-en-la-sociedad-de-fomento\/#primaryimage\"},\"image\":{\"@id\":\"https:\/\/www.noticiasradioreflejos.com.ar\/2021\/el-29-de-octubre-fiesta-de-disfraces-en-la-sociedad-de-fomento\/#primaryimage\"},\"thumbnailUrl\":\"http:\/\/farm6.staticflickr.com\/5588\/30447186922_68df5ef464_z.jpg\",\"datePublished\":\"2016-10-25T18:07:41+00:00\",\"author\":{\"@id\":\"https:\/\/www.noticiasradioreflejos.com.ar\/2021\/#\/schema\/person\/ad82545263dcc5ec0996818884fd5fb1\"},\"breadcrumb\":{\"@id\":\"https:\/\/www.noticiasradioreflejos.com.ar\/2021\/el-29-de-octubre-fiesta-de-disfraces-en-la-sociedad-de-fomento\/#breadcrumb\"},\"inLanguage\":\"es\",\"potentialAction\":[{\"@type\":\"ReadAction\",\"target\":[\"https:\/\/www.noticiasradioreflejos.com.ar\/2021\/el-29-de-octubre-fiesta-de-disfraces-en-la-sociedad-de-fomento\/\"]}]},{\"@type\":\"ImageObject\",\"inLanguage\":\"es\",\"@id\":\"https:\/\/www.noticiasradioreflejos.com.ar\/2021\/el-29-de-octubre-fiesta-de-disfraces-en-la-sociedad-de-fomento\/#primaryimage\",\"url\":\"http:\/\/farm6.staticflickr.com\/5588\/30447186922_68df5ef464_z.jpg\",\"contentUrl\":\"http:\/\/farm6.staticflickr.com\/5588\/30447186922_68df5ef464_z.jpg\"},{\"@type\":\"BreadcrumbList\",\"@id\":\"https:\/\/www.noticiasradioreflejos.com.ar\/2021\/el-29-de-octubre-fiesta-de-disfraces-en-la-sociedad-de-fomento\/#breadcrumb\",\"itemListElement\":[{\"@type\":\"ListItem\",\"position\":1,\"name\":\"Portada\",\"item\":\"https:\/\/www.noticiasradioreflejos.com.ar\/2021\/\"},{\"@type\":\"ListItem\",\"position\":2,\"name\":\"El 29 de octubre &quot;Fiesta de disfraces&quot; en la Sociedad de Fomento\"}]},{\"@type\":\"WebSite\",\"@id\":\"https:\/\/www.noticiasradioreflejos.com.ar\/2021\/#website\",\"url\":\"https:\/\/www.noticiasradioreflejos.com.ar\/2021\/\",\"name\":\"Noticias Radio Reflejos\",\"description\":\"Las noticias de mi comarca\",\"potentialAction\":[{\"@type\":\"SearchAction\",\"target\":{\"@type\":\"EntryPoint\",\"urlTemplate\":\"https:\/\/www.noticiasradioreflejos.com.ar\/2021\/?s={search_term_string}\"},\"query-input\":{\"@type\":\"PropertyValueSpecification\",\"valueRequired\":true,\"valueName\":\"search_term_string\"}}],\"inLanguage\":\"es\"},{\"@type\":\"Person\",\"@id\":\"https:\/\/www.noticiasradioreflejos.com.ar\/2021\/#\/schema\/person\/ad82545263dcc5ec0996818884fd5fb1\",\"name\":\"Arnaldo Botto\",\"image\":{\"@type\":\"ImageObject\",\"inLanguage\":\"es\",\"@id\":\"https:\/\/www.noticiasradioreflejos.com.ar\/2021\/#\/schema\/person\/image\/\",\"url\":\"https:\/\/secure.gravatar.com\/avatar\/55cb5e37c1efa326397366e6974cb338056df65cb50e7d64d1cf314e87504837?s=96&d=mm&r=g\",\"contentUrl\":\"https:\/\/secure.gravatar.com\/avatar\/55cb5e37c1efa326397366e6974cb338056df65cb50e7d64d1cf314e87504837?s=96&d=mm&r=g\",\"caption\":\"Arnaldo Botto\"},\"url\":\"https:\/\/www.noticiasradioreflejos.com.ar\/2021\/author\/arnaldo\/\"}]}<\/script>\n<!-- \/ Yoast SEO plugin. -->","yoast_head_json":{"title":"El 29 de octubre &quot;Fiesta de disfraces&quot; en la Sociedad de Fomento - Noticias Radio Reflejos","robots":{"index":"index","follow":"follow","max-snippet":"max-snippet:-1","max-image-preview":"max-image-preview:large","max-video-preview":"max-video-preview:-1"},"canonical":"https:\/\/www.noticiasradioreflejos.com.ar\/2021\/el-29-de-octubre-fiesta-de-disfraces-en-la-sociedad-de-fomento\/","og_locale":"es_ES","og_type":"article","og_title":"El 29 de octubre &quot;Fiesta de disfraces&quot; en la Sociedad de Fomento - Noticias Radio Reflejos","og_description":"Aprovechando que a fin de mes es Halloween, realizaremos en Villa Ventana una fiesta para toda la familia.","og_url":"https:\/\/www.noticiasradioreflejos.com.ar\/2021\/el-29-de-octubre-fiesta-de-disfraces-en-la-sociedad-de-fomento\/","og_site_name":"Noticias Radio Reflejos","article_published_time":"2016-10-25T18:07:41+00:00","og_image":[{"url":"http:\/\/farm6.staticflickr.com\/5588\/30447186922_68df5ef464_z.jpg","type":"","width":"","height":""}],"author":"Arnaldo Botto","twitter_card":"summary_large_image","schema":{"@context":"https:\/\/schema.org","@graph":[{"@type":"WebPage","@id":"https:\/\/www.noticiasradioreflejos.com.ar\/2021\/el-29-de-octubre-fiesta-de-disfraces-en-la-sociedad-de-fomento\/","url":"https:\/\/www.noticiasradioreflejos.com.ar\/2021\/el-29-de-octubre-fiesta-de-disfraces-en-la-sociedad-de-fomento\/","name":"El 29 de octubre &quot;Fiesta de disfraces&quot; en la Sociedad de Fomento - Noticias Radio Reflejos","isPartOf":{"@id":"https:\/\/www.noticiasradioreflejos.com.ar\/2021\/#website"},"primaryImageOfPage":{"@id":"https:\/\/www.noticiasradioreflejos.com.ar\/2021\/el-29-de-octubre-fiesta-de-disfraces-en-la-sociedad-de-fomento\/#primaryimage"},"image":{"@id":"https:\/\/www.noticiasradioreflejos.com.ar\/2021\/el-29-de-octubre-fiesta-de-disfraces-en-la-sociedad-de-fomento\/#primaryimage"},"thumbnailUrl":"http:\/\/farm6.staticflickr.com\/5588\/30447186922_68df5ef464_z.jpg","datePublished":"2016-10-25T18:07:41+00:00","author":{"@id":"https:\/\/www.noticiasradioreflejos.com.ar\/2021\/#\/schema\/person\/ad82545263dcc5ec0996818884fd5fb1"},"breadcrumb":{"@id":"https:\/\/www.noticiasradioreflejos.com.ar\/2021\/el-29-de-octubre-fiesta-de-disfraces-en-la-sociedad-de-fomento\/#breadcrumb"},"inLanguage":"es","potentialAction":[{"@type":"ReadAction","target":["https:\/\/www.noticiasradioreflejos.com.ar\/2021\/el-29-de-octubre-fiesta-de-disfraces-en-la-sociedad-de-fomento\/"]}]},{"@type":"ImageObject","inLanguage":"es","@id":"https:\/\/www.noticiasradioreflejos.com.ar\/2021\/el-29-de-octubre-fiesta-de-disfraces-en-la-sociedad-de-fomento\/#primaryimage","url":"http:\/\/farm6.staticflickr.com\/5588\/30447186922_68df5ef464_z.jpg","contentUrl":"http:\/\/farm6.staticflickr.com\/5588\/30447186922_68df5ef464_z.jpg"},{"@type":"BreadcrumbList","@id":"https:\/\/www.noticiasradioreflejos.com.ar\/2021\/el-29-de-octubre-fiesta-de-disfraces-en-la-sociedad-de-fomento\/#breadcrumb","itemListElement":[{"@type":"ListItem","position":1,"name":"Portada","item":"https:\/\/www.noticiasradioreflejos.com.ar\/2021\/"},{"@type":"ListItem","position":2,"name":"El 29 de octubre &quot;Fiesta de disfraces&quot; en la Sociedad de Fomento"}]},{"@type":"WebSite","@id":"https:\/\/www.noticiasradioreflejos.com.ar\/2021\/#website","url":"https:\/\/www.noticiasradioreflejos.com.ar\/2021\/","name":"Noticias Radio Reflejos","description":"Las noticias de mi comarca","potentialAction":[{"@type":"SearchAction","target":{"@type":"EntryPoint","urlTemplate":"https:\/\/www.noticiasradioreflejos.com.ar\/2021\/?s={search_term_string}"},"query-input":{"@type":"PropertyValueSpecification","valueRequired":true,"valueName":"search_term_string"}}],"inLanguage":"es"},{"@type":"Person","@id":"https:\/\/www.noticiasradioreflejos.com.ar\/2021\/#\/schema\/person\/ad82545263dcc5ec0996818884fd5fb1","name":"Arnaldo Botto","image":{"@type":"ImageObject","inLanguage":"es","@id":"https:\/\/www.noticiasradioreflejos.com.ar\/2021\/#\/schema\/person\/image\/","url":"https:\/\/secure.gravatar.com\/avatar\/55cb5e37c1efa326397366e6974cb338056df65cb50e7d64d1cf314e87504837?s=96&d=mm&r=g","contentUrl":"https:\/\/secure.gravatar.com\/avatar\/55cb5e37c1efa326397366e6974cb338056df65cb50e7d64d1cf314e87504837?s=96&d=mm&r=g","caption":"Arnaldo Botto"},"url":"https:\/\/www.noticiasradioreflejos.com.ar\/2021\/author\/arnaldo\/"}]}},"_links":{"self":[{"href":"https:\/\/www.noticiasradioreflejos.com.ar\/2021\/wp-json\/wp\/v2\/posts\/2772","targetHints":{"allow":["GET"]}}],"collection":[{"href":"https:\/\/www.noticiasradioreflejos.com.ar\/2021\/wp-json\/wp\/v2\/posts"}],"about":[{"href":"https:\/\/www.noticiasradioreflejos.com.ar\/2021\/wp-json\/wp\/v2\/types\/post"}],"author":[{"embeddable":true,"href":"https:\/\/www.noticiasradioreflejos.com.ar\/2021\/wp-json\/wp\/v2\/users\/3"}],"replies":[{"embeddable":true,"href":"https:\/\/www.noticiasradioreflejos.com.ar\/2021\/wp-json\/wp\/v2\/comments?post=2772"}],"version-history":[{"count":0,"href":"https:\/\/www.noticiasradioreflejos.com.ar\/2021\/wp-json\/wp\/v2\/posts\/2772\/revisions"}],"wp:attachment":[{"href":"https:\/\/www.noticiasradioreflejos.com.ar\/2021\/wp-json\/wp\/v2\/media?parent=2772"}],"wp:term":[{"taxonomy":"category","embeddable":true,"href":"https:\/\/www.noticiasradioreflejos.com.ar\/2021\/wp-json\/wp\/v2\/categories?post=2772"},{"taxonomy":"post_tag","embeddable":true,"href":"https:\/\/www.noticiasradioreflejos.com.ar\/2021\/wp-json\/wp\/v2\/tags?post=2772"}],"curies":[{"name":"wp","href":"https:\/\/api.w.org\/{rel}","templated":true}]}}