{"id":277,"date":"2016-08-31T13:12:43","date_gmt":"2016-08-31T13:12:43","guid":{"rendered":"http:\/\/noticiasradioreflejos.com.ar\/noticias\/?p=277"},"modified":"2016-08-31T13:12:43","modified_gmt":"2016-08-31T13:12:43","slug":"a-favor-de-la-paridad-de-genero","status":"publish","type":"post","link":"https:\/\/www.noticiasradioreflejos.com.ar\/2021\/a-favor-de-la-paridad-de-genero\/","title":{"rendered":"A favor de la paridad de g\u00e9nero"},"content":{"rendered":"<div id=\"yui_3_16_0_ym19_1_1472643220798_6122\" class=\"body undoreset\" tabindex=\"0\">\n<div id=\"yui_3_16_0_ym19_1_1472643220798_6121\" class=\"email-wrapped\">\n<div id=\"yiv9914210318\">\n<div id=\"yui_3_16_0_ym19_1_1472643220798_6120\" dir=\"ltr\">\n<div id=\"yiv9914210318divtagdefaultwrapper\">\n<p id=\"yui_3_16_0_ym19_1_1472643220798_6260\" class=\"yiv9914210318MsoNormal\"><a title=\"paridad\" href=\"http:\/\/farm9.staticflickr.com\/8278\/29252779202_043b6e9f5c_c.jpg\" rel=\"\"><img loading=\"lazy\" decoding=\"async\" class=\"alignleft\" title=\"paridad\" src=\"http:\/\/farm9.staticflickr.com\/8278\/29252779202_043b6e9f5c_c.jpg\" alt=\"paridad\" width=\"344\" height=\"481\" \/><\/a>Las abajo firmantes\u00a0avalamos\u00a0el\u00a0proyecto de Ley de Paridad Electoral cuya copia fue presentada hoy en el Concejo Deliberante de Tornquist para su tratamiento y aprobaci\u00f3n.<\/p>\n<p class=\"yiv9914210318MsoNormal\">Hemos remitido al Presidente del Concejo Deliberante una carta solicitando que se trate el Proyecto de Ley de Paridad Electoral presentado en la Legislatura de la Provincia de Buenos Aires.<\/p>\n<\/div>\n<\/div>\n<\/div>\n<\/div>\n<\/div>\n<p class=\"yiv9914210318MsoNormal\"><!--more--><\/p>\n<div id=\"yui_3_16_0_ym19_1_1472643220798_6122\" class=\"body undoreset\" tabindex=\"0\">\n<div id=\"yui_3_16_0_ym19_1_1472643220798_6121\" class=\"email-wrapped\">\n<div id=\"yiv9914210318\">\n<div id=\"yui_3_16_0_ym19_1_1472643220798_6120\" dir=\"ltr\">\n<div id=\"yiv9914210318divtagdefaultwrapper\">\n<p id=\"yui_3_16_0_ym19_1_1472643220798_6119\" class=\"yiv9914210318MsoNormal\">Dicho proyecto trata de conseguir la igualdad entre hombres y mujeres dentro de los espacios pol\u00edticos ya que, si realmente queremos igualdad de g\u00e9neros en todos los \u00e1mbitos sociales, debemos comenzar por equiparar la representaci\u00f3n de la mujer en todos los Poderes del Estado.<\/p>\n<p id=\"yui_3_16_0_ym19_1_1472643220798_6254\" class=\"yiv9914210318MsoNormal\">Por ese motivo y desde el espacio de trabajo diario, decidimos aportar nuestro aval a la igualdad de oportunidades.<\/p>\n<p id=\"yui_3_16_0_ym19_1_1472643220798_6123\" class=\"yiv9914210318MsoNormal\">Celebramos esta iniciativa e invitamos a multiplicar el apoyo al mencionado proyecto de Ley. Muchas Gracias.<\/p>\n<p id=\"yui_3_16_0_ym19_1_1472643220798_6266\" class=\"yiv9914210318MsoNormal\"><span id=\"yui_3_16_0_ym19_1_1472643220798_6267\">Mar\u00eda Cristina Maldonado,\u00a0Marcela Gonz\u00e1lez, Patricia Toranzo, Luc\u00eda Alc\u00e1ntara,\u00a0Marcela Sambucceti, Lucrecia Turbini,\u00a0Ana Bedouret,\u00a0Carla Pollio,\u00a0<\/span>Teresa Esquivel,\u00a0<span id=\"yui_3_16_0_ym19_1_1472643220798_6273\">Virginia Urquiza,\u00a0Mar\u00eda Sep\u00falveda, Norma Palma,\u00a0<span id=\"yui_3_16_0_ym19_1_1472643220798_6272\">Lidia Steinbach,\u00a0<span id=\"yui_3_16_0_ym19_1_1472643220798_6271\">Sonia Sartore,\u00a0<span id=\"yui_3_16_0_ym19_1_1472643220798_6270\">Norma Teresa Peloso,\u00a0<span id=\"yui_3_16_0_ym19_1_1472643220798_6269\">Yesica Codutti,\u00a0<span id=\"yui_3_16_0_ym19_1_1472643220798_6268\">Celeste Mini,\u00a0Viviana Degreef, Roc\u00edo\u00a0Dana Gonz\u00e1lez,\u00a0<\/span><\/span><\/span><\/span><\/span><\/span><span id=\"yui_3_16_0_ym19_1_1472643220798_6125\">Natalia Reyes,\u00a0<span id=\"yui_3_16_0_ym19_1_1472643220798_6124\">Zulma Savisky,\u00a0Manuela Dana Gonz\u00e1lez, Marisa Davis, Marina Mart\u00ednez, C<\/span><\/span>ristina Zanatta, Mar\u00eda\u00a0Victoria Hammerchmitd,\u00a0Mireylle Constantino. Siguen las firmas&#8230;<\/p>\n<p class=\"yiv9914210318MsoNormal\"><a title=\"IMG-20160831-WA0000\" href=\"http:\/\/farm9.staticflickr.com\/8078\/29327194276_0a6cb72d1e_c.jpg\" rel=\"\"><img loading=\"lazy\" decoding=\"async\" title=\"IMG-20160831-WA0000\" src=\"http:\/\/farm9.staticflickr.com\/8078\/29327194276_0a6cb72d1e_c.jpg\" alt=\"IMG-20160831-WA0000\" width=\"449\" height=\"800\" \/><\/a><\/p>\n<p id=\"yui_3_16_0_ym19_1_1472643220798_6275\" class=\"yiv9914210318MsoNormal\">CONTACTO<\/p>\n<p id=\"yui_3_16_0_ym19_1_1472643220798_6276\" class=\"yiv9914210318MsoNormal\">DRA. MARCELA GONZ\u00c1LEZ (15-4296802)<\/p>\n<p id=\"yui_3_16_0_ym19_1_1472643220798_6277\" class=\"yiv9914210318MsoNormal\">LIC. CRISTINA MALDONADO (15-4709063)<\/p>\n<\/div>\n<\/div>\n<\/div>\n<\/div>\n<\/div>\n<p><!--more--><br \/>\n<!--more--><br \/>\n<!--more--><br \/>\n<!--more--><br \/>\n<!--more--><br \/>\n<!--more--><\/p>\n","protected":false},"excerpt":{"rendered":"<p>Las abajo firmantes\u00a0avalamos\u00a0el\u00a0proyecto de Ley de Paridad Electoral cuya copia fue presentada hoy en el Concejo Deliberante de Tornquist para su tratamiento y aprobaci\u00f3n. Hemos remitido al Presidente del Concejo Deliberante una carta solicitando que se trate el Proyecto de Ley de Paridad Electoral presentado en la Legislatura de la Provincia de Buenos Aires.<\/p>\n","protected":false},"author":3,"featured_media":0,"comment_status":"closed","ping_status":"open","sticky":false,"template":"","format":"standard","meta":{"footnotes":""},"categories":[24],"tags":[],"class_list":["post-277","post","type-post","status-publish","format-standard","hentry","category-politica"],"yoast_head":"<!-- This site is optimized with the Yoast SEO plugin v25.9 - https:\/\/yoast.com\/wordpress\/plugins\/seo\/ -->\n<title>A favor de la paridad de g\u00e9nero - Noticias Radio Reflejos<\/title>\n<meta name=\"robots\" content=\"index, follow, max-snippet:-1, max-image-preview:large, max-video-preview:-1\" \/>\n<link rel=\"canonical\" href=\"https:\/\/www.noticiasradioreflejos.com.ar\/2021\/a-favor-de-la-paridad-de-genero\/\" \/>\n<meta property=\"og:locale\" content=\"es_ES\" \/>\n<meta property=\"og:type\" content=\"article\" \/>\n<meta property=\"og:title\" content=\"A favor de la paridad de g\u00e9nero - Noticias Radio Reflejos\" \/>\n<meta property=\"og:description\" content=\"Las abajo firmantes\u00a0avalamos\u00a0el\u00a0proyecto de Ley de Paridad Electoral cuya copia fue presentada hoy en el Concejo Deliberante de Tornquist para su tratamiento y aprobaci\u00f3n. Hemos remitido al Presidente del Concejo Deliberante una carta solicitando que se trate el Proyecto de Ley de Paridad Electoral presentado en la Legislatura de la Provincia de Buenos Aires.\" \/>\n<meta property=\"og:url\" content=\"https:\/\/www.noticiasradioreflejos.com.ar\/2021\/a-favor-de-la-paridad-de-genero\/\" \/>\n<meta property=\"og:site_name\" content=\"Noticias Radio Reflejos\" \/>\n<meta property=\"article:published_time\" content=\"2016-08-31T13:12:43+00:00\" \/>\n<meta property=\"og:image\" content=\"http:\/\/farm9.staticflickr.com\/8278\/29252779202_043b6e9f5c_c.jpg\" \/>\n<meta name=\"author\" content=\"Arnaldo Botto\" \/>\n<meta name=\"twitter:card\" content=\"summary_large_image\" \/>\n<script type=\"application\/ld+json\" class=\"yoast-schema-graph\">{\"@context\":\"https:\/\/schema.org\",\"@graph\":[{\"@type\":\"WebPage\",\"@id\":\"https:\/\/www.noticiasradioreflejos.com.ar\/2021\/a-favor-de-la-paridad-de-genero\/\",\"url\":\"https:\/\/www.noticiasradioreflejos.com.ar\/2021\/a-favor-de-la-paridad-de-genero\/\",\"name\":\"A favor de la paridad de g\u00e9nero - Noticias Radio Reflejos\",\"isPartOf\":{\"@id\":\"https:\/\/www.noticiasradioreflejos.com.ar\/2021\/#website\"},\"primaryImageOfPage\":{\"@id\":\"https:\/\/www.noticiasradioreflejos.com.ar\/2021\/a-favor-de-la-paridad-de-genero\/#primaryimage\"},\"image\":{\"@id\":\"https:\/\/www.noticiasradioreflejos.com.ar\/2021\/a-favor-de-la-paridad-de-genero\/#primaryimage\"},\"thumbnailUrl\":\"http:\/\/farm9.staticflickr.com\/8278\/29252779202_043b6e9f5c_c.jpg\",\"datePublished\":\"2016-08-31T13:12:43+00:00\",\"author\":{\"@id\":\"https:\/\/www.noticiasradioreflejos.com.ar\/2021\/#\/schema\/person\/ad82545263dcc5ec0996818884fd5fb1\"},\"breadcrumb\":{\"@id\":\"https:\/\/www.noticiasradioreflejos.com.ar\/2021\/a-favor-de-la-paridad-de-genero\/#breadcrumb\"},\"inLanguage\":\"es\",\"potentialAction\":[{\"@type\":\"ReadAction\",\"target\":[\"https:\/\/www.noticiasradioreflejos.com.ar\/2021\/a-favor-de-la-paridad-de-genero\/\"]}]},{\"@type\":\"ImageObject\",\"inLanguage\":\"es\",\"@id\":\"https:\/\/www.noticiasradioreflejos.com.ar\/2021\/a-favor-de-la-paridad-de-genero\/#primaryimage\",\"url\":\"http:\/\/farm9.staticflickr.com\/8278\/29252779202_043b6e9f5c_c.jpg\",\"contentUrl\":\"http:\/\/farm9.staticflickr.com\/8278\/29252779202_043b6e9f5c_c.jpg\"},{\"@type\":\"BreadcrumbList\",\"@id\":\"https:\/\/www.noticiasradioreflejos.com.ar\/2021\/a-favor-de-la-paridad-de-genero\/#breadcrumb\",\"itemListElement\":[{\"@type\":\"ListItem\",\"position\":1,\"name\":\"Portada\",\"item\":\"https:\/\/www.noticiasradioreflejos.com.ar\/2021\/\"},{\"@type\":\"ListItem\",\"position\":2,\"name\":\"A favor de la paridad de g\u00e9nero\"}]},{\"@type\":\"WebSite\",\"@id\":\"https:\/\/www.noticiasradioreflejos.com.ar\/2021\/#website\",\"url\":\"https:\/\/www.noticiasradioreflejos.com.ar\/2021\/\",\"name\":\"Noticias Radio Reflejos\",\"description\":\"Las noticias de mi comarca\",\"potentialAction\":[{\"@type\":\"SearchAction\",\"target\":{\"@type\":\"EntryPoint\",\"urlTemplate\":\"https:\/\/www.noticiasradioreflejos.com.ar\/2021\/?s={search_term_string}\"},\"query-input\":{\"@type\":\"PropertyValueSpecification\",\"valueRequired\":true,\"valueName\":\"search_term_string\"}}],\"inLanguage\":\"es\"},{\"@type\":\"Person\",\"@id\":\"https:\/\/www.noticiasradioreflejos.com.ar\/2021\/#\/schema\/person\/ad82545263dcc5ec0996818884fd5fb1\",\"name\":\"Arnaldo Botto\",\"image\":{\"@type\":\"ImageObject\",\"inLanguage\":\"es\",\"@id\":\"https:\/\/www.noticiasradioreflejos.com.ar\/2021\/#\/schema\/person\/image\/\",\"url\":\"https:\/\/secure.gravatar.com\/avatar\/55cb5e37c1efa326397366e6974cb338056df65cb50e7d64d1cf314e87504837?s=96&d=mm&r=g\",\"contentUrl\":\"https:\/\/secure.gravatar.com\/avatar\/55cb5e37c1efa326397366e6974cb338056df65cb50e7d64d1cf314e87504837?s=96&d=mm&r=g\",\"caption\":\"Arnaldo Botto\"},\"url\":\"https:\/\/www.noticiasradioreflejos.com.ar\/2021\/author\/arnaldo\/\"}]}<\/script>\n<!-- \/ Yoast SEO plugin. -->","yoast_head_json":{"title":"A favor de la paridad de g\u00e9nero - Noticias Radio Reflejos","robots":{"index":"index","follow":"follow","max-snippet":"max-snippet:-1","max-image-preview":"max-image-preview:large","max-video-preview":"max-video-preview:-1"},"canonical":"https:\/\/www.noticiasradioreflejos.com.ar\/2021\/a-favor-de-la-paridad-de-genero\/","og_locale":"es_ES","og_type":"article","og_title":"A favor de la paridad de g\u00e9nero - Noticias Radio Reflejos","og_description":"Las abajo firmantes\u00a0avalamos\u00a0el\u00a0proyecto de Ley de Paridad Electoral cuya copia fue presentada hoy en el Concejo Deliberante de Tornquist para su tratamiento y aprobaci\u00f3n. Hemos remitido al Presidente del Concejo Deliberante una carta solicitando que se trate el Proyecto de Ley de Paridad Electoral presentado en la Legislatura de la Provincia de Buenos Aires.","og_url":"https:\/\/www.noticiasradioreflejos.com.ar\/2021\/a-favor-de-la-paridad-de-genero\/","og_site_name":"Noticias Radio Reflejos","article_published_time":"2016-08-31T13:12:43+00:00","og_image":[{"url":"http:\/\/farm9.staticflickr.com\/8278\/29252779202_043b6e9f5c_c.jpg","type":"","width":"","height":""}],"author":"Arnaldo Botto","twitter_card":"summary_large_image","schema":{"@context":"https:\/\/schema.org","@graph":[{"@type":"WebPage","@id":"https:\/\/www.noticiasradioreflejos.com.ar\/2021\/a-favor-de-la-paridad-de-genero\/","url":"https:\/\/www.noticiasradioreflejos.com.ar\/2021\/a-favor-de-la-paridad-de-genero\/","name":"A favor de la paridad de g\u00e9nero - Noticias Radio Reflejos","isPartOf":{"@id":"https:\/\/www.noticiasradioreflejos.com.ar\/2021\/#website"},"primaryImageOfPage":{"@id":"https:\/\/www.noticiasradioreflejos.com.ar\/2021\/a-favor-de-la-paridad-de-genero\/#primaryimage"},"image":{"@id":"https:\/\/www.noticiasradioreflejos.com.ar\/2021\/a-favor-de-la-paridad-de-genero\/#primaryimage"},"thumbnailUrl":"http:\/\/farm9.staticflickr.com\/8278\/29252779202_043b6e9f5c_c.jpg","datePublished":"2016-08-31T13:12:43+00:00","author":{"@id":"https:\/\/www.noticiasradioreflejos.com.ar\/2021\/#\/schema\/person\/ad82545263dcc5ec0996818884fd5fb1"},"breadcrumb":{"@id":"https:\/\/www.noticiasradioreflejos.com.ar\/2021\/a-favor-de-la-paridad-de-genero\/#breadcrumb"},"inLanguage":"es","potentialAction":[{"@type":"ReadAction","target":["https:\/\/www.noticiasradioreflejos.com.ar\/2021\/a-favor-de-la-paridad-de-genero\/"]}]},{"@type":"ImageObject","inLanguage":"es","@id":"https:\/\/www.noticiasradioreflejos.com.ar\/2021\/a-favor-de-la-paridad-de-genero\/#primaryimage","url":"http:\/\/farm9.staticflickr.com\/8278\/29252779202_043b6e9f5c_c.jpg","contentUrl":"http:\/\/farm9.staticflickr.com\/8278\/29252779202_043b6e9f5c_c.jpg"},{"@type":"BreadcrumbList","@id":"https:\/\/www.noticiasradioreflejos.com.ar\/2021\/a-favor-de-la-paridad-de-genero\/#breadcrumb","itemListElement":[{"@type":"ListItem","position":1,"name":"Portada","item":"https:\/\/www.noticiasradioreflejos.com.ar\/2021\/"},{"@type":"ListItem","position":2,"name":"A favor de la paridad de g\u00e9nero"}]},{"@type":"WebSite","@id":"https:\/\/www.noticiasradioreflejos.com.ar\/2021\/#website","url":"https:\/\/www.noticiasradioreflejos.com.ar\/2021\/","name":"Noticias Radio Reflejos","description":"Las noticias de mi comarca","potentialAction":[{"@type":"SearchAction","target":{"@type":"EntryPoint","urlTemplate":"https:\/\/www.noticiasradioreflejos.com.ar\/2021\/?s={search_term_string}"},"query-input":{"@type":"PropertyValueSpecification","valueRequired":true,"valueName":"search_term_string"}}],"inLanguage":"es"},{"@type":"Person","@id":"https:\/\/www.noticiasradioreflejos.com.ar\/2021\/#\/schema\/person\/ad82545263dcc5ec0996818884fd5fb1","name":"Arnaldo Botto","image":{"@type":"ImageObject","inLanguage":"es","@id":"https:\/\/www.noticiasradioreflejos.com.ar\/2021\/#\/schema\/person\/image\/","url":"https:\/\/secure.gravatar.com\/avatar\/55cb5e37c1efa326397366e6974cb338056df65cb50e7d64d1cf314e87504837?s=96&d=mm&r=g","contentUrl":"https:\/\/secure.gravatar.com\/avatar\/55cb5e37c1efa326397366e6974cb338056df65cb50e7d64d1cf314e87504837?s=96&d=mm&r=g","caption":"Arnaldo Botto"},"url":"https:\/\/www.noticiasradioreflejos.com.ar\/2021\/author\/arnaldo\/"}]}},"_links":{"self":[{"href":"https:\/\/www.noticiasradioreflejos.com.ar\/2021\/wp-json\/wp\/v2\/posts\/277","targetHints":{"allow":["GET"]}}],"collection":[{"href":"https:\/\/www.noticiasradioreflejos.com.ar\/2021\/wp-json\/wp\/v2\/posts"}],"about":[{"href":"https:\/\/www.noticiasradioreflejos.com.ar\/2021\/wp-json\/wp\/v2\/types\/post"}],"author":[{"embeddable":true,"href":"https:\/\/www.noticiasradioreflejos.com.ar\/2021\/wp-json\/wp\/v2\/users\/3"}],"replies":[{"embeddable":true,"href":"https:\/\/www.noticiasradioreflejos.com.ar\/2021\/wp-json\/wp\/v2\/comments?post=277"}],"version-history":[{"count":0,"href":"https:\/\/www.noticiasradioreflejos.com.ar\/2021\/wp-json\/wp\/v2\/posts\/277\/revisions"}],"wp:attachment":[{"href":"https:\/\/www.noticiasradioreflejos.com.ar\/2021\/wp-json\/wp\/v2\/media?parent=277"}],"wp:term":[{"taxonomy":"category","embeddable":true,"href":"https:\/\/www.noticiasradioreflejos.com.ar\/2021\/wp-json\/wp\/v2\/categories?post=277"},{"taxonomy":"post_tag","embeddable":true,"href":"https:\/\/www.noticiasradioreflejos.com.ar\/2021\/wp-json\/wp\/v2\/tags?post=277"}],"curies":[{"name":"wp","href":"https:\/\/api.w.org\/{rel}","templated":true}]}}