{"id":275,"date":"2016-08-31T12:10:18","date_gmt":"2016-08-31T12:10:18","guid":{"rendered":"http:\/\/noticiasradioreflejos.com.ar\/noticias\/?p=275"},"modified":"2016-08-31T12:10:18","modified_gmt":"2016-08-31T12:10:18","slug":"dia-y-horario-del-dictado-del-curso-de-gerenciamiento-basico-para-emprendedores","status":"publish","type":"post","link":"https:\/\/www.noticiasradioreflejos.com.ar\/2021\/dia-y-horario-del-dictado-del-curso-de-gerenciamiento-basico-para-emprendedores\/","title":{"rendered":"D\u00eda y horario del dictado del curso de Gerenciamiento B\u00e1sico para Emprendedores"},"content":{"rendered":"<p><a title=\"Nueva imagen\" href=\"http:\/\/farm9.staticflickr.com\/8488\/29072286450_7781f17e49_z.jpg\" rel=\"\"><img loading=\"lazy\" decoding=\"async\" class=\"alignleft\" title=\"Nueva imagen\" src=\"http:\/\/farm9.staticflickr.com\/8488\/29072286450_7781f17e49_z.jpg\" alt=\"Nueva imagen\" width=\"640\" height=\"117\" \/><\/a>La EESA N\u00ba 1 y la Ing. Agr. Vivian Diana Ballistreri invitan a la Comunidad, a participar del CURSO de GERENCIAMIENTO B\u00c1SICO PARA EMPRENDEDORES, en el marco de Educaci\u00f3n No Formal, a realizarse en las instalaciones del Predio Rural de la Escuela de Educaci\u00f3n Secundaria Agraria N\u00ba 1 aleda\u00f1o a Villa Ventana. Las inscripciones se efectuar\u00e1n en la Sede Central de la Instituci\u00f3n tel.(0291) 4940522 y en la Oficina de Informes de Villa Ventana.<br \/>\nEl curso tratar\u00e1 entre otros los siguientes contenidos:<!--more--><br \/>\n\uf0b7 Perfil Emprendedor<br \/>\n\uf0b7 Planificaci\u00f3n<br \/>\n\uf0b7 Presupuesto<br \/>\n\uf0b7 An\u00e1lisis de Inversiones<br \/>\n\uf0b7 Cr\u00e9ditos<br \/>\nSe dictar\u00e1 a partir del martes 13 de Septiembre, los D\u00edas MI\u00c9RCOLES 14\/09\/2016 a partir de las 18:00 HS. teniendo una duraci\u00f3n de 40 m\u00f3dulos\/horas.<br \/>\nSe extender\u00e1n certificados correspondientes a los participantes.<br \/>\nCordiales saludos.<br \/>\n<b>EESA N\u00ba 1 &#8211; Tornquist<\/b><\/p>\n","protected":false},"excerpt":{"rendered":"<p>La EESA N\u00ba 1 y la Ing. Agr. Vivian Diana Ballistreri invitan a la Comunidad, a participar del CURSO de GERENCIAMIENTO B\u00c1SICO PARA EMPRENDEDORES, en el marco de Educaci\u00f3n No Formal, a realizarse en las instalaciones del Predio Rural de la Escuela de Educaci\u00f3n Secundaria Agraria N\u00ba 1 aleda\u00f1o a Villa Ventana. Las inscripciones se [&hellip;]<\/p>\n","protected":false},"author":3,"featured_media":0,"comment_status":"closed","ping_status":"open","sticky":false,"template":"","format":"standard","meta":{"footnotes":""},"categories":[34],"tags":[],"class_list":["post-275","post","type-post","status-publish","format-standard","hentry","category-educacion"],"yoast_head":"<!-- This site is optimized with the Yoast SEO plugin v25.9 - https:\/\/yoast.com\/wordpress\/plugins\/seo\/ -->\n<title>D\u00eda y horario del dictado del curso de Gerenciamiento B\u00e1sico para Emprendedores - Noticias Radio Reflejos<\/title>\n<meta name=\"robots\" content=\"index, follow, max-snippet:-1, max-image-preview:large, max-video-preview:-1\" \/>\n<link rel=\"canonical\" href=\"https:\/\/www.noticiasradioreflejos.com.ar\/2021\/dia-y-horario-del-dictado-del-curso-de-gerenciamiento-basico-para-emprendedores\/\" \/>\n<meta property=\"og:locale\" content=\"es_ES\" \/>\n<meta property=\"og:type\" content=\"article\" \/>\n<meta property=\"og:title\" content=\"D\u00eda y horario del dictado del curso de Gerenciamiento B\u00e1sico para Emprendedores - Noticias Radio Reflejos\" \/>\n<meta property=\"og:description\" content=\"La EESA N\u00ba 1 y la Ing. Agr. Vivian Diana Ballistreri invitan a la Comunidad, a participar del CURSO de GERENCIAMIENTO B\u00c1SICO PARA EMPRENDEDORES, en el marco de Educaci\u00f3n No Formal, a realizarse en las instalaciones del Predio Rural de la Escuela de Educaci\u00f3n Secundaria Agraria N\u00ba 1 aleda\u00f1o a Villa Ventana. Las inscripciones se [&hellip;]\" \/>\n<meta property=\"og:url\" content=\"https:\/\/www.noticiasradioreflejos.com.ar\/2021\/dia-y-horario-del-dictado-del-curso-de-gerenciamiento-basico-para-emprendedores\/\" \/>\n<meta property=\"og:site_name\" content=\"Noticias Radio Reflejos\" \/>\n<meta property=\"article:published_time\" content=\"2016-08-31T12:10:18+00:00\" \/>\n<meta property=\"og:image\" content=\"http:\/\/farm9.staticflickr.com\/8488\/29072286450_7781f17e49_z.jpg\" \/>\n<meta name=\"author\" content=\"Arnaldo Botto\" \/>\n<meta name=\"twitter:card\" content=\"summary_large_image\" \/>\n<script type=\"application\/ld+json\" class=\"yoast-schema-graph\">{\"@context\":\"https:\/\/schema.org\",\"@graph\":[{\"@type\":\"WebPage\",\"@id\":\"https:\/\/www.noticiasradioreflejos.com.ar\/2021\/dia-y-horario-del-dictado-del-curso-de-gerenciamiento-basico-para-emprendedores\/\",\"url\":\"https:\/\/www.noticiasradioreflejos.com.ar\/2021\/dia-y-horario-del-dictado-del-curso-de-gerenciamiento-basico-para-emprendedores\/\",\"name\":\"D\u00eda y horario del dictado del curso de Gerenciamiento B\u00e1sico para Emprendedores - Noticias Radio Reflejos\",\"isPartOf\":{\"@id\":\"https:\/\/www.noticiasradioreflejos.com.ar\/2021\/#website\"},\"primaryImageOfPage\":{\"@id\":\"https:\/\/www.noticiasradioreflejos.com.ar\/2021\/dia-y-horario-del-dictado-del-curso-de-gerenciamiento-basico-para-emprendedores\/#primaryimage\"},\"image\":{\"@id\":\"https:\/\/www.noticiasradioreflejos.com.ar\/2021\/dia-y-horario-del-dictado-del-curso-de-gerenciamiento-basico-para-emprendedores\/#primaryimage\"},\"thumbnailUrl\":\"http:\/\/farm9.staticflickr.com\/8488\/29072286450_7781f17e49_z.jpg\",\"datePublished\":\"2016-08-31T12:10:18+00:00\",\"author\":{\"@id\":\"https:\/\/www.noticiasradioreflejos.com.ar\/2021\/#\/schema\/person\/ad82545263dcc5ec0996818884fd5fb1\"},\"breadcrumb\":{\"@id\":\"https:\/\/www.noticiasradioreflejos.com.ar\/2021\/dia-y-horario-del-dictado-del-curso-de-gerenciamiento-basico-para-emprendedores\/#breadcrumb\"},\"inLanguage\":\"es\",\"potentialAction\":[{\"@type\":\"ReadAction\",\"target\":[\"https:\/\/www.noticiasradioreflejos.com.ar\/2021\/dia-y-horario-del-dictado-del-curso-de-gerenciamiento-basico-para-emprendedores\/\"]}]},{\"@type\":\"ImageObject\",\"inLanguage\":\"es\",\"@id\":\"https:\/\/www.noticiasradioreflejos.com.ar\/2021\/dia-y-horario-del-dictado-del-curso-de-gerenciamiento-basico-para-emprendedores\/#primaryimage\",\"url\":\"http:\/\/farm9.staticflickr.com\/8488\/29072286450_7781f17e49_z.jpg\",\"contentUrl\":\"http:\/\/farm9.staticflickr.com\/8488\/29072286450_7781f17e49_z.jpg\"},{\"@type\":\"BreadcrumbList\",\"@id\":\"https:\/\/www.noticiasradioreflejos.com.ar\/2021\/dia-y-horario-del-dictado-del-curso-de-gerenciamiento-basico-para-emprendedores\/#breadcrumb\",\"itemListElement\":[{\"@type\":\"ListItem\",\"position\":1,\"name\":\"Portada\",\"item\":\"https:\/\/www.noticiasradioreflejos.com.ar\/2021\/\"},{\"@type\":\"ListItem\",\"position\":2,\"name\":\"D\u00eda y horario del dictado del curso de Gerenciamiento B\u00e1sico para Emprendedores\"}]},{\"@type\":\"WebSite\",\"@id\":\"https:\/\/www.noticiasradioreflejos.com.ar\/2021\/#website\",\"url\":\"https:\/\/www.noticiasradioreflejos.com.ar\/2021\/\",\"name\":\"Noticias Radio Reflejos\",\"description\":\"Las noticias de mi comarca\",\"potentialAction\":[{\"@type\":\"SearchAction\",\"target\":{\"@type\":\"EntryPoint\",\"urlTemplate\":\"https:\/\/www.noticiasradioreflejos.com.ar\/2021\/?s={search_term_string}\"},\"query-input\":{\"@type\":\"PropertyValueSpecification\",\"valueRequired\":true,\"valueName\":\"search_term_string\"}}],\"inLanguage\":\"es\"},{\"@type\":\"Person\",\"@id\":\"https:\/\/www.noticiasradioreflejos.com.ar\/2021\/#\/schema\/person\/ad82545263dcc5ec0996818884fd5fb1\",\"name\":\"Arnaldo Botto\",\"image\":{\"@type\":\"ImageObject\",\"inLanguage\":\"es\",\"@id\":\"https:\/\/www.noticiasradioreflejos.com.ar\/2021\/#\/schema\/person\/image\/\",\"url\":\"https:\/\/secure.gravatar.com\/avatar\/55cb5e37c1efa326397366e6974cb338056df65cb50e7d64d1cf314e87504837?s=96&d=mm&r=g\",\"contentUrl\":\"https:\/\/secure.gravatar.com\/avatar\/55cb5e37c1efa326397366e6974cb338056df65cb50e7d64d1cf314e87504837?s=96&d=mm&r=g\",\"caption\":\"Arnaldo Botto\"},\"url\":\"https:\/\/www.noticiasradioreflejos.com.ar\/2021\/author\/arnaldo\/\"}]}<\/script>\n<!-- \/ Yoast SEO plugin. -->","yoast_head_json":{"title":"D\u00eda y horario del dictado del curso de Gerenciamiento B\u00e1sico para Emprendedores - Noticias Radio Reflejos","robots":{"index":"index","follow":"follow","max-snippet":"max-snippet:-1","max-image-preview":"max-image-preview:large","max-video-preview":"max-video-preview:-1"},"canonical":"https:\/\/www.noticiasradioreflejos.com.ar\/2021\/dia-y-horario-del-dictado-del-curso-de-gerenciamiento-basico-para-emprendedores\/","og_locale":"es_ES","og_type":"article","og_title":"D\u00eda y horario del dictado del curso de Gerenciamiento B\u00e1sico para Emprendedores - Noticias Radio Reflejos","og_description":"La EESA N\u00ba 1 y la Ing. Agr. Vivian Diana Ballistreri invitan a la Comunidad, a participar del CURSO de GERENCIAMIENTO B\u00c1SICO PARA EMPRENDEDORES, en el marco de Educaci\u00f3n No Formal, a realizarse en las instalaciones del Predio Rural de la Escuela de Educaci\u00f3n Secundaria Agraria N\u00ba 1 aleda\u00f1o a Villa Ventana. Las inscripciones se [&hellip;]","og_url":"https:\/\/www.noticiasradioreflejos.com.ar\/2021\/dia-y-horario-del-dictado-del-curso-de-gerenciamiento-basico-para-emprendedores\/","og_site_name":"Noticias Radio Reflejos","article_published_time":"2016-08-31T12:10:18+00:00","og_image":[{"url":"http:\/\/farm9.staticflickr.com\/8488\/29072286450_7781f17e49_z.jpg","type":"","width":"","height":""}],"author":"Arnaldo Botto","twitter_card":"summary_large_image","schema":{"@context":"https:\/\/schema.org","@graph":[{"@type":"WebPage","@id":"https:\/\/www.noticiasradioreflejos.com.ar\/2021\/dia-y-horario-del-dictado-del-curso-de-gerenciamiento-basico-para-emprendedores\/","url":"https:\/\/www.noticiasradioreflejos.com.ar\/2021\/dia-y-horario-del-dictado-del-curso-de-gerenciamiento-basico-para-emprendedores\/","name":"D\u00eda y horario del dictado del curso de Gerenciamiento B\u00e1sico para Emprendedores - Noticias Radio Reflejos","isPartOf":{"@id":"https:\/\/www.noticiasradioreflejos.com.ar\/2021\/#website"},"primaryImageOfPage":{"@id":"https:\/\/www.noticiasradioreflejos.com.ar\/2021\/dia-y-horario-del-dictado-del-curso-de-gerenciamiento-basico-para-emprendedores\/#primaryimage"},"image":{"@id":"https:\/\/www.noticiasradioreflejos.com.ar\/2021\/dia-y-horario-del-dictado-del-curso-de-gerenciamiento-basico-para-emprendedores\/#primaryimage"},"thumbnailUrl":"http:\/\/farm9.staticflickr.com\/8488\/29072286450_7781f17e49_z.jpg","datePublished":"2016-08-31T12:10:18+00:00","author":{"@id":"https:\/\/www.noticiasradioreflejos.com.ar\/2021\/#\/schema\/person\/ad82545263dcc5ec0996818884fd5fb1"},"breadcrumb":{"@id":"https:\/\/www.noticiasradioreflejos.com.ar\/2021\/dia-y-horario-del-dictado-del-curso-de-gerenciamiento-basico-para-emprendedores\/#breadcrumb"},"inLanguage":"es","potentialAction":[{"@type":"ReadAction","target":["https:\/\/www.noticiasradioreflejos.com.ar\/2021\/dia-y-horario-del-dictado-del-curso-de-gerenciamiento-basico-para-emprendedores\/"]}]},{"@type":"ImageObject","inLanguage":"es","@id":"https:\/\/www.noticiasradioreflejos.com.ar\/2021\/dia-y-horario-del-dictado-del-curso-de-gerenciamiento-basico-para-emprendedores\/#primaryimage","url":"http:\/\/farm9.staticflickr.com\/8488\/29072286450_7781f17e49_z.jpg","contentUrl":"http:\/\/farm9.staticflickr.com\/8488\/29072286450_7781f17e49_z.jpg"},{"@type":"BreadcrumbList","@id":"https:\/\/www.noticiasradioreflejos.com.ar\/2021\/dia-y-horario-del-dictado-del-curso-de-gerenciamiento-basico-para-emprendedores\/#breadcrumb","itemListElement":[{"@type":"ListItem","position":1,"name":"Portada","item":"https:\/\/www.noticiasradioreflejos.com.ar\/2021\/"},{"@type":"ListItem","position":2,"name":"D\u00eda y horario del dictado del curso de Gerenciamiento B\u00e1sico para Emprendedores"}]},{"@type":"WebSite","@id":"https:\/\/www.noticiasradioreflejos.com.ar\/2021\/#website","url":"https:\/\/www.noticiasradioreflejos.com.ar\/2021\/","name":"Noticias Radio Reflejos","description":"Las noticias de mi comarca","potentialAction":[{"@type":"SearchAction","target":{"@type":"EntryPoint","urlTemplate":"https:\/\/www.noticiasradioreflejos.com.ar\/2021\/?s={search_term_string}"},"query-input":{"@type":"PropertyValueSpecification","valueRequired":true,"valueName":"search_term_string"}}],"inLanguage":"es"},{"@type":"Person","@id":"https:\/\/www.noticiasradioreflejos.com.ar\/2021\/#\/schema\/person\/ad82545263dcc5ec0996818884fd5fb1","name":"Arnaldo Botto","image":{"@type":"ImageObject","inLanguage":"es","@id":"https:\/\/www.noticiasradioreflejos.com.ar\/2021\/#\/schema\/person\/image\/","url":"https:\/\/secure.gravatar.com\/avatar\/55cb5e37c1efa326397366e6974cb338056df65cb50e7d64d1cf314e87504837?s=96&d=mm&r=g","contentUrl":"https:\/\/secure.gravatar.com\/avatar\/55cb5e37c1efa326397366e6974cb338056df65cb50e7d64d1cf314e87504837?s=96&d=mm&r=g","caption":"Arnaldo Botto"},"url":"https:\/\/www.noticiasradioreflejos.com.ar\/2021\/author\/arnaldo\/"}]}},"_links":{"self":[{"href":"https:\/\/www.noticiasradioreflejos.com.ar\/2021\/wp-json\/wp\/v2\/posts\/275","targetHints":{"allow":["GET"]}}],"collection":[{"href":"https:\/\/www.noticiasradioreflejos.com.ar\/2021\/wp-json\/wp\/v2\/posts"}],"about":[{"href":"https:\/\/www.noticiasradioreflejos.com.ar\/2021\/wp-json\/wp\/v2\/types\/post"}],"author":[{"embeddable":true,"href":"https:\/\/www.noticiasradioreflejos.com.ar\/2021\/wp-json\/wp\/v2\/users\/3"}],"replies":[{"embeddable":true,"href":"https:\/\/www.noticiasradioreflejos.com.ar\/2021\/wp-json\/wp\/v2\/comments?post=275"}],"version-history":[{"count":0,"href":"https:\/\/www.noticiasradioreflejos.com.ar\/2021\/wp-json\/wp\/v2\/posts\/275\/revisions"}],"wp:attachment":[{"href":"https:\/\/www.noticiasradioreflejos.com.ar\/2021\/wp-json\/wp\/v2\/media?parent=275"}],"wp:term":[{"taxonomy":"category","embeddable":true,"href":"https:\/\/www.noticiasradioreflejos.com.ar\/2021\/wp-json\/wp\/v2\/categories?post=275"},{"taxonomy":"post_tag","embeddable":true,"href":"https:\/\/www.noticiasradioreflejos.com.ar\/2021\/wp-json\/wp\/v2\/tags?post=275"}],"curies":[{"name":"wp","href":"https:\/\/api.w.org\/{rel}","templated":true}]}}