{"id":2749,"date":"2016-10-25T14:27:10","date_gmt":"2016-10-25T14:27:10","guid":{"rendered":"http:\/\/noticiasradioreflejos.com.ar\/noticias\/?p=2749"},"modified":"2016-10-25T14:27:10","modified_gmt":"2016-10-25T14:27:10","slug":"los-asociados-a-la-uibb-esperan-reactivacion-en-el-corto-plazo","status":"publish","type":"post","link":"https:\/\/www.noticiasradioreflejos.com.ar\/2021\/los-asociados-a-la-uibb-esperan-reactivacion-en-el-corto-plazo\/","title":{"rendered":"Los asociados a la UIBB esperan reactivaci\u00f3n en el corto plazo"},"content":{"rendered":"<p>Informe del Centro de Estudios Econ\u00f3micos de la Uni\u00f3n Industrial de Bah\u00eda Blanca<br \/>\nHabiendo transcurrido ya 10 meses desde el cambio de gobierno y la implementaci\u00f3n de nuevas medidas de pol\u00edtica econ\u00f3mica, la UIBB implement\u00f3 un relevamiento entre sus empresas asociadas, a fin de interiorizarse acerca de c\u00f3mo estas eval\u00faan la situaci\u00f3n econ\u00f3mica actual y las perspectivas de corto plazo.<br \/>\n\uf0b7 Para la mayor\u00eda de los encuestados la principal problem\u00e1tica que afect\u00f3 a la empresa entre octubre de 2015 y octubre de 2016 fue la retracci\u00f3n en el consumo (35%), evidenciando la ca\u00edda en el nivel de actividad. Le sigui\u00f3 en orden de importancia la presi\u00f3n fiscal (24%), una problem\u00e1tica estructural que viene afectando a las firmas desde hace largo tiempo. (Gr\u00e1fico 1)<!--more--><br \/>\n<a title=\"Gr\u00e1fico 1\" href=\"http:\/\/farm9.staticflickr.com\/8641\/30559635095_7b5a312e24.jpg\" rel=\"\"><img loading=\"lazy\" decoding=\"async\" class=\"aligncenter\" title=\"Gr\u00e1fico 1\" src=\"http:\/\/farm9.staticflickr.com\/8641\/30559635095_7b5a312e24.jpg\" alt=\"Gr\u00e1fico 1\" width=\"785\" height=\"320\" \/><\/a><br \/>\n\uf0b7 En relaci\u00f3n a las ventas (medidas en cantidades, para eliminar el efecto inflacionario), el comportamiento que result\u00f3 m\u00e1s significativo fue disminuci\u00f3n de hasta un 30% en los vol\u00famenes totales comercializados. (Gr\u00e1fico 2)<br \/>\n<a title=\"grafico 2\" href=\"http:\/\/farm6.staticflickr.com\/5565\/30559632855_dff2e5d101.jpg\" rel=\"\"><img loading=\"lazy\" decoding=\"async\" class=\"aligncenter\" title=\"grafico 2\" src=\"http:\/\/farm6.staticflickr.com\/5565\/30559632855_dff2e5d101.jpg\" alt=\"grafico 2\" width=\"715\" height=\"331\" \/><\/a><br \/>\n\uf0b7 Respecto a la evoluci\u00f3n del plantel de personal entre octubre 2015 y octubre 2016, la respuesta dominante (53%) fue que el plantel de personal se mantuvo sin cambios entre octubre de 2015 y octubre de 2016. Frente a las condiciones adversas, las empresas parecen no haber respondido con despidos masivos, en parte porque esperan que la situaci\u00f3n se revierta, y en parte porque el recambio de personal tiene costos no monetarios asociados. (Gr\u00e1fico 3)<br \/>\n<a title=\"Grafico 3\" href=\"http:\/\/farm6.staticflickr.com\/5498\/30559631135_66c6234e1e_z.jpg\" rel=\"\"><img loading=\"lazy\" decoding=\"async\" class=\"aligncenter\" title=\"Grafico 3\" src=\"http:\/\/farm6.staticflickr.com\/5498\/30559631135_66c6234e1e_z.jpg\" alt=\"Grafico 3\" width=\"779\" height=\"383\" \/><\/a><br \/>\n\uf0b7 Las expectativas inflacionarias no son uniformes. Casi la mitad de los consultados creen que los niveles de inflaci\u00f3n ser\u00e1n menores, mientras que casi igual porcentaje cree que la inflaci\u00f3n ser\u00e1 igual o levemente mayor. (Gr\u00e1fico 4)<br \/>\n<a title=\"Grafico 4\" href=\"http:\/\/farm6.staticflickr.com\/5607\/30260828080_e1d9ee7731_z.jpg\" rel=\"\"><img loading=\"lazy\" decoding=\"async\" class=\"aligncenter\" title=\"Grafico 4\" src=\"http:\/\/farm6.staticflickr.com\/5607\/30260828080_e1d9ee7731_z.jpg\" alt=\"Grafico 4\" width=\"640\" height=\"422\" \/><\/a><br \/>\n\uf0b7 En cuanto al crecimiento econ\u00f3mico a nivel pa\u00eds, m\u00e1s de la mitad de los encuestados espera aumento en lo que resta del a\u00f1o y el primer semestre de 2017, lo cual estar\u00eda indicando una salida de la recesi\u00f3n para los pr\u00f3ximos meses. Indican, adem\u00e1s, confianza en una evoluci\u00f3n positiva de las ventas y la rentabilidad. (Gr\u00e1fico 5)<br \/>\n<a title=\"grafico 5\" href=\"http:\/\/farm6.staticflickr.com\/5740\/30559624595_2270020f1d_z.jpg\" rel=\"\"><img loading=\"lazy\" decoding=\"async\" class=\"aligncenter\" title=\"grafico 5\" src=\"http:\/\/farm6.staticflickr.com\/5740\/30559624595_2270020f1d_z.jpg\" alt=\"grafico 5\" width=\"640\" height=\"358\" \/><\/a><br \/>\n\uf0b7 Respecto al empleo, se destaca que el 49% de los socios encuestados espera que los niveles de empleo dentro de su empresa se mantengan en los niveles actuales en lo que resta del a\u00f1o y el primer semestre de 2017, en tanto que el 29% considera que aumentar\u00e1 levemente. Esta mayor\u00eda de respuestas alentadoras se condice con las expectativas reveladas en la pregunta relativa al crecimiento econ\u00f3mico. (Gr\u00e1fico 6)<br \/>\n<a title=\"grafico 6\" href=\"http:\/\/farm6.staticflickr.com\/5652\/30472074751_184fc3779b_z.jpg\" rel=\"\"><img loading=\"lazy\" decoding=\"async\" class=\"aligncenter\" title=\"grafico 6\" src=\"http:\/\/farm6.staticflickr.com\/5652\/30472074751_184fc3779b_z.jpg\" alt=\"grafico 6\" width=\"640\" height=\"387\" \/><\/a><br \/>\nNota: Cabe aclarar que los resultados son representativos de la situaci\u00f3n y perspectivas de las empresas asociadas a la instituci\u00f3n y no necesariamente son extrapolables a otros sectores de la econom\u00eda bahiense ni a todo el empresariado industrial local.<\/p>\n","protected":false},"excerpt":{"rendered":"<p>Informe del Centro de Estudios Econ\u00f3micos de la Uni\u00f3n Industrial de Bah\u00eda Blanca Habiendo transcurrido ya 10 meses desde el cambio de gobierno y la implementaci\u00f3n de nuevas medidas de pol\u00edtica econ\u00f3mica, la UIBB implement\u00f3 un relevamiento entre sus empresas asociadas, a fin de interiorizarse acerca de c\u00f3mo estas eval\u00faan la situaci\u00f3n econ\u00f3mica actual y [&hellip;]<\/p>\n","protected":false},"author":3,"featured_media":0,"comment_status":"closed","ping_status":"open","sticky":false,"template":"","format":"standard","meta":{"footnotes":""},"categories":[36],"tags":[],"class_list":["post-2749","post","type-post","status-publish","format-standard","hentry","category-economia"],"yoast_head":"<!-- This site is optimized with the Yoast SEO plugin v25.9 - https:\/\/yoast.com\/wordpress\/plugins\/seo\/ -->\n<title>Los asociados a la UIBB esperan reactivaci\u00f3n en el corto plazo - Noticias Radio Reflejos<\/title>\n<meta name=\"robots\" content=\"index, follow, max-snippet:-1, max-image-preview:large, max-video-preview:-1\" \/>\n<link rel=\"canonical\" href=\"https:\/\/www.noticiasradioreflejos.com.ar\/2021\/los-asociados-a-la-uibb-esperan-reactivacion-en-el-corto-plazo\/\" \/>\n<meta property=\"og:locale\" content=\"es_ES\" \/>\n<meta property=\"og:type\" content=\"article\" \/>\n<meta property=\"og:title\" content=\"Los asociados a la UIBB esperan reactivaci\u00f3n en el corto plazo - Noticias Radio Reflejos\" \/>\n<meta property=\"og:description\" content=\"Informe del Centro de Estudios Econ\u00f3micos de la Uni\u00f3n Industrial de Bah\u00eda Blanca Habiendo transcurrido ya 10 meses desde el cambio de gobierno y la implementaci\u00f3n de nuevas medidas de pol\u00edtica econ\u00f3mica, la UIBB implement\u00f3 un relevamiento entre sus empresas asociadas, a fin de interiorizarse acerca de c\u00f3mo estas eval\u00faan la situaci\u00f3n econ\u00f3mica actual y [&hellip;]\" \/>\n<meta property=\"og:url\" content=\"https:\/\/www.noticiasradioreflejos.com.ar\/2021\/los-asociados-a-la-uibb-esperan-reactivacion-en-el-corto-plazo\/\" \/>\n<meta property=\"og:site_name\" content=\"Noticias Radio Reflejos\" \/>\n<meta property=\"article:published_time\" content=\"2016-10-25T14:27:10+00:00\" \/>\n<meta property=\"og:image\" content=\"http:\/\/farm9.staticflickr.com\/8641\/30559635095_7b5a312e24.jpg\" \/>\n<meta name=\"author\" content=\"Arnaldo Botto\" \/>\n<meta name=\"twitter:card\" content=\"summary_large_image\" \/>\n<script type=\"application\/ld+json\" class=\"yoast-schema-graph\">{\"@context\":\"https:\/\/schema.org\",\"@graph\":[{\"@type\":\"WebPage\",\"@id\":\"https:\/\/www.noticiasradioreflejos.com.ar\/2021\/los-asociados-a-la-uibb-esperan-reactivacion-en-el-corto-plazo\/\",\"url\":\"https:\/\/www.noticiasradioreflejos.com.ar\/2021\/los-asociados-a-la-uibb-esperan-reactivacion-en-el-corto-plazo\/\",\"name\":\"Los asociados a la UIBB esperan reactivaci\u00f3n en el corto plazo - Noticias Radio Reflejos\",\"isPartOf\":{\"@id\":\"https:\/\/www.noticiasradioreflejos.com.ar\/2021\/#website\"},\"primaryImageOfPage\":{\"@id\":\"https:\/\/www.noticiasradioreflejos.com.ar\/2021\/los-asociados-a-la-uibb-esperan-reactivacion-en-el-corto-plazo\/#primaryimage\"},\"image\":{\"@id\":\"https:\/\/www.noticiasradioreflejos.com.ar\/2021\/los-asociados-a-la-uibb-esperan-reactivacion-en-el-corto-plazo\/#primaryimage\"},\"thumbnailUrl\":\"http:\/\/farm9.staticflickr.com\/8641\/30559635095_7b5a312e24.jpg\",\"datePublished\":\"2016-10-25T14:27:10+00:00\",\"author\":{\"@id\":\"https:\/\/www.noticiasradioreflejos.com.ar\/2021\/#\/schema\/person\/ad82545263dcc5ec0996818884fd5fb1\"},\"breadcrumb\":{\"@id\":\"https:\/\/www.noticiasradioreflejos.com.ar\/2021\/los-asociados-a-la-uibb-esperan-reactivacion-en-el-corto-plazo\/#breadcrumb\"},\"inLanguage\":\"es\",\"potentialAction\":[{\"@type\":\"ReadAction\",\"target\":[\"https:\/\/www.noticiasradioreflejos.com.ar\/2021\/los-asociados-a-la-uibb-esperan-reactivacion-en-el-corto-plazo\/\"]}]},{\"@type\":\"ImageObject\",\"inLanguage\":\"es\",\"@id\":\"https:\/\/www.noticiasradioreflejos.com.ar\/2021\/los-asociados-a-la-uibb-esperan-reactivacion-en-el-corto-plazo\/#primaryimage\",\"url\":\"http:\/\/farm9.staticflickr.com\/8641\/30559635095_7b5a312e24.jpg\",\"contentUrl\":\"http:\/\/farm9.staticflickr.com\/8641\/30559635095_7b5a312e24.jpg\"},{\"@type\":\"BreadcrumbList\",\"@id\":\"https:\/\/www.noticiasradioreflejos.com.ar\/2021\/los-asociados-a-la-uibb-esperan-reactivacion-en-el-corto-plazo\/#breadcrumb\",\"itemListElement\":[{\"@type\":\"ListItem\",\"position\":1,\"name\":\"Portada\",\"item\":\"https:\/\/www.noticiasradioreflejos.com.ar\/2021\/\"},{\"@type\":\"ListItem\",\"position\":2,\"name\":\"Los asociados a la UIBB esperan reactivaci\u00f3n en el corto plazo\"}]},{\"@type\":\"WebSite\",\"@id\":\"https:\/\/www.noticiasradioreflejos.com.ar\/2021\/#website\",\"url\":\"https:\/\/www.noticiasradioreflejos.com.ar\/2021\/\",\"name\":\"Noticias Radio Reflejos\",\"description\":\"Las noticias de mi comarca\",\"potentialAction\":[{\"@type\":\"SearchAction\",\"target\":{\"@type\":\"EntryPoint\",\"urlTemplate\":\"https:\/\/www.noticiasradioreflejos.com.ar\/2021\/?s={search_term_string}\"},\"query-input\":{\"@type\":\"PropertyValueSpecification\",\"valueRequired\":true,\"valueName\":\"search_term_string\"}}],\"inLanguage\":\"es\"},{\"@type\":\"Person\",\"@id\":\"https:\/\/www.noticiasradioreflejos.com.ar\/2021\/#\/schema\/person\/ad82545263dcc5ec0996818884fd5fb1\",\"name\":\"Arnaldo Botto\",\"image\":{\"@type\":\"ImageObject\",\"inLanguage\":\"es\",\"@id\":\"https:\/\/www.noticiasradioreflejos.com.ar\/2021\/#\/schema\/person\/image\/\",\"url\":\"https:\/\/secure.gravatar.com\/avatar\/55cb5e37c1efa326397366e6974cb338056df65cb50e7d64d1cf314e87504837?s=96&d=mm&r=g\",\"contentUrl\":\"https:\/\/secure.gravatar.com\/avatar\/55cb5e37c1efa326397366e6974cb338056df65cb50e7d64d1cf314e87504837?s=96&d=mm&r=g\",\"caption\":\"Arnaldo Botto\"},\"url\":\"https:\/\/www.noticiasradioreflejos.com.ar\/2021\/author\/arnaldo\/\"}]}<\/script>\n<!-- \/ Yoast SEO plugin. -->","yoast_head_json":{"title":"Los asociados a la UIBB esperan reactivaci\u00f3n en el corto plazo - Noticias Radio Reflejos","robots":{"index":"index","follow":"follow","max-snippet":"max-snippet:-1","max-image-preview":"max-image-preview:large","max-video-preview":"max-video-preview:-1"},"canonical":"https:\/\/www.noticiasradioreflejos.com.ar\/2021\/los-asociados-a-la-uibb-esperan-reactivacion-en-el-corto-plazo\/","og_locale":"es_ES","og_type":"article","og_title":"Los asociados a la UIBB esperan reactivaci\u00f3n en el corto plazo - Noticias Radio Reflejos","og_description":"Informe del Centro de Estudios Econ\u00f3micos de la Uni\u00f3n Industrial de Bah\u00eda Blanca Habiendo transcurrido ya 10 meses desde el cambio de gobierno y la implementaci\u00f3n de nuevas medidas de pol\u00edtica econ\u00f3mica, la UIBB implement\u00f3 un relevamiento entre sus empresas asociadas, a fin de interiorizarse acerca de c\u00f3mo estas eval\u00faan la situaci\u00f3n econ\u00f3mica actual y [&hellip;]","og_url":"https:\/\/www.noticiasradioreflejos.com.ar\/2021\/los-asociados-a-la-uibb-esperan-reactivacion-en-el-corto-plazo\/","og_site_name":"Noticias Radio Reflejos","article_published_time":"2016-10-25T14:27:10+00:00","og_image":[{"url":"http:\/\/farm9.staticflickr.com\/8641\/30559635095_7b5a312e24.jpg","type":"","width":"","height":""}],"author":"Arnaldo Botto","twitter_card":"summary_large_image","schema":{"@context":"https:\/\/schema.org","@graph":[{"@type":"WebPage","@id":"https:\/\/www.noticiasradioreflejos.com.ar\/2021\/los-asociados-a-la-uibb-esperan-reactivacion-en-el-corto-plazo\/","url":"https:\/\/www.noticiasradioreflejos.com.ar\/2021\/los-asociados-a-la-uibb-esperan-reactivacion-en-el-corto-plazo\/","name":"Los asociados a la UIBB esperan reactivaci\u00f3n en el corto plazo - Noticias Radio Reflejos","isPartOf":{"@id":"https:\/\/www.noticiasradioreflejos.com.ar\/2021\/#website"},"primaryImageOfPage":{"@id":"https:\/\/www.noticiasradioreflejos.com.ar\/2021\/los-asociados-a-la-uibb-esperan-reactivacion-en-el-corto-plazo\/#primaryimage"},"image":{"@id":"https:\/\/www.noticiasradioreflejos.com.ar\/2021\/los-asociados-a-la-uibb-esperan-reactivacion-en-el-corto-plazo\/#primaryimage"},"thumbnailUrl":"http:\/\/farm9.staticflickr.com\/8641\/30559635095_7b5a312e24.jpg","datePublished":"2016-10-25T14:27:10+00:00","author":{"@id":"https:\/\/www.noticiasradioreflejos.com.ar\/2021\/#\/schema\/person\/ad82545263dcc5ec0996818884fd5fb1"},"breadcrumb":{"@id":"https:\/\/www.noticiasradioreflejos.com.ar\/2021\/los-asociados-a-la-uibb-esperan-reactivacion-en-el-corto-plazo\/#breadcrumb"},"inLanguage":"es","potentialAction":[{"@type":"ReadAction","target":["https:\/\/www.noticiasradioreflejos.com.ar\/2021\/los-asociados-a-la-uibb-esperan-reactivacion-en-el-corto-plazo\/"]}]},{"@type":"ImageObject","inLanguage":"es","@id":"https:\/\/www.noticiasradioreflejos.com.ar\/2021\/los-asociados-a-la-uibb-esperan-reactivacion-en-el-corto-plazo\/#primaryimage","url":"http:\/\/farm9.staticflickr.com\/8641\/30559635095_7b5a312e24.jpg","contentUrl":"http:\/\/farm9.staticflickr.com\/8641\/30559635095_7b5a312e24.jpg"},{"@type":"BreadcrumbList","@id":"https:\/\/www.noticiasradioreflejos.com.ar\/2021\/los-asociados-a-la-uibb-esperan-reactivacion-en-el-corto-plazo\/#breadcrumb","itemListElement":[{"@type":"ListItem","position":1,"name":"Portada","item":"https:\/\/www.noticiasradioreflejos.com.ar\/2021\/"},{"@type":"ListItem","position":2,"name":"Los asociados a la UIBB esperan reactivaci\u00f3n en el corto plazo"}]},{"@type":"WebSite","@id":"https:\/\/www.noticiasradioreflejos.com.ar\/2021\/#website","url":"https:\/\/www.noticiasradioreflejos.com.ar\/2021\/","name":"Noticias Radio Reflejos","description":"Las noticias de mi comarca","potentialAction":[{"@type":"SearchAction","target":{"@type":"EntryPoint","urlTemplate":"https:\/\/www.noticiasradioreflejos.com.ar\/2021\/?s={search_term_string}"},"query-input":{"@type":"PropertyValueSpecification","valueRequired":true,"valueName":"search_term_string"}}],"inLanguage":"es"},{"@type":"Person","@id":"https:\/\/www.noticiasradioreflejos.com.ar\/2021\/#\/schema\/person\/ad82545263dcc5ec0996818884fd5fb1","name":"Arnaldo Botto","image":{"@type":"ImageObject","inLanguage":"es","@id":"https:\/\/www.noticiasradioreflejos.com.ar\/2021\/#\/schema\/person\/image\/","url":"https:\/\/secure.gravatar.com\/avatar\/55cb5e37c1efa326397366e6974cb338056df65cb50e7d64d1cf314e87504837?s=96&d=mm&r=g","contentUrl":"https:\/\/secure.gravatar.com\/avatar\/55cb5e37c1efa326397366e6974cb338056df65cb50e7d64d1cf314e87504837?s=96&d=mm&r=g","caption":"Arnaldo Botto"},"url":"https:\/\/www.noticiasradioreflejos.com.ar\/2021\/author\/arnaldo\/"}]}},"_links":{"self":[{"href":"https:\/\/www.noticiasradioreflejos.com.ar\/2021\/wp-json\/wp\/v2\/posts\/2749","targetHints":{"allow":["GET"]}}],"collection":[{"href":"https:\/\/www.noticiasradioreflejos.com.ar\/2021\/wp-json\/wp\/v2\/posts"}],"about":[{"href":"https:\/\/www.noticiasradioreflejos.com.ar\/2021\/wp-json\/wp\/v2\/types\/post"}],"author":[{"embeddable":true,"href":"https:\/\/www.noticiasradioreflejos.com.ar\/2021\/wp-json\/wp\/v2\/users\/3"}],"replies":[{"embeddable":true,"href":"https:\/\/www.noticiasradioreflejos.com.ar\/2021\/wp-json\/wp\/v2\/comments?post=2749"}],"version-history":[{"count":0,"href":"https:\/\/www.noticiasradioreflejos.com.ar\/2021\/wp-json\/wp\/v2\/posts\/2749\/revisions"}],"wp:attachment":[{"href":"https:\/\/www.noticiasradioreflejos.com.ar\/2021\/wp-json\/wp\/v2\/media?parent=2749"}],"wp:term":[{"taxonomy":"category","embeddable":true,"href":"https:\/\/www.noticiasradioreflejos.com.ar\/2021\/wp-json\/wp\/v2\/categories?post=2749"},{"taxonomy":"post_tag","embeddable":true,"href":"https:\/\/www.noticiasradioreflejos.com.ar\/2021\/wp-json\/wp\/v2\/tags?post=2749"}],"curies":[{"name":"wp","href":"https:\/\/api.w.org\/{rel}","templated":true}]}}