{"id":2743,"date":"2016-10-25T15:41:46","date_gmt":"2016-10-25T15:41:46","guid":{"rendered":"http:\/\/noticiasradioreflejos.com.ar\/noticias\/?p=2743"},"modified":"2016-10-25T15:41:46","modified_gmt":"2016-10-25T15:41:46","slug":"el-turismo-tambien-es-produccion","status":"publish","type":"post","link":"https:\/\/www.noticiasradioreflejos.com.ar\/2021\/el-turismo-tambien-es-produccion\/","title":{"rendered":"&quot;El turismo tambi\u00e9n es producci\u00f3n&quot;"},"content":{"rendered":"<p>En la Biblioteca Popular Macedonio Fern\u00e1ndez de Villa Ventana se dict\u00f3 ayer con gran \u00e9xito el curso de \u00abAtenci\u00f3n al visitante\u00bb a cargo de la Licenciada en Hoteler\u00eda y Turismo, Victoria Gallardo Batista.<!--more--><br \/>\nSe hizo presente la C\u00e1mara Argentina de Comercio y Servicio que tuvo a su director en dicha charla. el se\u00f1or Mart\u00edn Garmendia y en conjunci\u00f3n con la C\u00e1mara de Comercio y Turismo de Villa Ventana fueron quienes gestionaron este exitoso curso.<br \/>\nFue una charla que comenz\u00f3 a las 20:00 horas y culmin\u00f3 a las 22:00 horas con debates, puestas en el p\u00fablico y participaci\u00f3n. M\u00e1s de 40 personas se hicieron presentes y fue un saldo positivo.<br \/>\n<a title=\"IMG-20161024-WA0043\" href=\"http:\/\/farm6.staticflickr.com\/5447\/30521757216_67bdc4e7ce_c.jpg\" rel=\"\"><img loading=\"lazy\" decoding=\"async\" class=\"aligncenter\" title=\"IMG-20161024-WA0043\" src=\"http:\/\/farm6.staticflickr.com\/5447\/30521757216_67bdc4e7ce_c.jpg\" alt=\"IMG-20161024-WA0043\" width=\"800\" height=\"600\" \/><\/a><br \/>\n<a title=\"IMG-20161024-WA0042\" href=\"http:\/\/farm6.staticflickr.com\/5708\/29924286863_b0f632ac45_c.jpg\" rel=\"\"><img loading=\"lazy\" decoding=\"async\" class=\"aligncenter\" title=\"IMG-20161024-WA0042\" src=\"http:\/\/farm6.staticflickr.com\/5708\/29924286863_b0f632ac45_c.jpg\" alt=\"IMG-20161024-WA0042\" width=\"800\" height=\"600\" \/><\/a><br \/>\n&nbsp;<br \/>\n<a title=\"IMG-20161024-WA0051\" href=\"http:\/\/farm6.staticflickr.com\/5476\/30259064880_4dda7cf036_c.jpg\" rel=\"\"><img loading=\"lazy\" decoding=\"async\" class=\"aligncenter\" title=\"IMG-20161024-WA0051\" src=\"http:\/\/farm6.staticflickr.com\/5476\/30259064880_4dda7cf036_c.jpg\" alt=\"IMG-20161024-WA0051\" width=\"600\" height=\"800\" \/><\/a><br \/>\n<a title=\"IMG-20161024-WA0050\" href=\"http:\/\/farm6.staticflickr.com\/5335\/30557799845_1fbbe3ae4c_c.jpg\" rel=\"\"><img loading=\"lazy\" decoding=\"async\" class=\"aligncenter\" title=\"IMG-20161024-WA0050\" src=\"http:\/\/farm6.staticflickr.com\/5335\/30557799845_1fbbe3ae4c_c.jpg\" alt=\"IMG-20161024-WA0050\" width=\"800\" height=\"600\" \/><\/a><a title=\"IMG-20161024-WA0052\" href=\"http:\/\/farm6.staticflickr.com\/5742\/30259039830_f642a2e463_c.jpg\" rel=\"\"><img loading=\"lazy\" decoding=\"async\" class=\"aligncenter\" title=\"IMG-20161024-WA0052\" src=\"http:\/\/farm6.staticflickr.com\/5742\/30259039830_f642a2e463_c.jpg\" alt=\"IMG-20161024-WA0052\" width=\"800\" height=\"600\" \/><\/a><br \/>\n<a title=\"25102016-IMG_5194\" href=\"http:\/\/farm6.staticflickr.com\/5497\/30561364575_ea9fcea886_c.jpg\" rel=\"\"><img loading=\"lazy\" decoding=\"async\" class=\"aligncenter\" title=\"25102016-IMG_5194\" src=\"http:\/\/farm6.staticflickr.com\/5497\/30561364575_ea9fcea886_c.jpg\" alt=\"25102016-IMG_5194\" width=\"800\" height=\"534\" \/><\/a><br \/>\n<iframe loading=\"lazy\" src=\"https:\/\/w.soundcloud.com\/player\/?url=https%3A\/\/api.soundcloud.com\/tracks\/289890939&amp;color=ff5500&amp;auto_play=false&amp;hide_related=false&amp;show_comments=true&amp;show_user=true&amp;show_reposts=false\" width=\"100%\" height=\"166\" frameborder=\"no\" scrolling=\"no\"><\/iframe><br \/>\n<iframe loading=\"lazy\" src=\"https:\/\/w.soundcloud.com\/player\/?url=https%3A\/\/api.soundcloud.com\/tracks\/289893488&amp;color=ff5500&amp;auto_play=false&amp;hide_related=false&amp;show_comments=true&amp;show_user=true&amp;show_reposts=false\" width=\"100%\" height=\"166\" frameborder=\"no\" scrolling=\"no\"><\/iframe><\/p>\n","protected":false},"excerpt":{"rendered":"<p>En la Biblioteca Popular Macedonio Fern\u00e1ndez de Villa Ventana se dict\u00f3 ayer con gran \u00e9xito el curso de \u00abAtenci\u00f3n al visitante\u00bb a cargo de la Licenciada en Hoteler\u00eda y Turismo, Victoria Gallardo Batista.<\/p>\n","protected":false},"author":3,"featured_media":0,"comment_status":"closed","ping_status":"open","sticky":false,"template":"","format":"standard","meta":{"footnotes":""},"categories":[33],"tags":[],"class_list":["post-2743","post","type-post","status-publish","format-standard","hentry","category-turismo"],"yoast_head":"<!-- This site is optimized with the Yoast SEO plugin v25.9 - https:\/\/yoast.com\/wordpress\/plugins\/seo\/ -->\n<title>&quot;El turismo tambi\u00e9n es producci\u00f3n&quot; - Noticias Radio Reflejos<\/title>\n<meta name=\"robots\" content=\"index, follow, max-snippet:-1, max-image-preview:large, max-video-preview:-1\" \/>\n<link rel=\"canonical\" href=\"https:\/\/www.noticiasradioreflejos.com.ar\/2021\/el-turismo-tambien-es-produccion\/\" \/>\n<meta property=\"og:locale\" content=\"es_ES\" \/>\n<meta property=\"og:type\" content=\"article\" \/>\n<meta property=\"og:title\" content=\"&quot;El turismo tambi\u00e9n es producci\u00f3n&quot; - Noticias Radio Reflejos\" \/>\n<meta property=\"og:description\" content=\"En la Biblioteca Popular Macedonio Fern\u00e1ndez de Villa Ventana se dict\u00f3 ayer con gran \u00e9xito el curso de \u00abAtenci\u00f3n al visitante\u00bb a cargo de la Licenciada en Hoteler\u00eda y Turismo, Victoria Gallardo Batista.\" \/>\n<meta property=\"og:url\" content=\"https:\/\/www.noticiasradioreflejos.com.ar\/2021\/el-turismo-tambien-es-produccion\/\" \/>\n<meta property=\"og:site_name\" content=\"Noticias Radio Reflejos\" \/>\n<meta property=\"article:published_time\" content=\"2016-10-25T15:41:46+00:00\" \/>\n<meta property=\"og:image\" content=\"http:\/\/farm6.staticflickr.com\/5447\/30521757216_67bdc4e7ce_c.jpg\" \/>\n<meta name=\"author\" content=\"Arnaldo Botto\" \/>\n<meta name=\"twitter:card\" content=\"summary_large_image\" \/>\n<script type=\"application\/ld+json\" class=\"yoast-schema-graph\">{\"@context\":\"https:\/\/schema.org\",\"@graph\":[{\"@type\":\"WebPage\",\"@id\":\"https:\/\/www.noticiasradioreflejos.com.ar\/2021\/el-turismo-tambien-es-produccion\/\",\"url\":\"https:\/\/www.noticiasradioreflejos.com.ar\/2021\/el-turismo-tambien-es-produccion\/\",\"name\":\"&quot;El turismo tambi\u00e9n es producci\u00f3n&quot; - Noticias Radio Reflejos\",\"isPartOf\":{\"@id\":\"https:\/\/www.noticiasradioreflejos.com.ar\/2021\/#website\"},\"primaryImageOfPage\":{\"@id\":\"https:\/\/www.noticiasradioreflejos.com.ar\/2021\/el-turismo-tambien-es-produccion\/#primaryimage\"},\"image\":{\"@id\":\"https:\/\/www.noticiasradioreflejos.com.ar\/2021\/el-turismo-tambien-es-produccion\/#primaryimage\"},\"thumbnailUrl\":\"http:\/\/farm6.staticflickr.com\/5447\/30521757216_67bdc4e7ce_c.jpg\",\"datePublished\":\"2016-10-25T15:41:46+00:00\",\"author\":{\"@id\":\"https:\/\/www.noticiasradioreflejos.com.ar\/2021\/#\/schema\/person\/ad82545263dcc5ec0996818884fd5fb1\"},\"breadcrumb\":{\"@id\":\"https:\/\/www.noticiasradioreflejos.com.ar\/2021\/el-turismo-tambien-es-produccion\/#breadcrumb\"},\"inLanguage\":\"es\",\"potentialAction\":[{\"@type\":\"ReadAction\",\"target\":[\"https:\/\/www.noticiasradioreflejos.com.ar\/2021\/el-turismo-tambien-es-produccion\/\"]}]},{\"@type\":\"ImageObject\",\"inLanguage\":\"es\",\"@id\":\"https:\/\/www.noticiasradioreflejos.com.ar\/2021\/el-turismo-tambien-es-produccion\/#primaryimage\",\"url\":\"http:\/\/farm6.staticflickr.com\/5447\/30521757216_67bdc4e7ce_c.jpg\",\"contentUrl\":\"http:\/\/farm6.staticflickr.com\/5447\/30521757216_67bdc4e7ce_c.jpg\"},{\"@type\":\"BreadcrumbList\",\"@id\":\"https:\/\/www.noticiasradioreflejos.com.ar\/2021\/el-turismo-tambien-es-produccion\/#breadcrumb\",\"itemListElement\":[{\"@type\":\"ListItem\",\"position\":1,\"name\":\"Portada\",\"item\":\"https:\/\/www.noticiasradioreflejos.com.ar\/2021\/\"},{\"@type\":\"ListItem\",\"position\":2,\"name\":\"&quot;El turismo tambi\u00e9n es producci\u00f3n&quot;\"}]},{\"@type\":\"WebSite\",\"@id\":\"https:\/\/www.noticiasradioreflejos.com.ar\/2021\/#website\",\"url\":\"https:\/\/www.noticiasradioreflejos.com.ar\/2021\/\",\"name\":\"Noticias Radio Reflejos\",\"description\":\"Las noticias de mi comarca\",\"potentialAction\":[{\"@type\":\"SearchAction\",\"target\":{\"@type\":\"EntryPoint\",\"urlTemplate\":\"https:\/\/www.noticiasradioreflejos.com.ar\/2021\/?s={search_term_string}\"},\"query-input\":{\"@type\":\"PropertyValueSpecification\",\"valueRequired\":true,\"valueName\":\"search_term_string\"}}],\"inLanguage\":\"es\"},{\"@type\":\"Person\",\"@id\":\"https:\/\/www.noticiasradioreflejos.com.ar\/2021\/#\/schema\/person\/ad82545263dcc5ec0996818884fd5fb1\",\"name\":\"Arnaldo Botto\",\"image\":{\"@type\":\"ImageObject\",\"inLanguage\":\"es\",\"@id\":\"https:\/\/www.noticiasradioreflejos.com.ar\/2021\/#\/schema\/person\/image\/\",\"url\":\"https:\/\/secure.gravatar.com\/avatar\/55cb5e37c1efa326397366e6974cb338056df65cb50e7d64d1cf314e87504837?s=96&d=mm&r=g\",\"contentUrl\":\"https:\/\/secure.gravatar.com\/avatar\/55cb5e37c1efa326397366e6974cb338056df65cb50e7d64d1cf314e87504837?s=96&d=mm&r=g\",\"caption\":\"Arnaldo Botto\"},\"url\":\"https:\/\/www.noticiasradioreflejos.com.ar\/2021\/author\/arnaldo\/\"}]}<\/script>\n<!-- \/ Yoast SEO plugin. -->","yoast_head_json":{"title":"&quot;El turismo tambi\u00e9n es producci\u00f3n&quot; - Noticias Radio Reflejos","robots":{"index":"index","follow":"follow","max-snippet":"max-snippet:-1","max-image-preview":"max-image-preview:large","max-video-preview":"max-video-preview:-1"},"canonical":"https:\/\/www.noticiasradioreflejos.com.ar\/2021\/el-turismo-tambien-es-produccion\/","og_locale":"es_ES","og_type":"article","og_title":"&quot;El turismo tambi\u00e9n es producci\u00f3n&quot; - Noticias Radio Reflejos","og_description":"En la Biblioteca Popular Macedonio Fern\u00e1ndez de Villa Ventana se dict\u00f3 ayer con gran \u00e9xito el curso de \u00abAtenci\u00f3n al visitante\u00bb a cargo de la Licenciada en Hoteler\u00eda y Turismo, Victoria Gallardo Batista.","og_url":"https:\/\/www.noticiasradioreflejos.com.ar\/2021\/el-turismo-tambien-es-produccion\/","og_site_name":"Noticias Radio Reflejos","article_published_time":"2016-10-25T15:41:46+00:00","og_image":[{"url":"http:\/\/farm6.staticflickr.com\/5447\/30521757216_67bdc4e7ce_c.jpg","type":"","width":"","height":""}],"author":"Arnaldo Botto","twitter_card":"summary_large_image","schema":{"@context":"https:\/\/schema.org","@graph":[{"@type":"WebPage","@id":"https:\/\/www.noticiasradioreflejos.com.ar\/2021\/el-turismo-tambien-es-produccion\/","url":"https:\/\/www.noticiasradioreflejos.com.ar\/2021\/el-turismo-tambien-es-produccion\/","name":"&quot;El turismo tambi\u00e9n es producci\u00f3n&quot; - Noticias Radio Reflejos","isPartOf":{"@id":"https:\/\/www.noticiasradioreflejos.com.ar\/2021\/#website"},"primaryImageOfPage":{"@id":"https:\/\/www.noticiasradioreflejos.com.ar\/2021\/el-turismo-tambien-es-produccion\/#primaryimage"},"image":{"@id":"https:\/\/www.noticiasradioreflejos.com.ar\/2021\/el-turismo-tambien-es-produccion\/#primaryimage"},"thumbnailUrl":"http:\/\/farm6.staticflickr.com\/5447\/30521757216_67bdc4e7ce_c.jpg","datePublished":"2016-10-25T15:41:46+00:00","author":{"@id":"https:\/\/www.noticiasradioreflejos.com.ar\/2021\/#\/schema\/person\/ad82545263dcc5ec0996818884fd5fb1"},"breadcrumb":{"@id":"https:\/\/www.noticiasradioreflejos.com.ar\/2021\/el-turismo-tambien-es-produccion\/#breadcrumb"},"inLanguage":"es","potentialAction":[{"@type":"ReadAction","target":["https:\/\/www.noticiasradioreflejos.com.ar\/2021\/el-turismo-tambien-es-produccion\/"]}]},{"@type":"ImageObject","inLanguage":"es","@id":"https:\/\/www.noticiasradioreflejos.com.ar\/2021\/el-turismo-tambien-es-produccion\/#primaryimage","url":"http:\/\/farm6.staticflickr.com\/5447\/30521757216_67bdc4e7ce_c.jpg","contentUrl":"http:\/\/farm6.staticflickr.com\/5447\/30521757216_67bdc4e7ce_c.jpg"},{"@type":"BreadcrumbList","@id":"https:\/\/www.noticiasradioreflejos.com.ar\/2021\/el-turismo-tambien-es-produccion\/#breadcrumb","itemListElement":[{"@type":"ListItem","position":1,"name":"Portada","item":"https:\/\/www.noticiasradioreflejos.com.ar\/2021\/"},{"@type":"ListItem","position":2,"name":"&quot;El turismo tambi\u00e9n es producci\u00f3n&quot;"}]},{"@type":"WebSite","@id":"https:\/\/www.noticiasradioreflejos.com.ar\/2021\/#website","url":"https:\/\/www.noticiasradioreflejos.com.ar\/2021\/","name":"Noticias Radio Reflejos","description":"Las noticias de mi comarca","potentialAction":[{"@type":"SearchAction","target":{"@type":"EntryPoint","urlTemplate":"https:\/\/www.noticiasradioreflejos.com.ar\/2021\/?s={search_term_string}"},"query-input":{"@type":"PropertyValueSpecification","valueRequired":true,"valueName":"search_term_string"}}],"inLanguage":"es"},{"@type":"Person","@id":"https:\/\/www.noticiasradioreflejos.com.ar\/2021\/#\/schema\/person\/ad82545263dcc5ec0996818884fd5fb1","name":"Arnaldo Botto","image":{"@type":"ImageObject","inLanguage":"es","@id":"https:\/\/www.noticiasradioreflejos.com.ar\/2021\/#\/schema\/person\/image\/","url":"https:\/\/secure.gravatar.com\/avatar\/55cb5e37c1efa326397366e6974cb338056df65cb50e7d64d1cf314e87504837?s=96&d=mm&r=g","contentUrl":"https:\/\/secure.gravatar.com\/avatar\/55cb5e37c1efa326397366e6974cb338056df65cb50e7d64d1cf314e87504837?s=96&d=mm&r=g","caption":"Arnaldo Botto"},"url":"https:\/\/www.noticiasradioreflejos.com.ar\/2021\/author\/arnaldo\/"}]}},"_links":{"self":[{"href":"https:\/\/www.noticiasradioreflejos.com.ar\/2021\/wp-json\/wp\/v2\/posts\/2743","targetHints":{"allow":["GET"]}}],"collection":[{"href":"https:\/\/www.noticiasradioreflejos.com.ar\/2021\/wp-json\/wp\/v2\/posts"}],"about":[{"href":"https:\/\/www.noticiasradioreflejos.com.ar\/2021\/wp-json\/wp\/v2\/types\/post"}],"author":[{"embeddable":true,"href":"https:\/\/www.noticiasradioreflejos.com.ar\/2021\/wp-json\/wp\/v2\/users\/3"}],"replies":[{"embeddable":true,"href":"https:\/\/www.noticiasradioreflejos.com.ar\/2021\/wp-json\/wp\/v2\/comments?post=2743"}],"version-history":[{"count":0,"href":"https:\/\/www.noticiasradioreflejos.com.ar\/2021\/wp-json\/wp\/v2\/posts\/2743\/revisions"}],"wp:attachment":[{"href":"https:\/\/www.noticiasradioreflejos.com.ar\/2021\/wp-json\/wp\/v2\/media?parent=2743"}],"wp:term":[{"taxonomy":"category","embeddable":true,"href":"https:\/\/www.noticiasradioreflejos.com.ar\/2021\/wp-json\/wp\/v2\/categories?post=2743"},{"taxonomy":"post_tag","embeddable":true,"href":"https:\/\/www.noticiasradioreflejos.com.ar\/2021\/wp-json\/wp\/v2\/tags?post=2743"}],"curies":[{"name":"wp","href":"https:\/\/api.w.org\/{rel}","templated":true}]}}